{"id":112453,"date":"2023-01-11T09:13:38","date_gmt":"2023-01-11T14:13:38","guid":{"rendered":"https:\/\/www.ciencuadras.com\/blog\/?p=112453"},"modified":"2023-03-31T17:17:24","modified_gmt":"2023-03-31T22:17:24","slug":"cuanto-aumenta-el-precio-del-avaluo-catastral-para-2023","status":"publish","type":"post","link":"https:\/\/www.ciencuadras.com\/blog\/guia-para-comprar-vivienda\/cuanto-aumenta-el-precio-del-avaluo-catastral-para-2023","title":{"rendered":"Incremento en el precio de aval\u00faos catastrales en 2023"},"content":{"rendered":"\n<p>Con el inicio del nuevo a\u00f1o llegan los incrementos en diferentes materiales, productos y servicios. Adem\u00e1s del valor de la gasolina, del transporte p\u00fablico y \u2708\ufe0f los tiquetes a\u00e9reos, <strong>este 2023 tambi\u00e9n sube el precio de los aval\u00faos catastrales en el pa\u00eds<\/strong>.&nbsp;<\/p>\n\n\n\n<h2 class=\"wp-block-heading\"><strong>Incremento del 4.3% para predios urbanos y del 3% en rurales&nbsp;<\/strong><\/h2>\n\n\n\n<p>El Gobierno Nacional, a trav\u00e9s del <strong>Consejo Nacional de Pol\u00edtica Econ\u00f3mica y Social, CONPES<\/strong>, anunci\u00f3 el reajuste de 2023 en el precio de los aval\u00faos catastrales del pa\u00eds.<strong> \ud83d\udcb0Para los predios urbanos, el aumento es del 4.31%<\/strong>, cifra que corresponde al \u00cdndice de Valor Predial (IVP) reportado por el DANE. Con relaci\u00f3n a<strong> <\/strong><a href=\"https:\/\/colaboracion.dnp.gov.co\/CDT\/Conpes\/Econ%C3%B3micos\/4111.pdf\" target=\"_blank\" rel=\"noreferrer noopener nofollow\"><strong>los predios rurales, el ajuste es del 3%<\/strong><\/a>, equivalente a la meta de inflaci\u00f3n estimada por el Banco de la Rep\u00fablica para el a\u00f1o que comenzamos.\u00a0<\/p>\n\n\n\n<blockquote class=\"wp-block-quote has-text-align-center\"><p><strong><em>Con este ajuste en los aval\u00faos, se estima que el incremento en el recaudo del impuesto predial ser\u00e1 de 177.823 millones de pesos&#8221;.\u00a0CONPES<\/em><\/strong>.<\/p><\/blockquote>\n\n\n\n<h2 class=\"wp-block-heading\"><strong>\u00bfQu\u00e9 es el aval\u00fao catastral?<\/strong><\/h2>\n\n\n\n<p>Para comprender mejor la relaci\u00f3n que tiene el incremento en el precio de los aval\u00faos catastrales con la cotidianidad, debemos empezar por saber que <strong>el aval\u00fao catastral es un ejercicio t\u00e9cnico que determina el valor de los predios<\/strong>. \ud83c\udfe1<\/p>\n\n\n\n<p>Se obtiene mediante la investigaci\u00f3n y an\u00e1lisis estad\u00edstico del mercado inmobiliario. Adem\u00e1s,<strong> no puede ser inferior al 60% del valor comercial de la propiedad<\/strong> o superar el valor de esta, seg\u00fan la <a href=\"https:\/\/www.igac.gov.co\/sites\/igac.gov.co\/files\/normograma\/resolucion_70_de_2011.pdf\" target=\"_blank\" rel=\"noreferrer noopener nofollow\"><strong>resoluci\u00f3n 0070 de 2011<\/strong><\/a>.\u00a0<\/p>\n\n\n\n<h2 class=\"wp-block-heading\"><strong>Aval\u00fao catastral e impuesto predial<\/strong><\/h2>\n\n\n\n<p>El <strong>Instituto Geogr\u00e1fico Agust\u00edn Codazzi <\/strong>\u00a0explica que las autoridades tributarias utilizan<a href=\"https:\/\/www.igac.gov.co\/es\/preguntas-frecuentes\/catastro\" target=\"_blank\" rel=\"noreferrer noopener nofollow\"><strong> el aval\u00fao catastral como la base gravable del impuesto predial<\/strong><\/a>.\u00a0 Es decir, teniendo en cuenta el valor correspondiente del aval\u00fao del predio <a href=\"https:\/\/www.ciencuadras.com\/blog\/guia-para-vender-inmuebles\/cual-es-la-diferencia-entre-el-avaluo-comercial-y-avaluo-catastral\" target=\"_blank\" rel=\"noreferrer noopener\"><strong>se calcula el monto a cancelar en el impuesto<\/strong><\/a>. \ud83e\udd13<\/p>\n\n\n\n<p>Precisamente, <strong>la importancia del aval\u00fao<\/strong>, y por consiguiente de su incremento, <strong>est\u00e1 en que es la base para el c\u00e1lculo del impuesto predial<\/strong>. Y recordemos que este tributo representa una de las principales fuentes de ingresos de las entidades territoriales.<\/p>\n\n\n\n<figure class=\"wp-block-image size-large\"><a href=\"https:\/\/www.ciencuadras.com\/avaluos-en-linea\/?autopauta=Ambos_700X200_banner_Mitad_112453_Avaluos\" target=\"_blank\" rel=\"noopener\"><img fetchpriority=\"high\" decoding=\"async\" width=\"700\" height=\"200\" src=\"https:\/\/www.ciencuadras.com\/blog\/wp-content\/uploads\/2021\/10\/700x200_AVALUO-CERTIFICADO-1.png\" alt=\"\" class=\"wp-image-93770\" srcset=\"https:\/\/www.ciencuadras.com\/blog\/wp-content\/uploads\/2021\/10\/700x200_AVALUO-CERTIFICADO-1.png 700w, https:\/\/www.ciencuadras.com\/blog\/wp-content\/uploads\/2021\/10\/700x200_AVALUO-CERTIFICADO-1-600x171.png 600w, https:\/\/www.ciencuadras.com\/blog\/wp-content\/uploads\/2021\/10\/700x200_AVALUO-CERTIFICADO-1-300x86.png 300w\" sizes=\"(max-width: 700px) 100vw, 700px\" \/><\/a><\/figure>\n\n\n\n<h2 class=\"wp-block-heading\"><strong>Condiciones del incremento de los aval\u00faos<\/strong><\/h2>\n\n\n\n<p>\u00a1Para tener en cuenta! Seg\u00fan la normatividad vigente, el reajuste en los aval\u00faos catastrales no puede ser superior a la<strong> meta de inflaci\u00f3n del a\u00f1o 2023.<\/strong> \ud83d\ude2f Por otro lado, hay que considerar que si los predios no han sido formados, el aumento en el precio de los aval\u00faos puede ser hasta del 130% de dicha meta. Por su parte, a los predios que hayan sido formados o actualizados durante el a\u00f1o no se les aplicar\u00e1 el reajuste.<\/p>\n\n\n\n<p><strong><em>Tambi\u00e9n te puede interesar leer:\u00a0<\/em><a href=\"https:\/\/www.ciencuadras.com\/blog\/guia-para-arrendar-inmuebles\/novedades-del-aumento-del-arriendo-para-el-ano-2023\" target=\"_blank\" rel=\"noreferrer noopener\">\u00a1Hist\u00f3rico! Canon de arriendo aumenta un 13,12% en 2023<\/a><\/strong><\/p>\n\n\n\n<h2 class=\"wp-block-heading\"><strong>\u00bfD\u00f3nde aplica el aumento en el valor de los predios?&nbsp;<\/strong><\/h2>\n\n\n\n<p><strong>La cobertura de este reajuste incluye todos los municipios<\/strong>, con excepci\u00f3n de Bogot\u00e1, los catastros descentralizados de Cali, Medell\u00edn, Antioquia, y el catastro delegado de Barranquilla, que calculan un \u00edndice de valoraci\u00f3n predial diferencial. \ud83d\udc40<\/p>\n\n\n\n<p>Por ejemplo, <a href=\"https:\/\/www.ciencuadras.com\/blog\/guia-para-comprar-vivienda\/aumento-del-3-en-el-avaluo-catastral-de-2021\" target=\"_blank\" rel=\"noreferrer noopener\"><strong>en la capital del pa\u00eds los aval\u00faos los determina la UAECD<\/strong><\/a> <strong>(Unidad Administrativa Especial de Catastro Distrital)<\/strong>, por medio del censo anual inmobiliario que se realiza en todos los predios.\u00a0<\/p>\n\n\n\n<h2 class=\"wp-block-heading\"><strong>Comparativo del incremento en los dos \u00faltimos a\u00f1os<\/strong><\/h2>\n\n\n\n<p>En <strong>2022<\/strong>, el incremento del aval\u00fao catastral fue del <a href=\"https:\/\/www.ciencuadras.com\/blog\/guia-para-comprar-vivienda\/precio-de-predios-y-avaluos-catastrales-en-el-2022\" target=\"_blank\" rel=\"noreferrer noopener\"><strong>3% en predios urbanos y rurales<\/strong><\/a>,\u00a0 formados y no formados con vigencia de 1 de enero de 2021 y anteriores. Este aumento, que inicio el primero de enero de dicho a\u00f1o, se vio reflejado en la liquidaci\u00f3n del impuesto predial que cada propietario tuvo que pagar.\u00a0<\/p>\n\n\n\n<p><strong>El a\u00f1o 2021 fue igual.<\/strong> El<strong> <\/strong>Gobierno Nacional, a trav\u00e9s de la cartera de Hacienda, dio a conocer el aumento del <a href=\"https:\/\/www.ciencuadras.com\/blog\/guia-para-comprar-vivienda\/aumento-del-3-en-el-avaluo-catastral-de-2021\" target=\"_blank\" rel=\"noreferrer noopener\"><strong>3% en los precios de los aval\u00faos catastrales de los predios urbanos y rurales<\/strong><\/a> del pa\u00eds. \ud83c\udde8\ud83c\uddf4En este sentido, la variaci\u00f3n para la vigencia <strong>2023<\/strong> se presenta \u00fanicamente en el incremento del <strong>4.3% para predios urbanos<\/strong>, ya que se mantiene el<strong> 3%<\/strong> de los a\u00f1os anteriores en los <strong>predios rurales<\/strong>.\u00a0<\/p>\n\n\n\n<p>\ud83d\udd17 <strong><a href=\"https:\/\/www.ciencuadras.com\/blog\/evolucion-del-mercado-de-vivienda\/conoce-como-cierre-el-sector-inmobiliario-en-2022\" target=\"_blank\" rel=\"noreferrer noopener\">\u00bfC\u00f3mo cierra el 2022 para el sector inmobiliario?<\/a><\/strong><\/p>\n\n\n\n<p><strong>\u00bfQuieres mantenerte al d\u00eda con la actualidad del sector inmobiliario?<\/strong> No dejes de visitarnos y dejarnos tus comentarios en nuestro blog. Por \u00faltimo, recuerda que en este 2023 <strong><strong><a href=\"https:\/\/www.ciencuadras.com\/?autopauta=Ambos_Link_112453_Ciencuadras_Cierre_\" target=\"_blank\" rel=\"noreferrer noopener\">Ciencuadras<\/a><\/strong><\/strong>, cuadra todo. \ud83d\udc99<\/p>\n\n\n<div data-opinionstage-embed-url=\"https:\/\/www.opinionstage.com\/api\/v1\/widgets\/ciencuadras1\/widget6\/code.json?comments=true&#038;sharing=true&#038;recommendations=false&#038;width=\" style=\"display: none; visibility: hidden;\"><\/div>\n\n\n\n<table cellpadding='0' cellspacing='0' align='center' style='width: 100%'><tr style='text-align: center; font-family: Open Sans, sans-serif;'><td style='padding-bottom: 24px; color: #29292a; font-size: 18px; font-weight: 600'>\u00bfQu\u00e9 tan \u00fatil te pareci\u00f3 este contenido?<\/td><\/tr><tr style='text-align: center;'><td><table cellpadding='0' cellspacing='0' style='width: 100%; max-width: 400px; margin: auto'><tr><td><a style='text-decoration: none' href='https:\/\/survey.survicate.com\/2024c603f1ca0b80\/?pieza=112453_aval\u00faos_catastrales_2023|Gu\u00edas|Gu\u00eda para comprar vivienda&#038;aid=2533768' target='_blank' rel=\"nofollow noopener\"> <img style='width: 32px; height: 32px' src='https:\/\/info.ciencuadras.com\/rs\/178-OKL-731\/images\/CC_CARA_A1.png' > <\/a><\/td><td><a style='text-decoration: none' href='https:\/\/survey.survicate.com\/2024c603f1ca0b80\/?pieza=112453_aval\u00faos_catastrales_2023|Gu\u00edas|Gu\u00eda para comprar vivienda&#038;aid=2533769' target='_blank' rel=\"nofollow noopener\"> <img style='width: 32px; height: 32px' src='https:\/\/info.ciencuadras.com\/rs\/178-OKL-731\/images\/CC_CARA_A2.png' > <\/a><\/td><td><a style='text-decoration: none' href='https:\/\/survey.survicate.com\/2024c603f1ca0b80\/?pieza=112453_aval\u00faos_catastrales_2023|Gu\u00edas|Gu\u00eda para comprar vivienda&#038;aid=2533770' target='_blank' rel=\"nofollow noopener\"> <img style='width: 32px; height: 32px' src='https:\/\/info.ciencuadras.com\/rs\/178-OKL-731\/images\/CC_CARA_A3.png' > <\/a><\/td><td><a style='text-decoration: none' href='https:\/\/survey.survicate.com\/2024c603f1ca0b80\/?pieza=112453_aval\u00faos_catastrales_2023|Gu\u00edas|Gu\u00eda para comprar vivienda&#038;aid=2533771' target='_blank' rel=\"nofollow noopener\"> <img style='width: 32px; height: 32px' src='https:\/\/info.ciencuadras.com\/rs\/178-OKL-731\/images\/CC_CARA_A4.png' > <\/a><\/td><td><a style='text-decoration: none' href='https:\/\/survey.survicate.com\/2024c603f1ca0b80\/?pieza=112453_aval\u00faos_catastrales_2023|Gu\u00edas|Gu\u00eda para comprar vivienda&#038;aid=2533772' target='_blank' rel=\"nofollow noopener\"> <img style='width: 32px; height: 32px' src='https:\/\/info.ciencuadras.com\/rs\/178-OKL-731\/images\/CC_CARA_A5.png' > <\/a><\/td><\/tr><\/table><\/td><\/tr><\/table>\t\t\t\t\n\t\t\t\t\n\t\t\t\t\n\t\t\t\t\n\t\t\t\t\n\t\t\t\t\n\t\t\t\t\n\t\t\t\t\n\t\t\t\t\n\t\t\t\t\n\t\t\t\t\n\t\t\t\t\n\t\t\t\t\n\t\t\t\t\n\t\t\t\t\n\t\t\t\t\n\t\t\t\t\n\t\t\t\t\n\t\t\t\t\n\t\t\t\t\n\t\t\t\t\n\t\t\t\t\n\t\t\t\t\n\t\t\t\t\n\t\t\t\t\n\t\t\t\t\n\t\t\t\t\n\t\t\t\t\n\t\t\t\t\n\t\t\t\t\n\t\t\t\t\n\t\t\t\t\n\n","protected":false},"excerpt":{"rendered":"<p>El precio del aval\u00fao catastral del pa\u00eds aument\u00f3 el 4.31% para los predios urbanos y el 3% para los predios rurales. \ud83d\udcb0 Detalles, aqu\u00ed.<\/p>\n","protected":false},"author":9,"featured_media":112454,"comment_status":"open","ping_status":"closed","sticky":false,"template":"","format":"standard","meta":{"footnotes":""},"categories":[4,2,6100],"tags":[39,50,42,6111],"acf":[],"yoast_head":"<!-- This site is optimized with the Yoast SEO plugin v15.9 - https:\/\/yoast.com\/wordpress\/plugins\/seo\/ -->\n<title>\u00bfCu\u00e1nto aumenta el precio del aval\u00fao catastral para 2023?<\/title>\n<meta name=\"description\" content=\"El precio del aval\u00fao catastral del pa\u00eds aument\u00f3 el 4.31% para los predios urbanos y el 3% para los predios rurales. Detalles, aqu\u00ed.\" \/>\n<meta name=\"robots\" content=\"index, follow, max-snippet:-1, max-image-preview:large, max-video-preview:-1\" \/>\n<link rel=\"canonical\" href=\"https:\/\/www.ciencuadras.com\/blog\/guia-para-vender-inmuebles\/cuanto-aumenta-el-precio-del-avaluo-catastral-para-2023\" \/>\n<meta property=\"og:locale\" content=\"es_ES\" \/>\n<meta property=\"og:type\" content=\"article\" \/>\n<meta property=\"og:title\" content=\"\u00bfCu\u00e1nto aumenta el precio del aval\u00fao catastral para 2023?\" \/>\n<meta property=\"og:description\" content=\"El precio del aval\u00fao catastral del pa\u00eds aument\u00f3 el 4.31% para los predios urbanos y el 3% para los predios rurales. Detalles, aqu\u00ed.\" \/>\n<meta property=\"og:url\" content=\"https:\/\/www.ciencuadras.com\/blog\/guia-para-vender-inmuebles\/cuanto-aumenta-el-precio-del-avaluo-catastral-para-2023\" \/>\n<meta property=\"article:publisher\" content=\"https:\/\/www.facebook.com\/ciencuadras\/\" \/>\n<meta property=\"article:author\" content=\"https:\/\/www.facebook.com\/ciencuadras\/\" \/>\n<meta property=\"article:published_time\" content=\"2023-01-11T14:13:38+00:00\" \/>\n<meta property=\"article:modified_time\" content=\"2023-03-31T22:17:24+00:00\" \/>\n<meta property=\"og:image\" content=\"https:\/\/www.ciencuadras.com\/blog\/wp-content\/uploads\/2023\/01\/Avalu\u0301o-catastral-avalu\u0301os-catastrales-2023.jpg\" \/>\n\t<meta property=\"og:image:width\" content=\"1000\" \/>\n\t<meta property=\"og:image:height\" content=\"667\" \/>\n<meta name=\"twitter:card\" content=\"summary_large_image\" \/>\n<meta name=\"twitter:creator\" content=\"@ciencuadras\" \/>\n<meta name=\"twitter:site\" content=\"@ciencuadras\" \/>\n<meta name=\"twitter:label1\" content=\"Est. reading time\">\n\t<meta name=\"twitter:data1\" content=\"5 minutos\">\n<script type=\"application\/ld+json\" class=\"yoast-schema-graph\">{\"@context\":\"https:\/\/schema.org\",\"@graph\":[{\"@type\":\"Organization\",\"@id\":\"https:\/\/www.ciencuadras.com\/blog\/#organization\",\"name\":\"Ciencuadras.com\",\"url\":\"https:\/\/www.ciencuadras.com\/blog\/\",\"sameAs\":[\"https:\/\/www.facebook.com\/ciencuadras\/\",\"https:\/\/www.instagram.com\/ciencuadras\/\",\"https:\/\/co.linkedin.com\/company\/ciencuadras\",\"https:\/\/www.youtube.com\/channel\/UC_f830HP5dUy6OjBIbjtlAw\",\"https:\/\/twitter.com\/ciencuadras\"],\"logo\":{\"@type\":\"ImageObject\",\"@id\":\"https:\/\/www.ciencuadras.com\/blog\/#logo\",\"inLanguage\":\"es-CO\",\"url\":\"\",\"caption\":\"Ciencuadras.com\"},\"image\":{\"@id\":\"https:\/\/www.ciencuadras.com\/blog\/#logo\"}},{\"@type\":\"WebSite\",\"@id\":\"https:\/\/www.ciencuadras.com\/blog\/#website\",\"url\":\"https:\/\/www.ciencuadras.com\/blog\/\",\"name\":\"\",\"description\":\"\",\"publisher\":{\"@id\":\"https:\/\/www.ciencuadras.com\/blog\/#organization\"},\"potentialAction\":[{\"@type\":\"SearchAction\",\"target\":\"https:\/\/www.ciencuadras.com\/blog\/?s={search_term_string}\",\"query-input\":\"required name=search_term_string\"}],\"inLanguage\":\"es-CO\"},{\"@type\":\"ImageObject\",\"@id\":\"https:\/\/www.ciencuadras.com\/blog\/guia-para-vender-inmuebles\/cuanto-aumenta-el-precio-del-avaluo-catastral-para-2023#primaryimage\",\"inLanguage\":\"es-CO\",\"url\":\"https:\/\/www.ciencuadras.com\/blog\/wp-content\/uploads\/2023\/01\/Avalu\\u0301o-catastral-avalu\\u0301os-catastrales-2023.jpg\",\"width\":1000,\"height\":667,\"caption\":\"Aumento del precio del aval\\u00fao catastral en 2023\"},{\"@type\":\"WebPage\",\"@id\":\"https:\/\/www.ciencuadras.com\/blog\/guia-para-vender-inmuebles\/cuanto-aumenta-el-precio-del-avaluo-catastral-para-2023#webpage\",\"url\":\"https:\/\/www.ciencuadras.com\/blog\/guia-para-vender-inmuebles\/cuanto-aumenta-el-precio-del-avaluo-catastral-para-2023\",\"name\":\"\\u00bfCu\\u00e1nto aumenta el precio del aval\\u00fao catastral para 2023?\",\"isPartOf\":{\"@id\":\"https:\/\/www.ciencuadras.com\/blog\/#website\"},\"primaryImageOfPage\":{\"@id\":\"https:\/\/www.ciencuadras.com\/blog\/guia-para-vender-inmuebles\/cuanto-aumenta-el-precio-del-avaluo-catastral-para-2023#primaryimage\"},\"datePublished\":\"2023-01-11T14:13:38+00:00\",\"dateModified\":\"2023-03-31T22:17:24+00:00\",\"description\":\"El precio del aval\\u00fao catastral del pa\\u00eds aument\\u00f3 el 4.31% para los predios urbanos y el 3% para los predios rurales. Detalles, aqu\\u00ed.\",\"breadcrumb\":{\"@id\":\"https:\/\/www.ciencuadras.com\/blog\/guia-para-vender-inmuebles\/cuanto-aumenta-el-precio-del-avaluo-catastral-para-2023#breadcrumb\"},\"inLanguage\":\"es-CO\",\"potentialAction\":[{\"@type\":\"ReadAction\",\"target\":[\"https:\/\/www.ciencuadras.com\/blog\/guia-para-vender-inmuebles\/cuanto-aumenta-el-precio-del-avaluo-catastral-para-2023\"]}]},{\"@type\":\"BreadcrumbList\",\"@id\":\"https:\/\/www.ciencuadras.com\/blog\/guia-para-vender-inmuebles\/cuanto-aumenta-el-precio-del-avaluo-catastral-para-2023#breadcrumb\",\"itemListElement\":[{\"@type\":\"ListItem\",\"position\":1,\"item\":{\"@type\":\"WebPage\",\"@id\":\"https:\/\/www.ciencuadras.com\/blog\",\"url\":\"https:\/\/www.ciencuadras.com\/blog\",\"name\":\"Blog\"}},{\"@type\":\"ListItem\",\"position\":2,\"item\":{\"@type\":\"WebPage\",\"@id\":\"https:\/\/www.ciencuadras.com\/blog\/guia-para-vender-inmuebles\/cuanto-aumenta-el-precio-del-avaluo-catastral-para-2023\",\"url\":\"https:\/\/www.ciencuadras.com\/blog\/guia-para-vender-inmuebles\/cuanto-aumenta-el-precio-del-avaluo-catastral-para-2023\",\"name\":\"Incremento en el precio de aval\\u00faos catastrales en 2023\"}}]},{\"@type\":\"Article\",\"@id\":\"https:\/\/www.ciencuadras.com\/blog\/guia-para-vender-inmuebles\/cuanto-aumenta-el-precio-del-avaluo-catastral-para-2023#article\",\"isPartOf\":{\"@id\":\"https:\/\/www.ciencuadras.com\/blog\/guia-para-vender-inmuebles\/cuanto-aumenta-el-precio-del-avaluo-catastral-para-2023#webpage\"},\"author\":{\"@id\":\"https:\/\/www.ciencuadras.com\/blog\/#\/schema\/person\/cc0b32db93618f32995212860cf644f8\"},\"headline\":\"Incremento en el precio de aval\\u00faos catastrales en 2023\",\"datePublished\":\"2023-01-11T14:13:38+00:00\",\"dateModified\":\"2023-03-31T22:17:24+00:00\",\"mainEntityOfPage\":{\"@id\":\"https:\/\/www.ciencuadras.com\/blog\/guia-para-vender-inmuebles\/cuanto-aumenta-el-precio-del-avaluo-catastral-para-2023#webpage\"},\"commentCount\":0,\"publisher\":{\"@id\":\"https:\/\/www.ciencuadras.com\/blog\/#organization\"},\"image\":{\"@id\":\"https:\/\/www.ciencuadras.com\/blog\/guia-para-vender-inmuebles\/cuanto-aumenta-el-precio-del-avaluo-catastral-para-2023#primaryimage\"},\"keywords\":\"Consejos para comprar vivienda,Consejos para vender un inmueble,Mercado inmobiliario,Tendencias 2023\",\"articleSection\":\"Gu\\u00eda Para Comprar vivienda,Gu\\u00eda para Vender inmuebles,Gu\\u00edas\",\"inLanguage\":\"es-CO\",\"potentialAction\":[{\"@type\":\"CommentAction\",\"name\":\"Comment\",\"target\":[\"https:\/\/www.ciencuadras.com\/blog\/guia-para-vender-inmuebles\/cuanto-aumenta-el-precio-del-avaluo-catastral-para-2023#respond\"]}]},{\"@type\":\"Person\",\"@id\":\"https:\/\/www.ciencuadras.com\/blog\/#\/schema\/person\/cc0b32db93618f32995212860cf644f8\",\"name\":\"Redacci\\u00f3n Ciencuadras\",\"description\":\"\\u00a1Hola! Soy el blog de ciencuadras.com, un portal inmobiliario del Grupo Bol\\u00edvar en el que encuentras casas, apartamentos, oficinas, fincas y m\\u00e1s inmuebles en arriendo y venta en toda Colombia. \\ud83d\\udc99Cuando me visitas, adem\\u00e1s de descubrir tu inmueble ideal, puedes estar al d\\u00eda con las noticias del sector inmobiliario y de la construcci\\u00f3n; aprender tips en decoraci\\u00f3n y organizaci\\u00f3n de espacios, y mucho m\\u00e1s.\",\"sameAs\":[\"https:\/\/www.ciencuadras.com\/\",\"https:\/\/www.facebook.com\/ciencuadras\/\",\"https:\/\/www.instagram.com\/ciencuadras\/\",\"https:\/\/www.linkedin.com\/company\/ciencuadras\/\",\"https:\/\/twitter.com\/ciencuadras\",\"https:\/\/www.youtube.com\/channel\/UC_f830HP5dUy6OjBIbjtlAw\"]}]}<\/script>\n<!-- \/ Yoast SEO plugin. -->","_links":{"self":[{"href":"https:\/\/www.ciencuadras.com\/blog\/wp-json\/wp\/v2\/posts\/112453"}],"collection":[{"href":"https:\/\/www.ciencuadras.com\/blog\/wp-json\/wp\/v2\/posts"}],"about":[{"href":"https:\/\/www.ciencuadras.com\/blog\/wp-json\/wp\/v2\/types\/post"}],"author":[{"embeddable":true,"href":"https:\/\/www.ciencuadras.com\/blog\/wp-json\/wp\/v2\/users\/9"}],"replies":[{"embeddable":true,"href":"https:\/\/www.ciencuadras.com\/blog\/wp-json\/wp\/v2\/comments?post=112453"}],"version-history":[{"count":9,"href":"https:\/\/www.ciencuadras.com\/blog\/wp-json\/wp\/v2\/posts\/112453\/revisions"}],"predecessor-version":[{"id":112464,"href":"https:\/\/www.ciencuadras.com\/blog\/wp-json\/wp\/v2\/posts\/112453\/revisions\/112464"}],"wp:featuredmedia":[{"embeddable":true,"href":"https:\/\/www.ciencuadras.com\/blog\/wp-json\/wp\/v2\/media\/112454"}],"wp:attachment":[{"href":"https:\/\/www.ciencuadras.com\/blog\/wp-json\/wp\/v2\/media?parent=112453"}],"wp:term":[{"taxonomy":"category","embeddable":true,"href":"https:\/\/www.ciencuadras.com\/blog\/wp-json\/wp\/v2\/categories?post=112453"},{"taxonomy":"post_tag","embeddable":true,"href":"https:\/\/www.ciencuadras.com\/blog\/wp-json\/wp\/v2\/tags?post=112453"}],"curies":[{"name":"wp","href":"https:\/\/api.w.org\/{rel}","templated":true}]}}