{"id":112873,"date":"2023-01-24T12:16:32","date_gmt":"2023-01-24T17:16:32","guid":{"rendered":"https:\/\/www.ciencuadras.com\/blog\/?p=112873"},"modified":"2024-08-06T19:46:20","modified_gmt":"2024-08-07T00:46:20","slug":"proyectan-un-2023-con-tendencia-positiva-para-el-mercado-inmobiliario","status":"publish","type":"post","link":"https:\/\/www.ciencuadras.com\/blog\/sala-de-prensa\/proyectan-un-2023-con-tendencia-positiva-para-el-mercado-inmobiliario","title":{"rendered":"Proyectan un 2023 con tendencia positiva para el mercado inmobiliario"},"content":{"rendered":"\n<p>\ud83d\uddd3\ufe0f Terminado el 2022 es necesario hacer un an\u00e1lisis del sector inmobiliario y determinar el estado de este mercado en Colombia, encontrar los acontecimientos que marcaron el desarrollo del a\u00f1o saliente y que trazar\u00e1n las directrices del que comienza. <strong>El 2022 fue un a\u00f1o favorable para la vivienda y ofrece un panorama en la misma tendencia para este 2023.<\/strong><\/p>\n\n\n\n<p><strong><em>Tambi\u00e9n te puede interesar leer:<\/em><\/strong> <strong><a href=\"https:\/\/www.ciencuadras.com\/blog\/evolucion-del-mercado-de-vivienda\/conoce-como-cierre-el-sector-inmobiliario-en-2022\" target=\"_blank\" rel=\"noreferrer noopener\">\u00bfC\u00f3mo cierra el 2022 para el sector inmobiliario?<\/a><\/strong><\/p>\n\n\n\n<h2 class=\"wp-block-heading\"><strong>Ciudades con mayor oferta de inmuebles del pa\u00eds<\/strong><\/h2>\n\n\n\n<p>\u201c<strong>Bogot\u00e1 y Medell\u00edn contaron con la mayor oferta de inmuebles nuevos y usados de Colombia durante el 2022.<\/strong> \ud83c\udfe1 Los apartamentos fueron el tipo de vivienda m\u00e1s ofrecido en la modalidad de venta\u201d, afirm\u00f3 Paola Su\u00e1rez, Vicepresidente de <em>Ciencuadras.<\/em><\/p>\n\n\n\n<p>Medell\u00edn present\u00f3 la mayor disponibilidad de inmuebles en arriendo en el pa\u00eds en el transcurso de los \u00faltimos dos trimestres. As\u00ed mismo, llama la atenci\u00f3n el predominio <strong>de la modalidad arriendo para propiedades de uso comercial e industrial<\/strong> como lotes, bodegas y oficinas.&nbsp;<\/p>\n\n\n\n<p>\ud83d\ude2f <strong>Pereira dio la sorpresa al mercado inmobiliario al ingresar al top 10 de ciudades<\/strong> con mayor oferta de inmuebles en venta, alcanzando una participaci\u00f3n del 4,28% en el segundo trimestre del a\u00f1o pasado. En el tercer trimestre, se mantuvo por encima de municipios como Bello, Rionegro y Sabaneta en Antioquia y hasta Cali.<\/p>\n\n\n\n<figure class=\"wp-block-image size-large\"><a href=\"https:\/\/www.ciencuadras.com\/inmuebles-en-remate\/bogota?autopauta=Ambos_700X200_banner_Mitad_112873_Ciencuadras_oferta_paraguas\" target=\"_blank\" rel=\"noopener\"><img fetchpriority=\"high\" decoding=\"async\" width=\"700\" height=\"200\" src=\"https:\/\/www.ciencuadras.com\/blog\/wp-content\/uploads\/2022\/12\/700x200_ofertas_paraguas.jpg\" alt=\"700x200_ofertas_paraguas\" class=\"wp-image-110175\" srcset=\"https:\/\/www.ciencuadras.com\/blog\/wp-content\/uploads\/2022\/12\/700x200_ofertas_paraguas.jpg 700w, https:\/\/www.ciencuadras.com\/blog\/wp-content\/uploads\/2022\/12\/700x200_ofertas_paraguas-300x86.jpg 300w\" sizes=\"(max-width: 700px) 100vw, 700px\" \/><\/a><\/figure>\n\n\n\n<h2 class=\"wp-block-heading\"><strong>Tasas crediticias y c\u00e1nones de arrendamiento<\/strong><\/h2>\n\n\n\n<p>Durante los tres trimestres analizados, <strong>se registr\u00f3 un aumento significativo en las tasas de inter\u00e9s del 1,2% para compra de vivienda VIS<\/strong>, para los cr\u00e9ditos en UVR y 16,8% en pesos. El sector No VIS present\u00f3 el mismo comportamiento, alcanzando valores que superaron los balances de 2021. \ud83d\udcb8<\/p>\n\n\n\n<p>En marzo de 2022, la mediana del canon de arrendamiento de casas lleg\u00f3 a los $4.100.000; en julio aument\u00f3 $400.000 y en septiembre, alcanz\u00f3 el tope de crecimiento con un valor de $5.000.000. Es decir, la mediana aument\u00f3 en $900.000. <\/p>\n\n\n\n<p>En contraste, <strong>el precio de arriendo de apartamentos present\u00f3 una mediana estable en lo corrido de 2022.<\/strong> Termin\u00f3 septiembre con una peque\u00f1a disminuci\u00f3n de $50.000 pesos, con respecto al valor de $1.650.000 del primer trimestre.\u00a0<\/p>\n\n\n\n<p>\ud83d\udd17 <strong><a href=\"https:\/\/www.ciencuadras.com\/blog\/consejos-de-organizacion\/checklist-para-llevar-el-control-de-las-cuentas-y-gastos-de-tu-hogar\" target=\"_blank\" rel=\"noreferrer noopener\">\u00a1Vivienda al d\u00eda! Checklist para llevar control de los gastos del hogar<\/a><\/strong><\/p>\n\n\n\n<h2 class=\"wp-block-heading\"><strong>Perspectivas para 2023<\/strong><\/h2>\n\n\n\n<p>A grandes rasgos, el 2022 fue un a\u00f1o de reactivaci\u00f3n econ\u00f3mica luego de la pandemia, de resiliencia para los consumidores y los mercados y de una preparaci\u00f3n para la recesi\u00f3n econ\u00f3mica global. \ud83d\udc40 <strong>El 2023 viene con el reto de afrontar con capacidad y eficacia los escenarios que se aproximan, como por ejemplo, el incremento del 13,12% en los arriendos.<\/strong> \u201cResulta clave la continuidad que MinVivienda dar\u00e1 a los programas de asistencia para la adquisici\u00f3n de inmuebles propios de las familias colombianas\u201d, a\u00f1adi\u00f3 Su\u00e1rez.<\/p>\n\n\n\n<p>Y culmin\u00f3: \u201cProgramas como <a href=\"https:\/\/micasaya.minvivienda.gov.co\/\"><strong><em>Mi Casa Ya<\/em><\/strong><\/a><strong> <\/strong>y el subsidio de las cajas de compensaci\u00f3n, as\u00ed como el acompa\u00f1amiento en los procesos de compra que lleva a cabo<em> <\/em><a href=\"https:\/\/www.ciencuadras.com\/?autopauta=Ambos_Link_112873_Ciencuadras_Cierre_\" target=\"_blank\" rel=\"noreferrer noopener\"><strong><em>ciencuadras.com<\/em><\/strong><\/a><em> <\/em>son medios fundamentales para que m\u00e1s colombianos hagan realidad el sue\u00f1o de tener su hogar propio.\u201d culmin\u00f3 Su\u00e1rez.<\/p>\n\n\n\n<table cellpadding='0' cellspacing='0' align='center' style='width: 100%'><tr style='text-align: center; font-family: Open Sans, sans-serif;'><td style='padding-bottom: 24px; color: #29292a; font-size: 18px; font-weight: 600'>\u00bfQu\u00e9 tan \u00fatil te pareci\u00f3 este contenido?<\/td><\/tr><tr style='text-align: center;'><td><table cellpadding='0' cellspacing='0' style='width: 100%; max-width: 400px; margin: auto'><tr><td><a style='text-decoration: none' href='https:\/\/survey.survicate.com\/2024c603f1ca0b80\/?pieza=112873_proyectan_un_2023_con_tendencia_positiva_para_el_mercado_inmobiliario|Tendencias|Sala de prensa&#038;aid=2533768' target='_blank' rel=\"nofollow noopener\"> <img style='width: 32px; height: 32px' src='https:\/\/info.ciencuadras.com\/rs\/178-OKL-731\/images\/CC_CARA_A1.png' > <\/a><\/td><td><a style='text-decoration: none' href='https:\/\/survey.survicate.com\/2024c603f1ca0b80\/?pieza=112873_proyectan_un_2023_con_tendencia_positiva_para_el_mercado_inmobiliario|Tendencias|Sala de prensa&#038;aid=2533769' target='_blank' rel=\"nofollow noopener\"> <img style='width: 32px; height: 32px' src='https:\/\/info.ciencuadras.com\/rs\/178-OKL-731\/images\/CC_CARA_A2.png' > <\/a><\/td><td><a style='text-decoration: none' href='https:\/\/survey.survicate.com\/2024c603f1ca0b80\/?pieza=112873_proyectan_un_2023_con_tendencia_positiva_para_el_mercado_inmobiliario|Tendencias|Sala de prensa&#038;aid=2533770' target='_blank' rel=\"nofollow noopener\"> <img style='width: 32px; height: 32px' src='https:\/\/info.ciencuadras.com\/rs\/178-OKL-731\/images\/CC_CARA_A3.png' > <\/a><\/td><td><a style='text-decoration: none' href='https:\/\/survey.survicate.com\/2024c603f1ca0b80\/?pieza=112873_proyectan_un_2023_con_tendencia_positiva_para_el_mercado_inmobiliario|Tendencias|Sala de prensa&#038;aid=2533771' target='_blank' rel=\"nofollow noopener\"> <img style='width: 32px; height: 32px' src='https:\/\/info.ciencuadras.com\/rs\/178-OKL-731\/images\/CC_CARA_A4.png' > <\/a><\/td><td><a style='text-decoration: none' href='https:\/\/survey.survicate.com\/2024c603f1ca0b80\/?pieza=112873_proyectan_un_2023_con_tendencia_positiva_para_el_mercado_inmobiliario|Tendencias|Sala de prensa&#038;aid=2533772' target='_blank' rel=\"nofollow noopener\"> <img style='width: 32px; height: 32px' src='https:\/\/info.ciencuadras.com\/rs\/178-OKL-731\/images\/CC_CARA_A5.png' > <\/a><\/td><\/tr><\/table><\/td><\/tr><\/table>\t\t\t\t\n\t\t\t\t\n\t\t\t\t\n\t\t\t\t\n\t\t\t\t\n\t\t\t\t\n\t\t\t\t\n\t\t\t\t\n\t\t\t\t\n\t\t\t\t\n\t\t\t\t\n\t\t\t\t\n\t\t\t\t\n\t\t\t\t\n\t\t\t\t\n\t\t\t\t\n\t\t\t\t\n\t\t\t\t\n\t\t\t\t\n\t\t\t\t\n\t\t\t\t\n\t\t\t\t\n\t\t\t\t\n\t\t\t\t\n\t\t\t\t\n\t\t\t\t\n\t\t\t\t\n\t\t\t\t\n\t\t\t\t\n\t\t\t\t\n\t\t\t\t\n\t\t\t\t\n\n","protected":false},"excerpt":{"rendered":"<p>El 2023 viene con el reto de afrontar los escenarios que se aproximan, como por ejemplo, el incremento del 13,12% en los arriendos. \ud83d\udcb8<\/p>\n","protected":false},"author":9,"featured_media":112875,"comment_status":"open","ping_status":"closed","sticky":false,"template":"","format":"standard","meta":{"footnotes":""},"categories":[6054],"tags":[2639,42,3047,6111],"acf":[],"yoast_head":"<!-- This site is optimized with the Yoast SEO plugin v15.9 - https:\/\/yoast.com\/wordpress\/plugins\/seo\/ -->\n<title>2023 con tendencia positiva para el mercado inmobiliario |\u00a0Ciencuadras<\/title>\n<meta name=\"description\" content=\"El 2023 viene con el reto de afrontar los escenarios que se aproximan, como por ejemplo, el incremento del 13,12% en los arriendos.\" \/>\n<meta name=\"robots\" content=\"index, follow, max-snippet:-1, max-image-preview:large, max-video-preview:-1\" \/>\n<link rel=\"canonical\" href=\"https:\/\/www.ciencuadras.com\/blog\/sala-de-prensa\/proyectan-un-2023-con-tendencia-positiva-para-el-mercado-inmobiliario\" \/>\n<meta property=\"og:locale\" content=\"es_ES\" \/>\n<meta property=\"og:type\" content=\"article\" \/>\n<meta property=\"og:title\" content=\"2023 con tendencia positiva para el mercado inmobiliario |\u00a0Ciencuadras\" \/>\n<meta property=\"og:description\" content=\"El 2023 viene con el reto de afrontar los escenarios que se aproximan, como por ejemplo, el incremento del 13,12% en los arriendos.\" \/>\n<meta property=\"og:url\" content=\"https:\/\/www.ciencuadras.com\/blog\/sala-de-prensa\/proyectan-un-2023-con-tendencia-positiva-para-el-mercado-inmobiliario\" \/>\n<meta property=\"article:publisher\" content=\"https:\/\/www.facebook.com\/ciencuadras\/\" \/>\n<meta property=\"article:author\" content=\"https:\/\/www.facebook.com\/ciencuadras\/\" \/>\n<meta property=\"article:published_time\" content=\"2023-01-24T17:16:32+00:00\" \/>\n<meta property=\"article:modified_time\" content=\"2024-08-07T00:46:20+00:00\" \/>\n<meta property=\"og:image\" content=\"https:\/\/www.ciencuadras.com\/blog\/wp-content\/uploads\/2023\/01\/2023-con-tendencia-positiva-para-el-mercado-inmobiliario.jpg\" \/>\n\t<meta property=\"og:image:width\" content=\"1000\" \/>\n\t<meta property=\"og:image:height\" content=\"667\" \/>\n<meta name=\"twitter:card\" content=\"summary_large_image\" \/>\n<meta name=\"twitter:creator\" content=\"@ciencuadras\" \/>\n<meta name=\"twitter:site\" content=\"@ciencuadras\" \/>\n<meta name=\"twitter:label1\" content=\"Est. reading time\">\n\t<meta name=\"twitter:data1\" content=\"4 minutos\">\n<script type=\"application\/ld+json\" class=\"yoast-schema-graph\">{\"@context\":\"https:\/\/schema.org\",\"@graph\":[{\"@type\":\"Organization\",\"@id\":\"https:\/\/www.ciencuadras.com\/blog\/#organization\",\"name\":\"Ciencuadras.com\",\"url\":\"https:\/\/www.ciencuadras.com\/blog\/\",\"sameAs\":[\"https:\/\/www.facebook.com\/ciencuadras\/\",\"https:\/\/www.instagram.com\/ciencuadras\/\",\"https:\/\/co.linkedin.com\/company\/ciencuadras\",\"https:\/\/www.youtube.com\/channel\/UC_f830HP5dUy6OjBIbjtlAw\",\"https:\/\/twitter.com\/ciencuadras\"],\"logo\":{\"@type\":\"ImageObject\",\"@id\":\"https:\/\/www.ciencuadras.com\/blog\/#logo\",\"inLanguage\":\"es-CO\",\"url\":\"\",\"caption\":\"Ciencuadras.com\"},\"image\":{\"@id\":\"https:\/\/www.ciencuadras.com\/blog\/#logo\"}},{\"@type\":\"WebSite\",\"@id\":\"https:\/\/www.ciencuadras.com\/blog\/#website\",\"url\":\"https:\/\/www.ciencuadras.com\/blog\/\",\"name\":\"\",\"description\":\"\",\"publisher\":{\"@id\":\"https:\/\/www.ciencuadras.com\/blog\/#organization\"},\"potentialAction\":[{\"@type\":\"SearchAction\",\"target\":\"https:\/\/www.ciencuadras.com\/blog\/?s={search_term_string}\",\"query-input\":\"required name=search_term_string\"}],\"inLanguage\":\"es-CO\"},{\"@type\":\"ImageObject\",\"@id\":\"https:\/\/www.ciencuadras.com\/blog\/sala-de-prensa\/proyectan-un-2023-con-tendencia-positiva-para-el-mercado-inmobiliario#primaryimage\",\"inLanguage\":\"es-CO\",\"url\":\"https:\/\/www.ciencuadras.com\/blog\/wp-content\/uploads\/2023\/01\/2023-con-tendencia-positiva-para-el-mercado-inmobiliario.jpg\",\"width\":1000,\"height\":667,\"caption\":\"2023 con tendencia positiva para el mercado inmobiliario\"},{\"@type\":\"WebPage\",\"@id\":\"https:\/\/www.ciencuadras.com\/blog\/sala-de-prensa\/proyectan-un-2023-con-tendencia-positiva-para-el-mercado-inmobiliario#webpage\",\"url\":\"https:\/\/www.ciencuadras.com\/blog\/sala-de-prensa\/proyectan-un-2023-con-tendencia-positiva-para-el-mercado-inmobiliario\",\"name\":\"2023 con tendencia positiva para el mercado inmobiliario |\\u00a0Ciencuadras\",\"isPartOf\":{\"@id\":\"https:\/\/www.ciencuadras.com\/blog\/#website\"},\"primaryImageOfPage\":{\"@id\":\"https:\/\/www.ciencuadras.com\/blog\/sala-de-prensa\/proyectan-un-2023-con-tendencia-positiva-para-el-mercado-inmobiliario#primaryimage\"},\"datePublished\":\"2023-01-24T17:16:32+00:00\",\"dateModified\":\"2024-08-07T00:46:20+00:00\",\"description\":\"El 2023 viene con el reto de afrontar los escenarios que se aproximan, como por ejemplo, el incremento del 13,12% en los arriendos.\",\"breadcrumb\":{\"@id\":\"https:\/\/www.ciencuadras.com\/blog\/sala-de-prensa\/proyectan-un-2023-con-tendencia-positiva-para-el-mercado-inmobiliario#breadcrumb\"},\"inLanguage\":\"es-CO\",\"potentialAction\":[{\"@type\":\"ReadAction\",\"target\":[\"https:\/\/www.ciencuadras.com\/blog\/sala-de-prensa\/proyectan-un-2023-con-tendencia-positiva-para-el-mercado-inmobiliario\"]}]},{\"@type\":\"BreadcrumbList\",\"@id\":\"https:\/\/www.ciencuadras.com\/blog\/sala-de-prensa\/proyectan-un-2023-con-tendencia-positiva-para-el-mercado-inmobiliario#breadcrumb\",\"itemListElement\":[{\"@type\":\"ListItem\",\"position\":1,\"item\":{\"@type\":\"WebPage\",\"@id\":\"https:\/\/www.ciencuadras.com\/blog\",\"url\":\"https:\/\/www.ciencuadras.com\/blog\",\"name\":\"Blog\"}},{\"@type\":\"ListItem\",\"position\":2,\"item\":{\"@type\":\"WebPage\",\"@id\":\"https:\/\/www.ciencuadras.com\/blog\/sala-de-prensa\/proyectan-un-2023-con-tendencia-positiva-para-el-mercado-inmobiliario\",\"url\":\"https:\/\/www.ciencuadras.com\/blog\/sala-de-prensa\/proyectan-un-2023-con-tendencia-positiva-para-el-mercado-inmobiliario\",\"name\":\"Proyectan un 2023 con tendencia positiva para el mercado inmobiliario\"}}]},{\"@type\":\"Article\",\"@id\":\"https:\/\/www.ciencuadras.com\/blog\/sala-de-prensa\/proyectan-un-2023-con-tendencia-positiva-para-el-mercado-inmobiliario#article\",\"isPartOf\":{\"@id\":\"https:\/\/www.ciencuadras.com\/blog\/sala-de-prensa\/proyectan-un-2023-con-tendencia-positiva-para-el-mercado-inmobiliario#webpage\"},\"author\":{\"@id\":\"https:\/\/www.ciencuadras.com\/blog\/#\/schema\/person\/cc0b32db93618f32995212860cf644f8\"},\"headline\":\"Proyectan un 2023 con tendencia positiva para el mercado inmobiliario\",\"datePublished\":\"2023-01-24T17:16:32+00:00\",\"dateModified\":\"2024-08-07T00:46:20+00:00\",\"mainEntityOfPage\":{\"@id\":\"https:\/\/www.ciencuadras.com\/blog\/sala-de-prensa\/proyectan-un-2023-con-tendencia-positiva-para-el-mercado-inmobiliario#webpage\"},\"commentCount\":0,\"publisher\":{\"@id\":\"https:\/\/www.ciencuadras.com\/blog\/#organization\"},\"image\":{\"@id\":\"https:\/\/www.ciencuadras.com\/blog\/sala-de-prensa\/proyectan-un-2023-con-tendencia-positiva-para-el-mercado-inmobiliario#primaryimage\"},\"keywords\":\"Cr\\u00e9ditos de vivienda,Mercado inmobiliario,Real estate,Tendencias 2023\",\"articleSection\":\"Sala de prensa\",\"inLanguage\":\"es-CO\",\"potentialAction\":[{\"@type\":\"CommentAction\",\"name\":\"Comment\",\"target\":[\"https:\/\/www.ciencuadras.com\/blog\/sala-de-prensa\/proyectan-un-2023-con-tendencia-positiva-para-el-mercado-inmobiliario#respond\"]}]},{\"@type\":\"Person\",\"@id\":\"https:\/\/www.ciencuadras.com\/blog\/#\/schema\/person\/cc0b32db93618f32995212860cf644f8\",\"name\":\"Redacci\\u00f3n Ciencuadras\",\"description\":\"\\u00a1Hola! Soy el blog de ciencuadras.com, un portal inmobiliario del Grupo Bol\\u00edvar en el que encuentras casas, apartamentos, oficinas, fincas y m\\u00e1s inmuebles en arriendo y venta en toda Colombia. \\ud83d\\udc99Cuando me visitas, adem\\u00e1s de descubrir tu inmueble ideal, puedes estar al d\\u00eda con las noticias del sector inmobiliario y de la construcci\\u00f3n; aprender tips en decoraci\\u00f3n y organizaci\\u00f3n de espacios, y mucho m\\u00e1s.\",\"sameAs\":[\"https:\/\/www.ciencuadras.com\/\",\"https:\/\/www.facebook.com\/ciencuadras\/\",\"https:\/\/www.instagram.com\/ciencuadras\/\",\"https:\/\/www.linkedin.com\/company\/ciencuadras\/\",\"https:\/\/twitter.com\/ciencuadras\",\"https:\/\/www.youtube.com\/channel\/UC_f830HP5dUy6OjBIbjtlAw\"]}]}<\/script>\n<!-- \/ Yoast SEO plugin. -->","_links":{"self":[{"href":"https:\/\/www.ciencuadras.com\/blog\/wp-json\/wp\/v2\/posts\/112873"}],"collection":[{"href":"https:\/\/www.ciencuadras.com\/blog\/wp-json\/wp\/v2\/posts"}],"about":[{"href":"https:\/\/www.ciencuadras.com\/blog\/wp-json\/wp\/v2\/types\/post"}],"author":[{"embeddable":true,"href":"https:\/\/www.ciencuadras.com\/blog\/wp-json\/wp\/v2\/users\/9"}],"replies":[{"embeddable":true,"href":"https:\/\/www.ciencuadras.com\/blog\/wp-json\/wp\/v2\/comments?post=112873"}],"version-history":[{"count":5,"href":"https:\/\/www.ciencuadras.com\/blog\/wp-json\/wp\/v2\/posts\/112873\/revisions"}],"predecessor-version":[{"id":112880,"href":"https:\/\/www.ciencuadras.com\/blog\/wp-json\/wp\/v2\/posts\/112873\/revisions\/112880"}],"wp:featuredmedia":[{"embeddable":true,"href":"https:\/\/www.ciencuadras.com\/blog\/wp-json\/wp\/v2\/media\/112875"}],"wp:attachment":[{"href":"https:\/\/www.ciencuadras.com\/blog\/wp-json\/wp\/v2\/media?parent=112873"}],"wp:term":[{"taxonomy":"category","embeddable":true,"href":"https:\/\/www.ciencuadras.com\/blog\/wp-json\/wp\/v2\/categories?post=112873"},{"taxonomy":"post_tag","embeddable":true,"href":"https:\/\/www.ciencuadras.com\/blog\/wp-json\/wp\/v2\/tags?post=112873"}],"curies":[{"name":"wp","href":"https:\/\/api.w.org\/{rel}","templated":true}]}}