{"id":117772,"date":"2023-09-18T13:07:24","date_gmt":"2023-09-18T18:07:24","guid":{"rendered":"https:\/\/www.ciencuadras.com\/blog\/?p=117772"},"modified":"2023-10-26T11:00:32","modified_gmt":"2023-10-26T16:00:32","slug":"feria-del-hogar-tendencias-de-diseno-y-decoracion","status":"publish","type":"post","link":"https:\/\/www.ciencuadras.com\/blog\/decoracion-interiores\/feria-del-hogar-tendencias-de-diseno-y-decoracion","title":{"rendered":"\u00bfEstrenando casa? Actual\u00edzate con las principales tendencias de la Feria del Hogar 2023"},"content":{"rendered":"\n<p>De todos los lugares maravillosos que existen en el mundo, sin duda,<strong> uno de los m\u00e1s especiales es el hogar, <\/strong>\ud83c\udfe1 ese recinto sagrado que tiene nuestro sello y donde hemos visto nacer y cristalizar muchos sue\u00f1os.<\/p>\n\n\n\n<p>Y es justamente este espacio lleno de tantos matices la inspiraci\u00f3n de la <strong><a href=\"https:\/\/feriadelhogar.com\/\" target=\"_blank\" rel=\"noreferrer noopener\">Feria del Hogar,<\/a><\/strong> un gran evento que ha conquistado el coraz\u00f3n de las familias colombianas y que este a\u00f1o celebra sus cuatro d\u00e9cadas. \u201cEstamos de celebraci\u00f3n, por lo que esta <strong>edici\u00f3n est\u00e1 compuesta por m\u00e1s de 854 expositores<\/strong> (es una de las ferias&nbsp;m\u00e1s grandes de Corferias en t\u00e9rminos de expositores), y esperamos recibir m\u00e1s de 200 mil visitantes.\u201d, dice Marcela S\u00e1nchez, l\u00edder del proyecto.<\/p>\n\n\n\n<p>La versi\u00f3n de los 40 a\u00f1os <strong>cuenta con m\u00e1s de 35 pabellones activos, espacios interactivos, fotogr\u00e1ficos, actividades de integraci\u00f3n familiar y una propuesta gastron\u00f3mica tradicional y alternativa. \ud83d\udc68\u200d\ud83d\udc69\u200d\ud83d\udc67<\/strong>\u201cHemos dispuesto los m\u00e1s de 40 mil m2 del recinto para brindar a quienes nos visitan no solo el espacio para que se lleven los mejores art\u00edculos para el hogar, sino adem\u00e1s una experiencia cultural, acad\u00e9mica y familiar imperdible\u201d, dice S\u00e1nchez.<\/p>\n\n\n\n<p><strong><a href=\"https:\/\/www.ciencuadras.com\/blog\/decoracion-banos-y-cocinas\/5-ideas-para-organizar-y-remodelar-cocinas-pequenas\" target=\"_blank\" rel=\"noreferrer noopener\">Ideas de organizaci\u00f3n y remodelaci\u00f3n de cocinas peque\u00f1as<\/a><\/strong><\/p>\n\n\n\n<p>\u00bfBuscando ideas para darle un nuevo aire a tu lugar m\u00e1s especial? Recorrimos la Feria del Hogar 2023 para actualizarle con<strong> las principales tendencias de dise\u00f1o, decoraci\u00f3n y renovaci\u00f3n de espacios<\/strong> que predominar\u00e1n para esta temporada. \u00a1Toma nota! \ud83d\udcdd<\/p>\n\n\n\n<blockquote class=\"instagram-media\" data-instgrm-permalink=\"https:\/\/www.instagram.com\/reel\/CxVv0WOO4MY\/?utm_source=ig_embed&amp;utm_campaign=loading\" data-instgrm-version=\"14\" style=\" background:#FFF; border:0; border-radius:3px; box-shadow:0 0 1px 0 rgba(0,0,0,0.5),0 1px 10px 0 rgba(0,0,0,0.15); margin: 1px; max-width:540px; min-width:326px; padding:0; width:99.375%; width:-webkit-calc(100% - 2px); width:calc(100% - 2px);\"><div style=\"padding:16px;\"> <a href=\"https:\/\/www.instagram.com\/reel\/CxVv0WOO4MY\/?utm_source=ig_embed&amp;utm_campaign=loading\" style=\" background:#FFFFFF; line-height:0; padding:0 0; text-align:center; text-decoration:none; width:100%;\" target=\"_blank\" rel=\"noopener\"> <div style=\" display: flex; flex-direction: row; align-items: center;\"> <div style=\"background-color: #F4F4F4; border-radius: 50%; flex-grow: 0; height: 40px; margin-right: 14px; width: 40px;\"><\/div> <div style=\"display: flex; flex-direction: column; flex-grow: 1; justify-content: center;\"> <div style=\" background-color: #F4F4F4; border-radius: 4px; flex-grow: 0; height: 14px; margin-bottom: 6px; width: 100px;\"><\/div> <div style=\" background-color: #F4F4F4; border-radius: 4px; flex-grow: 0; height: 14px; width: 60px;\"><\/div><\/div><\/div><div style=\"padding: 19% 0;\"><\/div> <div style=\"display:block; height:50px; margin:0 auto 12px; width:50px;\"><svg width=\"50px\" height=\"50px\" viewBox=\"0 0 60 60\" version=\"1.1\" xmlns=\"https:\/\/www.w3.org\/2000\/svg\" xmlns:xlink=\"https:\/\/www.w3.org\/1999\/xlink\"><g stroke=\"none\" stroke-width=\"1\" fill=\"none\" fill-rule=\"evenodd\"><g transform=\"translate(-511.000000, -20.000000)\" fill=\"#000000\"><g><path d=\"M556.869,30.41 C554.814,30.41 553.148,32.076 553.148,34.131 C553.148,36.186 554.814,37.852 556.869,37.852 C558.924,37.852 560.59,36.186 560.59,34.131 C560.59,32.076 558.924,30.41 556.869,30.41 M541,60.657 C535.114,60.657 530.342,55.887 530.342,50 C530.342,44.114 535.114,39.342 541,39.342 C546.887,39.342 551.658,44.114 551.658,50 C551.658,55.887 546.887,60.657 541,60.657 M541,33.886 C532.1,33.886 524.886,41.1 524.886,50 C524.886,58.899 532.1,66.113 541,66.113 C549.9,66.113 557.115,58.899 557.115,50 C557.115,41.1 549.9,33.886 541,33.886 M565.378,62.101 C565.244,65.022 564.756,66.606 564.346,67.663 C563.803,69.06 563.154,70.057 562.106,71.106 C561.058,72.155 560.06,72.803 558.662,73.347 C557.607,73.757 556.021,74.244 553.102,74.378 C549.944,74.521 548.997,74.552 541,74.552 C533.003,74.552 532.056,74.521 528.898,74.378 C525.979,74.244 524.393,73.757 523.338,73.347 C521.94,72.803 520.942,72.155 519.894,71.106 C518.846,70.057 518.197,69.06 517.654,67.663 C517.244,66.606 516.755,65.022 516.623,62.101 C516.479,58.943 516.448,57.996 516.448,50 C516.448,42.003 516.479,41.056 516.623,37.899 C516.755,34.978 517.244,33.391 517.654,32.338 C518.197,30.938 518.846,29.942 519.894,28.894 C520.942,27.846 521.94,27.196 523.338,26.654 C524.393,26.244 525.979,25.756 528.898,25.623 C532.057,25.479 533.004,25.448 541,25.448 C548.997,25.448 549.943,25.479 553.102,25.623 C556.021,25.756 557.607,26.244 558.662,26.654 C560.06,27.196 561.058,27.846 562.106,28.894 C563.154,29.942 563.803,30.938 564.346,32.338 C564.756,33.391 565.244,34.978 565.378,37.899 C565.522,41.056 565.552,42.003 565.552,50 C565.552,57.996 565.522,58.943 565.378,62.101 M570.82,37.631 C570.674,34.438 570.167,32.258 569.425,30.349 C568.659,28.377 567.633,26.702 565.965,25.035 C564.297,23.368 562.623,22.342 560.652,21.575 C558.743,20.834 556.562,20.326 553.369,20.18 C550.169,20.033 549.148,20 541,20 C532.853,20 531.831,20.033 528.631,20.18 C525.438,20.326 523.257,20.834 521.349,21.575 C519.376,22.342 517.703,23.368 516.035,25.035 C514.368,26.702 513.342,28.377 512.574,30.349 C511.834,32.258 511.326,34.438 511.181,37.631 C511.035,40.831 511,41.851 511,50 C511,58.147 511.035,59.17 511.181,62.369 C511.326,65.562 511.834,67.743 512.574,69.651 C513.342,71.625 514.368,73.296 516.035,74.965 C517.703,76.634 519.376,77.658 521.349,78.425 C523.257,79.167 525.438,79.673 528.631,79.82 C531.831,79.965 532.853,80.001 541,80.001 C549.148,80.001 550.169,79.965 553.369,79.82 C556.562,79.673 558.743,79.167 560.652,78.425 C562.623,77.658 564.297,76.634 565.965,74.965 C567.633,73.296 568.659,71.625 569.425,69.651 C570.167,67.743 570.674,65.562 570.82,62.369 C570.966,59.17 571,58.147 571,50 C571,41.851 570.966,40.831 570.82,37.631\"><\/path><\/g><\/g><\/g><\/svg><\/div><div style=\"padding-top: 8px;\"> <div style=\" color:#3897f0; font-family:Arial,sans-serif; font-size:14px; font-style:normal; font-weight:550; line-height:18px;\">Ver esta publicaci\u00f3n en Instagram<\/div><\/div><div style=\"padding: 12.5% 0;\"><\/div> <div style=\"display: flex; flex-direction: row; margin-bottom: 14px; align-items: center;\"><div> <div style=\"background-color: #F4F4F4; border-radius: 50%; height: 12.5px; width: 12.5px; transform: translateX(0px) translateY(7px);\"><\/div> <div style=\"background-color: #F4F4F4; height: 12.5px; transform: rotate(-45deg) translateX(3px) translateY(1px); width: 12.5px; flex-grow: 0; margin-right: 14px; margin-left: 2px;\"><\/div> <div style=\"background-color: #F4F4F4; border-radius: 50%; height: 12.5px; width: 12.5px; transform: translateX(9px) translateY(-18px);\"><\/div><\/div><div style=\"margin-left: 8px;\"> <div style=\" background-color: #F4F4F4; border-radius: 50%; flex-grow: 0; height: 20px; width: 20px;\"><\/div> <div style=\" width: 0; height: 0; border-top: 2px solid transparent; border-left: 6px solid #f4f4f4; border-bottom: 2px solid transparent; transform: translateX(16px) translateY(-4px) rotate(30deg)\"><\/div><\/div><div style=\"margin-left: auto;\"> <div style=\" width: 0px; border-top: 8px solid #F4F4F4; border-right: 8px solid transparent; transform: translateY(16px);\"><\/div> <div style=\" background-color: #F4F4F4; flex-grow: 0; height: 12px; width: 16px; transform: translateY(-4px);\"><\/div> <div style=\" width: 0; height: 0; border-top: 8px solid #F4F4F4; border-left: 8px solid transparent; transform: translateY(-4px) translateX(8px);\"><\/div><\/div><\/div> <div style=\"display: flex; flex-direction: column; flex-grow: 1; justify-content: center; margin-bottom: 24px;\"> <div style=\" background-color: #F4F4F4; border-radius: 4px; flex-grow: 0; height: 14px; margin-bottom: 6px; width: 224px;\"><\/div> <div style=\" background-color: #F4F4F4; border-radius: 4px; flex-grow: 0; height: 14px; width: 144px;\"><\/div><\/div><\/a><p style=\" color:#c9c8cd; font-family:Arial,sans-serif; font-size:14px; line-height:17px; margin-bottom:0; margin-top:8px; overflow:hidden; padding:8px 0 7px; text-align:center; text-overflow:ellipsis; white-space:nowrap;\"><a href=\"https:\/\/www.instagram.com\/reel\/CxVv0WOO4MY\/?utm_source=ig_embed&amp;utm_campaign=loading\" style=\" color:#c9c8cd; font-family:Arial,sans-serif; font-size:14px; font-style:normal; font-weight:normal; line-height:17px; text-decoration:none;\" target=\"_blank\" rel=\"noopener\">Una publicaci\u00f3n compartida por Ciencuadras | Bienes Ra\u00edces (@ciencuadras)<\/a><\/p><\/div><\/blockquote> <script async=\"\" src=\"\/\/www.instagram.com\/embed.js\"><\/script>\n\n\n\n<h2 class=\"wp-block-heading\"><strong>1. Con toque neoyorquino, una de las tendencias de la Feria del Hogar <\/strong><\/h2>\n\n\n\n<p>Ver una pel\u00edcula, \ud83c\udf7fcomer crispetas, degustar un vino\u2026 No hay nada como disfrutar de estas actividades en buena compa\u00f1\u00eda y, por supuesto, en un buen sof\u00e1. De acuerdo con Pablo Sardi, Gerente General de Ashley Furniture, una de las tendencias que predominan en este tipo de muebles es la neoyorquina.&nbsp;<\/p>\n\n\n\n<p>\u00bf<strong>En qu\u00e9 consiste?<\/strong> \u201cSe trata de una apuesta que viene directo de las tiendas de lujo de Estados Unidos y del mundo.\ud83c\udf0e <strong>Se distingue por sus tama\u00f1os sobredimensionados, que permiten tener una vida formal y casual al mismo tiempo.<\/strong> Son muebles funcionales y modulares, que permiten cambiar la configuraci\u00f3n dependiendo de c\u00f3mo queramos disfrutar del sof\u00e1 o cu\u00e1ntas personas haya en casa\u201d, dice el experto.<\/p>\n\n\n\n<p>En cuanto a materiales, <strong>se imponen las telas tipo poli\u00e9ster que dan una apariencia de lino, pero que son f\u00e1ciles de limpiar si tienes ni\u00f1os o mascotas. <\/strong>\u00a1Innovaciones cada vez m\u00e1s amigables con el estilo de vida actual!\ud83d\udc36<\/p>\n\n\n\n<h2 class=\"wp-block-heading\"><strong>2. Con acentos naturales<\/strong><\/h2>\n\n\n\n<p>El comedor es uno de los espacios m\u00e1s importantes de la casa;\ud83c\udfe1 el lugar  en el que celebramos cumplea\u00f1os y eventos especiales y en el que hablamos de c\u00f3mo estuvo nuestro d\u00eda. <strong>\u00bfC\u00f3mo se renueva para esta temporada? \u201cCon acabados naturales que permitan ver las caracter\u00edsticas de los materiales. <\/strong>La idea es que se puedan apreciar, entonces si estamos usando  una madera, la idea es poder ver los poros de la misma\u201d, dice&nbsp; Andrea Bacca, L\u00edder de mercadeo de Muebles y Accesorios.&nbsp;<\/p>\n\n\n\n<p>Esta es una de las tendencias que predominan en las mesas del comedor y que se complementa muy bien con tapicer\u00eda en poli\u00e9ster y perillo y bases met\u00e1licas o de madera.<\/p>\n\n\n\n<p><\/p>\n\n\n\n<figure class=\"wp-block-image size-large\"><a href=\"https:\/\/www.ciencuadras.com\/inmuebles-en-remate\/bogota?autopauta=Ambos_700X200_banner_Mitad_117772_oferta_paraguas\" target=\"_blank\" rel=\"noopener\"><img fetchpriority=\"high\" decoding=\"async\" width=\"700\" height=\"200\" src=\"https:\/\/www.ciencuadras.com\/blog\/wp-content\/uploads\/2022\/12\/700x200_ofertas_paraguas.jpg\" alt=\"inmuebles-colombia-ciencuadras\" class=\"wp-image-110175\" srcset=\"https:\/\/www.ciencuadras.com\/blog\/wp-content\/uploads\/2022\/12\/700x200_ofertas_paraguas.jpg 700w, https:\/\/www.ciencuadras.com\/blog\/wp-content\/uploads\/2022\/12\/700x200_ofertas_paraguas-300x86.jpg 300w\" sizes=\"(max-width: 700px) 100vw, 700px\" \/><\/a><\/figure>\n\n\n\n<h2 class=\"wp-block-heading\"><strong>3. Una apuesta por el descanso<\/strong><\/h2>\n\n\n\n<p>\u00bfY para las habitaciones?\ud83d\udca4 Andr\u00e9s \u00c1lvarez, Director de Mercadeo de Colchones El Dorado, asegura que<strong>  una de las tendencias es utilizar alternativas que contribuyan a la salud y al buen descanso. <\/strong>\u201cSe trata de optar por productos diferenciadores que verdaderamente tengan beneficios agregados para dormir mejor, regular las hormonas del sue\u00f1o, mejorar el ritmo cardiaco, entre otros\u201d, dice. <\/p>\n\n\n\n<p>Dentro de estas opciones encuentras <strong>colchones con telas inteligentes y almohadas con infusiones de cristales y de metales como oro y plata<\/strong>, \ud83e\udd29que seg\u00fan estudios est\u00e1 comprobado contribuyen a respirar mejor y a la recuperaci\u00f3n muscular. Por otro lado, las telas con volumen y las camas bajas siguen en tendencia.<\/p>\n\n\n\n<p><strong>\ud83d\udd17<\/strong> <a href=\"https:\/\/www.ciencuadras.com\/blog\/decoracion\/6-tips-para-decorar-tu-cama-como-un-profesional\" target=\"_blank\" rel=\"noreferrer noopener\"><strong>6 tips para decorar tu cama como un profesional<\/strong><\/a><\/p>\n\n\n\n<h2 class=\"wp-block-heading\"><strong>4. La reinvenci\u00f3n de los dise\u00f1os Montessori<\/strong><\/h2>\n\n\n\n<p>\u00bfSab\u00edas que en casa tambi\u00e9n puedes fomentar la autonom\u00eda en los m\u00e1s peque\u00f1os? \ud83e\uddd2\ud83c\udffb Adem\u00e1s de asignarles tareas y labores adaptadas a su edad,&nbsp; <strong>una manera de hacerlo es eligiendo un mobiliario pr\u00e1ctico como el Montessori<\/strong>, que facilita el movimiento libre y el desarrollo de sus capacidades.<\/p>\n\n\n\n<p>De acuerdo con Manuel Niviayo, dise\u00f1ador de Mumu Muebles Mu\u00f1oz,<strong> esta tendencia sigue en auge porque tiene como protagonistas muebles bonitos, pero funcionales. <\/strong>\u201cLos muebles&nbsp; est\u00e1n a la altura de los ni\u00f1os, lo que ofrece m\u00e1s seguridad y adem\u00e1s son elaborados con materiales naturales como la madera, de l\u00edneas sencillas y colores claros\u201d, explica. A la hora de elegir este dise\u00f1o, es importante que tambi\u00e9n te fijes en la lencer\u00eda la cual es la \u2018cereza&#8217; en el pastel\u2019.<\/p>\n\n\n\n<p><strong><em>Tambi\u00e9n puedes leer: <\/em><\/strong><a href=\"https:\/\/www.ciencuadras.com\/blog\/decoracion\/como-decorar-tu-casa-segun-tu-signo-del-zodiaco\" target=\"_blank\" rel=\"noreferrer noopener\"><strong>Dime qu\u00e9 signo eres y te dir\u00e9 c\u00f3mo decorar tu hogar<\/strong><\/a><\/p>\n\n\n\n<h2 class=\"wp-block-heading\"><strong>\u00a1Nos vamos de feria con las mejores tendencias!<\/strong><\/h2>\n\n\n\n<p>Teniendo en cuenta que <strong>la edici\u00f3n n\u00famero 40 de la Feria del Hogar cuenta con una nutrida agenda de actividades y experiencias para toda la familia<\/strong>, \ud83d\udc68\u200d\ud83d\udc69\u200d\ud83d\udc67 Marcela S\u00e1nchez, l\u00edder del proyecto, revel\u00f3 para <strong><a href=\"https:\/\/www.ciencuadras.com\/?autopauta=Ambos_Link_117772_ciencuadras_Mitad_\" target=\"_blank\" rel=\"noreferrer noopener\">Ciencuadras<\/a><\/strong> algunas claves para sacarle el m\u00e1ximo provecho a tu visita:<\/p>\n\n\n\n<ol>\n<li>Revisa con anticipaci\u00f3n la <a href=\"https:\/\/feriadelhogar.com\/es\/boleteria\/?utm_source=google&amp;utm_medium=cpc&amp;utm_campaign=FeriaDelHogar_Boleteria_GA_SR&amp;utm_id=20433735335&amp;gclid=CjwKCAjwjOunBhB4EiwA94JWsARZp_hnPUa8RGe_3lmd1LvCc_AoVZngshOGCcaCDOLORSPOcCAoXxoCuo0QAvD_BwE\" target=\"_blank\" rel=\"noreferrer noopener\"><strong>p\u00e1gina web <\/strong><\/a>del evento. All\u00ed podr\u00e1s consultar informaci\u00f3n relacionada con los expositores, las actividades musicales y culturales y la boleter\u00eda.<\/li>\n<\/ol>\n\n\n\n<ol start=\"2\">\n<li>Agenda un fin de semana para vivir con tranquilidad este evento, recorrer cada uno de los pabellones y disfrutar todas las experiencias culturales y gastron\u00f3micas.<\/li>\n<\/ol>\n\n\n\n<ol start=\"3\">\n<li>Asiste con tus seres queridos. \ud83d\udc68\u200d\ud83d\udc69\u200d\ud83d\udc67 \u201cRecuerden que la Feria del Hogar es para todos: familias con hijos, solteros, con mascotas, parejas, amigos, \u00a1este es el hogar m\u00e1s grande de Colombia y todos son bienvenidos!\u201d, finaliz\u00f3 S\u00e1nchez.<\/li>\n<\/ol>\n\n\n\n<ol start=\"4\">\n<li>Para que tu recorrido sea m\u00e1s sencillo, revisa la distribuci\u00f3n de los pabellones: \u2b07\ufe0f<\/li>\n<\/ol>\n\n\n\n<ul>\n<li><strong>Pabell\u00f3n 1:<\/strong> Nivel 1 \u2013 moda<\/li>\n\n\n\n<li><strong>Pabell\u00f3n 3:<\/strong> Nivel 1 \u2013 Cocina, utensilios de mesa y servicios para el hogar. Nivel 2 -Bazzar internacional y navidad.<\/li>\n\n\n\n<li><strong>Pabell\u00f3n&nbsp;4: <\/strong>electrodom\u00e9sticos y tecnolog\u00eda<\/li>\n\n\n\n<li><strong>Pabell\u00f3n 5: <\/strong>mascotas<\/li>\n\n\n\n<li><strong>Pabell\u00f3n 6: <\/strong>Nivel 1 &#8211; decoraci\u00f3n y dise\u00f1o. Nivel 2 &#8211; pabell\u00f3n de emprendimiento- Bazzar Bog CCB<\/li>\n\n\n\n<li><strong>Pabell\u00f3n 7: <\/strong>Expojoyas<\/li>\n\n\n\n<li><strong>Pabell\u00f3n 8:<\/strong>&nbsp;Nivel 1 &#8211; bienestar, belleza y cuidado personal Nivel 2 &#8211; ropa de cama (s\u00e1banas, almohadas, duvets, etc)<\/li>\n\n\n\n<li><strong>Pabell\u00f3n 11 al 23, Gran Sal\u00f3n: <\/strong>muebles y colchones&nbsp;&nbsp;&nbsp;<\/li>\n\n\n\n<li>\u00c1rea libre 2: pabell\u00f3n emprendimiento \u2013 Hecho en Bogot\u00e1 \u2013 alcald\u00eda de Bogot\u00e1&nbsp;<\/li>\n\n\n\n<li>Zonas de gastronom\u00eda: pabell\u00f3n 1 nivel 2 , \u00c1rea libre 03, plazoleta de comidas, corredor food trucks.<\/li>\n<\/ul>\n\n\n\n<p>Ahora que sabes <strong>cu\u00e1les son las principales tendencias en materia de dise\u00f1o y decoraci\u00f3n<\/strong> que predominan para esta temporada,\ud83e\udd29 te invitamos a encontrar tu inmueble ideal en <strong><a href=\"https:\/\/www.ciencuadras.com\/?autopauta=Ambos_Link_117772_ciencuadras_Cierre_\" target=\"_blank\" rel=\"noreferrer noopener\">Ciencuadras<\/a><\/strong>.\ud83d\udc99<\/p>\n\n\n\n<table cellpadding='0' cellspacing='0' align='center' style='width: 100%'><tr style='text-align: center; font-family: Open Sans, sans-serif;'><td style='padding-bottom: 24px; color: #29292a; font-size: 18px; font-weight: 600'>\u00bfQu\u00e9 tan \u00fatil te pareci\u00f3 este contenido?<\/td><\/tr><tr style='text-align: center;'><td><table cellpadding='0' cellspacing='0' style='width: 100%; max-width: 400px; margin: auto'><tr><td><a style='text-decoration: none' href='https:\/\/survey.survicate.com\/2024c603f1ca0b80\/?pieza=117760_fases_proyecto_inmobiliario|Consejos|Proyectos de vivienda&#038;aid=2533768' target='_blank' rel=\"nofollow noopener\"> <img style='width: 32px; height: 32px' src='https:\/\/info.ciencuadras.com\/rs\/178-OKL-731\/images\/CC_CARA_A1.png' > <\/a><\/td><td><a style='text-decoration: none' href='https:\/\/survey.survicate.com\/2024c603f1ca0b80\/?pieza=117760_fases_proyecto_inmobiliario|Consejos|Proyectos de vivienda&#038;aid=2533769' target='_blank' rel=\"nofollow noopener\"> <img style='width: 32px; height: 32px' src='https:\/\/info.ciencuadras.com\/rs\/178-OKL-731\/images\/CC_CARA_A2.png' > <\/a><\/td><td><a style='text-decoration: none' href='https:\/\/survey.survicate.com\/2024c603f1ca0b80\/?pieza=117760_fases_proyecto_inmobiliario|Consejos|Proyectos de vivienda&#038;aid=2533770' target='_blank' rel=\"nofollow noopener\"> <img style='width: 32px; height: 32px' src='https:\/\/info.ciencuadras.com\/rs\/178-OKL-731\/images\/CC_CARA_A3.png' > <\/a><\/td><td><a style='text-decoration: none' href='https:\/\/survey.survicate.com\/2024c603f1ca0b80\/?pieza=117760_fases_proyecto_inmobiliario|Consejos|Proyectos de vivienda&#038;aid=2533771' target='_blank' rel=\"nofollow noopener\"> <img style='width: 32px; height: 32px' src='https:\/\/info.ciencuadras.com\/rs\/178-OKL-731\/images\/CC_CARA_A4.png' > <\/a><\/td><td><a style='text-decoration: none' href='https:\/\/survey.survicate.com\/2024c603f1ca0b80\/?pieza=117760_fases_proyecto_inmobiliario|Consejos|Proyectos de vivienda&#038;aid=2533772' target='_blank' rel=\"nofollow noopener\"> <img style='width: 32px; height: 32px' src='https:\/\/info.ciencuadras.com\/rs\/178-OKL-731\/images\/CC_CARA_A5.png' > <\/a><\/td><\/tr><\/table><\/td><\/tr><\/table>\n\n","protected":false},"excerpt":{"rendered":"<p>Recorrimos los pasillos de la edici\u00f3n #40 de la Feria del hogar y estas son las principales tendencias para decorar tu hogar. \ud83c\udfe1\ud83c\udfa8<\/p>\n","protected":false},"author":9,"featured_media":117784,"comment_status":"open","ping_status":"closed","sticky":false,"template":"","format":"standard","meta":{"footnotes":""},"categories":[1449],"tags":[12,11,2686],"acf":[],"yoast_head":"<!-- This site is optimized with the Yoast SEO plugin v15.9 - https:\/\/yoast.com\/wordpress\/plugins\/seo\/ -->\n<title>Feria del Hogar: Tendencias de dise\u00f1o y decoraci\u00f3n | Ciencuadras<\/title>\n<meta name=\"description\" content=\"Recorrimos los pasillos de la edici\u00f3n #40 de la Feria del hogar, para actualizarte con las principales tendencias para decorar tu hogar.\" \/>\n<meta name=\"robots\" content=\"index, follow, max-snippet:-1, max-image-preview:large, max-video-preview:-1\" \/>\n<link rel=\"canonical\" href=\"https:\/\/www.ciencuadras.com\/blog\/decoracion-interiores\/feria-del-hogar-tendencias-de-diseno-y-decoracion\" \/>\n<meta property=\"og:locale\" content=\"es_ES\" \/>\n<meta property=\"og:type\" content=\"article\" \/>\n<meta property=\"og:title\" content=\"Feria del Hogar: Tendencias de dise\u00f1o y decoraci\u00f3n | Ciencuadras\" \/>\n<meta property=\"og:description\" content=\"Recorrimos los pasillos de la edici\u00f3n #40 de la Feria del hogar, para actualizarte con las principales tendencias para decorar tu hogar.\" \/>\n<meta property=\"og:url\" content=\"https:\/\/www.ciencuadras.com\/blog\/decoracion-interiores\/feria-del-hogar-tendencias-de-diseno-y-decoracion\" \/>\n<meta property=\"article:publisher\" content=\"https:\/\/www.facebook.com\/ciencuadras\/\" \/>\n<meta property=\"article:author\" content=\"https:\/\/www.facebook.com\/ciencuadras\/\" \/>\n<meta property=\"article:published_time\" content=\"2023-09-18T18:07:24+00:00\" \/>\n<meta property=\"article:modified_time\" content=\"2023-10-26T16:00:32+00:00\" \/>\n<meta property=\"og:image\" content=\"https:\/\/www.ciencuadras.com\/blog\/wp-content\/uploads\/2023\/09\/Tendencias-decoracio\u0301n-Feria-del-Hogar-1.gif\" \/>\n\t<meta property=\"og:image:width\" content=\"700\" \/>\n\t<meta property=\"og:image:height\" content=\"499\" \/>\n<meta name=\"twitter:card\" content=\"summary_large_image\" \/>\n<meta name=\"twitter:creator\" content=\"@ciencuadras\" \/>\n<meta name=\"twitter:site\" content=\"@ciencuadras\" \/>\n<meta name=\"twitter:label1\" content=\"Est. reading time\">\n\t<meta name=\"twitter:data1\" content=\"6 minutos\">\n<script type=\"application\/ld+json\" class=\"yoast-schema-graph\">{\"@context\":\"https:\/\/schema.org\",\"@graph\":[{\"@type\":\"Organization\",\"@id\":\"https:\/\/www.ciencuadras.com\/blog\/#organization\",\"name\":\"Ciencuadras.com\",\"url\":\"https:\/\/www.ciencuadras.com\/blog\/\",\"sameAs\":[\"https:\/\/www.facebook.com\/ciencuadras\/\",\"https:\/\/www.instagram.com\/ciencuadras\/\",\"https:\/\/co.linkedin.com\/company\/ciencuadras\",\"https:\/\/www.youtube.com\/channel\/UC_f830HP5dUy6OjBIbjtlAw\",\"https:\/\/twitter.com\/ciencuadras\"],\"logo\":{\"@type\":\"ImageObject\",\"@id\":\"https:\/\/www.ciencuadras.com\/blog\/#logo\",\"inLanguage\":\"es-CO\",\"url\":\"\",\"caption\":\"Ciencuadras.com\"},\"image\":{\"@id\":\"https:\/\/www.ciencuadras.com\/blog\/#logo\"}},{\"@type\":\"WebSite\",\"@id\":\"https:\/\/www.ciencuadras.com\/blog\/#website\",\"url\":\"https:\/\/www.ciencuadras.com\/blog\/\",\"name\":\"\",\"description\":\"\",\"publisher\":{\"@id\":\"https:\/\/www.ciencuadras.com\/blog\/#organization\"},\"potentialAction\":[{\"@type\":\"SearchAction\",\"target\":\"https:\/\/www.ciencuadras.com\/blog\/?s={search_term_string}\",\"query-input\":\"required name=search_term_string\"}],\"inLanguage\":\"es-CO\"},{\"@type\":\"ImageObject\",\"@id\":\"https:\/\/www.ciencuadras.com\/blog\/decoracion-interiores\/feria-del-hogar-tendencias-de-diseno-y-decoracion#primaryimage\",\"inLanguage\":\"es-CO\",\"url\":\"https:\/\/www.ciencuadras.com\/blog\/wp-content\/uploads\/2023\/09\/Tendencias-decoracio\\u0301n-Feria-del-Hogar-1.gif\",\"width\":700,\"height\":499,\"caption\":\"Collage Tendencias dise\\u00f1o y decoraci\\u00f3n Feria del hogar\"},{\"@type\":\"WebPage\",\"@id\":\"https:\/\/www.ciencuadras.com\/blog\/decoracion-interiores\/feria-del-hogar-tendencias-de-diseno-y-decoracion#webpage\",\"url\":\"https:\/\/www.ciencuadras.com\/blog\/decoracion-interiores\/feria-del-hogar-tendencias-de-diseno-y-decoracion\",\"name\":\"Feria del Hogar: Tendencias de dise\\u00f1o y decoraci\\u00f3n | Ciencuadras\",\"isPartOf\":{\"@id\":\"https:\/\/www.ciencuadras.com\/blog\/#website\"},\"primaryImageOfPage\":{\"@id\":\"https:\/\/www.ciencuadras.com\/blog\/decoracion-interiores\/feria-del-hogar-tendencias-de-diseno-y-decoracion#primaryimage\"},\"datePublished\":\"2023-09-18T18:07:24+00:00\",\"dateModified\":\"2023-10-26T16:00:32+00:00\",\"description\":\"Recorrimos los pasillos de la edici\\u00f3n #40 de la Feria del hogar, para actualizarte con las principales tendencias para decorar tu hogar.\",\"breadcrumb\":{\"@id\":\"https:\/\/www.ciencuadras.com\/blog\/decoracion-interiores\/feria-del-hogar-tendencias-de-diseno-y-decoracion#breadcrumb\"},\"inLanguage\":\"es-CO\",\"potentialAction\":[{\"@type\":\"ReadAction\",\"target\":[\"https:\/\/www.ciencuadras.com\/blog\/decoracion-interiores\/feria-del-hogar-tendencias-de-diseno-y-decoracion\"]}]},{\"@type\":\"BreadcrumbList\",\"@id\":\"https:\/\/www.ciencuadras.com\/blog\/decoracion-interiores\/feria-del-hogar-tendencias-de-diseno-y-decoracion#breadcrumb\",\"itemListElement\":[{\"@type\":\"ListItem\",\"position\":1,\"item\":{\"@type\":\"WebPage\",\"@id\":\"https:\/\/www.ciencuadras.com\/blog\",\"url\":\"https:\/\/www.ciencuadras.com\/blog\",\"name\":\"Blog\"}},{\"@type\":\"ListItem\",\"position\":2,\"item\":{\"@type\":\"WebPage\",\"@id\":\"https:\/\/www.ciencuadras.com\/blog\/decoracion-interiores\/feria-del-hogar-tendencias-de-diseno-y-decoracion\",\"url\":\"https:\/\/www.ciencuadras.com\/blog\/decoracion-interiores\/feria-del-hogar-tendencias-de-diseno-y-decoracion\",\"name\":\"\\u00bfEstrenando casa? Actual\\u00edzate con las principales tendencias de la Feria del Hogar 2023\"}}]},{\"@type\":\"Article\",\"@id\":\"https:\/\/www.ciencuadras.com\/blog\/decoracion-interiores\/feria-del-hogar-tendencias-de-diseno-y-decoracion#article\",\"isPartOf\":{\"@id\":\"https:\/\/www.ciencuadras.com\/blog\/decoracion-interiores\/feria-del-hogar-tendencias-de-diseno-y-decoracion#webpage\"},\"author\":{\"@id\":\"https:\/\/www.ciencuadras.com\/blog\/#\/schema\/person\/cc0b32db93618f32995212860cf644f8\"},\"headline\":\"\\u00bfEstrenando casa? Actual\\u00edzate con las principales tendencias de la Feria del Hogar 2023\",\"datePublished\":\"2023-09-18T18:07:24+00:00\",\"dateModified\":\"2023-10-26T16:00:32+00:00\",\"mainEntityOfPage\":{\"@id\":\"https:\/\/www.ciencuadras.com\/blog\/decoracion-interiores\/feria-del-hogar-tendencias-de-diseno-y-decoracion#webpage\"},\"commentCount\":0,\"publisher\":{\"@id\":\"https:\/\/www.ciencuadras.com\/blog\/#organization\"},\"image\":{\"@id\":\"https:\/\/www.ciencuadras.com\/blog\/decoracion-interiores\/feria-del-hogar-tendencias-de-diseno-y-decoracion#primaryimage\"},\"keywords\":\"Decoraci\\u00f3n de casas,Tendencias deco,Tips en decoraci\\u00f3n\",\"articleSection\":\"Decoraci\\u00f3n de interiores\",\"inLanguage\":\"es-CO\",\"potentialAction\":[{\"@type\":\"CommentAction\",\"name\":\"Comment\",\"target\":[\"https:\/\/www.ciencuadras.com\/blog\/decoracion-interiores\/feria-del-hogar-tendencias-de-diseno-y-decoracion#respond\"]}]},{\"@type\":\"Person\",\"@id\":\"https:\/\/www.ciencuadras.com\/blog\/#\/schema\/person\/cc0b32db93618f32995212860cf644f8\",\"name\":\"Redacci\\u00f3n Ciencuadras\",\"description\":\"\\u00a1Hola! Soy el blog de ciencuadras.com, un portal inmobiliario del Grupo Bol\\u00edvar en el que encuentras casas, apartamentos, oficinas, fincas y m\\u00e1s inmuebles en arriendo y venta en toda Colombia. \\ud83d\\udc99Cuando me visitas, adem\\u00e1s de descubrir tu inmueble ideal, puedes estar al d\\u00eda con las noticias del sector inmobiliario y de la construcci\\u00f3n; aprender tips en decoraci\\u00f3n y organizaci\\u00f3n de espacios, y mucho m\\u00e1s.\",\"sameAs\":[\"https:\/\/www.ciencuadras.com\/\",\"https:\/\/www.facebook.com\/ciencuadras\/\",\"https:\/\/www.instagram.com\/ciencuadras\/\",\"https:\/\/www.linkedin.com\/company\/ciencuadras\/\",\"https:\/\/twitter.com\/ciencuadras\",\"https:\/\/www.youtube.com\/channel\/UC_f830HP5dUy6OjBIbjtlAw\"]}]}<\/script>\n<!-- \/ Yoast SEO plugin. -->","_links":{"self":[{"href":"https:\/\/www.ciencuadras.com\/blog\/wp-json\/wp\/v2\/posts\/117772"}],"collection":[{"href":"https:\/\/www.ciencuadras.com\/blog\/wp-json\/wp\/v2\/posts"}],"about":[{"href":"https:\/\/www.ciencuadras.com\/blog\/wp-json\/wp\/v2\/types\/post"}],"author":[{"embeddable":true,"href":"https:\/\/www.ciencuadras.com\/blog\/wp-json\/wp\/v2\/users\/9"}],"replies":[{"embeddable":true,"href":"https:\/\/www.ciencuadras.com\/blog\/wp-json\/wp\/v2\/comments?post=117772"}],"version-history":[{"count":17,"href":"https:\/\/www.ciencuadras.com\/blog\/wp-json\/wp\/v2\/posts\/117772\/revisions"}],"predecessor-version":[{"id":118285,"href":"https:\/\/www.ciencuadras.com\/blog\/wp-json\/wp\/v2\/posts\/117772\/revisions\/118285"}],"wp:featuredmedia":[{"embeddable":true,"href":"https:\/\/www.ciencuadras.com\/blog\/wp-json\/wp\/v2\/media\/117784"}],"wp:attachment":[{"href":"https:\/\/www.ciencuadras.com\/blog\/wp-json\/wp\/v2\/media?parent=117772"}],"wp:term":[{"taxonomy":"category","embeddable":true,"href":"https:\/\/www.ciencuadras.com\/blog\/wp-json\/wp\/v2\/categories?post=117772"},{"taxonomy":"post_tag","embeddable":true,"href":"https:\/\/www.ciencuadras.com\/blog\/wp-json\/wp\/v2\/tags?post=117772"}],"curies":[{"name":"wp","href":"https:\/\/api.w.org\/{rel}","templated":true}]}}