{"id":119984,"date":"2024-01-11T09:28:22","date_gmt":"2024-01-11T14:28:22","guid":{"rendered":"https:\/\/www.ciencuadras.com\/blog\/?p=119984"},"modified":"2026-01-29T11:47:24","modified_gmt":"2026-01-29T16:47:24","slug":"incremento-en-el-avaluo-catastral-lo-que-debes-saber","status":"publish","type":"post","link":"https:\/\/www.ciencuadras.com\/blog\/consejos-para-inmobiliarias\/incremento-en-el-avaluo-catastral-lo-que-debes-saber","title":{"rendered":"Incremento en el Aval\u00fao Catastral: Lo que debes saber"},"content":{"rendered":"\n<p>Comienza un a\u00f1o nuevo y con este se comienzan a fijar los diferentes aumentos en algunos costos del sector inmobiliario tal como lo es el aval\u00fao catastral. <strong>Una valoraci\u00f3n catastral es una herramienta que permite a los propietarios determinar el valor de su inmueble, a trav\u00e9s de un estudio t\u00e9cnico realizado por la autoridad catastral correspondiente (seg\u00fan la ubicaci\u00f3n del inmueble).<\/strong> Este proceso tiene en cuenta las caracter\u00edsticas de la propiedad, identifica los l\u00edmites, mide el tama\u00f1o y la calidad de las construcciones y analiza las tendencias del mercado inmobiliario en la zona.<\/p>\n\n\n\n<p>Seg\u00fan el <a href=\"https:\/\/dapre.presidencia.gov.co\/normativa\/normativa\/DECRETO%202311%20DEL%2030%20DE%20DICIEMBRE%20DE%202023.pdf\" target=\"_blank\" rel=\"noreferrer noopener\"><strong>Decreto 2311 del 30 de diciembre de 2023<\/strong><\/a>, a partir del 1 de enero de este a\u00f1o, el aval\u00fao catastral para predios urbanos tendr\u00e1 un incremento del <strong>4,51%.<\/strong> Este incremento tambi\u00e9n aplica para los predios rurales, <strong>a menos que se dediquen a actividades agropecuarias<\/strong> (aquellos registrados en la base catastral con vocaci\u00f3n agr\u00edcola, agropecuaria, acu\u00edcola, agroindustrial, agroforestal o infraestructura asociada a la producci\u00f3n agropecuaria). En estos casos, la subida de la valoraci\u00f3n catastral ser\u00e1 del <strong>2,55%.<\/strong><\/p>\n\n\n\n<p>No se realizar\u00e1n ajustes en Bogot\u00e1 ni en los <strong>predios correspondientes a los catastros descentralizados<\/strong>, como Cali, Medell\u00edn y Antioquia. Estos pueden calcular un <strong>\u00cdndice de Valoraci\u00f3n Predial diferencial<\/strong>. Adem\u00e1s, los incrementos no se aplicar\u00e1n a los predios que ya hayan actualizado su estudio catastral durante el a\u00f1o 2023.<\/p>\n\n\n\n<h2 class=\"wp-block-heading\"><strong>\u00bfQu\u00e9 se tiene en cuenta a la hora de incrementar el aval\u00fao catastral?<\/strong><\/h2>\n\n\n\n<p>Lo usual fue que el reajuste en los aval\u00faos <strong>no superara la meta de inflaci\u00f3n certificada por el Banco de la Rep\u00fablica<\/strong> (que es del 3% para 2024). Sin embargo, para 2023, el incremento en los aval\u00faos catastrales tambi\u00e9n super\u00f3 la meta de inflaci\u00f3n por las mismas razones. <strong>El incremento para los predios urbanos no formados y no actualizados en el periodo 2022 fue de 4,31%, mientras que para los predios rurales fue de 3%.<\/strong><\/p>\n\n\n\n<p>Debido a una discrepancia de m\u00e1s de cinco puntos porcentuales entre el objetivo de inflaci\u00f3n y el comportamiento del \u00cdndice de Precios al Consumo (IPC) en un solo a\u00f1o, el Gobierno tiene la capacidad de determinar una subida extraordinaria adicional.<\/p>\n\n\n\n<p>Para determinar el ajuste de este a\u00f1o, el Gobierno tuvo en cuenta el <strong>\u00cdndice de Valoraci\u00f3n Predial para 2023 publicado por el DANE (4,51%)<\/strong> y el \u00cdndice de Precios al Productor Agropecuario, tambi\u00e9n certificado por el DANE (2,55% a noviembre). El 21 de diciembre ya se hab\u00eda publicado un Conpes en el que se se\u00f1alaban estos incrementos.<\/p>\n\n\n\n<figure class=\"wp-block-gallery has-nested-images columns-default is-cropped wp-block-gallery-1 is-layout-flex wp-block-gallery-is-layout-flex\">\n<figure class=\"wp-block-image size-large\"><a href=\"https:\/\/www.ciencuadras.com\/?utm_source=Autopauta&amp;utm_medium=Blog_Banner_Interno&amp;utm_campaign=BG_119984_General_CC\" target=\"_blank\" rel=\"noreferrer noopener\"><img fetchpriority=\"high\" decoding=\"async\" width=\"700\" height=\"200\" data-id=\"128649\" src=\"https:\/\/www.ciencuadras.com\/blog\/wp-content\/uploads\/2021\/01\/700x200_cc.jpg\" alt=\"\" class=\"wp-image-128649\" srcset=\"https:\/\/www.ciencuadras.com\/blog\/wp-content\/uploads\/2021\/01\/700x200_cc.jpg 700w, https:\/\/www.ciencuadras.com\/blog\/wp-content\/uploads\/2021\/01\/700x200_cc-300x86.jpg 300w\" sizes=\"(max-width: 700px) 100vw, 700px\" \/><\/a><\/figure>\n<\/figure>\n\n\n\n<h2 class=\"wp-block-heading\"><strong>Aval\u00fao catastral versus impuesto predial \u00bfCu\u00e1les son las cuentas?<\/strong><\/h2>\n\n\n\n<p>Seg\u00fan el medio de comunicaci\u00f3n de <a href=\"https:\/\/www.elespectador.com\/economia\/finanzas-personales\/avaluo-catastral-este-sera-el-incremento-de-2024-noticias-colombia\/\" target=\"_blank\" rel=\"noreferrer noopener\"><strong>El Espectador<\/strong><\/a> en entrevista con la Ministra de Agricultura, se sabe que hay municipios que pasan hasta 30 a\u00f1os sin realizar una actualizaci\u00f3n catastral. Este es el proceso que determina el valor de una propiedad a los ojos del Estado (no a los ojos del comercio).<\/p>\n\n\n\n<p>En algunos casos, hace d\u00e9cadas que la propiedad no tiene v\u00edas de acceso u otras mejoras de infraestructura que aumentan su valor. <strong>Y cuando se realizan estas actualizaciones, el precio de la propiedad se dispara, lo que se traduce en un aumento significativo del impuesto sobre bienes inmuebles.<\/strong><\/p>\n\n\n\n<p>A la fecha, existe un proyecto de ley presentado por el Gobierno tiene como objetivo establecer l\u00edmites que deben respetarse al momento de aumentar el impuesto predial. Si se aprueban, quedar\u00edan de la siguiente forma:<\/p>\n\n\n\n<ul>\n<li>Los inmuebles con un aval\u00fao catastral igual o inferior a los 135 SMMLV no podr\u00e1n sufrir un aumento superior al 50% en la liquidaci\u00f3n del impuesto predial del a\u00f1o anterior.<\/li>\n\n\n\n<li>En el rango de 135 SMMLV y 250 SMMLV, el aumento no podr\u00e1 ser superior al 100%.<\/li>\n\n\n\n<li>Aquellos que superen los 350 SMMLV y lleguen a los 500 SMMLV no ver\u00e1n un incremento de m\u00e1s del 200%.<\/li>\n\n\n\n<li>Los inmuebles que superen los 500 SMMLV no experimentar\u00e1n aumentos superiores al 300%.<\/li>\n<\/ul>\n\n\n\n<p>En t\u00e9rminos generales, <strong>el proyecto de ley no propone que todas las propiedades del pa\u00eds deban pagar hasta 300% m\u00e1s en impuestos prediales el pr\u00f3ximo a\u00f1o<\/strong>, sino que, debido al conflicto causado por la actualizaci\u00f3n catastral, los valores que se pagar\u00e1n no podr\u00e1n exceder los l\u00edmites previamente descritos.<\/p>\n\n\n\n<h2 class=\"wp-block-heading\"><strong>Cuenta con Ciencuadras para actualizarte en el mercado inmobiliario<\/strong><\/h2>\n\n\n\n<p>Al empezar un proceso dentro del mercado inmobiliario son muchas las variables que se deben tener en cuenta para lograr <strong>comprar, vender o arrendar una vivienda con \u00e9xito<\/strong>. Por esto, te invitamos a que no te desconectes de nuestras redes sociales ni de nuestro blog para que tengas a la mano toda la informaci\u00f3n necesaria, as\u00ed como tendencias y novedades dentro del sector.<\/p>\n\n\n\n<p>Recuerda que con <strong><a href=\"https:\/\/www.ciencuadras.com\/?utm_source=Autopauta&amp;utm_medium=Blog_enlace&amp;utm_campaign=BG_119984_consejos_para_inmobiliarias\" target=\"_blank\" rel=\"noreferrer noopener\">Ciencuadras<\/a><\/strong>, cuadras todo. <\/p>\n\n\n\n<table cellpadding='0' cellspacing='0' align='center' style='width: 100%'><tr style='text-align: center; font-family: Open Sans, sans-serif;'><td style='padding-bottom: 24px; color: #29292a; font-size: 18px; font-weight: 600'>\u00bfQu\u00e9 tan \u00fatil te pareci\u00f3 este contenido?<\/td><\/tr><tr style='text-align: center;'><td><table cellpadding='0' cellspacing='0' style='width: 100%; max-width: 400px; margin: auto'><tr><td><a style='text-decoration: none' href='https:\/\/survey.survicate.com\/2024c603f1ca0b80\/?pieza=119984_Incremento_en_el_Avaluo_Catastral|Consejos|Consejos para inmobiliarias&#038;aid=2533768' target='_blank' rel=\"nofollow noopener\"> <img style='width: 32px; height: 32px' src='https:\/\/image.experienciasbolivar.segurosbolivar.com\/lib\/fe3511747364047b751475\/m\/1\/a2945bbd-60a9-43cb-b225-78bf5e055db5.png' > <\/a><\/td><td><a style='text-decoration: none' href='https:\/\/survey.survicate.com\/2024c603f1ca0b80\/?pieza=119984_Incremento_en_el_Avaluo_Catastral|Consejos|Consejos para inmobiliarias&#038;aid=2533769' target='_blank' rel=\"nofollow noopener\"> <img style='width: 32px; height: 32px' src='https:\/\/image.experienciasbolivar.segurosbolivar.com\/lib\/fe3511747364047b751475\/m\/1\/161006d2-a309-4148-a578-df40c5152496.png' > <\/a><\/td><td><a style='text-decoration: none' href='https:\/\/survey.survicate.com\/2024c603f1ca0b80\/?pieza=119984_Incremento_en_el_Avaluo_Catastral|Consejos|Consejos para inmobiliarias&#038;aid=2533770' target='_blank' rel=\"nofollow noopener\"> <img style='width: 32px; height: 32px' src='https:\/\/image.experienciasbolivar.segurosbolivar.com\/lib\/fe3511747364047b751475\/m\/1\/ba2c4c82-1c2c-4bcb-b894-20f6776af736.png' > <\/a><\/td><td><a style='text-decoration: none' href='https:\/\/survey.survicate.com\/2024c603f1ca0b80\/?pieza=119984_Incremento_en_el_Avaluo_Catastral|Consejos|Consejos para inmobiliarias&#038;aid=2533771' target='_blank' rel=\"nofollow noopener\"> <img style='width: 32px; height: 32px' src='https:\/\/image.experienciasbolivar.segurosbolivar.com\/lib\/fe3511747364047b751475\/m\/1\/52e25dc4-db06-43e1-ada3-a13cc6834b02.png' > <\/a><\/td><td><a style='text-decoration: none' href='https:\/\/survey.survicate.com\/2024c603f1ca0b80\/?pieza=119984_Incremento_en_el_Avaluo_Catastral|Consejos|Consejos para inmobiliarias&#038;aid=2533772' target='_blank' rel=\"nofollow noopener\"> <img style='width: 32px; height: 32px' src='https:\/\/image.experienciasbolivar.segurosbolivar.com\/lib\/fe3511747364047b751475\/m\/1\/f125fd9c-b185-4d5b-8a2c-c67e5f69c93b.png' > <\/a><\/td><\/tr><\/table><\/td><\/tr><\/table>\n\n","protected":false},"excerpt":{"rendered":"<p>El aumento del aval\u00fao catastral para 2024 se anunci\u00f3 por decreto firmado por el MinHacienda y el Departamento Nacional de Planeaci\u00f3n. \ud83d\udcdd<\/p>\n","protected":false},"author":9,"featured_media":119989,"comment_status":"open","ping_status":"closed","sticky":false,"template":"","format":"standard","meta":{"footnotes":""},"categories":[6098,1415,617],"tags":[387,39,42,2333,41,2656],"acf":[],"yoast_head":"<!-- This site is optimized with the Yoast SEO plugin v15.9 - https:\/\/yoast.com\/wordpress\/plugins\/seo\/ -->\n<title>Incremento en el Aval\u00fao Catastral: Lo que debes saber | Ciencuadras<\/title>\n<meta name=\"description\" content=\"El aumento del aval\u00fao catastral para 2024 se anunci\u00f3 por decreto firmado por el MinHacienda y el Departamento Nacional de Planeaci\u00f3n.\" \/>\n<meta name=\"robots\" content=\"index, follow, max-snippet:-1, max-image-preview:large, max-video-preview:-1\" \/>\n<link rel=\"canonical\" href=\"https:\/\/www.ciencuadras.com\/blog\/consejos-para-inmobiliarias\/incremento-en-el-avaluo-catastral-lo-que-debes-saber\" \/>\n<meta property=\"og:locale\" content=\"es_ES\" \/>\n<meta property=\"og:type\" content=\"article\" \/>\n<meta property=\"og:title\" content=\"Incremento en el Aval\u00fao Catastral: Lo que debes saber | Ciencuadras\" \/>\n<meta property=\"og:description\" content=\"El aumento del aval\u00fao catastral para 2024 se anunci\u00f3 por decreto firmado por el MinHacienda y el Departamento Nacional de Planeaci\u00f3n.\" \/>\n<meta property=\"og:url\" content=\"https:\/\/www.ciencuadras.com\/blog\/consejos-para-inmobiliarias\/incremento-en-el-avaluo-catastral-lo-que-debes-saber\" \/>\n<meta property=\"article:publisher\" content=\"https:\/\/www.facebook.com\/ciencuadras\/\" \/>\n<meta property=\"article:author\" content=\"https:\/\/www.facebook.com\/ciencuadras\/\" \/>\n<meta property=\"article:published_time\" content=\"2024-01-11T14:28:22+00:00\" \/>\n<meta property=\"article:modified_time\" content=\"2026-01-29T16:47:24+00:00\" \/>\n<meta property=\"og:image\" content=\"https:\/\/www.ciencuadras.com\/blog\/wp-content\/uploads\/2024\/01\/incremento-avaluo-catastral-2024-ciencuadras.jpg\" \/>\n\t<meta property=\"og:image:width\" content=\"760\" \/>\n\t<meta property=\"og:image:height\" content=\"501\" \/>\n<meta name=\"twitter:card\" content=\"summary_large_image\" \/>\n<meta name=\"twitter:creator\" content=\"@ciencuadras\" \/>\n<meta name=\"twitter:site\" content=\"@ciencuadras\" \/>\n<meta name=\"twitter:label1\" content=\"Est. reading time\">\n\t<meta name=\"twitter:data1\" content=\"5 minutos\">\n<script type=\"application\/ld+json\" class=\"yoast-schema-graph\">{\"@context\":\"https:\/\/schema.org\",\"@graph\":[{\"@type\":\"Organization\",\"@id\":\"https:\/\/www.ciencuadras.com\/blog\/#organization\",\"name\":\"Ciencuadras.com\",\"url\":\"https:\/\/www.ciencuadras.com\/blog\/\",\"sameAs\":[\"https:\/\/www.facebook.com\/ciencuadras\/\",\"https:\/\/www.instagram.com\/ciencuadras\/\",\"https:\/\/co.linkedin.com\/company\/ciencuadras\",\"https:\/\/www.youtube.com\/channel\/UC_f830HP5dUy6OjBIbjtlAw\",\"https:\/\/twitter.com\/ciencuadras\"],\"logo\":{\"@type\":\"ImageObject\",\"@id\":\"https:\/\/www.ciencuadras.com\/blog\/#logo\",\"inLanguage\":\"es-CO\",\"url\":\"\",\"caption\":\"Ciencuadras.com\"},\"image\":{\"@id\":\"https:\/\/www.ciencuadras.com\/blog\/#logo\"}},{\"@type\":\"WebSite\",\"@id\":\"https:\/\/www.ciencuadras.com\/blog\/#website\",\"url\":\"https:\/\/www.ciencuadras.com\/blog\/\",\"name\":\"\",\"description\":\"\",\"publisher\":{\"@id\":\"https:\/\/www.ciencuadras.com\/blog\/#organization\"},\"potentialAction\":[{\"@type\":\"SearchAction\",\"target\":\"https:\/\/www.ciencuadras.com\/blog\/?s={search_term_string}\",\"query-input\":\"required name=search_term_string\"}],\"inLanguage\":\"es-CO\"},{\"@type\":\"ImageObject\",\"@id\":\"https:\/\/www.ciencuadras.com\/blog\/consejos-para-inmobiliarias\/incremento-en-el-avaluo-catastral-lo-que-debes-saber#primaryimage\",\"inLanguage\":\"es-CO\",\"url\":\"https:\/\/www.ciencuadras.com\/blog\/wp-content\/uploads\/2024\/01\/incremento-avaluo-catastral-2024-ciencuadras.jpg\",\"width\":760,\"height\":501,\"caption\":\"incremento-avaluo-catastral-2024-ciencuadras\"},{\"@type\":\"WebPage\",\"@id\":\"https:\/\/www.ciencuadras.com\/blog\/consejos-para-inmobiliarias\/incremento-en-el-avaluo-catastral-lo-que-debes-saber#webpage\",\"url\":\"https:\/\/www.ciencuadras.com\/blog\/consejos-para-inmobiliarias\/incremento-en-el-avaluo-catastral-lo-que-debes-saber\",\"name\":\"Incremento en el Aval\\u00fao Catastral: Lo que debes saber | Ciencuadras\",\"isPartOf\":{\"@id\":\"https:\/\/www.ciencuadras.com\/blog\/#website\"},\"primaryImageOfPage\":{\"@id\":\"https:\/\/www.ciencuadras.com\/blog\/consejos-para-inmobiliarias\/incremento-en-el-avaluo-catastral-lo-que-debes-saber#primaryimage\"},\"datePublished\":\"2024-01-11T14:28:22+00:00\",\"dateModified\":\"2026-01-29T16:47:24+00:00\",\"description\":\"El aumento del aval\\u00fao catastral para 2024 se anunci\\u00f3 por decreto firmado por el MinHacienda y el Departamento Nacional de Planeaci\\u00f3n.\",\"breadcrumb\":{\"@id\":\"https:\/\/www.ciencuadras.com\/blog\/consejos-para-inmobiliarias\/incremento-en-el-avaluo-catastral-lo-que-debes-saber#breadcrumb\"},\"inLanguage\":\"es-CO\",\"potentialAction\":[{\"@type\":\"ReadAction\",\"target\":[\"https:\/\/www.ciencuadras.com\/blog\/consejos-para-inmobiliarias\/incremento-en-el-avaluo-catastral-lo-que-debes-saber\"]}]},{\"@type\":\"BreadcrumbList\",\"@id\":\"https:\/\/www.ciencuadras.com\/blog\/consejos-para-inmobiliarias\/incremento-en-el-avaluo-catastral-lo-que-debes-saber#breadcrumb\",\"itemListElement\":[{\"@type\":\"ListItem\",\"position\":1,\"item\":{\"@type\":\"WebPage\",\"@id\":\"https:\/\/www.ciencuadras.com\/blog\",\"url\":\"https:\/\/www.ciencuadras.com\/blog\",\"name\":\"Blog\"}},{\"@type\":\"ListItem\",\"position\":2,\"item\":{\"@type\":\"WebPage\",\"@id\":\"https:\/\/www.ciencuadras.com\/blog\/consejos-para-inmobiliarias\/incremento-en-el-avaluo-catastral-lo-que-debes-saber\",\"url\":\"https:\/\/www.ciencuadras.com\/blog\/consejos-para-inmobiliarias\/incremento-en-el-avaluo-catastral-lo-que-debes-saber\",\"name\":\"Incremento en el Aval\\u00fao Catastral: Lo que debes saber\"}}]},{\"@type\":\"Article\",\"@id\":\"https:\/\/www.ciencuadras.com\/blog\/consejos-para-inmobiliarias\/incremento-en-el-avaluo-catastral-lo-que-debes-saber#article\",\"isPartOf\":{\"@id\":\"https:\/\/www.ciencuadras.com\/blog\/consejos-para-inmobiliarias\/incremento-en-el-avaluo-catastral-lo-que-debes-saber#webpage\"},\"author\":{\"@id\":\"https:\/\/www.ciencuadras.com\/blog\/#\/schema\/person\/cc0b32db93618f32995212860cf644f8\"},\"headline\":\"Incremento en el Aval\\u00fao Catastral: Lo que debes saber\",\"datePublished\":\"2024-01-11T14:28:22+00:00\",\"dateModified\":\"2026-01-29T16:47:24+00:00\",\"mainEntityOfPage\":{\"@id\":\"https:\/\/www.ciencuadras.com\/blog\/consejos-para-inmobiliarias\/incremento-en-el-avaluo-catastral-lo-que-debes-saber#webpage\"},\"commentCount\":6,\"publisher\":{\"@id\":\"https:\/\/www.ciencuadras.com\/blog\/#organization\"},\"image\":{\"@id\":\"https:\/\/www.ciencuadras.com\/blog\/consejos-para-inmobiliarias\/incremento-en-el-avaluo-catastral-lo-que-debes-saber#primaryimage\"},\"keywords\":\"Consejos para arrendar un inmueble,Consejos para comprar vivienda,Mercado inmobiliario,Proyectos de vivienda,Sector inmobiliario,Tendencias inmobiliarias\",\"articleSection\":\"Consejos,Consejos para inmobiliarias,Tendencias\",\"inLanguage\":\"es-CO\",\"potentialAction\":[{\"@type\":\"CommentAction\",\"name\":\"Comment\",\"target\":[\"https:\/\/www.ciencuadras.com\/blog\/consejos-para-inmobiliarias\/incremento-en-el-avaluo-catastral-lo-que-debes-saber#respond\"]}]},{\"@type\":\"Person\",\"@id\":\"https:\/\/www.ciencuadras.com\/blog\/#\/schema\/person\/cc0b32db93618f32995212860cf644f8\",\"name\":\"Redacci\\u00f3n Ciencuadras\",\"description\":\"\\u00a1Hola! Soy el blog de ciencuadras.com, un portal inmobiliario del Grupo Bol\\u00edvar en el que encuentras casas, apartamentos, oficinas, fincas y m\\u00e1s inmuebles en arriendo y venta en toda Colombia. \\ud83d\\udc99Cuando me visitas, adem\\u00e1s de descubrir tu inmueble ideal, puedes estar al d\\u00eda con las noticias del sector inmobiliario y de la construcci\\u00f3n; aprender tips en decoraci\\u00f3n y organizaci\\u00f3n de espacios, y mucho m\\u00e1s.\",\"sameAs\":[\"https:\/\/www.ciencuadras.com\/\",\"https:\/\/www.facebook.com\/ciencuadras\/\",\"https:\/\/www.instagram.com\/ciencuadras\/\",\"https:\/\/www.linkedin.com\/company\/ciencuadras\/\",\"https:\/\/twitter.com\/ciencuadras\",\"https:\/\/www.youtube.com\/channel\/UC_f830HP5dUy6OjBIbjtlAw\"]}]}<\/script>\n<!-- \/ Yoast SEO plugin. -->","_links":{"self":[{"href":"https:\/\/www.ciencuadras.com\/blog\/wp-json\/wp\/v2\/posts\/119984"}],"collection":[{"href":"https:\/\/www.ciencuadras.com\/blog\/wp-json\/wp\/v2\/posts"}],"about":[{"href":"https:\/\/www.ciencuadras.com\/blog\/wp-json\/wp\/v2\/types\/post"}],"author":[{"embeddable":true,"href":"https:\/\/www.ciencuadras.com\/blog\/wp-json\/wp\/v2\/users\/9"}],"replies":[{"embeddable":true,"href":"https:\/\/www.ciencuadras.com\/blog\/wp-json\/wp\/v2\/comments?post=119984"}],"version-history":[{"count":10,"href":"https:\/\/www.ciencuadras.com\/blog\/wp-json\/wp\/v2\/posts\/119984\/revisions"}],"predecessor-version":[{"id":129036,"href":"https:\/\/www.ciencuadras.com\/blog\/wp-json\/wp\/v2\/posts\/119984\/revisions\/129036"}],"wp:featuredmedia":[{"embeddable":true,"href":"https:\/\/www.ciencuadras.com\/blog\/wp-json\/wp\/v2\/media\/119989"}],"wp:attachment":[{"href":"https:\/\/www.ciencuadras.com\/blog\/wp-json\/wp\/v2\/media?parent=119984"}],"wp:term":[{"taxonomy":"category","embeddable":true,"href":"https:\/\/www.ciencuadras.com\/blog\/wp-json\/wp\/v2\/categories?post=119984"},{"taxonomy":"post_tag","embeddable":true,"href":"https:\/\/www.ciencuadras.com\/blog\/wp-json\/wp\/v2\/tags?post=119984"}],"curies":[{"name":"wp","href":"https:\/\/api.w.org\/{rel}","templated":true}]}}