{"id":120135,"date":"2026-01-14T09:28:11","date_gmt":"2026-01-14T14:28:11","guid":{"rendered":"https:\/\/www.ciencuadras.com\/blog\/?p=120135"},"modified":"2026-03-24T09:45:21","modified_gmt":"2026-03-24T14:45:21","slug":"conoce-el-incremento-de-la-cuota-de-administracion","status":"publish","type":"post","link":"https:\/\/www.ciencuadras.com\/blog\/propiedad-horizontal\/administracion\/conoce-el-incremento-de-la-cuota-de-administracion","title":{"rendered":"Lo que debes saber sobre el aumento en las cuotas de administraci\u00f3n 2026"},"content":{"rendered":"\n<p>A\u00f1o nuevo, obligaciones nuevas\u2026 Conforme van pasando los primeros d\u00edas del a\u00f1o,<strong> surge la necesidad de conocer en detalle los incrementos de la vida cotidiana de los colombianos<\/strong>. Esto incluyendo todos los gastos asociados al hogar como:<a href=\"https:\/\/www.ciencuadras.com\/blog\/guia-para-arrendar-inmuebles\/conozca-en-cuanto-aumenta-el-canon-de-arriendo-para-2024\" target=\"_blank\" rel=\"noreferrer noopener\"> <strong>arriendo<\/strong><\/a>, servicios p\u00fablicos y <strong>la cuota de administraci\u00f3n<\/strong> para quienes se ci\u00f1en a la propiedad horizontal.<\/p>\n\n\n\n<p> Lo m\u00e1s importante que debes saber:<\/p>\n\n\n\n<p><strong>Las cuotas de administraci\u00f3n en 2026 probablemente subir\u00e1n en la mayor\u00eda de conjuntos y edificios<\/strong>, impulsadas por el alza del salario m\u00ednimo y de costos laborales, pero <em>no hay un porcentaje obligatorio ni autom\u00e1tico<\/em>: <strong>todo depende del presupuesto y de lo que apruebe la Asamblea de Copropietarios<\/strong>.<\/p>\n\n\n\n<p>Ahora bien, para entrar en detalles, conversamos con <strong>Carlos Hernando Fonseca, Presidente de Fonseca Sanclemente Seguros<\/strong>. El experto en temas de propiedad horizontal, nos cont\u00f3 sobre el aumento en las cuotas de administraci\u00f3n.<\/p>\n\n\n\n<p><strong><em>Tambi\u00e9n puedes leer:<\/em> <a href=\"https:\/\/www.ciencuadras.com\/blog\/propiedad-horizontal\/normatividad\/que-es-el-reglamento-interno-de-una-propiedad-horizontal\" target=\"_blank\" rel=\"noreferrer noopener\">ABC del reglamento de una propiedad horizontal<\/a><\/strong><\/p>\n\n\n\n<h2 class=\"wp-block-heading\"><strong>\u00bfQu\u00e9 es la cuota de administraci\u00f3n?<\/strong> <\/h2>\n\n\n\n<p>Sabes a ciencia cierta \u00bfqu\u00e9 es y en qu\u00e9 consiste esta obligaci\u00f3n?&nbsp;En las palabras de Carlos Fonseca, quien fue el invitado al pasado Facebook live de nuestro aliado Jelpit: <a href=\"https:\/\/www.facebook.com\/soyjelpit\/videos\/5517564664931073\" target=\"_blank\" rel=\"noreferrer noopener\"><strong>\u00a1Prevenir en tu edificio es seguridad! Todo lo que debes saber<\/strong><\/a>, <strong>es la distribuci\u00f3n de las expensas comunes (subvenci\u00f3n de los servicios necesarios para la existencia, seguridad y conservaci\u00f3n de los bienes comunes del edificio o conjunto)<\/strong>, conforme a la aprobaci\u00f3n de un presupuesto ordinario o extraordinario. <\/p>\n\n\n\n<p>\u201cEn el primer caso se hace referencia a todos aquellos gastos normales comunes de funcionamiento o de sostenimiento de las zonas comunes de la propiedad. En el caso de la cuota extraordinaria, esta corresponde&nbsp; la aprobaci\u00f3n de unas expensas con destinaci\u00f3n espec\u00edfica aprobadas siempre por la asamblea general de copropietarios\u201d, explica.<\/p>\n\n\n\n<h2 class=\"wp-block-heading\"><strong>\u00bfC\u00f3mo se determina el valor de la cuota de administraci\u00f3n?<\/strong><\/h2>\n\n\n\n<p>El valor de la cuota de administraci\u00f3n <strong>se calcula de acuerdo a&nbsp;los coeficientes <\/strong>(\u00edndices que establecen la participaci\u00f3n porcentual de cada uno de los propietarios de bienes de dominio particular en los bienes comunes del edificio o conjunto sometido al r\u00e9gimen de propiedad horizontal) de copropiedad se\u00f1alados en el respectivo Reglamento de Propiedad Horizontal.<\/p>\n\n\n\n<p>Seg\u00fan el experto, <strong>es importante aclarar que las asambleas generales de propietarios no aprueban cuotas de administraci\u00f3n<\/strong> <strong>como tal<\/strong>, sino que aprueban presupuestos. \u201cEstos presupuestos distribuidos por el coeficiente, conforman las cuotas de administraci\u00f3n. El resultado de multiplicar el presupuesto por el coeficiente conforma la cuota\u201d, explica Carlos Fonseca.<\/p>\n\n\n\n<figure class=\"wp-block-image size-full is-resized\"><a href=\"https:\/\/www.ciencuadras.com\/publicacion-inmuebles\/personas?utm_source=Autopauta&amp;utm_medium=Blog_Banner_Interno&amp;utm_campaign=BG_120135_plan_turbo_360\" target=\"_blank\" rel=\"noreferrer noopener\"><img fetchpriority=\"high\" decoding=\"async\" width=\"700\" height=\"200\" src=\"https:\/\/www.ciencuadras.com\/blog\/wp-content\/uploads\/2025\/07\/700x200_plan-turbo-360-2.jpg\" alt=\"\" class=\"wp-image-126156\" style=\"aspect-ratio:3.5;width:840px;height:auto\" srcset=\"https:\/\/www.ciencuadras.com\/blog\/wp-content\/uploads\/2025\/07\/700x200_plan-turbo-360-2.jpg 700w, https:\/\/www.ciencuadras.com\/blog\/wp-content\/uploads\/2025\/07\/700x200_plan-turbo-360-2-300x86.jpg 300w\" sizes=\"(max-width: 700px) 100vw, 700px\" \/><\/a><\/figure>\n\n\n\n<h2 class=\"wp-block-heading\"><strong>\u00bfEs legal incrementar la cuota de administraci\u00f3n desde enero de cada a\u00f1o?<\/strong> <\/h2>\n\n\n\n<p>Lo es cuando la asamblea general de propietarios del a\u00f1o anterior ya haya determinado que habr\u00e1 un aumento autom\u00e1tico del presupuesto de forma provisional. Hasta tanto la asamblea general decida sobre el aumento de presupuesto de forma definitiva.&nbsp;<\/p>\n\n\n\n<p><strong><em>Tambi\u00e9n puedes leer<\/em>: <a href=\"https:\/\/www.ciencuadras.com\/blog\/propiedad-horizontal\/normatividad\/fondos-de-propiedad-horizontal-que-son-quien-los-administra\" target=\"_blank\" rel=\"noreferrer noopener\">Gesti\u00f3n efectiva de los fondos de propiedad horizontal en Colombia&nbsp;<\/a><\/strong><\/p>\n\n\n\n<h2 class=\"wp-block-heading\"><strong>\u00bfDe qu\u00e9 depende el valor del aumento de la cuota de administraci\u00f3n?<\/strong> <\/h2>\n\n\n\n<p>El aumento de la cuota de administraci\u00f3n <strong>deriva del aumento del presupuesto<\/strong>. No necesariamente est\u00e1 ligado al aumento del IPC (\u00cdndice de Precio al Consumidor) o del salario m\u00ednimo. Pero, <strong>son factores o variables que hay que tener en cuenta, pues se incrementan los costos de mantenimiento y de operaci\u00f3n.<\/strong> \u201cEs&nbsp;la asamblea general la que determina cu\u00e1l es el presupuesto que deber\u00e1 ser objeto de distribuci\u00f3n a trav\u00e9s del concepto de coeficiente\u201d, explica el experto.<\/p>\n\n\n\n<p>Por \u00faltimo, Carlos Hernando Fonseca explica que<strong> siempre se deben considerar las diferentes variables que pueden tener un impacto en la cuota de administraci\u00f3n<\/strong>. Por ejemplo, la inflaci\u00f3n, el IPC, el alto valor de los insumos de la construcci\u00f3n y la tasa de cambio\u2026 <\/p>\n\n\n\n<p>&#8220;Estoy nombrando una serie de variables que pueden tener mucho impacto en las cuotas de administraci\u00f3n. Esto va a exigir a las administraciones, a los consejos directivos y a las asambleas un esfuerzo en revisi\u00f3n de la elaboraci\u00f3n de presupuestos y en las negociaciones con proveedores\u201d, finaliza el experto. <strong><a href=\"https:\/\/www.ciencuadras.com\/?utm_source=Autopauta&amp;utm_medium=Blog_enlace&amp;utm_campaign=BG_120135_propiedad_horizontal\" target=\"_blank\" rel=\"noreferrer noopener\">Ciencuadras<\/a><\/strong>, cuadra todo. <\/p>\n\n\n\n<table cellpadding='0' cellspacing='0' align='center' style='width: 100%'><tr style='text-align: center; font-family: Open Sans, sans-serif;'><td style='padding-bottom: 24px; color: #29292a; font-size: 18px; font-weight: 600'>\u00bfQu\u00e9 tan \u00fatil te pareci\u00f3 este contenido?<\/td><\/tr><tr style='text-align: center;'><td><table cellpadding='0' cellspacing='0' style='width: 100%; max-width: 400px; margin: auto'><tr><td><a style='text-decoration: none' href='https:\/\/survey.survicate.com\/2024c603f1ca0b80\/?pieza=92524_guia_de_barrio_la_estrada_bogota|Gu\u00edas|Gu\u00eda de barrios en Bogot\u00e1 D.C.&#038;aid=2533768' target='_blank' rel=\"nofollow noopener\"> <img style='width: 32px; height: 32px' src='https:\/\/image.experienciasbolivar.segurosbolivar.com\/lib\/fe3511747364047b751475\/m\/1\/a2945bbd-60a9-43cb-b225-78bf5e055db5.png' > <\/a><\/td><td><a style='text-decoration: none' href='https:\/\/survey.survicate.com\/2024c603f1ca0b80\/?pieza=92524_guia_de_barrio_la_estrada_bogota|Gu\u00edas|Gu\u00eda de barrios en Bogot\u00e1 D.C.&#038;aid=2533769' target='_blank' rel=\"nofollow noopener\"> <img style='width: 32px; height: 32px' src='https:\/\/image.experienciasbolivar.segurosbolivar.com\/lib\/fe3511747364047b751475\/m\/1\/161006d2-a309-4148-a578-df40c5152496.png' > <\/a><\/td><td><a style='text-decoration: none' href='https:\/\/survey.survicate.com\/2024c603f1ca0b80\/?pieza=92524_guia_de_barrio_la_estrada_bogota|Gu\u00edas|Gu\u00eda de barrios en Bogot\u00e1 D.C.&#038;aid=2533770' target='_blank' rel=\"nofollow noopener\"> <img style='width: 32px; height: 32px' src='https:\/\/image.experienciasbolivar.segurosbolivar.com\/lib\/fe3511747364047b751475\/m\/1\/ba2c4c82-1c2c-4bcb-b894-20f6776af736.png' > <\/a><\/td><td><a style='text-decoration: none' href='https:\/\/survey.survicate.com\/2024c603f1ca0b80\/?pieza=92524_guia_de_barrio_la_estrada_bogota|Gu\u00edas|Gu\u00eda de barrios en Bogot\u00e1 D.C.&#038;aid=2533771' target='_blank' rel=\"nofollow noopener\"> <img style='width: 32px; height: 32px' src='https:\/\/image.experienciasbolivar.segurosbolivar.com\/lib\/fe3511747364047b751475\/m\/1\/52e25dc4-db06-43e1-ada3-a13cc6834b02.png' > <\/a><\/td><td><a style='text-decoration: none' href='https:\/\/survey.survicate.com\/2024c603f1ca0b80\/?pieza=92524_guia_de_barrio_la_estrada_bogota|Gu\u00edas|Gu\u00eda de barrios en Bogot\u00e1 D.C.&#038;aid=2533772' target='_blank' rel=\"nofollow noopener\"> <img style='width: 32px; height: 32px' src='https:\/\/image.experienciasbolivar.segurosbolivar.com\/lib\/fe3511747364047b751475\/m\/1\/f125fd9c-b185-4d5b-8a2c-c67e5f69c93b.png' > <\/a><\/td><\/tr><\/table><\/td><\/tr><\/table>\n\n","protected":false},"excerpt":{"rendered":"<p>El incremento en la cuota de administraci\u00f3n no depende del \u00edndice de precios al consumidor ni del porcentaje de ajuste del salario m\u00ednimo. \u00a1Conoce m\u00e1s! <\/p>\n","protected":false},"author":9,"featured_media":120137,"comment_status":"open","ping_status":"closed","sticky":false,"template":"","format":"standard","meta":{"footnotes":""},"categories":[6123,6122],"tags":[6129,1511,41,2656],"acf":[],"yoast_head":"<!-- This site is optimized with the Yoast SEO plugin v15.9 - https:\/\/yoast.com\/wordpress\/plugins\/seo\/ -->\n<title>Conoce el incremento de la cuota de administraci\u00f3n | Ciencuadras<\/title>\n<meta name=\"description\" content=\"El incremento en la cuota de administraci\u00f3n no depende del \u00edndice de precios al consumidor ni del porcentaje de ajuste del salario m\u00ednimo.\" \/>\n<meta name=\"robots\" content=\"index, follow, max-snippet:-1, max-image-preview:large, max-video-preview:-1\" \/>\n<link rel=\"canonical\" href=\"https:\/\/www.ciencuadras.com\/blog\/propiedad-horizontal\/administracion\/conoce-el-incremento-de-la-cuota-de-administracion\" \/>\n<meta property=\"og:locale\" content=\"es_ES\" \/>\n<meta property=\"og:type\" content=\"article\" \/>\n<meta property=\"og:title\" content=\"Conoce el incremento de la cuota de administraci\u00f3n | Ciencuadras\" \/>\n<meta property=\"og:description\" content=\"El incremento en la cuota de administraci\u00f3n no depende del \u00edndice de precios al consumidor ni del porcentaje de ajuste del salario m\u00ednimo.\" \/>\n<meta property=\"og:url\" content=\"https:\/\/www.ciencuadras.com\/blog\/propiedad-horizontal\/administracion\/conoce-el-incremento-de-la-cuota-de-administracion\" \/>\n<meta property=\"article:publisher\" content=\"https:\/\/www.facebook.com\/ciencuadras\/\" \/>\n<meta property=\"article:author\" content=\"https:\/\/www.facebook.com\/ciencuadras\/\" \/>\n<meta property=\"article:published_time\" content=\"2026-01-14T14:28:11+00:00\" \/>\n<meta property=\"article:modified_time\" content=\"2026-03-24T14:45:21+00:00\" \/>\n<meta property=\"og:image\" content=\"https:\/\/www.ciencuadras.com\/blog\/wp-content\/uploads\/2024\/01\/Pago-cuota-administracio\u0301n-2023-1-1.jpg\" \/>\n\t<meta property=\"og:image:width\" content=\"760\" \/>\n\t<meta property=\"og:image:height\" content=\"501\" \/>\n<meta name=\"twitter:card\" content=\"summary_large_image\" \/>\n<meta name=\"twitter:creator\" content=\"@ciencuadras\" \/>\n<meta name=\"twitter:site\" content=\"@ciencuadras\" \/>\n<meta name=\"twitter:label1\" content=\"Est. reading time\">\n\t<meta name=\"twitter:data1\" content=\"5 minutos\">\n<script type=\"application\/ld+json\" class=\"yoast-schema-graph\">{\"@context\":\"https:\/\/schema.org\",\"@graph\":[{\"@type\":\"Organization\",\"@id\":\"https:\/\/www.ciencuadras.com\/blog\/#organization\",\"name\":\"Ciencuadras.com\",\"url\":\"https:\/\/www.ciencuadras.com\/blog\/\",\"sameAs\":[\"https:\/\/www.facebook.com\/ciencuadras\/\",\"https:\/\/www.instagram.com\/ciencuadras\/\",\"https:\/\/co.linkedin.com\/company\/ciencuadras\",\"https:\/\/www.youtube.com\/channel\/UC_f830HP5dUy6OjBIbjtlAw\",\"https:\/\/twitter.com\/ciencuadras\"],\"logo\":{\"@type\":\"ImageObject\",\"@id\":\"https:\/\/www.ciencuadras.com\/blog\/#logo\",\"inLanguage\":\"es-CO\",\"url\":\"\",\"caption\":\"Ciencuadras.com\"},\"image\":{\"@id\":\"https:\/\/www.ciencuadras.com\/blog\/#logo\"}},{\"@type\":\"WebSite\",\"@id\":\"https:\/\/www.ciencuadras.com\/blog\/#website\",\"url\":\"https:\/\/www.ciencuadras.com\/blog\/\",\"name\":\"\",\"description\":\"\",\"publisher\":{\"@id\":\"https:\/\/www.ciencuadras.com\/blog\/#organization\"},\"potentialAction\":[{\"@type\":\"SearchAction\",\"target\":\"https:\/\/www.ciencuadras.com\/blog\/?s={search_term_string}\",\"query-input\":\"required name=search_term_string\"}],\"inLanguage\":\"es-CO\"},{\"@type\":\"ImageObject\",\"@id\":\"https:\/\/www.ciencuadras.com\/blog\/propiedad-horizontal\/administracion\/conoce-el-incremento-de-la-cuota-de-administracion#primaryimage\",\"inLanguage\":\"es-CO\",\"url\":\"https:\/\/www.ciencuadras.com\/blog\/wp-content\/uploads\/2024\/01\/Pago-cuota-administracio\\u0301n-2023-1-1.jpg\",\"width\":760,\"height\":501,\"caption\":\"Pago cuota administracio\\u0301n 2024\"},{\"@type\":\"WebPage\",\"@id\":\"https:\/\/www.ciencuadras.com\/blog\/propiedad-horizontal\/administracion\/conoce-el-incremento-de-la-cuota-de-administracion#webpage\",\"url\":\"https:\/\/www.ciencuadras.com\/blog\/propiedad-horizontal\/administracion\/conoce-el-incremento-de-la-cuota-de-administracion\",\"name\":\"Conoce el incremento de la cuota de administraci\\u00f3n | Ciencuadras\",\"isPartOf\":{\"@id\":\"https:\/\/www.ciencuadras.com\/blog\/#website\"},\"primaryImageOfPage\":{\"@id\":\"https:\/\/www.ciencuadras.com\/blog\/propiedad-horizontal\/administracion\/conoce-el-incremento-de-la-cuota-de-administracion#primaryimage\"},\"datePublished\":\"2026-01-14T14:28:11+00:00\",\"dateModified\":\"2026-03-24T14:45:21+00:00\",\"description\":\"El incremento en la cuota de administraci\\u00f3n no depende del \\u00edndice de precios al consumidor ni del porcentaje de ajuste del salario m\\u00ednimo.\",\"breadcrumb\":{\"@id\":\"https:\/\/www.ciencuadras.com\/blog\/propiedad-horizontal\/administracion\/conoce-el-incremento-de-la-cuota-de-administracion#breadcrumb\"},\"inLanguage\":\"es-CO\",\"potentialAction\":[{\"@type\":\"ReadAction\",\"target\":[\"https:\/\/www.ciencuadras.com\/blog\/propiedad-horizontal\/administracion\/conoce-el-incremento-de-la-cuota-de-administracion\"]}]},{\"@type\":\"BreadcrumbList\",\"@id\":\"https:\/\/www.ciencuadras.com\/blog\/propiedad-horizontal\/administracion\/conoce-el-incremento-de-la-cuota-de-administracion#breadcrumb\",\"itemListElement\":[{\"@type\":\"ListItem\",\"position\":1,\"item\":{\"@type\":\"WebPage\",\"@id\":\"https:\/\/www.ciencuadras.com\/blog\",\"url\":\"https:\/\/www.ciencuadras.com\/blog\",\"name\":\"Blog\"}},{\"@type\":\"ListItem\",\"position\":2,\"item\":{\"@type\":\"WebPage\",\"@id\":\"https:\/\/www.ciencuadras.com\/blog\/propiedad-horizontal\/administracion\/conoce-el-incremento-de-la-cuota-de-administracion\",\"url\":\"https:\/\/www.ciencuadras.com\/blog\/propiedad-horizontal\/administracion\/conoce-el-incremento-de-la-cuota-de-administracion\",\"name\":\"Lo que debes saber sobre el aumento en las cuotas de administraci\\u00f3n 2026\"}}]},{\"@type\":\"Article\",\"@id\":\"https:\/\/www.ciencuadras.com\/blog\/propiedad-horizontal\/administracion\/conoce-el-incremento-de-la-cuota-de-administracion#article\",\"isPartOf\":{\"@id\":\"https:\/\/www.ciencuadras.com\/blog\/propiedad-horizontal\/administracion\/conoce-el-incremento-de-la-cuota-de-administracion#webpage\"},\"author\":{\"@id\":\"https:\/\/www.ciencuadras.com\/blog\/#\/schema\/person\/cc0b32db93618f32995212860cf644f8\"},\"headline\":\"Lo que debes saber sobre el aumento en las cuotas de administraci\\u00f3n 2026\",\"datePublished\":\"2026-01-14T14:28:11+00:00\",\"dateModified\":\"2026-03-24T14:45:21+00:00\",\"mainEntityOfPage\":{\"@id\":\"https:\/\/www.ciencuadras.com\/blog\/propiedad-horizontal\/administracion\/conoce-el-incremento-de-la-cuota-de-administracion#webpage\"},\"commentCount\":4,\"publisher\":{\"@id\":\"https:\/\/www.ciencuadras.com\/blog\/#organization\"},\"image\":{\"@id\":\"https:\/\/www.ciencuadras.com\/blog\/propiedad-horizontal\/administracion\/conoce-el-incremento-de-la-cuota-de-administracion#primaryimage\"},\"keywords\":\"ley propiedad horizontal,Propiedad horizontal,Sector inmobiliario,Tendencias inmobiliarias\",\"articleSection\":\"Administraci\\u00f3n,Propiedad Horizontal\",\"inLanguage\":\"es-CO\",\"potentialAction\":[{\"@type\":\"CommentAction\",\"name\":\"Comment\",\"target\":[\"https:\/\/www.ciencuadras.com\/blog\/propiedad-horizontal\/administracion\/conoce-el-incremento-de-la-cuota-de-administracion#respond\"]}]},{\"@type\":\"Person\",\"@id\":\"https:\/\/www.ciencuadras.com\/blog\/#\/schema\/person\/cc0b32db93618f32995212860cf644f8\",\"name\":\"Redacci\\u00f3n Ciencuadras\",\"description\":\"\\u00a1Hola! Soy el blog de ciencuadras.com, un portal inmobiliario del Grupo Bol\\u00edvar en el que encuentras casas, apartamentos, oficinas, fincas y m\\u00e1s inmuebles en arriendo y venta en toda Colombia. \\ud83d\\udc99Cuando me visitas, adem\\u00e1s de descubrir tu inmueble ideal, puedes estar al d\\u00eda con las noticias del sector inmobiliario y de la construcci\\u00f3n; aprender tips en decoraci\\u00f3n y organizaci\\u00f3n de espacios, y mucho m\\u00e1s.\",\"sameAs\":[\"https:\/\/www.ciencuadras.com\/\",\"https:\/\/www.facebook.com\/ciencuadras\/\",\"https:\/\/www.instagram.com\/ciencuadras\/\",\"https:\/\/www.linkedin.com\/company\/ciencuadras\/\",\"https:\/\/twitter.com\/ciencuadras\",\"https:\/\/www.youtube.com\/channel\/UC_f830HP5dUy6OjBIbjtlAw\"]}]}<\/script>\n<!-- \/ Yoast SEO plugin. -->","_links":{"self":[{"href":"https:\/\/www.ciencuadras.com\/blog\/wp-json\/wp\/v2\/posts\/120135"}],"collection":[{"href":"https:\/\/www.ciencuadras.com\/blog\/wp-json\/wp\/v2\/posts"}],"about":[{"href":"https:\/\/www.ciencuadras.com\/blog\/wp-json\/wp\/v2\/types\/post"}],"author":[{"embeddable":true,"href":"https:\/\/www.ciencuadras.com\/blog\/wp-json\/wp\/v2\/users\/9"}],"replies":[{"embeddable":true,"href":"https:\/\/www.ciencuadras.com\/blog\/wp-json\/wp\/v2\/comments?post=120135"}],"version-history":[{"count":13,"href":"https:\/\/www.ciencuadras.com\/blog\/wp-json\/wp\/v2\/posts\/120135\/revisions"}],"predecessor-version":[{"id":130014,"href":"https:\/\/www.ciencuadras.com\/blog\/wp-json\/wp\/v2\/posts\/120135\/revisions\/130014"}],"wp:featuredmedia":[{"embeddable":true,"href":"https:\/\/www.ciencuadras.com\/blog\/wp-json\/wp\/v2\/media\/120137"}],"wp:attachment":[{"href":"https:\/\/www.ciencuadras.com\/blog\/wp-json\/wp\/v2\/media?parent=120135"}],"wp:term":[{"taxonomy":"category","embeddable":true,"href":"https:\/\/www.ciencuadras.com\/blog\/wp-json\/wp\/v2\/categories?post=120135"},{"taxonomy":"post_tag","embeddable":true,"href":"https:\/\/www.ciencuadras.com\/blog\/wp-json\/wp\/v2\/tags?post=120135"}],"curies":[{"name":"wp","href":"https:\/\/api.w.org\/{rel}","templated":true}]}}