{"id":121763,"date":"2024-06-20T11:01:21","date_gmt":"2024-06-20T16:01:21","guid":{"rendered":"https:\/\/www.ciencuadras.com\/blog\/?p=121763"},"modified":"2024-06-20T11:01:22","modified_gmt":"2024-06-20T16:01:22","slug":"cambio-historico-adios-a-los-estratos-sociales-en-colombia","status":"publish","type":"post","link":"https:\/\/www.ciencuadras.com\/blog\/evolucion-del-mercado-de-vivienda\/cambio-historico-adios-a-los-estratos-sociales-en-colombia","title":{"rendered":"El fin de una era: estratos sociales ser\u00e1n reemplazados por el RUI en 2026"},"content":{"rendered":"\n<p>Fue aprobado en el Plan Nacional de Desarrollo, art\u00edculo 70, un <strong>decreto que busca eliminar los estratos sociales en el pa\u00eds<\/strong>. De esta forma, el Gobierno Nacional dar\u00eda paso a una nueva figura conocida como el <strong>Registro Universal de Ingresos (RUI)<\/strong>; que en t\u00e9rminos generales, <a href=\"https:\/\/www.infobae.com\/colombia\/2024\/03\/03\/abc-sobre-el-fin-de-los-estratos-sociales-en-colombia-asi-sera-la-nueva-forma-de-cobrar-servicios-publicos\/\" target=\"_blank\" rel=\"noreferrer noopener nofollow\"><strong>mide la capacidad adquisitiva de los hogares<\/strong><\/a>.<\/p>\n\n\n\n<p>Ahora bien, \u00bfen qu\u00e9 consisten los estratos sociales que tenemos hoy en d\u00eda y ser\u00e1n reemplazados? Seg\u00fan el DANE, <strong>la estratificaci\u00f3n socioecon\u00f3mica es una <\/strong><a href=\"https:\/\/www.dane.gov.co\/index.php\/servicios-al-ciudadano\/servicios-informacion\/estratificacion-socioeconomica#:~:text=para%20recibir%20subsidios.-,La%20estratificaci%C3%B3n%20socioecon%C3%B3mica%20es%20una%20clasificaci%C3%B3n%20en%20estratos%20de%20los,y%20cobrar%20sobrecostos%20o%20contribuciones\" target=\"_blank\" rel=\"noreferrer noopener nofollow\"><strong>clasificaci\u00f3n en estratos de los inmuebles residenciales que deben recibir servicios p\u00fablicos<\/strong><\/a><strong>. <\/strong>Se realiza principalmente para cobrar de manera diferencial los servicios p\u00fablicos domiciliarios, permitiendo asignar subsidios y cobrar contribuciones en esta \u00e1rea.<\/p>\n\n\n\n<h2 class=\"wp-block-heading\"><strong>Motivaciones del nuevo decreto<\/strong><\/h2>\n\n\n\n<p>Sin embargo, en la actualidad esta estratificaci\u00f3n no solo se usa para definir lo relacionado con servicios, sino tambi\u00e9n <a href=\"https:\/\/www.elpais.com.co\/economia\/todo-sobre-el-fin-de-los-estratos-sociales-en-colombia-asi-sera-la-nueva-forma-de-cobrar-servicios-publicos-0501.html\" target=\"_blank\" rel=\"noreferrer noopener nofollow\"><strong>para calcular las matr\u00edculas de estudios<\/strong><\/a>, tr\u00e1mites de salud y acceso a programas sociales. Es por esto que, como explica el <strong>Departamento Nacional de Planeaci\u00f3n (DNP)<\/strong>, citado en RCN Noticias, el objetivo del nuevo decreto \u201ces <a href=\"https:\/\/www.noticiasrcn.com\/economia\/se-acaban-los-estratos-en-colombia-dnp-publico-borrador-de-decreto-462239\" target=\"_blank\" rel=\"noreferrer noopener nofollow\"><strong>focalizar de manera m\u00e1s apropiada la asignaci\u00f3n de subsidios y servicios sociales<\/strong><\/a><strong> para los ciudadanos\u201d.<\/strong><\/p>\n\n\n\n<p>Si bien los estratos cumplieron una labor muy importante en los a\u00f1os 80 y 90, en lo relacionado con la expansi\u00f3n del sistema el\u00e9ctrico, ya esta estratificaci\u00f3n no tiene esa capacidad, explic\u00f3 Juan Miguel Gallego, subdirector General de Prospectiva y Desarrollo Nacional del Departamento Nacional de Planeaci\u00f3n -DNP- en di\u00e1logo con Sigue La W.\u00a0<\/p>\n\n\n\n<h2 class=\"wp-block-heading\"><strong>C\u00f3mo funciona este decreto<\/strong><\/h2>\n\n\n\n<p>Este nuevo decreto, que entr\u00f3 en la etapa de reglamentaci\u00f3n, permite utilizar otras bases de datos, como las provenientes de la Dian o de oficinas de impuestos de las diferentes entidades locales y municipales. En palabras del subdirector General de Prospectiva y Desarrollo Nacional del DNP, para W Radio, de esta forma, \u201cse puede tener una claridad completa de c\u00f3mo est\u00e1 la distribuci\u00f3n de ingresos de todos los hogares colombianos\u201d.<\/p>\n\n\n\n<p>Esta es una labor parecida a lo que se hace actualmente con el Sisb\u00e9n, que incluye las condiciones en las que viven los hogares, el estatus laboral que tienen, la educaci\u00f3n, su situaci\u00f3n de salud, a cu\u00e1l r\u00e9gimen est\u00e1n afiliados, etc.<\/p>\n\n\n<div class=\"wp-block-image\">\n<figure class=\"aligncenter size-full\"><a href=\"https:\/\/www.ciencuadras.com\/?autopauta=Ambos_700X200_banner_Mitad_121763_Cierre_General_CC_3\" target=\"_blank\" rel=\"noreferrer noopener\"><img fetchpriority=\"high\" decoding=\"async\" width=\"700\" height=\"200\" src=\"https:\/\/www.ciencuadras.com\/blog\/wp-content\/uploads\/2022\/06\/700x200_general-cc.jpg\" alt=\"\" class=\"wp-image-121632\" srcset=\"https:\/\/www.ciencuadras.com\/blog\/wp-content\/uploads\/2022\/06\/700x200_general-cc.jpg 700w, https:\/\/www.ciencuadras.com\/blog\/wp-content\/uploads\/2022\/06\/700x200_general-cc-300x86.jpg 300w\" sizes=\"(max-width: 700px) 100vw, 700px\" \/><\/a><\/figure><\/div>\n\n\n<h2 class=\"wp-block-heading\"><strong>La transici\u00f3n hasta el fin de los estratos sociales<\/strong><\/h2>\n\n\n\n<p>Seguiremos teniendo estratos sociales hasta el a\u00f1o 2026, pues la implementaci\u00f3n del <strong>RUI<\/strong> ser\u00e1 un proceso, que inicia en 2024 con un piloto en cuatro ciudades. \u201cPara poder hacerlo tenemos dos etapas b\u00e1sicas, la primera es la activaci\u00f3n del <a href=\"https:\/\/www.wradio.com.co\/2024\/01\/04\/por-que-se-acabaran-los-estratos-socioeconomicos-en-colombia\/\" target=\"_blank\" rel=\"noreferrer noopener nofollow\"><strong>Registro Social de Hogares<\/strong><\/a><strong>,<\/strong> lanzado en junio de 2023, que actualiz\u00f3 en 40 bases de datos en registros administrativos la condici\u00f3n socioecon\u00f3mica de hogares que estaban en el Sisb\u00e9n\u201d, dijo el vocero del Gobierno en W Radio. Entonces, se espera que en 2025 empiece la transici\u00f3n y ser\u00e1 solo hasta 2026 que se pueda implementar el Registro Universal de Ingresos.\u00a0<\/p>\n\n\n\n<blockquote class=\"wp-block-quote has-text-align-center\">\n<p><strong><em>\u201cEl Registro Universal de Ingresos es neutral frente a la oferta social y no afecta el ingreso, permanencia y salida de los mismos\u201d, detalla el documento publicado por el DNP.<\/em><\/strong><\/p>\n<\/blockquote>\n\n\n\n<p>De acuerdo con Gallego Acevedo en W Radio, \u201ctenemos que ser responsables. Los estratos involucran a las personas que reciben el <strong><a href=\"https:\/\/www.ciencuadras.com\/blog\/subsidios\" target=\"_blank\" rel=\"noreferrer noopener\">subsidio<\/a><\/strong> pero tambi\u00e9n debemos presentar los mecanismos adecuados para que las empresas de servicios p\u00fablicos domiciliarios puedan hacer el cobro adecuado de la contribuci\u00f3n y pasar el subsidio de manera adecuada\u201d.<\/p>\n\n\n\n<p><strong><em>Tambi\u00e9n puedes leer:<\/em><\/strong> <strong><a href=\"https:\/\/www.ciencuadras.com\/blog\/proyectos-de-vivienda\/cuales-son-los-desafios-del-sector-constructor-camacol\" target=\"_blank\" rel=\"noreferrer noopener\">Retos y desaf\u00edos del sector constructor en la actualidad<\/a><\/strong><\/p>\n\n\n\n<p>En conclusi\u00f3n, se acabar\u00e1n los estratos socioecon\u00f3micos en 2026 en Colombia, y en este a\u00f1o y el pr\u00f3ximo viviremos un proceso de transici\u00f3n, que nos llevar\u00e1 a un nuevo mecanismo din\u00e1mico. A trav\u00e9s de esto, se espera identificar de forma exacta las condiciones econ\u00f3micas reales de los hogares en el pa\u00eds para que con este conocimiento el Gobierno pueda mejorar la eficiencia del gasto.&nbsp;<\/p>\n\n\n\n<p><strong>\u00bfQu\u00e9 opinas de esta nueva iniciativa? D\u00e9janos saber aqu\u00ed abajo en los comentarios.<\/strong> Ah, y si quieres estar al d\u00eda con la actualidad del sector inmobiliario, no olvides seguirnos visitando. <a href=\"https:\/\/www.ciencuadras.com\/?autopauta=Ambos_Link_121763_ciencuadras_Cierre_\" target=\"_blank\" rel=\"noreferrer noopener\"><strong>Ciencuadras<\/strong><\/a>, cuadra todo.<\/p>\n\n\n\n<table cellpadding='0' cellspacing='0' align='center' style='width: 100%'><tr style='text-align: center; font-family: Open Sans, sans-serif;'><td style='padding-bottom: 24px; color: #29292a; font-size: 18px; font-weight: 600'>\u00bfQu\u00e9 tan \u00fatil te pareci\u00f3 este contenido?<\/td><\/tr><tr style='text-align: center;'><td><table cellpadding='0' cellspacing='0' style='width: 100%; max-width: 400px; margin: auto'><tr><td><a style='text-decoration: none' href='https:\/\/survey.survicate.com\/2024c603f1ca0b80\/?pieza=121763_El_fin_de_una_era_estratos_sociales_seran_reemplazados|Informes|Evoluci\u00f3n del mercado de vivienda&#038;aid=2533768' target='_blank' rel=\"nofollow noopener\"> <img style='width: 32px; height: 32px' src='https:\/\/info.ciencuadras.com\/rs\/178-OKL-731\/images\/CC_CARA_A1.png' > <\/a><\/td><td><a style='text-decoration: none' href='https:\/\/survey.survicate.com\/2024c603f1ca0b80\/?pieza=121763_El_fin_de_una_era_estratos_sociales_seran_reemplazados|Informes|Evoluci\u00f3n del mercado de vivienda&#038;aid=2533769' target='_blank' rel=\"nofollow noopener\"> <img style='width: 32px; height: 32px' src='https:\/\/info.ciencuadras.com\/rs\/178-OKL-731\/images\/CC_CARA_A2.png' > <\/a><\/td><td><a style='text-decoration: none' href='https:\/\/survey.survicate.com\/2024c603f1ca0b80\/?pieza=121763_El_fin_de_una_era_estratos_sociales_seran_reemplazados|Informes|Evoluci\u00f3n del mercado de vivienda&#038;aid=2533770' target='_blank' rel=\"nofollow noopener\"> <img style='width: 32px; height: 32px' src='https:\/\/info.ciencuadras.com\/rs\/178-OKL-731\/images\/CC_CARA_A3.png' > <\/a><\/td><td><a style='text-decoration: none' href='https:\/\/survey.survicate.com\/2024c603f1ca0b80\/?pieza=121763_El_fin_de_una_era_estratos_sociales_seran_reemplazados|Informes|Evoluci\u00f3n del mercado de vivienda&#038;aid=2533771' target='_blank' rel=\"nofollow noopener\"> <img style='width: 32px; height: 32px' src='https:\/\/info.ciencuadras.com\/rs\/178-OKL-731\/images\/CC_CARA_A4.png' > <\/a><\/td><td><a style='text-decoration: none' href='https:\/\/survey.survicate.com\/2024c603f1ca0b80\/?pieza=121763_El_fin_de_una_era_estratos_sociales_seran_reemplazados|Informes|Evoluci\u00f3n del mercado de vivienda&#038;aid=2533772' target='_blank' rel=\"nofollow noopener\"> <img style='width: 32px; height: 32px' src='https:\/\/info.ciencuadras.com\/rs\/178-OKL-731\/images\/CC_CARA_A5.png' > <\/a><\/td><\/tr><\/table><\/td><\/tr><\/table>\t\t\t\t\n\t\t\t\t\n\t\t\t\t\n\t\t\t\t\n\t\t\t\t\n\t\t\t\t\n\t\t\t\t\n\t\t\t\t\n\t\t\t\t\n\t\t\t\t\n\t\t\t\t\n\t\t\t\t\n\t\t\t\t\n\t\t\t\t\n\t\t\t\t\n\t\t\t\t\n\t\t\t\t\n\t\t\t\t\n\t\t\t\t\n\t\t\t\t\n\t\t\t\t\n\t\t\t\t\n\t\t\t\t\n\t\t\t\t\n\t\t\t\t\n\t\t\t\t\n\t\t\t\t\n\t\t\t\t\n\t\t\t\t\n\t\t\t\t\n\t\t\t\t\n\t\t\t\t\n\n","protected":false},"excerpt":{"rendered":"<p>\u00a1Descubre c\u00f3mo el fin de los estratos sociales transformar\u00e1 Colombia! Conoce el nuevo Registro Universal de Ingresos (RUI) y sus impactos.<\/p>\n","protected":false},"author":9,"featured_media":121765,"comment_status":"open","ping_status":"closed","sticky":false,"template":"","format":"standard","meta":{"footnotes":""},"categories":[6097,617],"tags":[49,41,2656],"acf":[],"yoast_head":"<!-- This site is optimized with the Yoast SEO plugin v15.9 - https:\/\/yoast.com\/wordpress\/plugins\/seo\/ -->\n<title>Cambio hist\u00f3rico: adi\u00f3s a los estratos sociales en Colombia<\/title>\n<meta name=\"description\" content=\"\u00a1Descubre c\u00f3mo el fin de los estratos sociales transformar\u00e1 Colombia! Conoce el nuevo Registro Universal de Ingresos (RUI) y sus impactos.\" \/>\n<meta name=\"robots\" content=\"index, follow, max-snippet:-1, max-image-preview:large, max-video-preview:-1\" \/>\n<link rel=\"canonical\" href=\"https:\/\/www.ciencuadras.com\/blog\/evolucion-del-mercado-de-vivienda\/cambio-historico-adios-a-los-estratos-sociales-en-colombia\" \/>\n<meta property=\"og:locale\" content=\"es_ES\" \/>\n<meta property=\"og:type\" content=\"article\" \/>\n<meta property=\"og:title\" content=\"Cambio hist\u00f3rico: adi\u00f3s a los estratos sociales en Colombia\" \/>\n<meta property=\"og:description\" content=\"\u00a1Descubre c\u00f3mo el fin de los estratos sociales transformar\u00e1 Colombia! Conoce el nuevo Registro Universal de Ingresos (RUI) y sus impactos.\" \/>\n<meta property=\"og:url\" content=\"https:\/\/www.ciencuadras.com\/blog\/evolucion-del-mercado-de-vivienda\/cambio-historico-adios-a-los-estratos-sociales-en-colombia\" \/>\n<meta property=\"article:publisher\" content=\"https:\/\/www.facebook.com\/ciencuadras\/\" \/>\n<meta property=\"article:author\" content=\"https:\/\/www.facebook.com\/ciencuadras\/\" \/>\n<meta property=\"article:published_time\" content=\"2024-06-20T16:01:21+00:00\" \/>\n<meta property=\"article:modified_time\" content=\"2024-06-20T16:01:22+00:00\" \/>\n<meta property=\"og:image\" content=\"https:\/\/www.ciencuadras.com\/blog\/wp-content\/uploads\/2024\/06\/adio\u0301s-a-los-estratos-sociales-en-Colombia.jpg\" \/>\n\t<meta property=\"og:image:width\" content=\"1000\" \/>\n\t<meta property=\"og:image:height\" content=\"666\" \/>\n<meta name=\"twitter:card\" content=\"summary_large_image\" \/>\n<meta name=\"twitter:creator\" content=\"@ciencuadras\" \/>\n<meta name=\"twitter:site\" content=\"@ciencuadras\" \/>\n<meta name=\"twitter:label1\" content=\"Est. reading time\">\n\t<meta name=\"twitter:data1\" content=\"5 minutos\">\n<script type=\"application\/ld+json\" class=\"yoast-schema-graph\">{\"@context\":\"https:\/\/schema.org\",\"@graph\":[{\"@type\":\"Organization\",\"@id\":\"https:\/\/www.ciencuadras.com\/blog\/#organization\",\"name\":\"Ciencuadras.com\",\"url\":\"https:\/\/www.ciencuadras.com\/blog\/\",\"sameAs\":[\"https:\/\/www.facebook.com\/ciencuadras\/\",\"https:\/\/www.instagram.com\/ciencuadras\/\",\"https:\/\/co.linkedin.com\/company\/ciencuadras\",\"https:\/\/www.youtube.com\/channel\/UC_f830HP5dUy6OjBIbjtlAw\",\"https:\/\/twitter.com\/ciencuadras\"],\"logo\":{\"@type\":\"ImageObject\",\"@id\":\"https:\/\/www.ciencuadras.com\/blog\/#logo\",\"inLanguage\":\"es-CO\",\"url\":\"\",\"caption\":\"Ciencuadras.com\"},\"image\":{\"@id\":\"https:\/\/www.ciencuadras.com\/blog\/#logo\"}},{\"@type\":\"WebSite\",\"@id\":\"https:\/\/www.ciencuadras.com\/blog\/#website\",\"url\":\"https:\/\/www.ciencuadras.com\/blog\/\",\"name\":\"\",\"description\":\"\",\"publisher\":{\"@id\":\"https:\/\/www.ciencuadras.com\/blog\/#organization\"},\"potentialAction\":[{\"@type\":\"SearchAction\",\"target\":\"https:\/\/www.ciencuadras.com\/blog\/?s={search_term_string}\",\"query-input\":\"required name=search_term_string\"}],\"inLanguage\":\"es-CO\"},{\"@type\":\"ImageObject\",\"@id\":\"https:\/\/www.ciencuadras.com\/blog\/evolucion-del-mercado-de-vivienda\/cambio-historico-adios-a-los-estratos-sociales-en-colombia#primaryimage\",\"inLanguage\":\"es-CO\",\"url\":\"https:\/\/www.ciencuadras.com\/blog\/wp-content\/uploads\/2024\/06\/adio\\u0301s-a-los-estratos-sociales-en-Colombia.jpg\",\"width\":1000,\"height\":666,\"caption\":\"Cambio hist\\u00f3rico: adi\\u00f3s a los estratos sociales en Colombia\"},{\"@type\":\"WebPage\",\"@id\":\"https:\/\/www.ciencuadras.com\/blog\/evolucion-del-mercado-de-vivienda\/cambio-historico-adios-a-los-estratos-sociales-en-colombia#webpage\",\"url\":\"https:\/\/www.ciencuadras.com\/blog\/evolucion-del-mercado-de-vivienda\/cambio-historico-adios-a-los-estratos-sociales-en-colombia\",\"name\":\"Cambio hist\\u00f3rico: adi\\u00f3s a los estratos sociales en Colombia\",\"isPartOf\":{\"@id\":\"https:\/\/www.ciencuadras.com\/blog\/#website\"},\"primaryImageOfPage\":{\"@id\":\"https:\/\/www.ciencuadras.com\/blog\/evolucion-del-mercado-de-vivienda\/cambio-historico-adios-a-los-estratos-sociales-en-colombia#primaryimage\"},\"datePublished\":\"2024-06-20T16:01:21+00:00\",\"dateModified\":\"2024-06-20T16:01:22+00:00\",\"description\":\"\\u00a1Descubre c\\u00f3mo el fin de los estratos sociales transformar\\u00e1 Colombia! Conoce el nuevo Registro Universal de Ingresos (RUI) y sus impactos.\",\"breadcrumb\":{\"@id\":\"https:\/\/www.ciencuadras.com\/blog\/evolucion-del-mercado-de-vivienda\/cambio-historico-adios-a-los-estratos-sociales-en-colombia#breadcrumb\"},\"inLanguage\":\"es-CO\",\"potentialAction\":[{\"@type\":\"ReadAction\",\"target\":[\"https:\/\/www.ciencuadras.com\/blog\/evolucion-del-mercado-de-vivienda\/cambio-historico-adios-a-los-estratos-sociales-en-colombia\"]}]},{\"@type\":\"BreadcrumbList\",\"@id\":\"https:\/\/www.ciencuadras.com\/blog\/evolucion-del-mercado-de-vivienda\/cambio-historico-adios-a-los-estratos-sociales-en-colombia#breadcrumb\",\"itemListElement\":[{\"@type\":\"ListItem\",\"position\":1,\"item\":{\"@type\":\"WebPage\",\"@id\":\"https:\/\/www.ciencuadras.com\/blog\",\"url\":\"https:\/\/www.ciencuadras.com\/blog\",\"name\":\"Blog\"}},{\"@type\":\"ListItem\",\"position\":2,\"item\":{\"@type\":\"WebPage\",\"@id\":\"https:\/\/www.ciencuadras.com\/blog\/evolucion-del-mercado-de-vivienda\/cambio-historico-adios-a-los-estratos-sociales-en-colombia\",\"url\":\"https:\/\/www.ciencuadras.com\/blog\/evolucion-del-mercado-de-vivienda\/cambio-historico-adios-a-los-estratos-sociales-en-colombia\",\"name\":\"El fin de una era: estratos sociales ser\\u00e1n reemplazados por el RUI en 2026\"}}]},{\"@type\":\"Article\",\"@id\":\"https:\/\/www.ciencuadras.com\/blog\/evolucion-del-mercado-de-vivienda\/cambio-historico-adios-a-los-estratos-sociales-en-colombia#article\",\"isPartOf\":{\"@id\":\"https:\/\/www.ciencuadras.com\/blog\/evolucion-del-mercado-de-vivienda\/cambio-historico-adios-a-los-estratos-sociales-en-colombia#webpage\"},\"author\":{\"@id\":\"https:\/\/www.ciencuadras.com\/blog\/#\/schema\/person\/cc0b32db93618f32995212860cf644f8\"},\"headline\":\"El fin de una era: estratos sociales ser\\u00e1n reemplazados por el RUI en 2026\",\"datePublished\":\"2024-06-20T16:01:21+00:00\",\"dateModified\":\"2024-06-20T16:01:22+00:00\",\"mainEntityOfPage\":{\"@id\":\"https:\/\/www.ciencuadras.com\/blog\/evolucion-del-mercado-de-vivienda\/cambio-historico-adios-a-los-estratos-sociales-en-colombia#webpage\"},\"commentCount\":0,\"publisher\":{\"@id\":\"https:\/\/www.ciencuadras.com\/blog\/#organization\"},\"image\":{\"@id\":\"https:\/\/www.ciencuadras.com\/blog\/evolucion-del-mercado-de-vivienda\/cambio-historico-adios-a-los-estratos-sociales-en-colombia#primaryimage\"},\"keywords\":\"Normatividad colombiana,Sector inmobiliario,Tendencias inmobiliarias\",\"articleSection\":\"Evoluci\\u00f3n del mercado de vivienda,Tendencias\",\"inLanguage\":\"es-CO\",\"potentialAction\":[{\"@type\":\"CommentAction\",\"name\":\"Comment\",\"target\":[\"https:\/\/www.ciencuadras.com\/blog\/evolucion-del-mercado-de-vivienda\/cambio-historico-adios-a-los-estratos-sociales-en-colombia#respond\"]}]},{\"@type\":\"Person\",\"@id\":\"https:\/\/www.ciencuadras.com\/blog\/#\/schema\/person\/cc0b32db93618f32995212860cf644f8\",\"name\":\"Redacci\\u00f3n Ciencuadras\",\"description\":\"\\u00a1Hola! Soy el blog de ciencuadras.com, un portal inmobiliario del Grupo Bol\\u00edvar en el que encuentras casas, apartamentos, oficinas, fincas y m\\u00e1s inmuebles en arriendo y venta en toda Colombia. \\ud83d\\udc99Cuando me visitas, adem\\u00e1s de descubrir tu inmueble ideal, puedes estar al d\\u00eda con las noticias del sector inmobiliario y de la construcci\\u00f3n; aprender tips en decoraci\\u00f3n y organizaci\\u00f3n de espacios, y mucho m\\u00e1s.\",\"sameAs\":[\"https:\/\/www.ciencuadras.com\/\",\"https:\/\/www.facebook.com\/ciencuadras\/\",\"https:\/\/www.instagram.com\/ciencuadras\/\",\"https:\/\/www.linkedin.com\/company\/ciencuadras\/\",\"https:\/\/twitter.com\/ciencuadras\",\"https:\/\/www.youtube.com\/channel\/UC_f830HP5dUy6OjBIbjtlAw\"]}]}<\/script>\n<!-- \/ Yoast SEO plugin. -->","_links":{"self":[{"href":"https:\/\/www.ciencuadras.com\/blog\/wp-json\/wp\/v2\/posts\/121763"}],"collection":[{"href":"https:\/\/www.ciencuadras.com\/blog\/wp-json\/wp\/v2\/posts"}],"about":[{"href":"https:\/\/www.ciencuadras.com\/blog\/wp-json\/wp\/v2\/types\/post"}],"author":[{"embeddable":true,"href":"https:\/\/www.ciencuadras.com\/blog\/wp-json\/wp\/v2\/users\/9"}],"replies":[{"embeddable":true,"href":"https:\/\/www.ciencuadras.com\/blog\/wp-json\/wp\/v2\/comments?post=121763"}],"version-history":[{"count":4,"href":"https:\/\/www.ciencuadras.com\/blog\/wp-json\/wp\/v2\/posts\/121763\/revisions"}],"predecessor-version":[{"id":121768,"href":"https:\/\/www.ciencuadras.com\/blog\/wp-json\/wp\/v2\/posts\/121763\/revisions\/121768"}],"wp:featuredmedia":[{"embeddable":true,"href":"https:\/\/www.ciencuadras.com\/blog\/wp-json\/wp\/v2\/media\/121765"}],"wp:attachment":[{"href":"https:\/\/www.ciencuadras.com\/blog\/wp-json\/wp\/v2\/media?parent=121763"}],"wp:term":[{"taxonomy":"category","embeddable":true,"href":"https:\/\/www.ciencuadras.com\/blog\/wp-json\/wp\/v2\/categories?post=121763"},{"taxonomy":"post_tag","embeddable":true,"href":"https:\/\/www.ciencuadras.com\/blog\/wp-json\/wp\/v2\/tags?post=121763"}],"curies":[{"name":"wp","href":"https:\/\/api.w.org\/{rel}","templated":true}]}}