{"id":123109,"date":"2026-01-20T12:39:00","date_gmt":"2026-01-20T17:39:00","guid":{"rendered":"https:\/\/www.ciencuadras.com\/blog\/?p=123109"},"modified":"2026-01-29T11:44:07","modified_gmt":"2026-01-29T16:44:07","slug":"que-debes-conocer-y-como-calcular-el-avaluo-catastral","status":"publish","type":"post","link":"https:\/\/www.ciencuadras.com\/blog\/guia-para-comprar-vivienda\/que-debes-conocer-y-como-calcular-el-avaluo-catastral","title":{"rendered":"El aval\u00fao catastral subi\u00f3 en 2026: \u00bfqu\u00e9 significa para ti?"},"content":{"rendered":"\n<p>Con el inicio de 2026, llega un ajuste que impacta directamente a millones de propietarios en Colombia: el <strong>incremento del aval\u00fao catastral<\/strong>. Este cambio influye en el valor fiscal de los inmuebles y, en muchos casos, en el monto del impuesto predial. Si tienes vivienda propia o est\u00e1s pensando en comprar, vender o arrendar, aqu\u00ed te explicamos qu\u00e9 es el aval\u00fao catastral, por qu\u00e9 sube y c\u00f3mo puede afectar tu bolsillo.<\/p>\n\n\n\n<h2 class=\"wp-block-heading\"><strong>\u00bfQu\u00e9 es el aval\u00fao catastral y para qu\u00e9 sirve?<\/strong><\/h2>\n\n\n\n<p>El <strong>aval\u00fao catastral<\/strong> es el valor que el Estado asigna a cada inmueble con fines fiscales. No corresponde al precio comercial de una vivienda, pero s\u00ed es la base para calcular impuestos como el <strong>impuesto predial<\/strong>.<\/p>\n\n\n\n<p>Cada a\u00f1o, el Gobierno Nacional realiza ajustes al aval\u00fao con el objetivo de mantenerlo alineado con variables econ\u00f3micas como la inflaci\u00f3n y otros indicadores definidos por la ley, de acuerdo con lo establecido en la <strong><a href=\"https:\/\/www.funcionpublica.gov.co\/eva\/gestornormativo\/norma.php?i=283\" target=\"_blank\" rel=\"noreferrer noopener\">Ley 44 de 1990<\/a><\/strong> y la <strong><a href=\"https:\/\/www.funcionpublica.gov.co\/eva\/gestornormativo\/norma.php?i=6078\" target=\"_blank\" rel=\"noreferrer noopener\">Ley 242 de 1995<\/a><\/strong>.<\/p>\n\n\n\n<h2 class=\"wp-block-heading\"><strong>El aumento del aval\u00fao catastral para 2026<\/strong><\/h2>\n\n\n\n<p>Seg\u00fan el <strong><a href=\"https:\/\/colaboracion.dnp.gov.co\/CDT\/Normatividad\/3.%20Decreto%20Ajuste%20de%20avalu\u0301os%20Catastrales%202026.pdf\" target=\"_blank\" rel=\"noreferrer noopener\">decreto vigente para 2026<\/a><\/strong>, el aval\u00fao catastral tuvo un <strong>incremento del 3% a partir del 1 de enero<\/strong>, aplicable a:<\/p>\n\n\n\n<ul>\n<li>Predios urbanos y rurales que <strong>no fueron actualizados catastralmente en 2025<\/strong>.<\/li>\n<\/ul>\n\n\n\n<p>Este ajuste busca mantener un equilibrio entre el valor catastral y las condiciones econ\u00f3micas actuales del pa\u00eds.<\/p>\n\n\n\n<h2 class=\"wp-block-heading\"><strong>Excepciones que debes conocer<\/strong><\/h2>\n\n\n\n<p>Algunas propiedades no estar\u00e1n sujetas a este incremento, como:<\/p>\n\n\n\n<ul>\n<li>Los predios de Bogot\u00e1, que tienen su propio sistema de ajuste.<\/li>\n\n\n\n<li>Predios gestionados por catastros descentralizados, que pueden aplicar otras metodolog\u00edas (como el de Cali, Medell\u00edn y Antioquia). Estas entidades tienen la autonom\u00eda de definir sus propios ajustes, de acuerdo con el art\u00edculo 190 de la Ley 1607 de 2012.<\/li>\n<\/ul>\n\n\n\n<p>Por otro lado, <strong>si tu predio fue actualizado el a\u00f1o pasado, est\u00e1s exento de este incremento. <\/strong>Esto es parte de una estrategia para incentivar que m\u00e1s propietarios mantengan actualizados sus catastros.<\/p>\n\n\n\n<figure class=\"wp-block-image size-full is-resized\"><a href=\"https:\/\/www.ciencuadras.com\/?utm_source=Autopauta&amp;utm_medium=Blog_Banner_Interno&amp;utm_campaign=BG_123109_General_CC\" target=\"_blank\" rel=\"noreferrer noopener\"><img fetchpriority=\"high\" decoding=\"async\" width=\"700\" height=\"200\" src=\"https:\/\/www.ciencuadras.com\/blog\/wp-content\/uploads\/2021\/01\/700x200_cc.jpg\" alt=\"\" class=\"wp-image-128649\" style=\"aspect-ratio:3.5;width:840px;height:auto\" srcset=\"https:\/\/www.ciencuadras.com\/blog\/wp-content\/uploads\/2021\/01\/700x200_cc.jpg 700w, https:\/\/www.ciencuadras.com\/blog\/wp-content\/uploads\/2021\/01\/700x200_cc-300x86.jpg 300w\" sizes=\"(max-width: 700px) 100vw, 700px\" \/><\/a><\/figure>\n\n\n\n<h2 class=\"wp-block-heading\"><strong>\u00bfC\u00f3mo te impacta este ajuste?<\/strong><\/h2>\n\n\n\n<p>El incremento del aval\u00fao catastral podr\u00eda relacionarse contigo de diferentes formas:<\/p>\n\n\n\n<ol>\n<li><strong>Impuesto predial:<\/strong> Al subir el aval\u00fao, tu factura del impuesto predial tambi\u00e9n podr\u00eda aumentar. Es un buen momento para ajustar tu presupuesto.<\/li>\n\n\n\n<li><strong>Compra o venta de inmuebles:<\/strong> Si est\u00e1s pensando en comprar o vender, este valor puede influir en las negociaciones.<\/li>\n\n\n\n<li><strong>Exenciones por actualizaci\u00f3n:<\/strong> Si mantuviste al d\u00eda el aval\u00fao de tu propiedad, podr\u00edas ahorrar dinero este a\u00f1o.<\/li>\n<\/ol>\n\n\n\n<h2 class=\"wp-block-heading\"><strong>\u00bfQu\u00e9 puedes hacer?<\/strong><\/h2>\n\n\n\n<ol>\n<li><strong>Verifica el estado de tu aval\u00fao:<\/strong> Consulta en las oficinas del <strong><a href=\"https:\/\/www.igac.gov.co\/\" target=\"_blank\" rel=\"noreferrer noopener nofollow\">IGAC<\/a><\/strong> o en la entidad correspondiente.<\/li>\n\n\n\n<li><strong>Planifica tus gastos:<\/strong> Considera este aumento al organizar tus finanzas para el 2026.<\/li>\n\n\n\n<li><strong>Mantente informado:<\/strong> Mantente al d\u00eda con las noticias oficiales para conocer c\u00f3mo podr\u00eda evolucionar este tema.<\/li>\n<\/ol>\n\n\n\n<p><strong><em>Tambi\u00e9n puedes leer:&nbsp;<\/em><a href=\"https:\/\/www.ciencuadras.com\/blog\/guia-para-arrendar-inmuebles\/cual-es-el-incremento-del-arriendo-para-este-ano\" target=\"_blank\" rel=\"noreferrer noopener\">Incremento del arriendo en Colombia en 2026<\/a><\/strong><\/p>\n\n\n\n<p>No olvides que el Gobierno busca con este ajuste mantener una estructura tributaria m\u00e1s equitativa y eficiente, mientras promueve la actualizaci\u00f3n masiva de los catastros rezagados. <\/p>\n\n\n\n<p>En definitiva, el incremento del aval\u00fao catastral <strong>es una medida anual que intenta reflejar la realidad econ\u00f3mica del pa\u00ed<\/strong>s. Aunque puede parecer un cambio peque\u00f1o, es importante prepararse y, si tienes dudas, buscar apoyo o asesor\u00eda. Con informaci\u00f3n, este cambio puede ser manejado sin sobresaltos. \u00a1Planifica y sigue adelante con tus metas inmobiliarias en este 2026! <strong><a href=\"https:\/\/www.ciencuadras.com\/?utm_source=Autopauta&amp;utm_medium=Blog_enlace&amp;utm_campaign=BG_123109_Guia_Para_Comprar_vivienda\" target=\"_blank\" rel=\"noreferrer noopener\">Ciencuadras<\/a><\/strong>, cuadras todo.<\/p>\n\n\n\n<table cellpadding='0' cellspacing='0' align='center' style='width: 100%'><tr style='text-align: center; font-family: Open Sans, sans-serif;'><td style='padding-bottom: 24px; color: #29292a; font-size: 18px; font-weight: 600'>\u00bfQu\u00e9 tan \u00fatil te pareci\u00f3 este contenido?<\/td><\/tr><tr style='text-align: center;'><td><table cellpadding='0' cellspacing='0' style='width: 100%; max-width: 400px; margin: auto'><tr><td><a style='text-decoration: none' href='https:\/\/survey.survicate.com\/2024c603f1ca0b80\/?pieza=112434_blue_monday_decoracion|Decoraci\u00f3n|Decoraci\u00f3n de interiores&#038;aid=2533768' target='_blank' rel=\"nofollow noopener\"> <img style='width: 32px; height: 32px' src='https:\/\/image.experienciasbolivar.segurosbolivar.com\/lib\/fe3511747364047b751475\/m\/1\/a2945bbd-60a9-43cb-b225-78bf5e055db5.png' > <\/a><\/td><td><a style='text-decoration: none' href='https:\/\/survey.survicate.com\/2024c603f1ca0b80\/?pieza=112434_blue_monday_decoracion|Decoraci\u00f3n|Decoraci\u00f3n de interiores&#038;aid=2533769' target='_blank' rel=\"nofollow noopener\"> <img style='width: 32px; height: 32px' src='https:\/\/image.experienciasbolivar.segurosbolivar.com\/lib\/fe3511747364047b751475\/m\/1\/161006d2-a309-4148-a578-df40c5152496.png' > <\/a><\/td><td><a style='text-decoration: none' href='https:\/\/survey.survicate.com\/2024c603f1ca0b80\/?pieza=112434_blue_monday_decoracion|Decoraci\u00f3n|Decoraci\u00f3n de interiores&#038;aid=2533770' target='_blank' rel=\"nofollow noopener\"> <img style='width: 32px; height: 32px' src='https:\/\/image.experienciasbolivar.segurosbolivar.com\/lib\/fe3511747364047b751475\/m\/1\/ba2c4c82-1c2c-4bcb-b894-20f6776af736.png' > <\/a><\/td><td><a style='text-decoration: none' href='https:\/\/survey.survicate.com\/2024c603f1ca0b80\/?pieza=112434_blue_monday_decoracion|Decoraci\u00f3n|Decoraci\u00f3n de interiores&#038;aid=2533771' target='_blank' rel=\"nofollow noopener\"> <img style='width: 32px; height: 32px' src='https:\/\/image.experienciasbolivar.segurosbolivar.com\/lib\/fe3511747364047b751475\/m\/1\/52e25dc4-db06-43e1-ada3-a13cc6834b02.png' > <\/a><\/td><td><a style='text-decoration: none' href='https:\/\/survey.survicate.com\/2024c603f1ca0b80\/?pieza=112434_blue_monday_decoracion|Decoraci\u00f3n|Decoraci\u00f3n de interiores&#038;aid=2533772' target='_blank' rel=\"nofollow noopener\"> <img style='width: 32px; height: 32px' src='https:\/\/image.experienciasbolivar.segurosbolivar.com\/lib\/fe3511747364047b751475\/m\/1\/f125fd9c-b185-4d5b-8a2c-c67e5f69c93b.png' > <\/a><\/td><\/tr><\/table><\/td><\/tr><\/table>\n\n","protected":false},"excerpt":{"rendered":"<p>El aval\u00fao catastral en 2026 increment\u00f3 un 3%. Conoce en este art\u00edculo qu\u00e9 significa este ajuste y c\u00f3mo se aplica. \u00a1Desc\u00fabrelo!<\/p>\n","protected":false},"author":9,"featured_media":123110,"comment_status":"open","ping_status":"closed","sticky":false,"template":"","format":"standard","meta":{"footnotes":""},"categories":[1415,4,2],"tags":[42,49,41],"acf":[],"yoast_head":"<!-- This site is optimized with the Yoast SEO plugin v15.9 - https:\/\/yoast.com\/wordpress\/plugins\/seo\/ -->\n<title>\u00bfQu\u00e9 debes conocer y c\u00f3mo calcular el aval\u00fao catastral? | Ciencuadras<\/title>\n<meta name=\"description\" content=\"El aval\u00fao catastral en 2026 increment\u00f3 un 3%. Conoce en este art\u00edculo qu\u00e9 significa este ajuste y c\u00f3mo se aplica. \u00a1Desc\u00fabrelo!\" \/>\n<meta name=\"robots\" content=\"index, follow, max-snippet:-1, max-image-preview:large, max-video-preview:-1\" \/>\n<link rel=\"canonical\" href=\"https:\/\/www.ciencuadras.com\/blog\/guia-para-comprar-vivienda\/que-debes-conocer-y-como-calcular-el-avaluo-catastral\" \/>\n<meta property=\"og:locale\" content=\"es_ES\" \/>\n<meta property=\"og:type\" content=\"article\" \/>\n<meta property=\"og:title\" content=\"\u00bfQu\u00e9 debes conocer y c\u00f3mo calcular el aval\u00fao catastral? | Ciencuadras\" \/>\n<meta property=\"og:description\" content=\"El aval\u00fao catastral en 2026 increment\u00f3 un 3%. Conoce en este art\u00edculo qu\u00e9 significa este ajuste y c\u00f3mo se aplica. \u00a1Desc\u00fabrelo!\" \/>\n<meta property=\"og:url\" content=\"https:\/\/www.ciencuadras.com\/blog\/guia-para-comprar-vivienda\/que-debes-conocer-y-como-calcular-el-avaluo-catastral\" \/>\n<meta property=\"article:publisher\" content=\"https:\/\/www.facebook.com\/ciencuadras\/\" \/>\n<meta property=\"article:author\" content=\"https:\/\/www.facebook.com\/ciencuadras\/\" \/>\n<meta property=\"article:published_time\" content=\"2026-01-20T17:39:00+00:00\" \/>\n<meta property=\"article:modified_time\" content=\"2026-01-29T16:44:07+00:00\" \/>\n<meta property=\"og:image\" content=\"https:\/\/www.ciencuadras.com\/blog\/wp-content\/uploads\/2025\/01\/\u00bfQue\u0301-debes-conocer-y-como-calcular-el-avaluo\u0301-catastral-Ciencuadras.jpg\" \/>\n\t<meta property=\"og:image:width\" content=\"1000\" \/>\n\t<meta property=\"og:image:height\" content=\"668\" \/>\n<meta name=\"twitter:card\" content=\"summary_large_image\" \/>\n<meta name=\"twitter:creator\" content=\"@ciencuadras\" \/>\n<meta name=\"twitter:site\" content=\"@ciencuadras\" \/>\n<meta name=\"twitter:label1\" content=\"Est. reading time\">\n\t<meta name=\"twitter:data1\" content=\"4 minutos\">\n<script type=\"application\/ld+json\" class=\"yoast-schema-graph\">{\"@context\":\"https:\/\/schema.org\",\"@graph\":[{\"@type\":\"Organization\",\"@id\":\"https:\/\/www.ciencuadras.com\/blog\/#organization\",\"name\":\"Ciencuadras.com\",\"url\":\"https:\/\/www.ciencuadras.com\/blog\/\",\"sameAs\":[\"https:\/\/www.facebook.com\/ciencuadras\/\",\"https:\/\/www.instagram.com\/ciencuadras\/\",\"https:\/\/co.linkedin.com\/company\/ciencuadras\",\"https:\/\/www.youtube.com\/channel\/UC_f830HP5dUy6OjBIbjtlAw\",\"https:\/\/twitter.com\/ciencuadras\"],\"logo\":{\"@type\":\"ImageObject\",\"@id\":\"https:\/\/www.ciencuadras.com\/blog\/#logo\",\"inLanguage\":\"es-CO\",\"url\":\"\",\"caption\":\"Ciencuadras.com\"},\"image\":{\"@id\":\"https:\/\/www.ciencuadras.com\/blog\/#logo\"}},{\"@type\":\"WebSite\",\"@id\":\"https:\/\/www.ciencuadras.com\/blog\/#website\",\"url\":\"https:\/\/www.ciencuadras.com\/blog\/\",\"name\":\"\",\"description\":\"\",\"publisher\":{\"@id\":\"https:\/\/www.ciencuadras.com\/blog\/#organization\"},\"potentialAction\":[{\"@type\":\"SearchAction\",\"target\":\"https:\/\/www.ciencuadras.com\/blog\/?s={search_term_string}\",\"query-input\":\"required name=search_term_string\"}],\"inLanguage\":\"es-CO\"},{\"@type\":\"ImageObject\",\"@id\":\"https:\/\/www.ciencuadras.com\/blog\/guia-para-comprar-vivienda\/que-debes-conocer-y-como-calcular-el-avaluo-catastral#primaryimage\",\"inLanguage\":\"es-CO\",\"url\":\"https:\/\/www.ciencuadras.com\/blog\/wp-content\/uploads\/2025\/01\/\\u00bfQue\\u0301-debes-conocer-y-como-calcular-el-avaluo\\u0301-catastral-Ciencuadras.jpg\",\"width\":1000,\"height\":668},{\"@type\":\"WebPage\",\"@id\":\"https:\/\/www.ciencuadras.com\/blog\/guia-para-comprar-vivienda\/que-debes-conocer-y-como-calcular-el-avaluo-catastral#webpage\",\"url\":\"https:\/\/www.ciencuadras.com\/blog\/guia-para-comprar-vivienda\/que-debes-conocer-y-como-calcular-el-avaluo-catastral\",\"name\":\"\\u00bfQu\\u00e9 debes conocer y c\\u00f3mo calcular el aval\\u00fao catastral? | Ciencuadras\",\"isPartOf\":{\"@id\":\"https:\/\/www.ciencuadras.com\/blog\/#website\"},\"primaryImageOfPage\":{\"@id\":\"https:\/\/www.ciencuadras.com\/blog\/guia-para-comprar-vivienda\/que-debes-conocer-y-como-calcular-el-avaluo-catastral#primaryimage\"},\"datePublished\":\"2026-01-20T17:39:00+00:00\",\"dateModified\":\"2026-01-29T16:44:07+00:00\",\"description\":\"El aval\\u00fao catastral en 2026 increment\\u00f3 un 3%. Conoce en este art\\u00edculo qu\\u00e9 significa este ajuste y c\\u00f3mo se aplica. \\u00a1Desc\\u00fabrelo!\",\"breadcrumb\":{\"@id\":\"https:\/\/www.ciencuadras.com\/blog\/guia-para-comprar-vivienda\/que-debes-conocer-y-como-calcular-el-avaluo-catastral#breadcrumb\"},\"inLanguage\":\"es-CO\",\"potentialAction\":[{\"@type\":\"ReadAction\",\"target\":[\"https:\/\/www.ciencuadras.com\/blog\/guia-para-comprar-vivienda\/que-debes-conocer-y-como-calcular-el-avaluo-catastral\"]}]},{\"@type\":\"BreadcrumbList\",\"@id\":\"https:\/\/www.ciencuadras.com\/blog\/guia-para-comprar-vivienda\/que-debes-conocer-y-como-calcular-el-avaluo-catastral#breadcrumb\",\"itemListElement\":[{\"@type\":\"ListItem\",\"position\":1,\"item\":{\"@type\":\"WebPage\",\"@id\":\"https:\/\/www.ciencuadras.com\/blog\",\"url\":\"https:\/\/www.ciencuadras.com\/blog\",\"name\":\"Blog\"}},{\"@type\":\"ListItem\",\"position\":2,\"item\":{\"@type\":\"WebPage\",\"@id\":\"https:\/\/www.ciencuadras.com\/blog\/guia-para-comprar-vivienda\/que-debes-conocer-y-como-calcular-el-avaluo-catastral\",\"url\":\"https:\/\/www.ciencuadras.com\/blog\/guia-para-comprar-vivienda\/que-debes-conocer-y-como-calcular-el-avaluo-catastral\",\"name\":\"El aval\\u00fao catastral subi\\u00f3 en 2026: \\u00bfqu\\u00e9 significa para ti?\"}}]},{\"@type\":\"Article\",\"@id\":\"https:\/\/www.ciencuadras.com\/blog\/guia-para-comprar-vivienda\/que-debes-conocer-y-como-calcular-el-avaluo-catastral#article\",\"isPartOf\":{\"@id\":\"https:\/\/www.ciencuadras.com\/blog\/guia-para-comprar-vivienda\/que-debes-conocer-y-como-calcular-el-avaluo-catastral#webpage\"},\"author\":{\"@id\":\"https:\/\/www.ciencuadras.com\/blog\/#\/schema\/person\/cc0b32db93618f32995212860cf644f8\"},\"headline\":\"El aval\\u00fao catastral subi\\u00f3 en 2026: \\u00bfqu\\u00e9 significa para ti?\",\"datePublished\":\"2026-01-20T17:39:00+00:00\",\"dateModified\":\"2026-01-29T16:44:07+00:00\",\"mainEntityOfPage\":{\"@id\":\"https:\/\/www.ciencuadras.com\/blog\/guia-para-comprar-vivienda\/que-debes-conocer-y-como-calcular-el-avaluo-catastral#webpage\"},\"commentCount\":4,\"publisher\":{\"@id\":\"https:\/\/www.ciencuadras.com\/blog\/#organization\"},\"image\":{\"@id\":\"https:\/\/www.ciencuadras.com\/blog\/guia-para-comprar-vivienda\/que-debes-conocer-y-como-calcular-el-avaluo-catastral#primaryimage\"},\"keywords\":\"Mercado inmobiliario,Normatividad colombiana,Sector inmobiliario\",\"articleSection\":\"Consejos para inmobiliarias,Gu\\u00eda Para Comprar vivienda,Gu\\u00eda para Vender inmuebles\",\"inLanguage\":\"es-CO\",\"potentialAction\":[{\"@type\":\"CommentAction\",\"name\":\"Comment\",\"target\":[\"https:\/\/www.ciencuadras.com\/blog\/guia-para-comprar-vivienda\/que-debes-conocer-y-como-calcular-el-avaluo-catastral#respond\"]}]},{\"@type\":\"Person\",\"@id\":\"https:\/\/www.ciencuadras.com\/blog\/#\/schema\/person\/cc0b32db93618f32995212860cf644f8\",\"name\":\"Redacci\\u00f3n Ciencuadras\",\"description\":\"\\u00a1Hola! Soy el blog de ciencuadras.com, un portal inmobiliario del Grupo Bol\\u00edvar en el que encuentras casas, apartamentos, oficinas, fincas y m\\u00e1s inmuebles en arriendo y venta en toda Colombia. \\ud83d\\udc99Cuando me visitas, adem\\u00e1s de descubrir tu inmueble ideal, puedes estar al d\\u00eda con las noticias del sector inmobiliario y de la construcci\\u00f3n; aprender tips en decoraci\\u00f3n y organizaci\\u00f3n de espacios, y mucho m\\u00e1s.\",\"sameAs\":[\"https:\/\/www.ciencuadras.com\/\",\"https:\/\/www.facebook.com\/ciencuadras\/\",\"https:\/\/www.instagram.com\/ciencuadras\/\",\"https:\/\/www.linkedin.com\/company\/ciencuadras\/\",\"https:\/\/twitter.com\/ciencuadras\",\"https:\/\/www.youtube.com\/channel\/UC_f830HP5dUy6OjBIbjtlAw\"]}]}<\/script>\n<!-- \/ Yoast SEO plugin. -->","_links":{"self":[{"href":"https:\/\/www.ciencuadras.com\/blog\/wp-json\/wp\/v2\/posts\/123109"}],"collection":[{"href":"https:\/\/www.ciencuadras.com\/blog\/wp-json\/wp\/v2\/posts"}],"about":[{"href":"https:\/\/www.ciencuadras.com\/blog\/wp-json\/wp\/v2\/types\/post"}],"author":[{"embeddable":true,"href":"https:\/\/www.ciencuadras.com\/blog\/wp-json\/wp\/v2\/users\/9"}],"replies":[{"embeddable":true,"href":"https:\/\/www.ciencuadras.com\/blog\/wp-json\/wp\/v2\/comments?post=123109"}],"version-history":[{"count":8,"href":"https:\/\/www.ciencuadras.com\/blog\/wp-json\/wp\/v2\/posts\/123109\/revisions"}],"predecessor-version":[{"id":129034,"href":"https:\/\/www.ciencuadras.com\/blog\/wp-json\/wp\/v2\/posts\/123109\/revisions\/129034"}],"wp:featuredmedia":[{"embeddable":true,"href":"https:\/\/www.ciencuadras.com\/blog\/wp-json\/wp\/v2\/media\/123110"}],"wp:attachment":[{"href":"https:\/\/www.ciencuadras.com\/blog\/wp-json\/wp\/v2\/media?parent=123109"}],"wp:term":[{"taxonomy":"category","embeddable":true,"href":"https:\/\/www.ciencuadras.com\/blog\/wp-json\/wp\/v2\/categories?post=123109"},{"taxonomy":"post_tag","embeddable":true,"href":"https:\/\/www.ciencuadras.com\/blog\/wp-json\/wp\/v2\/tags?post=123109"}],"curies":[{"name":"wp","href":"https:\/\/api.w.org\/{rel}","templated":true}]}}