{"id":123851,"date":"2025-04-24T15:59:55","date_gmt":"2025-04-24T20:59:55","guid":{"rendered":"https:\/\/www.ciencuadras.com\/blog\/?p=123851"},"modified":"2026-02-24T12:13:30","modified_gmt":"2026-02-24T17:13:30","slug":"foro-inmobiliario-2025-tendencias-y-datos-clave","status":"publish","type":"post","link":"https:\/\/www.ciencuadras.com\/blog\/consejos-para-inmobiliarias\/foro-inmobiliario-2025-tendencias-y-datos-clave","title":{"rendered":"Minuto a minuto del XV Foro Inmobiliario 2025: Innovaci\u00f3n y futuro del real estate"},"content":{"rendered":"\n<p>Con una asistencia que supera los 800 l\u00edderes del sector inmobiliario, Cartagena se convierte en el epicentro de la conversaci\u00f3n sobre el futuro del real estate en Colombia. Ya arranc\u00f3 el <strong>XV Foro Inmobiliario 2025 VISI\u00d3N<\/strong>, un evento que re\u00fane a expertos nacionales en torno a los pilares que est\u00e1n redefiniendo el rumbo del sector: innovaci\u00f3n, transformaci\u00f3n digital, gesti\u00f3n del talento y anal\u00edtica de datos.<\/p>\n\n\n\n<p>Organizado por <strong>El Libertador, <a href=\"https:\/\/www.ciencuadras.com\/?utm_source=Autopauta&amp;utm_medium=Blog_enlace&amp;utm_campaign=BG_123851_consejos_para_inmobiliarias\" target=\"_blank\" rel=\"noreferrer noopener\">Ciencuadras<\/a> y Seguros Bol\u00edvar<\/strong>, este encuentro es m\u00e1s que una cita acad\u00e9mica: es una experiencia de conexi\u00f3n estrat\u00e9gica, aprendizaje pr\u00e1ctico e inspiraci\u00f3n para todos los actores del ecosistema inmobiliario. Te compartimos, minuto a minuto, lo mejor del Foro Inmobiliario 2025: ideas que inspiran, conexiones que generan valor y las historias de quienes est\u00e1n revolucionando el sector. \u00a1Bienvenidos a este cubrimiento especial!<\/p>\n\n\n\n<h2 class=\"wp-block-heading\"><strong>Paola Su\u00e1rez abri\u00f3 el encuentro con un mensaje inspirador y lleno de gratitud<\/strong><\/h2>\n\n\n\n<p>En uno de los salones del Centro de Convenciones de Cartagena,<strong> Paola Su\u00e1rez, Vicepresidenta de Mercadeo en Seguros Bol\u00edvar y del ecosistema inmobiliario El Libertador \u2013 Ciencuadras<\/strong>, le dio la bienvenida a los asistentes del foro, destacando la alegr\u00eda de compartir ese espacio con caras conocidas y nuevas, reflejo del crecimiento continuo del evento y de la comunidad que se ha venido consolidando.<\/p>\n\n\n\n<p>Adem\u00e1s agradeci\u00f3 a las inmobiliarias aliadas por hacer posible el evento. <strong>\u201cEste escenario, estas luces, esta energ\u00eda\u2026 todo esto es gracias a ustedes\u201d, <\/strong>afirm\u00f3. Con m\u00e1s de dos d\u00e9cadas en el sector financiero, Su\u00e1rez destac\u00f3 el compromiso de la compa\u00f1\u00eda con el crecimiento de sus aliados y el fortalecimiento del seguro de arrendamiento. \u201cLa transformaci\u00f3n es inevitable, pero cuando se hace con prop\u00f3sito, se vuelve poderosa\u201d, asegur\u00f3.<\/p>\n\n\n\n<figure class=\"wp-block-video\"><video controls src=\"https:\/\/www.ciencuadras.com\/blog\/wp-content\/uploads\/2025\/04\/WhatsApp-Video-2025-04-24-at-15.57.43.mp4\"><\/video><\/figure>\n\n\n\n<p><\/p>\n\n\n\n<h2 class=\"wp-block-heading\"><strong>Experiencias en equipo que transforman la visi\u00f3n en el sector inmobiliario<\/strong><\/h2>\n\n\n\n<p>La primera speaker invitada fue Mari Carmen Obreg\u00f3n, reconocida autora mexicana y conferencista internacional. En su charla, <strong>destac\u00f3 que la <em>experiencia<\/em> es un factor clave en las estrategias del sector inmobiliario, <\/strong>no solo desde la perspectiva del cliente, sino tambi\u00e9n desde la vivencia interna de los equipos. Obreg\u00f3n comparti\u00f3 herramientas para inspirar desde adentro y transformar la visi\u00f3n colectiva, resaltando c\u00f3mo esa experiencia interna impacta directamente en el servicio al cliente.<\/p>\n\n\n<div class=\"wp-block-image\">\n<figure class=\"aligncenter size-full is-resized\"><img fetchpriority=\"high\" decoding=\"async\" width=\"760\" height=\"501\" src=\"https:\/\/www.ciencuadras.com\/blog\/wp-content\/uploads\/2025\/04\/Mari-Carmen-Obrego\u0301n-Experiencia-del-equipo-1.jpg\" alt=\"Mari Carmen Obrego\u0301n - Experiencia del equipo (1)\" class=\"wp-image-123882\" style=\"aspect-ratio:1.5169660678642714;width:500px;height:auto\" srcset=\"https:\/\/www.ciencuadras.com\/blog\/wp-content\/uploads\/2025\/04\/Mari-Carmen-Obrego\u0301n-Experiencia-del-equipo-1.jpg 760w, https:\/\/www.ciencuadras.com\/blog\/wp-content\/uploads\/2025\/04\/Mari-Carmen-Obrego\u0301n-Experiencia-del-equipo-1-300x198.jpg 300w\" sizes=\"(max-width: 760px) 100vw, 760px\" \/><\/figure><\/div>\n\n\n<h2 class=\"wp-block-heading\"><strong>As\u00ed piensa el cliente de hoy<\/strong><\/h2>\n\n\n\n<p>En su charla <em>&#8220;El cliente es la clave: define y crea arquetipos de usuario&#8221;<\/em>, <strong><a href=\"https:\/\/www.ciencuadras.com\/blog\/guia-para-vender-inmuebles\/experiencia-del-cliente-en-el-sector-inmobiliario\" target=\"_blank\" rel=\"noreferrer noopener\">David Castej\u00f3n<\/a><\/strong> revel\u00f3 cinco tendencias clave que hoy est\u00e1n marcando el comportamiento de los clientes en el sector inmobiliario.<\/p>\n\n\n\n<ol>\n<li>Coliving y espacios compartidos como estilo de vida.<\/li>\n\n\n\n<li>Digitalizaci\u00f3n y autoservicio, para experiencias fluidas.<\/li>\n\n\n\n<li>Conciencia ecol\u00f3gica, valorando sostenibilidad y ahorro energ\u00e9tico.<\/li>\n\n\n\n<li>Ecosistemas integrales, donde todo est\u00e9 cerca: trabajo, ocio, naturaleza.<\/li>\n\n\n\n<li>Rapidez con trato humano, combinando eficiencia con atenci\u00f3n personalizada.<\/li>\n<\/ol>\n\n\n<div class=\"wp-block-image\">\n<figure class=\"aligncenter size-full is-resized\"><img decoding=\"async\" width=\"760\" height=\"501\" src=\"https:\/\/www.ciencuadras.com\/blog\/wp-content\/uploads\/2025\/04\/David-Castrejon-El-cliente-es-clave-Foro-Inmobiliario-2025.jpg\" alt=\"\" class=\"wp-image-123900\" style=\"aspect-ratio:1.5169660678642714;width:556px;height:auto\" srcset=\"https:\/\/www.ciencuadras.com\/blog\/wp-content\/uploads\/2025\/04\/David-Castrejon-El-cliente-es-clave-Foro-Inmobiliario-2025.jpg 760w, https:\/\/www.ciencuadras.com\/blog\/wp-content\/uploads\/2025\/04\/David-Castrejon-El-cliente-es-clave-Foro-Inmobiliario-2025-300x198.jpg 300w\" sizes=\"(max-width: 760px) 100vw, 760px\" \/><\/figure><\/div>\n\n\n<h2 class=\"wp-block-heading\">Soluciones a la medida de tu negocio<\/h2>\n\n\n\n<p>A trav\u00e9s de una charla poderosa, Diego Bernal, Director de Cash Banca Empresarial en el Banco Davivienda, present\u00f3 una importante reflexi\u00f3n: la digitalizaci\u00f3n no solo optimiza procesos, haci\u00e9ndolos m\u00e1s \u00e1giles y eficientes, sino que tambi\u00e9n tiene el potencial de crear experiencias memorables para el cliente.<\/p>\n\n\n<div class=\"wp-block-image\">\n<figure class=\"aligncenter size-large is-resized\"><img decoding=\"async\" width=\"1024\" height=\"758\" src=\"https:\/\/www.ciencuadras.com\/blog\/wp-content\/uploads\/2025\/04\/Diego-Bernal-en-el-Foro-Inmobiliario-2025--1024x758.jpg\" alt=\"Diego Bernal en el Foro Inmobiliario 2025\" class=\"wp-image-123920\" style=\"aspect-ratio:1.3509234828496042;width:582px;height:auto\" srcset=\"https:\/\/www.ciencuadras.com\/blog\/wp-content\/uploads\/2025\/04\/Diego-Bernal-en-el-Foro-Inmobiliario-2025--1024x758.jpg 1024w, https:\/\/www.ciencuadras.com\/blog\/wp-content\/uploads\/2025\/04\/Diego-Bernal-en-el-Foro-Inmobiliario-2025--300x222.jpg 300w, https:\/\/www.ciencuadras.com\/blog\/wp-content\/uploads\/2025\/04\/Diego-Bernal-en-el-Foro-Inmobiliario-2025--768x569.jpg 768w, https:\/\/www.ciencuadras.com\/blog\/wp-content\/uploads\/2025\/04\/Diego-Bernal-en-el-Foro-Inmobiliario-2025--1536x1138.jpg 1536w, https:\/\/www.ciencuadras.com\/blog\/wp-content\/uploads\/2025\/04\/Diego-Bernal-en-el-Foro-Inmobiliario-2025-.jpg 1600w\" sizes=\"(max-width: 1024px) 100vw, 1024px\" \/><\/figure><\/div>\n\n\n<hr class=\"wp-block-separator has-alpha-channel-opacity is-style-wide\"\/>\n\n\n\n<h2 class=\"wp-block-heading\"><strong>Un segundo d\u00eda para aprender y hacer networking<\/strong><\/h2>\n\n\n\n<p>Luego de iniciar una sesi\u00f3n de ejercicios de respiraci\u00f3n, inici\u00f3 la agenda del segundo d\u00eda del Foro Inmobiliario 2025. El speaker encargo de abrir la jornada fue Andr\u00e9s Langebaek, Director de Estudios Econ\u00f3micos en Grupo Bol\u00edvar, quien comparti\u00f3 un an\u00e1lisis profundo del panorama econ\u00f3mico global y nacional, as\u00ed como su impacto en el sector inmobiliario.<\/p>\n\n\n\n<p> Con una amplia trayectoria en entidades como la CAF, Davivienda y Grupo Bol\u00edvar, aport\u00f3 claves valiosas para entender los retos y oportunidades de una industria en constante evoluci\u00f3n.<\/p>\n\n\n<div class=\"wp-block-image\">\n<figure class=\"aligncenter size-large is-resized\"><img loading=\"lazy\" decoding=\"async\" width=\"1024\" height=\"768\" src=\"https:\/\/www.ciencuadras.com\/blog\/wp-content\/uploads\/2025\/04\/Andre\u0301s-Langebeck--1024x768.jpg\" alt=\"Andre\u0301s Langebeck\" class=\"wp-image-123948\" style=\"aspect-ratio:1.3333333333333333;width:615px;height:auto\" srcset=\"https:\/\/www.ciencuadras.com\/blog\/wp-content\/uploads\/2025\/04\/Andre\u0301s-Langebeck--1024x768.jpg 1024w, https:\/\/www.ciencuadras.com\/blog\/wp-content\/uploads\/2025\/04\/Andre\u0301s-Langebeck--300x225.jpg 300w, https:\/\/www.ciencuadras.com\/blog\/wp-content\/uploads\/2025\/04\/Andre\u0301s-Langebeck--768x576.jpg 768w, https:\/\/www.ciencuadras.com\/blog\/wp-content\/uploads\/2025\/04\/Andre\u0301s-Langebeck--1536x1152.jpg 1536w, https:\/\/www.ciencuadras.com\/blog\/wp-content\/uploads\/2025\/04\/Andre\u0301s-Langebeck-.jpg 1600w\" sizes=\"(max-width: 1024px) 100vw, 1024px\" \/><\/figure><\/div>\n\n\n<p class=\"has-text-align-center\"><\/p>\n\n\n\n<h2 class=\"wp-block-heading\">Un compromiso firme con el futuro del sector inmobiliario<\/h2>\n\n\n\n<p>\u00c1lvaro Carrillo, presidente de Seguros Bol\u00edvar, particip\u00f3 en el Foro Inmobiliario con una intervenci\u00f3n inspiradora y cercana, en la que reafirm\u00f3 el compromiso de la compa\u00f1\u00eda con el desarrollo del sector. Esto dijo: \u201cVamos a estar con ustedes y para ustedes, invirtiendo y modernizando para seguir aport\u00e1ndoles m\u00e1s. Somos l\u00edderes en este mundo de vivienda, creemos 100% en este sector, creemos 100% en ustedes\u201d. Sus palabras reflejan la visi\u00f3n de largo plazo de la organizaci\u00f3n y su apuesta decidida por seguir fortaleciendo el ecosistema inmobiliario del pa\u00eds.<\/p>\n\n\n\n<figure class=\"wp-block-gallery alignwide has-nested-images columns-default is-cropped wp-block-gallery-1 is-layout-flex wp-block-gallery-is-layout-flex\">\n<figure class=\"wp-block-image size-large\"><img loading=\"lazy\" decoding=\"async\" width=\"1024\" height=\"768\" data-id=\"123956\" src=\"https:\/\/www.ciencuadras.com\/blog\/wp-content\/uploads\/2025\/04\/Alvaro-Carrillo-en-el-Foro-Inmobiliario-2025--1024x768.jpg\" alt=\"\" class=\"wp-image-123956\" srcset=\"https:\/\/www.ciencuadras.com\/blog\/wp-content\/uploads\/2025\/04\/Alvaro-Carrillo-en-el-Foro-Inmobiliario-2025--1024x768.jpg 1024w, https:\/\/www.ciencuadras.com\/blog\/wp-content\/uploads\/2025\/04\/Alvaro-Carrillo-en-el-Foro-Inmobiliario-2025--300x225.jpg 300w, https:\/\/www.ciencuadras.com\/blog\/wp-content\/uploads\/2025\/04\/Alvaro-Carrillo-en-el-Foro-Inmobiliario-2025--768x576.jpg 768w, https:\/\/www.ciencuadras.com\/blog\/wp-content\/uploads\/2025\/04\/Alvaro-Carrillo-en-el-Foro-Inmobiliario-2025-.jpg 1210w\" sizes=\"(max-width: 1024px) 100vw, 1024px\" \/><\/figure>\n\n\n\n<figure class=\"wp-block-image size-large\"><img loading=\"lazy\" decoding=\"async\" width=\"1024\" height=\"768\" data-id=\"123957\" src=\"https:\/\/www.ciencuadras.com\/blog\/wp-content\/uploads\/2025\/04\/Alvaro-Carrillo-en-el-Foro-Inmobiliario-2-1024x768.jpg\" alt=\"\" class=\"wp-image-123957\" srcset=\"https:\/\/www.ciencuadras.com\/blog\/wp-content\/uploads\/2025\/04\/Alvaro-Carrillo-en-el-Foro-Inmobiliario-2-1024x768.jpg 1024w, https:\/\/www.ciencuadras.com\/blog\/wp-content\/uploads\/2025\/04\/Alvaro-Carrillo-en-el-Foro-Inmobiliario-2-300x225.jpg 300w, https:\/\/www.ciencuadras.com\/blog\/wp-content\/uploads\/2025\/04\/Alvaro-Carrillo-en-el-Foro-Inmobiliario-2-768x576.jpg 768w, https:\/\/www.ciencuadras.com\/blog\/wp-content\/uploads\/2025\/04\/Alvaro-Carrillo-en-el-Foro-Inmobiliario-2.jpg 1210w\" sizes=\"(max-width: 1024px) 100vw, 1024px\" \/><\/figure>\n<\/figure>\n\n\n\n<h2 class=\"wp-block-heading\"><strong>El poder de los datos<\/strong><\/h2>\n\n\n\n<p>En su intervenci\u00f3n, Stuart Fraser, experto en Business Analytics y Big Data destac\u00f3 que<strong> los datos por s\u00ed solos no son suficientes,<\/strong> compar\u00e1ndolos con los ingredientes de una receta, \u201cdependiendo de la calidad de los datos, as\u00ed ser\u00e1 el resultado final\u201d.<\/p>\n\n\n\n<p>Fraser subray\u00f3 que tener herramientas como un CRM no garantiza tomar las mejores decisiones si la informaci\u00f3n no es coherente con el mercado o no es ver\u00eddica, ya que se corre el riesgo de tomar decisiones err\u00f3neas y perder la credibilidad en los datos. Explic\u00f3 que, al igual que una receta necesita preparaci\u00f3n y t\u00e9cnica, los datos deben ser integrados y analizados correctamente para generar valor real y orientar la estrategia de negocio.<\/p>\n\n\n<div class=\"wp-block-image\">\n<figure class=\"aligncenter size-large is-resized\"><img loading=\"lazy\" decoding=\"async\" width=\"1024\" height=\"768\" src=\"https:\/\/www.ciencuadras.com\/blog\/wp-content\/uploads\/2025\/04\/Stuar-en-el-Foro-Inmobiliario-2025--1024x768.jpg\" alt=\"\" class=\"wp-image-123967\" style=\"aspect-ratio:1.3333333333333333;width:581px;height:auto\" srcset=\"https:\/\/www.ciencuadras.com\/blog\/wp-content\/uploads\/2025\/04\/Stuar-en-el-Foro-Inmobiliario-2025--1024x768.jpg 1024w, https:\/\/www.ciencuadras.com\/blog\/wp-content\/uploads\/2025\/04\/Stuar-en-el-Foro-Inmobiliario-2025--300x225.jpg 300w, https:\/\/www.ciencuadras.com\/blog\/wp-content\/uploads\/2025\/04\/Stuar-en-el-Foro-Inmobiliario-2025--768x576.jpg 768w, https:\/\/www.ciencuadras.com\/blog\/wp-content\/uploads\/2025\/04\/Stuar-en-el-Foro-Inmobiliario-2025-.jpg 1210w\" sizes=\"(max-width: 1024px) 100vw, 1024px\" \/><\/figure><\/div>\n\n\n<h2 class=\"wp-block-heading\"><strong>Aprovecha la tecnolog\u00eda para innovar con impacto<\/strong><\/h2>\n\n\n\n<p>Durante su intervenci\u00f3n en el Foro Inmobiliario 2025, John L\u00f3pez destac\u00f3 la importancia de incorporar la tecnolog\u00eda en los negocios del sector, haciendo \u00e9nfasis en herramientas como la inteligencia aumentada, CRMs inteligentes, bots disponibles 24\/7 y anal\u00edtica predictiva.<\/p>\n\n\n<div class=\"wp-block-image\">\n<figure class=\"aligncenter size-large is-resized\"><img loading=\"lazy\" decoding=\"async\" width=\"1024\" height=\"768\" src=\"https:\/\/www.ciencuadras.com\/blog\/wp-content\/uploads\/2025\/04\/John-Lo\u0301pez-1024x768.jpg\" alt=\"\" class=\"wp-image-123978\" style=\"aspect-ratio:1.3333333333333333;width:637px;height:auto\" srcset=\"https:\/\/www.ciencuadras.com\/blog\/wp-content\/uploads\/2025\/04\/John-Lo\u0301pez-1024x768.jpg 1024w, https:\/\/www.ciencuadras.com\/blog\/wp-content\/uploads\/2025\/04\/John-Lo\u0301pez-300x225.jpg 300w, https:\/\/www.ciencuadras.com\/blog\/wp-content\/uploads\/2025\/04\/John-Lo\u0301pez-768x576.jpg 768w, https:\/\/www.ciencuadras.com\/blog\/wp-content\/uploads\/2025\/04\/John-Lo\u0301pez.jpg 1210w\" sizes=\"(max-width: 1024px) 100vw, 1024px\" \/><\/figure><\/div>\n\n\n<p class=\"has-text-align-left\">La jornada cerr\u00f3 con espacios de networking, reconocimientos y muchas sonrisas de satisfacci\u00f3n. Con una visi\u00f3n compartida de crecimiento y transformaci\u00f3n, el Foro Inmobiliario 2025 se consolid\u00f3 como un espacio clave para conectar, aprender y avanzar juntos hacia un ecosistema inmobiliario m\u00e1s fuerte, moderno y sostenible.<\/p>\n\n\n\n<table cellpadding='0' cellspacing='0' align='center' style='width: 100%'><tr style='text-align: center; font-family: Open Sans, sans-serif;'><td style='padding-bottom: 24px; color: #29292a; font-size: 18px; font-weight: 600'>\u00bfQu\u00e9 tan \u00fatil te pareci\u00f3 este contenido?<\/td><\/tr><tr style='text-align: center;'><td><table cellpadding='0' cellspacing='0' style='width: 100%; max-width: 400px; margin: auto'><tr><td><a style='text-decoration: none' href='https:\/\/survey.survicate.com\/2024c603f1ca0b80\/?pieza=123851_foro_inmobiliario_2025_tendencias_y_datos_clave|Tendencias|&#038;aid=2533768' target='_blank' rel=\"nofollow noopener\"> <img style='width: 32px; height: 32px' src='https:\/\/image.experienciasbolivar.segurosbolivar.com\/lib\/fe3511747364047b751475\/m\/1\/a2945bbd-60a9-43cb-b225-78bf5e055db5.png' > <\/a><\/td><td><a style='text-decoration: none' href='https:\/\/survey.survicate.com\/2024c603f1ca0b80\/?pieza=123851_foro_inmobiliario_2025_tendencias_y_datos_clave|Tendencias|&#038;aid=2533769' target='_blank' rel=\"nofollow noopener\"> <img style='width: 32px; height: 32px' src='https:\/\/image.experienciasbolivar.segurosbolivar.com\/lib\/fe3511747364047b751475\/m\/1\/161006d2-a309-4148-a578-df40c5152496.png' > <\/a><\/td><td><a style='text-decoration: none' href='https:\/\/survey.survicate.com\/2024c603f1ca0b80\/?pieza=123851_foro_inmobiliario_2025_tendencias_y_datos_clave|Tendencias|&#038;aid=2533770' target='_blank' rel=\"nofollow noopener\"> <img style='width: 32px; height: 32px' src='https:\/\/image.experienciasbolivar.segurosbolivar.com\/lib\/fe3511747364047b751475\/m\/1\/ba2c4c82-1c2c-4bcb-b894-20f6776af736.png' > <\/a><\/td><td><a style='text-decoration: none' href='https:\/\/survey.survicate.com\/2024c603f1ca0b80\/?pieza=123851_foro_inmobiliario_2025_tendencias_y_datos_clave|Tendencias|&#038;aid=2533771' target='_blank' rel=\"nofollow noopener\"> <img style='width: 32px; height: 32px' src='https:\/\/image.experienciasbolivar.segurosbolivar.com\/lib\/fe3511747364047b751475\/m\/1\/52e25dc4-db06-43e1-ada3-a13cc6834b02.png' > <\/a><\/td><td><a style='text-decoration: none' href='https:\/\/survey.survicate.com\/2024c603f1ca0b80\/?pieza=123851_foro_inmobiliario_2025_tendencias_y_datos_clave|Tendencias|&#038;aid=2533772' target='_blank' rel=\"nofollow noopener\"> <img style='width: 32px; height: 32px' src='https:\/\/image.experienciasbolivar.segurosbolivar.com\/lib\/fe3511747364047b751475\/m\/1\/f125fd9c-b185-4d5b-8a2c-c67e5f69c93b.png' > <\/a><\/td><\/tr><\/table><\/td><\/tr><\/table>\n\n","protected":false},"excerpt":{"rendered":"<p>M\u00e1s de 800 l\u00edderes del sector se re\u00fanen en Cartagena para el XV Foro Inmobiliario 2025, donde se abordan innovaci\u00f3n, talento y anal\u00edtica como ejes del futuro del real estate en Colombia.<\/p>\n","protected":false},"author":9,"featured_media":123918,"comment_status":"open","ping_status":"closed","sticky":false,"template":"","format":"standard","meta":{"footnotes":""},"categories":[1415,617],"tags":[42,3047,41,2656],"acf":[],"yoast_head":"<!-- This site is optimized with the Yoast SEO plugin v15.9 - https:\/\/yoast.com\/wordpress\/plugins\/seo\/ -->\n<title>Foro Inmobiliario 2025: tendencias y datos clave | Ciencuadras<\/title>\n<meta name=\"description\" content=\"M\u00e1s de 800 l\u00edderes del sector se re\u00fanen en Cartagena para el XV Foro Inmobiliario 2025, donde se abordan innovaci\u00f3n, talento y anal\u00edtica como ejes del futuro del real estate en Colombia.\" \/>\n<meta name=\"robots\" content=\"index, follow, max-snippet:-1, max-image-preview:large, max-video-preview:-1\" \/>\n<link rel=\"canonical\" href=\"https:\/\/www.ciencuadras.com\/blog\/consejos-para-inmobiliarias\/foro-inmobiliario-2025-tendencias-y-datos-clave\" \/>\n<meta property=\"og:locale\" content=\"es_ES\" \/>\n<meta property=\"og:type\" content=\"article\" \/>\n<meta property=\"og:title\" content=\"Foro Inmobiliario 2025: tendencias y datos clave | Ciencuadras\" \/>\n<meta property=\"og:description\" content=\"M\u00e1s de 800 l\u00edderes del sector se re\u00fanen en Cartagena para el XV Foro Inmobiliario 2025, donde se abordan innovaci\u00f3n, talento y anal\u00edtica como ejes del futuro del real estate en Colombia.\" \/>\n<meta property=\"og:url\" content=\"https:\/\/www.ciencuadras.com\/blog\/consejos-para-inmobiliarias\/foro-inmobiliario-2025-tendencias-y-datos-clave\" \/>\n<meta property=\"article:publisher\" content=\"https:\/\/www.facebook.com\/ciencuadras\/\" \/>\n<meta property=\"article:author\" content=\"https:\/\/www.facebook.com\/ciencuadras\/\" \/>\n<meta property=\"article:published_time\" content=\"2025-04-24T20:59:55+00:00\" \/>\n<meta property=\"article:modified_time\" content=\"2026-02-24T17:13:30+00:00\" \/>\n<meta property=\"og:image\" content=\"https:\/\/www.ciencuadras.com\/blog\/wp-content\/uploads\/2025\/04\/Paola-Sua\u0301rez-en-el-Foro-Inmobiliario-2025-.jpg\" \/>\n\t<meta property=\"og:image:width\" content=\"1600\" \/>\n\t<meta property=\"og:image:height\" content=\"900\" \/>\n<meta name=\"twitter:card\" content=\"summary_large_image\" \/>\n<meta name=\"twitter:creator\" content=\"@ciencuadras\" \/>\n<meta name=\"twitter:site\" content=\"@ciencuadras\" \/>\n<meta name=\"twitter:label1\" content=\"Est. reading time\">\n\t<meta name=\"twitter:data1\" content=\"7 minutos\">\n<script type=\"application\/ld+json\" class=\"yoast-schema-graph\">{\"@context\":\"https:\/\/schema.org\",\"@graph\":[{\"@type\":\"Organization\",\"@id\":\"https:\/\/www.ciencuadras.com\/blog\/#organization\",\"name\":\"Ciencuadras.com\",\"url\":\"https:\/\/www.ciencuadras.com\/blog\/\",\"sameAs\":[\"https:\/\/www.facebook.com\/ciencuadras\/\",\"https:\/\/www.instagram.com\/ciencuadras\/\",\"https:\/\/co.linkedin.com\/company\/ciencuadras\",\"https:\/\/www.youtube.com\/channel\/UC_f830HP5dUy6OjBIbjtlAw\",\"https:\/\/twitter.com\/ciencuadras\"],\"logo\":{\"@type\":\"ImageObject\",\"@id\":\"https:\/\/www.ciencuadras.com\/blog\/#logo\",\"inLanguage\":\"es-CO\",\"url\":\"\",\"caption\":\"Ciencuadras.com\"},\"image\":{\"@id\":\"https:\/\/www.ciencuadras.com\/blog\/#logo\"}},{\"@type\":\"WebSite\",\"@id\":\"https:\/\/www.ciencuadras.com\/blog\/#website\",\"url\":\"https:\/\/www.ciencuadras.com\/blog\/\",\"name\":\"\",\"description\":\"\",\"publisher\":{\"@id\":\"https:\/\/www.ciencuadras.com\/blog\/#organization\"},\"potentialAction\":[{\"@type\":\"SearchAction\",\"target\":\"https:\/\/www.ciencuadras.com\/blog\/?s={search_term_string}\",\"query-input\":\"required name=search_term_string\"}],\"inLanguage\":\"es-CO\"},{\"@type\":\"ImageObject\",\"@id\":\"https:\/\/www.ciencuadras.com\/blog\/consejos-para-inmobiliarias\/foro-inmobiliario-2025-tendencias-y-datos-clave#primaryimage\",\"inLanguage\":\"es-CO\",\"url\":\"https:\/\/www.ciencuadras.com\/blog\/wp-content\/uploads\/2025\/04\/Paola-Sua\\u0301rez-en-el-Foro-Inmobiliario-2025-.jpg\",\"width\":1600,\"height\":900,\"caption\":\"Paola Sua\\u0301rez en el Foro Inmobiliario 2025\"},{\"@type\":\"WebPage\",\"@id\":\"https:\/\/www.ciencuadras.com\/blog\/consejos-para-inmobiliarias\/foro-inmobiliario-2025-tendencias-y-datos-clave#webpage\",\"url\":\"https:\/\/www.ciencuadras.com\/blog\/consejos-para-inmobiliarias\/foro-inmobiliario-2025-tendencias-y-datos-clave\",\"name\":\"Foro Inmobiliario 2025: tendencias y datos clave | Ciencuadras\",\"isPartOf\":{\"@id\":\"https:\/\/www.ciencuadras.com\/blog\/#website\"},\"primaryImageOfPage\":{\"@id\":\"https:\/\/www.ciencuadras.com\/blog\/consejos-para-inmobiliarias\/foro-inmobiliario-2025-tendencias-y-datos-clave#primaryimage\"},\"datePublished\":\"2025-04-24T20:59:55+00:00\",\"dateModified\":\"2026-02-24T17:13:30+00:00\",\"description\":\"M\\u00e1s de 800 l\\u00edderes del sector se re\\u00fanen en Cartagena para el XV Foro Inmobiliario 2025, donde se abordan innovaci\\u00f3n, talento y anal\\u00edtica como ejes del futuro del real estate en Colombia.\",\"breadcrumb\":{\"@id\":\"https:\/\/www.ciencuadras.com\/blog\/consejos-para-inmobiliarias\/foro-inmobiliario-2025-tendencias-y-datos-clave#breadcrumb\"},\"inLanguage\":\"es-CO\",\"potentialAction\":[{\"@type\":\"ReadAction\",\"target\":[\"https:\/\/www.ciencuadras.com\/blog\/consejos-para-inmobiliarias\/foro-inmobiliario-2025-tendencias-y-datos-clave\"]}]},{\"@type\":\"BreadcrumbList\",\"@id\":\"https:\/\/www.ciencuadras.com\/blog\/consejos-para-inmobiliarias\/foro-inmobiliario-2025-tendencias-y-datos-clave#breadcrumb\",\"itemListElement\":[{\"@type\":\"ListItem\",\"position\":1,\"item\":{\"@type\":\"WebPage\",\"@id\":\"https:\/\/www.ciencuadras.com\/blog\",\"url\":\"https:\/\/www.ciencuadras.com\/blog\",\"name\":\"Blog\"}},{\"@type\":\"ListItem\",\"position\":2,\"item\":{\"@type\":\"WebPage\",\"@id\":\"https:\/\/www.ciencuadras.com\/blog\/consejos-para-inmobiliarias\/foro-inmobiliario-2025-tendencias-y-datos-clave\",\"url\":\"https:\/\/www.ciencuadras.com\/blog\/consejos-para-inmobiliarias\/foro-inmobiliario-2025-tendencias-y-datos-clave\",\"name\":\"Minuto a minuto del XV Foro Inmobiliario 2025: Innovaci\\u00f3n y futuro del real estate\"}}]},{\"@type\":\"Article\",\"@id\":\"https:\/\/www.ciencuadras.com\/blog\/consejos-para-inmobiliarias\/foro-inmobiliario-2025-tendencias-y-datos-clave#article\",\"isPartOf\":{\"@id\":\"https:\/\/www.ciencuadras.com\/blog\/consejos-para-inmobiliarias\/foro-inmobiliario-2025-tendencias-y-datos-clave#webpage\"},\"author\":{\"@id\":\"https:\/\/www.ciencuadras.com\/blog\/#\/schema\/person\/cc0b32db93618f32995212860cf644f8\"},\"headline\":\"Minuto a minuto del XV Foro Inmobiliario 2025: Innovaci\\u00f3n y futuro del real estate\",\"datePublished\":\"2025-04-24T20:59:55+00:00\",\"dateModified\":\"2026-02-24T17:13:30+00:00\",\"mainEntityOfPage\":{\"@id\":\"https:\/\/www.ciencuadras.com\/blog\/consejos-para-inmobiliarias\/foro-inmobiliario-2025-tendencias-y-datos-clave#webpage\"},\"commentCount\":0,\"publisher\":{\"@id\":\"https:\/\/www.ciencuadras.com\/blog\/#organization\"},\"image\":{\"@id\":\"https:\/\/www.ciencuadras.com\/blog\/consejos-para-inmobiliarias\/foro-inmobiliario-2025-tendencias-y-datos-clave#primaryimage\"},\"keywords\":\"Mercado inmobiliario,Real estate,Sector inmobiliario,Tendencias inmobiliarias\",\"articleSection\":\"Consejos para inmobiliarias,Tendencias\",\"inLanguage\":\"es-CO\",\"potentialAction\":[{\"@type\":\"CommentAction\",\"name\":\"Comment\",\"target\":[\"https:\/\/www.ciencuadras.com\/blog\/consejos-para-inmobiliarias\/foro-inmobiliario-2025-tendencias-y-datos-clave#respond\"]}]},{\"@type\":\"Person\",\"@id\":\"https:\/\/www.ciencuadras.com\/blog\/#\/schema\/person\/cc0b32db93618f32995212860cf644f8\",\"name\":\"Redacci\\u00f3n Ciencuadras\",\"description\":\"\\u00a1Hola! Soy el blog de ciencuadras.com, un portal inmobiliario del Grupo Bol\\u00edvar en el que encuentras casas, apartamentos, oficinas, fincas y m\\u00e1s inmuebles en arriendo y venta en toda Colombia. \\ud83d\\udc99Cuando me visitas, adem\\u00e1s de descubrir tu inmueble ideal, puedes estar al d\\u00eda con las noticias del sector inmobiliario y de la construcci\\u00f3n; aprender tips en decoraci\\u00f3n y organizaci\\u00f3n de espacios, y mucho m\\u00e1s.\",\"sameAs\":[\"https:\/\/www.ciencuadras.com\/\",\"https:\/\/www.facebook.com\/ciencuadras\/\",\"https:\/\/www.instagram.com\/ciencuadras\/\",\"https:\/\/www.linkedin.com\/company\/ciencuadras\/\",\"https:\/\/twitter.com\/ciencuadras\",\"https:\/\/www.youtube.com\/channel\/UC_f830HP5dUy6OjBIbjtlAw\"]}]}<\/script>\n<!-- \/ Yoast SEO plugin. -->","_links":{"self":[{"href":"https:\/\/www.ciencuadras.com\/blog\/wp-json\/wp\/v2\/posts\/123851"}],"collection":[{"href":"https:\/\/www.ciencuadras.com\/blog\/wp-json\/wp\/v2\/posts"}],"about":[{"href":"https:\/\/www.ciencuadras.com\/blog\/wp-json\/wp\/v2\/types\/post"}],"author":[{"embeddable":true,"href":"https:\/\/www.ciencuadras.com\/blog\/wp-json\/wp\/v2\/users\/9"}],"replies":[{"embeddable":true,"href":"https:\/\/www.ciencuadras.com\/blog\/wp-json\/wp\/v2\/comments?post=123851"}],"version-history":[{"count":54,"href":"https:\/\/www.ciencuadras.com\/blog\/wp-json\/wp\/v2\/posts\/123851\/revisions"}],"predecessor-version":[{"id":130010,"href":"https:\/\/www.ciencuadras.com\/blog\/wp-json\/wp\/v2\/posts\/123851\/revisions\/130010"}],"wp:featuredmedia":[{"embeddable":true,"href":"https:\/\/www.ciencuadras.com\/blog\/wp-json\/wp\/v2\/media\/123918"}],"wp:attachment":[{"href":"https:\/\/www.ciencuadras.com\/blog\/wp-json\/wp\/v2\/media?parent=123851"}],"wp:term":[{"taxonomy":"category","embeddable":true,"href":"https:\/\/www.ciencuadras.com\/blog\/wp-json\/wp\/v2\/categories?post=123851"},{"taxonomy":"post_tag","embeddable":true,"href":"https:\/\/www.ciencuadras.com\/blog\/wp-json\/wp\/v2\/tags?post=123851"}],"curies":[{"name":"wp","href":"https:\/\/api.w.org\/{rel}","templated":true}]}}