{"id":126048,"date":"2025-08-06T10:10:15","date_gmt":"2025-08-06T15:10:15","guid":{"rendered":"https:\/\/www.ciencuadras.com\/blog\/?p=126048"},"modified":"2025-10-22T17:05:29","modified_gmt":"2025-10-22T22:05:29","slug":"conoce-las-inmobiliarias-en-el-eje-cafetero-que-mas-recomiendan","status":"publish","type":"post","link":"https:\/\/www.ciencuadras.com\/blog\/guia-para-arrendar-inmuebles\/conoce-las-inmobiliarias-en-el-eje-cafetero-que-mas-recomiendan","title":{"rendered":"Las inmobiliarias imperdibles en el Eje Cafetero: experiencia y proyectos que inspiran"},"content":{"rendered":"\t\t<div data-elementor-type=\"wp-post\" data-elementor-id=\"126048\" class=\"elementor elementor-126048\" data-elementor-post-type=\"post\">\n\t\t\t\t\n<div class=\"elementor-element elementor-element-6fe941a2 e-flex e-con-boxed e-con e-parent\" data-id=\"6fe941a2\" data-element_type=\"container\">\n\t\t\t\t\t<div class=\"e-con-inner\">\n\t\t\t\t<div class=\"elementor-element elementor-element-282a7086 elementor-widget elementor-widget-text-editor\" data-id=\"282a7086\" data-element_type=\"widget\" data-widget_type=\"text-editor.default\">\n\t\t\t\t<div class=\"elementor-widget-container\">\n\t\t\t\t\t\t\t<p><!-- wp:paragraph --><\/p>\n<p>El Eje Cafetero se mueve, crece y se transforma\u2026 y detr\u00e1s de ese desarrollo hay inmobiliarias que hacen las cosas bien. En este especial de <strong><a href=\"https:\/\/www.ciencuadras.com\/?autopauta=Ambos_Link_126048_ciencuadras\">Ciencu<\/a><a href=\"https:\/\/www.ciencuadras.com\/?autopauta=Ambos_Link_126048_ciencuadras\" target=\"_blank\" rel=\"noreferrer noopener\">a<\/a><a href=\"https:\/\/www.ciencuadras.com\/?autopauta=Ambos_Link_126048_ciencuadras\">dras<\/a> <\/strong>te llevamos a conocer seis de las m\u00e1s destacadas de esta regi\u00f3n: fuimos hasta sus oficinas, hablamos con sus equipos y descubrimos sus proyectos, su historia y sus mejores recomendaciones para quienes buscan una vivienda.<\/p>\n<p><!-- \/wp:paragraph --><!-- wp:paragraph --><\/p>\n<p>\u00a0Porque si hay algo claro es que, al momento de comprar o arrendar, tener el respaldo de una inmobiliaria confiable no es un lujo, es una necesidad. Ellas son, sin duda, las mejores aliadas para tomar decisiones acertadas y seguras en finca ra\u00edz.<\/p>\n<p><!-- \/wp:paragraph --><!-- wp:group {\"layout\":{\"type\":\"constrained\"}} --><\/p>\n<div class=\"wp-block-group\">\n<p><!-- wp:columns --><\/p>\n<div class=\"wp-block-columns\">\n<p><!-- wp:column --><\/p>\n<div class=\"wp-block-column\">\n<p><!-- wp:paragraph --><\/p>\n<p><strong>Una inmobiliaria con respaldo asegurador y visi\u00f3n digital en el Eje Cafetero<\/strong><\/p>\n<p><!-- \/wp:paragraph --><!-- wp:paragraph --><\/p>\n<p>Con m\u00e1s de 25 a\u00f1os de trayectoria en el sector,<strong> la inmobiliaria <a href=\"https:\/\/www.instagram.com\/inmobiliariacim\/\" target=\"_blank\" rel=\"noreferrer noopener\">Clara In\u00e9s Mej\u00eda<\/a><\/strong> se ha posicionado como una aliada integral para las familias que buscan comprar, vender o arrendar vivienda en Pereira, Dos Quebradas, Cerritos y Santa Rosa. Paula Murillo, su directora comercial, destaca que el su acompa\u00f1amiento no se ha limitado solo a mostrar inmuebles, sino que tambi\u00e9n ofrecen asesor\u00eda legal, fotograf\u00eda profesional y apoyo constante en cada etapa del proceso. Este enfoque les ha permitido construir relaciones s\u00f3lidas con los clientes, respaldadas por portales como Ciencuadras, que les ha ayudado a captar leads calificados y ampliar su alcance a nivel nacional e incluso internacional.<\/p>\n<p><!-- \/wp:paragraph --><!-- wp:paragraph --><\/p>\n<p>M\u00e1s all\u00e1 del negocio inmobiliario, la empresa refleja un fuerte compromiso social a trav\u00e9s de su fundaci\u00f3n <strong>Empat\u00eda Animal Pereira<\/strong>, que lleva 15 a\u00f1os rescatando animales en condici\u00f3n de vulnerabilidad. La combinaci\u00f3n de un servicio profesional y completo, una estrategia s\u00f3lida de captaci\u00f3n digital y una causa social clara, hacen de Clara In\u00e9s Mej\u00eda una inmobiliaria con prop\u00f3sito, adaptada a las necesidades del mercado actual y preparada para seguir creciendo en un entorno competitivo.<\/p>\n<p><!-- \/wp:paragraph --><\/p>\n<\/div>\n<p><!-- \/wp:column --><!-- wp:column --><\/p>\n<div class=\"wp-block-column\">\n<p><!-- wp:html --><\/p>\n<blockquote class=\"instagram-media\" style=\"background: #FFF; border: 0; border-radius: 3px; box-shadow: 0 0 1px 0 rgba(0,0,0,0.5),0 1px 10px 0 rgba(0,0,0,0.15); margin: 1px; max-width: 540px; min-width: 326px; padding: 0; width: calc(100% - 2px);\" data-instgrm-permalink=\"https:\/\/www.instagram.com\/reel\/DMRQRGgstyb\/?utm_source=ig_embed&amp;utm_campaign=loading\" data-instgrm-version=\"14\">\n<div style=\"padding: 16px;\">\n<div style=\"display: flex; flex-direction: row; align-items: center;\">\n<div style=\"background-color: #f4f4f4; border-radius: 50%; flex-grow: 0; height: 40px; margin-right: 14px; width: 40px;\">\u00a0<\/div>\n<div style=\"display: flex; flex-direction: column; flex-grow: 1; justify-content: center;\">\n<div style=\"background-color: #f4f4f4; border-radius: 4px; flex-grow: 0; height: 14px; margin-bottom: 6px; width: 100px;\">\u00a0<\/div>\n<div style=\"background-color: #f4f4f4; border-radius: 4px; flex-grow: 0; height: 14px; width: 60px;\">\u00a0<\/div>\n<\/div>\n<\/div>\n<div style=\"padding: 19% 0;\">\u00a0<\/div>\n<div style=\"display: block; height: 50px; margin: 0 auto 12px; width: 50px;\">\u00a0<\/div>\n<div style=\"padding-top: 8px;\">\n<div style=\"color: #3897f0; font-family: Arial,sans-serif; font-size: 14px; font-style: normal; font-weight: 550; line-height: 18px;\">Ver esta publicaci\u00f3n en Instagram<\/div>\n<\/div>\n<div style=\"padding: 12.5% 0;\">\u00a0<\/div>\n<div style=\"display: flex; flex-direction: row; margin-bottom: 14px; align-items: center;\">\n<div>\n<div style=\"background-color: #f4f4f4; border-radius: 50%; height: 12.5px; width: 12.5px; transform: translateX(0px) translateY(7px);\">\u00a0<\/div>\n<div style=\"background-color: #f4f4f4; height: 12.5px; transform: rotate(-45deg) translateX(3px) translateY(1px); width: 12.5px; flex-grow: 0; margin-right: 14px; margin-left: 2px;\">\u00a0<\/div>\n<div style=\"background-color: #f4f4f4; border-radius: 50%; height: 12.5px; width: 12.5px; transform: translateX(9px) translateY(-18px);\">\u00a0<\/div>\n<\/div>\n<div style=\"margin-left: 8px;\">\n<div style=\"background-color: #f4f4f4; border-radius: 50%; flex-grow: 0; height: 20px; width: 20px;\">\u00a0<\/div>\n<div style=\"width: 0; height: 0; border-top: 2px solid transparent; border-left: 6px solid #f4f4f4; border-bottom: 2px solid transparent; transform: translateX(16px) translateY(-4px) rotate(30deg);\">\u00a0<\/div>\n<\/div>\n<div style=\"margin-left: auto;\">\n<div style=\"width: 0px; border-top: 8px solid #F4F4F4; border-right: 8px solid transparent; transform: translateY(16px);\">\u00a0<\/div>\n<div style=\"background-color: #f4f4f4; flex-grow: 0; height: 12px; width: 16px; transform: translateY(-4px);\">\u00a0<\/div>\n<div style=\"width: 0; height: 0; border-top: 8px solid #F4F4F4; border-left: 8px solid transparent; transform: translateY(-4px) translateX(8px);\">\u00a0<\/div>\n<\/div>\n<\/div>\n<div style=\"display: flex; flex-direction: column; flex-grow: 1; justify-content: center; margin-bottom: 24px;\">\n<div style=\"background-color: #f4f4f4; border-radius: 4px; flex-grow: 0; height: 14px; margin-bottom: 6px; width: 224px;\">\u00a0<\/div>\n<div style=\"background-color: #f4f4f4; border-radius: 4px; flex-grow: 0; height: 14px; width: 144px;\">\u00a0<\/div>\n<\/div>\n<p style=\"color: #c9c8cd; font-family: Arial,sans-serif; font-size: 14px; line-height: 17px; margin-bottom: 0; margin-top: 8px; overflow: hidden; padding: 8px 0 7px; text-align: center; text-overflow: ellipsis; white-space: nowrap;\"><a style=\"color: #c9c8cd; font-family: Arial,sans-serif; font-size: 14px; font-style: normal; font-weight: normal; line-height: 17px; text-decoration: none;\" href=\"https:\/\/www.instagram.com\/reel\/DMRQRGgstyb\/?utm_source=ig_embed&amp;utm_campaign=loading\" target=\"_blank\" rel=\"noopener\">Una publicaci\u00f3n compartida por Ciencuadras | Bienes Ra\u00edces (@ciencuadras)<\/a><\/p>\n<\/div>\n<\/blockquote>\n<p><script async=\"\" src=\"\/\/www.instagram.com\/embed.js\"><\/script><\/p>\n<p><!-- \/wp:html --><\/p>\n<\/div>\n<p><!-- \/wp:column --><\/p>\n<\/div>\n<p><!-- \/wp:columns --><!-- wp:columns --><\/p>\n<div class=\"wp-block-columns\">\n<p><!-- wp:column --><\/p>\n<div class=\"wp-block-column\">\n<p><!-- wp:image {\"id\":126139,\"width\":\"840px\",\"height\":\"auto\",\"aspectRatio\":\"3.5\",\"sizeSlug\":\"full\",\"linkDestination\":\"custom\"} --><\/p>\n<figure class=\"wp-block-image size-full is-resized\"><a href=\"https:\/\/www.ciencuadras.com\/publicacion-inmuebles\/inmobiliaria?autopauta=Ambos_700X200_banner_Mitad_126048_ciencuadras\" target=\"_blank\" rel=\"noreferrer noopener\"><img fetchpriority=\"high\" decoding=\"async\" width=\"700\" height=\"200\" class=\"wp-image-126139\" style=\"aspect-ratio: 3.5; width: 840px; height: auto;\" src=\"https:\/\/www.ciencuadras.com\/blog\/wp-content\/uploads\/2025\/07\/700x200_AP-push-inmobiliarias-3.jpg\" alt=\"\" srcset=\"https:\/\/www.ciencuadras.com\/blog\/wp-content\/uploads\/2025\/07\/700x200_AP-push-inmobiliarias-3.jpg 700w, https:\/\/www.ciencuadras.com\/blog\/wp-content\/uploads\/2025\/07\/700x200_AP-push-inmobiliarias-3-300x86.jpg 300w\" sizes=\"(max-width: 700px) 100vw, 700px\" \/><\/a><\/figure>\n<p><!-- \/wp:image --><!-- wp:columns --><\/p>\n<div class=\"wp-block-columns\">\n<p><!-- wp:column --><\/p>\n<div class=\"wp-block-column\">\n<p><!-- wp:paragraph --><\/p>\n<p><strong>\u00a0<\/strong><\/p>\n<p><strong>Una empresa familiar con vocaci\u00f3n social y visi\u00f3n integral<\/strong><\/p>\n<p><!-- \/wp:paragraph --><!-- wp:paragraph --><\/p>\n<p>Con una trayectoria consolidada en el mercado del Eje Cafetero, <strong><a href=\"https:\/\/www.instagram.com\/castellon_inmobiliaria\/\">Castell\u00f3n Inmobiliaria<\/a> ha sido testigo y protagonista del crecimiento sostenido de Pereira como destino de inversi\u00f3n. <\/strong>Su experiencia en la regi\u00f3n le permite ofrecer una visi\u00f3n estrat\u00e9gica sobre las oportunidades que brinda esta ciudad, donde la calidad de vida \u2014con su entorno natural, clima templado, amplia oferta gastron\u00f3mica y distancias cortas\u2014 se ha convertido en un valor agregado clave al momento de adquirir vivienda.<\/p>\n<p><!-- \/wp:paragraph --><!-- wp:paragraph --><\/p>\n<p>\u00a0Desde apartamentos desde 200 millones de pesos hasta casas campestres de lujo, la firma destaca que la diversidad de opciones y los precios competitivos son un im\u00e1n para compradores e inversionistas que buscan retornos atractivos y calidad residencial.<\/p>\n<p><!-- \/wp:paragraph --><!-- wp:paragraph --><\/p>\n<p>Desde su conocimiento profundo del mercado, la inmobiliaria enfatiza que invertir hoy en Pereira es apostar por un territorio con proyecci\u00f3n, donde la valorizaci\u00f3n de las propiedades va de la mano con el bienestar y el dinamismo de una ciudad en plena expansi\u00f3n.<\/p>\n<p><!-- \/wp:paragraph --><\/p>\n<\/div>\n<p><!-- \/wp:column --><!-- wp:column --><\/p>\n<div class=\"wp-block-column\">\n<p><!-- wp:html --><\/p>\n<blockquote class=\"instagram-media\" style=\"background: #FFF; border: 0; border-radius: 3px; box-shadow: 0 0 1px 0 rgba(0,0,0,0.5),0 1px 10px 0 rgba(0,0,0,0.15); margin: 1px; max-width: 540px; min-width: 326px; padding: 0; width: calc(100% - 2px);\" data-instgrm-permalink=\"https:\/\/www.instagram.com\/reel\/DMEZ0llJxyx\/?utm_source=ig_embed&amp;utm_campaign=loading\" data-instgrm-version=\"14\">\n<div style=\"padding: 16px;\">\n<div style=\"display: flex; flex-direction: row; align-items: center;\">\n<div style=\"background-color: #f4f4f4; border-radius: 50%; flex-grow: 0; height: 40px; margin-right: 14px; width: 40px;\">\u00a0<\/div>\n<div style=\"display: flex; flex-direction: column; flex-grow: 1; justify-content: center;\">\n<div style=\"background-color: #f4f4f4; border-radius: 4px; flex-grow: 0; height: 14px; margin-bottom: 6px; width: 100px;\">\u00a0<\/div>\n<div style=\"background-color: #f4f4f4; border-radius: 4px; flex-grow: 0; height: 14px; width: 60px;\">\u00a0<\/div>\n<\/div>\n<\/div>\n<div style=\"padding: 19% 0;\">\u00a0<\/div>\n<div style=\"display: block; height: 50px; margin: 0 auto 12px; width: 50px;\">\u00a0<\/div>\n<div style=\"padding-top: 8px;\">\n<div style=\"color: #3897f0; font-family: Arial,sans-serif; font-size: 14px; font-style: normal; font-weight: 550; line-height: 18px;\">Ver esta publicaci\u00f3n en Instagram<\/div>\n<\/div>\n<div style=\"padding: 12.5% 0;\">\u00a0<\/div>\n<div style=\"display: flex; flex-direction: row; margin-bottom: 14px; align-items: center;\">\n<div>\n<div style=\"background-color: #f4f4f4; border-radius: 50%; height: 12.5px; width: 12.5px; transform: translateX(0px) translateY(7px);\">\u00a0<\/div>\n<div style=\"background-color: #f4f4f4; height: 12.5px; transform: rotate(-45deg) translateX(3px) translateY(1px); width: 12.5px; flex-grow: 0; margin-right: 14px; margin-left: 2px;\">\u00a0<\/div>\n<div style=\"background-color: #f4f4f4; border-radius: 50%; height: 12.5px; width: 12.5px; transform: translateX(9px) translateY(-18px);\">\u00a0<\/div>\n<\/div>\n<div style=\"margin-left: 8px;\">\n<div style=\"background-color: #f4f4f4; border-radius: 50%; flex-grow: 0; height: 20px; width: 20px;\">\u00a0<\/div>\n<div style=\"width: 0; height: 0; border-top: 2px solid transparent; border-left: 6px solid #f4f4f4; border-bottom: 2px solid transparent; transform: translateX(16px) translateY(-4px) rotate(30deg);\">\u00a0<\/div>\n<\/div>\n<div style=\"margin-left: auto;\">\n<div style=\"width: 0px; border-top: 8px solid #F4F4F4; border-right: 8px solid transparent; transform: translateY(16px);\">\u00a0<\/div>\n<div style=\"background-color: #f4f4f4; flex-grow: 0; height: 12px; width: 16px; transform: translateY(-4px);\">\u00a0<\/div>\n<div style=\"width: 0; height: 0; border-top: 8px solid #F4F4F4; border-left: 8px solid transparent; transform: translateY(-4px) translateX(8px);\">\u00a0<\/div>\n<\/div>\n<\/div>\n<div style=\"display: flex; flex-direction: column; flex-grow: 1; justify-content: center; margin-bottom: 24px;\">\n<div style=\"background-color: #f4f4f4; border-radius: 4px; flex-grow: 0; height: 14px; margin-bottom: 6px; width: 224px;\">\u00a0<\/div>\n<div style=\"background-color: #f4f4f4; border-radius: 4px; flex-grow: 0; height: 14px; width: 144px;\">\u00a0<\/div>\n<\/div>\n<p style=\"color: #c9c8cd; font-family: Arial,sans-serif; font-size: 14px; line-height: 17px; margin-bottom: 0; margin-top: 8px; overflow: hidden; padding: 8px 0 7px; text-align: center; text-overflow: ellipsis; white-space: nowrap;\"><a style=\"color: #c9c8cd; font-family: Arial,sans-serif; font-size: 14px; font-style: normal; font-weight: normal; line-height: 17px; text-decoration: none;\" href=\"https:\/\/www.instagram.com\/reel\/DMEZ0llJxyx\/?utm_source=ig_embed&amp;utm_campaign=loading\" target=\"_blank\" rel=\"noopener\">Una publicaci\u00f3n compartida por Ciencuadras | Bienes Ra\u00edces (@ciencuadras)<\/a><\/p>\n<\/div>\n<\/blockquote>\n<p><script async=\"\" src=\"\/\/www.instagram.com\/embed.js\"><\/script> <!-- \/wp:html --><\/p>\n<\/div>\n<p><!-- \/wp:column --><\/p>\n<\/div>\n<p><!-- \/wp:columns --><\/p>\n<\/div>\n<p><!-- \/wp:column --><\/p>\n<\/div>\n<p><!-- \/wp:columns --><\/p>\n<\/div>\n<p><!-- \/wp:group --><!-- wp:paragraph --><\/p>\n<p><strong><em>Tambi\u00e9n puede leer:<\/em> <\/strong><a href=\"https:\/\/www.ciencuadras.com\/blog\/guia-para-arrendar-inmuebles\/ventajas-de-arrendar-con-inmobiliaria-en-colombia\"><strong>Beneficios de arrendar a tra<\/strong><\/a><a href=\"https:\/\/www.ciencuadras.com\/blog\/guia-para-arrendar-inmuebles\/ventajas-de-arrendar-con-inmobiliaria-en-colombia\" target=\"_blank\" rel=\"noreferrer noopener\"><strong>v\u00e9s de una inmobiliaria en Colombia<\/strong><\/a><\/p>\n<p><!-- \/wp:paragraph --><!-- wp:paragraph --><\/p>\n<h2><strong>Experticia en Pereira y visi\u00f3n de ciudad con futuro<\/strong><\/h2>\n<p><!-- \/wp:paragraph --><!-- wp:columns --><\/p>\n<div class=\"wp-block-columns\">\n<p><!-- wp:column --><\/p>\n<div class=\"wp-block-column\">\n<p><!-- wp:paragraph --><\/p>\n<p>Con m\u00e1s de nueve a\u00f1os de experiencia en Santa Rosa de Cabal y dos en Pereira, <strong>Valencia Inmobiliaria se ha posicionado como una opci\u00f3n confiable y cercana para quienes buscan arrendar o comprar vivienda.<\/strong> Su propuesta de valor se basa en un acompa\u00f1amiento integral que comienza desde el primer contacto en la oficina y se mantiene hasta la firma final. De acuerdo con Jaime Valencia este enfoque cercano y profesional\u00a0 es lo que les ha permitido generar relaciones de confianza con sus clientes, respaldadas adem\u00e1s por una s\u00f3lida alianza con la aseguradora El Libertador, que garantiza seguridad y respaldo en cada transacci\u00f3n.\u00a0<\/p>\n<p><!-- \/wp:paragraph --><!-- wp:paragraph --><\/p>\n<p>Adem\u00e1s de su experiencia y conocimiento del territorio, Valencia Inmobiliaria apuesta por plataformas digitales como las disponibles con Ciencuadras, que les permite ampliar su alcance y ofrecer una vitrina actualizada de inmuebles. Esta combinaci\u00f3n de tecnolog\u00eda, respaldo asegurador y trato humano le ha permitido a la inmobiliaria consolidarse y proyectarse hacia el futuro, con una visi\u00f3n clara de crecimiento sostenible.\u00a0<\/p>\n<\/div>\n<\/div>\n<p><!-- \/wp:paragraph --><!-- wp:html --><\/p>\n<p><!-- \/wp:html --><\/p>\t\t\t\t\t\t<\/div>\n\t\t\t\t<\/div>\n\t\t\t\t<div class=\"elementor-element elementor-element-389ae9d elementor-widget elementor-widget-html\" data-id=\"389ae9d\" data-element_type=\"widget\" data-widget_type=\"html.default\">\n\t\t\t\t<div class=\"elementor-widget-container\">\n\t\t\t<blockquote class=\"tiktok-embed\" cite=\"https:\/\/www.tiktok.com\/@ciencuadras\/video\/7528187938472054021\" data-video-id=\"7528187938472054021\" style=\"max-width: 605px;min-width: 325px;\" > <section> <a target=\"_blank\" title=\"@ciencuadras\" href=\"https:\/\/www.tiktok.com\/@ciencuadras?refer=embed\">@ciencuadras<\/a> Juntos hacemos realidad tu sue\u00f1o de hogar. Con nuestra alianza con VALENCIA INMOBILIARIA en Pereira, conectamos a m\u00e1s personas con el lugar ideal para vivir\ud83c\udfd8\ufe0f \u2728  Descubre todas las opciones disponibles en Ciencuadras\ud83d\udc99 <a title=\"vivienda\" target=\"_blank\" href=\"https:\/\/www.tiktok.com\/tag\/vivienda?refer=embed\">#vivienda<\/a> <a title=\"pereira\" target=\"_blank\" href=\"https:\/\/www.tiktok.com\/tag\/pereira?refer=embed\">#pereira<\/a> <a title=\"inmobiliaria\" target=\"_blank\" href=\"https:\/\/www.tiktok.com\/tag\/inmobiliaria?refer=embed\">#inmobiliaria<\/a> <a title=\"hogar\" target=\"_blank\" href=\"https:\/\/www.tiktok.com\/tag\/hogar?refer=embed\">#hogar<\/a> <a title=\"bienesraices\" target=\"_blank\" href=\"https:\/\/www.tiktok.com\/tag\/bienesraices?refer=embed\">#bienesraices<\/a> <a title=\"sectorinmobiliario\" target=\"_blank\" href=\"https:\/\/www.tiktok.com\/tag\/sectorinmobiliario?refer=embed\">#sectorinmobiliario<\/a> <a title=\"arriendo\" target=\"_blank\" href=\"https:\/\/www.tiktok.com\/tag\/arriendo?refer=embed\">#arriendo<\/a> <a title=\"arriendopereira\" target=\"_blank\" href=\"https:\/\/www.tiktok.com\/tag\/arriendopereira?refer=embed\">#arriendopereira<\/a> <a target=\"_blank\" title=\"\u266c positive, confident, present, progress, corporate VP(1518395) - KosukeKawaguchi\" href=\"https:\/\/www.tiktok.com\/music\/positive-confident-present-progress-corporate-VP-1518395-7338118640749365249?refer=embed\">\u266c positive, confident, present, progress, corporate VP(1518395) - KosukeKawaguchi<\/a> <\/section> <\/blockquote> <script async src=\"https:\/\/www.tiktok.com\/embed.js\"><\/script>\t\t<\/div>\n\t\t\t\t<\/div>\n\t\t\t\t\t<\/div>\n\t\t\t\t<\/div>\n\t\t<div class=\"elementor-element elementor-element-985afbd e-flex e-con-boxed e-con e-parent\" data-id=\"985afbd\" data-element_type=\"container\">\n\t\t\t\t\t<div class=\"e-con-inner\">\n\t\t\t\t<div class=\"elementor-element elementor-element-62725f5 elementor-widget elementor-widget-text-editor\" data-id=\"62725f5\" data-element_type=\"widget\" data-widget_type=\"text-editor.default\">\n\t\t\t\t<div class=\"elementor-widget-container\">\n\t\t\t\t\t\t\t<p>En<strong><em> <a href=\"https:\/\/www.ciencuadras.com\/?autopauta=Ambos_Link_126048_ciencuadras\" target=\"_blank\" rel=\"noreferrer noopener\">Ciencuadras<\/a><\/em><\/strong> creemos en las alianzas que transforman vidas. Por eso, apoyamos a inmobiliarias que hacen las cosas bien: con transparencia, cercan\u00eda y visi\u00f3n. A trav\u00e9s de nuestra plataforma, puedes encontrar tu espacio ideal de la mano de estas inmobiliarias del Eje Cafetero, que combinan experiencia, compromiso y un profundo conocimiento del sector.<\/p>\t\t\t\t\t\t<\/div>\n\t\t\t\t<\/div>\n\t\t\t\t\t<\/div>\n\t\t\t\t<\/div>\n\t\t<div class=\"elementor-element elementor-element-d39ff29 e-flex e-con-boxed e-con e-parent\" data-id=\"d39ff29\" data-element_type=\"container\">\n\t\t\t\t\t<div class=\"e-con-inner\">\n\t\t\t\t<div class=\"elementor-element elementor-element-65db283 elementor-widget elementor-widget-heading\" data-id=\"65db283\" data-element_type=\"widget\" data-widget_type=\"heading.default\">\n\t\t\t\t<div class=\"elementor-widget-container\">\n\t\t\t<h2 class=\"elementor-heading-title elementor-size-default\">\u00a1M\u00e1s inmobiliarias recomendadas en el Eje Cafetero!<\/h2>\t\t<\/div>\n\t\t\t\t<\/div>\n\t\t\t\t\t<\/div>\n\t\t\t\t<\/div>\n\t\t<div class=\"elementor-element elementor-element-f646ca6 e-flex e-con-boxed e-con e-parent\" data-id=\"f646ca6\" data-element_type=\"container\">\n\t\t\t\t\t<div class=\"e-con-inner\">\n\t\t\t\t<div class=\"elementor-element elementor-element-c42f798 elementor-widget elementor-widget-n-accordion\" data-id=\"c42f798\" data-element_type=\"widget\" data-settings=\"{&quot;default_state&quot;:&quot;expanded&quot;,&quot;max_items_expended&quot;:&quot;one&quot;,&quot;n_accordion_animation_duration&quot;:{&quot;unit&quot;:&quot;ms&quot;,&quot;size&quot;:400,&quot;sizes&quot;:[]}}\" data-widget_type=\"nested-accordion.default\">\n\t\t\t\t<div class=\"elementor-widget-container\">\n\t\t\t\t\t<div class=\"e-n-accordion\" aria-label=\"Accordion. Open links with Enter or Space, close with Escape, and navigate with Arrow Keys\">\n\t\t\t\t\t\t<details id=\"e-n-accordion-item-2050\" class=\"e-n-accordion-item\" open>\n\t\t\t\t<summary class=\"e-n-accordion-item-title\" data-accordion-index=\"1\" tabindex=\"0\" aria-expanded=\"true\" aria-controls=\"e-n-accordion-item-2050\" >\n\t\t\t\t\t<span class='e-n-accordion-item-title-header'><div class=\"e-n-accordion-item-title-text\"> BIENES Y CONSTRUCCIONES INMOBILIARIA <\/div><\/span>\n\t\t\t\t\t\t\t<span class='e-n-accordion-item-title-icon'>\n\t\t\t<span class='e-opened' ><svg aria-hidden=\"true\" class=\"e-font-icon-svg e-fas-minus\" viewBox=\"0 0 448 512\" xmlns=\"http:\/\/www.w3.org\/2000\/svg\"><path d=\"M416 208H32c-17.67 0-32 14.33-32 32v32c0 17.67 14.33 32 32 32h384c17.67 0 32-14.33 32-32v-32c0-17.67-14.33-32-32-32z\"><\/path><\/svg><\/span>\n\t\t\t<span class='e-closed'><svg aria-hidden=\"true\" class=\"e-font-icon-svg e-fas-plus\" viewBox=\"0 0 448 512\" xmlns=\"http:\/\/www.w3.org\/2000\/svg\"><path d=\"M416 208H272V64c0-17.67-14.33-32-32-32h-32c-17.67 0-32 14.33-32 32v144H32c-17.67 0-32 14.33-32 32v32c0 17.67 14.33 32 32 32h144v144c0 17.67 14.33 32 32 32h32c17.67 0 32-14.33 32-32V304h144c17.67 0 32-14.33 32-32v-32c0-17.67-14.33-32-32-32z\"><\/path><\/svg><\/span>\n\t\t<\/span>\n\n\t\t\t\t\t\t<\/summary>\n\t\t\t\t<div role=\"region\" aria-labelledby=\"e-n-accordion-item-2050\" class=\"elementor-element elementor-element-64e19fc e-con-full e-flex e-con e-child\" data-id=\"64e19fc\" data-element_type=\"container\">\n\t\t<div role=\"region\" aria-labelledby=\"e-n-accordion-item-2050\" class=\"elementor-element elementor-element-428b143 e-flex e-con-boxed e-con e-child\" data-id=\"428b143\" data-element_type=\"container\">\n\t\t\t\t\t<div class=\"e-con-inner\">\n\t\t\t\t<div class=\"elementor-element elementor-element-1e22564 elementor-widget elementor-widget-image\" data-id=\"1e22564\" data-element_type=\"widget\" data-widget_type=\"image.default\">\n\t\t\t\t<div class=\"elementor-widget-container\">\n\t\t\t\t\t\t\t\t\t\t\t\t\t\t<a href=\"https:\/\/www.ciencuadras.com\/inmobiliaria\/bienes-y-construcciones-inmobiliaria-271491?utm_source=Autopauta&#038;utm_medium=Blog_Banner_Interno&#038;utm_campaign=BG_26048_Bienescontrucciones_Inmobiliaria\" target=\"_blank\">\n\t\t\t\t\t\t\t<img decoding=\"async\" width=\"1024\" height=\"527\" src=\"https:\/\/www.ciencuadras.com\/blog\/wp-content\/uploads\/2025\/08\/Inmuebles-de-Bienes-y-construcciones-Inmobiliaria--1024x527.png\" class=\"attachment-large size-large wp-image-127279\" alt=\"Inmuebles de Bienes y construcciones Inmobiliaria\" srcset=\"https:\/\/www.ciencuadras.com\/blog\/wp-content\/uploads\/2025\/08\/Inmuebles-de-Bienes-y-construcciones-Inmobiliaria--1024x527.png 1024w, https:\/\/www.ciencuadras.com\/blog\/wp-content\/uploads\/2025\/08\/Inmuebles-de-Bienes-y-construcciones-Inmobiliaria--300x154.png 300w, https:\/\/www.ciencuadras.com\/blog\/wp-content\/uploads\/2025\/08\/Inmuebles-de-Bienes-y-construcciones-Inmobiliaria--768x395.png 768w, https:\/\/www.ciencuadras.com\/blog\/wp-content\/uploads\/2025\/08\/Inmuebles-de-Bienes-y-construcciones-Inmobiliaria-.png 1282w\" sizes=\"(max-width: 1024px) 100vw, 1024px\" \/>\t\t\t\t\t\t\t\t<\/a>\n\t\t\t\t\t\t\t\t\t\t\t\t\t<\/div>\n\t\t\t\t<\/div>\n\t\t\t\t\t<\/div>\n\t\t\t\t<\/div>\n\t\t\t\t<\/div>\n\t\t\t\t\t<\/details>\n\t\t\t\t\t\t<details id=\"e-n-accordion-item-2051\" class=\"e-n-accordion-item\" >\n\t\t\t\t<summary class=\"e-n-accordion-item-title\" data-accordion-index=\"2\" tabindex=\"-1\" aria-expanded=\"false\" aria-controls=\"e-n-accordion-item-2051\" >\n\t\t\t\t\t<span class='e-n-accordion-item-title-header'><div class=\"e-n-accordion-item-title-text\"> ESTIRPE NEGOCIOS INMOBILIARIOS S.A.S. <\/div><\/span>\n\t\t\t\t\t\t\t<span class='e-n-accordion-item-title-icon'>\n\t\t\t<span class='e-opened' ><svg aria-hidden=\"true\" class=\"e-font-icon-svg e-fas-minus\" viewBox=\"0 0 448 512\" xmlns=\"http:\/\/www.w3.org\/2000\/svg\"><path d=\"M416 208H32c-17.67 0-32 14.33-32 32v32c0 17.67 14.33 32 32 32h384c17.67 0 32-14.33 32-32v-32c0-17.67-14.33-32-32-32z\"><\/path><\/svg><\/span>\n\t\t\t<span class='e-closed'><svg aria-hidden=\"true\" class=\"e-font-icon-svg e-fas-plus\" viewBox=\"0 0 448 512\" xmlns=\"http:\/\/www.w3.org\/2000\/svg\"><path d=\"M416 208H272V64c0-17.67-14.33-32-32-32h-32c-17.67 0-32 14.33-32 32v144H32c-17.67 0-32 14.33-32 32v32c0 17.67 14.33 32 32 32h144v144c0 17.67 14.33 32 32 32h32c17.67 0 32-14.33 32-32V304h144c17.67 0 32-14.33 32-32v-32c0-17.67-14.33-32-32-32z\"><\/path><\/svg><\/span>\n\t\t<\/span>\n\n\t\t\t\t\t\t<\/summary>\n\t\t\t\t<div role=\"region\" aria-labelledby=\"e-n-accordion-item-2051\" class=\"elementor-element elementor-element-16a1b56 e-con-full e-flex e-con e-child\" data-id=\"16a1b56\" data-element_type=\"container\">\n\t\t<div role=\"region\" aria-labelledby=\"e-n-accordion-item-2051\" class=\"elementor-element elementor-element-c081a78 e-flex e-con-boxed e-con e-child\" data-id=\"c081a78\" data-element_type=\"container\">\n\t\t\t\t\t<div class=\"e-con-inner\">\n\t\t\t\t<div class=\"elementor-element elementor-element-dc5d10e elementor-widget elementor-widget-image\" data-id=\"dc5d10e\" data-element_type=\"widget\" data-widget_type=\"image.default\">\n\t\t\t\t<div class=\"elementor-widget-container\">\n\t\t\t\t\t\t\t\t\t\t\t\t\t\t<a href=\"https:\/\/www.ciencuadras.com\/inmobiliaria\/estirpe-negocios-inmobiliarios-sas-295455?utm_source=Autopauta&#038;utm_medium=Blog_Banner_Interno&#038;utm_campaign=BG_26048_Estirpe_Negocios\" target=\"_blank\">\n\t\t\t\t\t\t\t<img decoding=\"async\" width=\"1024\" height=\"519\" src=\"https:\/\/www.ciencuadras.com\/blog\/wp-content\/uploads\/2025\/08\/Inmuebles-de-ESTIRPE-NEGOCIOS-INMOBILIARIOS-S.A.S-1024x519.png\" class=\"attachment-large size-large wp-image-127280\" alt=\"\" srcset=\"https:\/\/www.ciencuadras.com\/blog\/wp-content\/uploads\/2025\/08\/Inmuebles-de-ESTIRPE-NEGOCIOS-INMOBILIARIOS-S.A.S-1024x519.png 1024w, https:\/\/www.ciencuadras.com\/blog\/wp-content\/uploads\/2025\/08\/Inmuebles-de-ESTIRPE-NEGOCIOS-INMOBILIARIOS-S.A.S-300x152.png 300w, https:\/\/www.ciencuadras.com\/blog\/wp-content\/uploads\/2025\/08\/Inmuebles-de-ESTIRPE-NEGOCIOS-INMOBILIARIOS-S.A.S-768x389.png 768w, https:\/\/www.ciencuadras.com\/blog\/wp-content\/uploads\/2025\/08\/Inmuebles-de-ESTIRPE-NEGOCIOS-INMOBILIARIOS-S.A.S.png 1274w\" sizes=\"(max-width: 1024px) 100vw, 1024px\" \/>\t\t\t\t\t\t\t\t<\/a>\n\t\t\t\t\t\t\t\t\t\t\t\t\t<\/div>\n\t\t\t\t<\/div>\n\t\t\t\t\t<\/div>\n\t\t\t\t<\/div>\n\t\t\t\t<\/div>\n\t\t\t\t\t<\/details>\n\t\t\t\t\t\t<details id=\"e-n-accordion-item-2052\" class=\"e-n-accordion-item\" >\n\t\t\t\t<summary class=\"e-n-accordion-item-title\" data-accordion-index=\"3\" tabindex=\"-1\" aria-expanded=\"false\" aria-controls=\"e-n-accordion-item-2052\" >\n\t\t\t\t\t<span class='e-n-accordion-item-title-header'><div class=\"e-n-accordion-item-title-text\"> QUIET HOME INMOBILIARIA <\/div><\/span>\n\t\t\t\t\t\t\t<span class='e-n-accordion-item-title-icon'>\n\t\t\t<span class='e-opened' ><svg aria-hidden=\"true\" class=\"e-font-icon-svg e-fas-minus\" viewBox=\"0 0 448 512\" xmlns=\"http:\/\/www.w3.org\/2000\/svg\"><path d=\"M416 208H32c-17.67 0-32 14.33-32 32v32c0 17.67 14.33 32 32 32h384c17.67 0 32-14.33 32-32v-32c0-17.67-14.33-32-32-32z\"><\/path><\/svg><\/span>\n\t\t\t<span class='e-closed'><svg aria-hidden=\"true\" class=\"e-font-icon-svg e-fas-plus\" viewBox=\"0 0 448 512\" xmlns=\"http:\/\/www.w3.org\/2000\/svg\"><path d=\"M416 208H272V64c0-17.67-14.33-32-32-32h-32c-17.67 0-32 14.33-32 32v144H32c-17.67 0-32 14.33-32 32v32c0 17.67 14.33 32 32 32h144v144c0 17.67 14.33 32 32 32h32c17.67 0 32-14.33 32-32V304h144c17.67 0 32-14.33 32-32v-32c0-17.67-14.33-32-32-32z\"><\/path><\/svg><\/span>\n\t\t<\/span>\n\n\t\t\t\t\t\t<\/summary>\n\t\t\t\t<div role=\"region\" aria-labelledby=\"e-n-accordion-item-2052\" class=\"elementor-element elementor-element-932c07c e-con-full e-flex e-con e-child\" data-id=\"932c07c\" data-element_type=\"container\">\n\t\t<div role=\"region\" aria-labelledby=\"e-n-accordion-item-2052\" class=\"elementor-element elementor-element-edd37a9 e-flex e-con-boxed e-con e-child\" data-id=\"edd37a9\" data-element_type=\"container\">\n\t\t\t\t\t<div class=\"e-con-inner\">\n\t\t\t\t<div class=\"elementor-element elementor-element-efa6a0d elementor-widget elementor-widget-image\" data-id=\"efa6a0d\" data-element_type=\"widget\" data-widget_type=\"image.default\">\n\t\t\t\t<div class=\"elementor-widget-container\">\n\t\t\t\t\t\t\t\t\t\t\t\t\t\t<a href=\"https:\/\/www.ciencuadras.com\/inmobiliaria\/quiet-home-inmobiliaria-15175?utm_source=Autopauta&#038;utm_medium=Blog_Banner_Interno&#038;utm_campaign=BG_26048_Quiet_inmobiliaria\" target=\"_blank\">\n\t\t\t\t\t\t\t<img loading=\"lazy\" decoding=\"async\" width=\"1024\" height=\"522\" src=\"https:\/\/www.ciencuadras.com\/blog\/wp-content\/uploads\/2025\/08\/Inmuebles-de-QUIET-HOME-INMOBILIARIA-1024x522.png\" class=\"attachment-large size-large wp-image-127281\" alt=\"\" srcset=\"https:\/\/www.ciencuadras.com\/blog\/wp-content\/uploads\/2025\/08\/Inmuebles-de-QUIET-HOME-INMOBILIARIA-1024x522.png 1024w, https:\/\/www.ciencuadras.com\/blog\/wp-content\/uploads\/2025\/08\/Inmuebles-de-QUIET-HOME-INMOBILIARIA-300x153.png 300w, https:\/\/www.ciencuadras.com\/blog\/wp-content\/uploads\/2025\/08\/Inmuebles-de-QUIET-HOME-INMOBILIARIA-768x392.png 768w, https:\/\/www.ciencuadras.com\/blog\/wp-content\/uploads\/2025\/08\/Inmuebles-de-QUIET-HOME-INMOBILIARIA.png 1302w\" sizes=\"(max-width: 1024px) 100vw, 1024px\" \/>\t\t\t\t\t\t\t\t<\/a>\n\t\t\t\t\t\t\t\t\t\t\t\t\t<\/div>\n\t\t\t\t<\/div>\n\t\t\t\t\t<\/div>\n\t\t\t\t<\/div>\n\t\t\t\t<\/div>\n\t\t\t\t\t<\/details>\n\t\t\t\t\t\t<details id=\"e-n-accordion-item-2053\" class=\"e-n-accordion-item\" >\n\t\t\t\t<summary class=\"e-n-accordion-item-title\" data-accordion-index=\"4\" tabindex=\"-1\" aria-expanded=\"false\" aria-controls=\"e-n-accordion-item-2053\" >\n\t\t\t\t\t<span class='e-n-accordion-item-title-header'><div class=\"e-n-accordion-item-title-text\"> AF CAPITAL INMOBILIARIO <\/div><\/span>\n\t\t\t\t\t\t\t<span class='e-n-accordion-item-title-icon'>\n\t\t\t<span class='e-opened' ><svg aria-hidden=\"true\" class=\"e-font-icon-svg e-fas-minus\" viewBox=\"0 0 448 512\" xmlns=\"http:\/\/www.w3.org\/2000\/svg\"><path d=\"M416 208H32c-17.67 0-32 14.33-32 32v32c0 17.67 14.33 32 32 32h384c17.67 0 32-14.33 32-32v-32c0-17.67-14.33-32-32-32z\"><\/path><\/svg><\/span>\n\t\t\t<span class='e-closed'><svg aria-hidden=\"true\" class=\"e-font-icon-svg e-fas-plus\" viewBox=\"0 0 448 512\" xmlns=\"http:\/\/www.w3.org\/2000\/svg\"><path d=\"M416 208H272V64c0-17.67-14.33-32-32-32h-32c-17.67 0-32 14.33-32 32v144H32c-17.67 0-32 14.33-32 32v32c0 17.67 14.33 32 32 32h144v144c0 17.67 14.33 32 32 32h32c17.67 0 32-14.33 32-32V304h144c17.67 0 32-14.33 32-32v-32c0-17.67-14.33-32-32-32z\"><\/path><\/svg><\/span>\n\t\t<\/span>\n\n\t\t\t\t\t\t<\/summary>\n\t\t\t\t<div role=\"region\" aria-labelledby=\"e-n-accordion-item-2053\" class=\"elementor-element elementor-element-b89d1b4 e-flex e-con-boxed e-con e-child\" data-id=\"b89d1b4\" data-element_type=\"container\">\n\t\t\t\t\t<div class=\"e-con-inner\">\n\t\t<div role=\"region\" aria-labelledby=\"e-n-accordion-item-2053\" class=\"elementor-element elementor-element-a2d247f e-con-full e-flex e-con e-child\" data-id=\"a2d247f\" data-element_type=\"container\">\n\t\t\t\t<div class=\"elementor-element elementor-element-b275a27 elementor-widget elementor-widget-image\" data-id=\"b275a27\" data-element_type=\"widget\" data-widget_type=\"image.default\">\n\t\t\t\t<div class=\"elementor-widget-container\">\n\t\t\t\t\t\t\t\t\t\t\t\t\t\t<a href=\"https:\/\/www.ciencuadras.com\/inmobiliaria\/af-capital-inmobiliario-505599?utm_source=Autopauta&#038;utm_medium=Blog_Banner_Interno&#038;utm_campaign=BG_26048_Af_Capital_Inmobiliaria\" target=\"_blank\">\n\t\t\t\t\t\t\t<img loading=\"lazy\" decoding=\"async\" width=\"1024\" height=\"518\" src=\"https:\/\/www.ciencuadras.com\/blog\/wp-content\/uploads\/2025\/08\/Inmuebles-de-AF-Capital-Inmobiliarios-1-1024x518.png\" class=\"attachment-large size-large wp-image-127298\" alt=\"Inmuebles de AF Capital Inmobiliario\" srcset=\"https:\/\/www.ciencuadras.com\/blog\/wp-content\/uploads\/2025\/08\/Inmuebles-de-AF-Capital-Inmobiliarios-1-1024x518.png 1024w, https:\/\/www.ciencuadras.com\/blog\/wp-content\/uploads\/2025\/08\/Inmuebles-de-AF-Capital-Inmobiliarios-1-300x152.png 300w, https:\/\/www.ciencuadras.com\/blog\/wp-content\/uploads\/2025\/08\/Inmuebles-de-AF-Capital-Inmobiliarios-1-768x388.png 768w, https:\/\/www.ciencuadras.com\/blog\/wp-content\/uploads\/2025\/08\/Inmuebles-de-AF-Capital-Inmobiliarios-1.png 1286w\" sizes=\"(max-width: 1024px) 100vw, 1024px\" \/>\t\t\t\t\t\t\t\t<\/a>\n\t\t\t\t\t\t\t\t\t\t\t\t\t<\/div>\n\t\t\t\t<\/div>\n\t\t\t\t<\/div>\n\t\t\t\t\t<\/div>\n\t\t\t\t<\/div>\n\t\t\t\t\t<\/details>\n\t\t\t\t\t\t<details id=\"e-n-accordion-item-2054\" class=\"e-n-accordion-item\" >\n\t\t\t\t<summary class=\"e-n-accordion-item-title\" data-accordion-index=\"5\" tabindex=\"-1\" aria-expanded=\"false\" aria-controls=\"e-n-accordion-item-2054\" >\n\t\t\t\t\t<span class='e-n-accordion-item-title-header'><div class=\"e-n-accordion-item-title-text\"> CLA INMOBILIARIA <\/div><\/span>\n\t\t\t\t\t\t\t<span class='e-n-accordion-item-title-icon'>\n\t\t\t<span class='e-opened' ><svg aria-hidden=\"true\" class=\"e-font-icon-svg e-fas-minus\" viewBox=\"0 0 448 512\" xmlns=\"http:\/\/www.w3.org\/2000\/svg\"><path d=\"M416 208H32c-17.67 0-32 14.33-32 32v32c0 17.67 14.33 32 32 32h384c17.67 0 32-14.33 32-32v-32c0-17.67-14.33-32-32-32z\"><\/path><\/svg><\/span>\n\t\t\t<span class='e-closed'><svg aria-hidden=\"true\" class=\"e-font-icon-svg e-fas-plus\" viewBox=\"0 0 448 512\" xmlns=\"http:\/\/www.w3.org\/2000\/svg\"><path d=\"M416 208H272V64c0-17.67-14.33-32-32-32h-32c-17.67 0-32 14.33-32 32v144H32c-17.67 0-32 14.33-32 32v32c0 17.67 14.33 32 32 32h144v144c0 17.67 14.33 32 32 32h32c17.67 0 32-14.33 32-32V304h144c17.67 0 32-14.33 32-32v-32c0-17.67-14.33-32-32-32z\"><\/path><\/svg><\/span>\n\t\t<\/span>\n\n\t\t\t\t\t\t<\/summary>\n\t\t\t\t<div role=\"region\" aria-labelledby=\"e-n-accordion-item-2054\" class=\"elementor-element elementor-element-d399f98 e-flex e-con-boxed e-con e-child\" data-id=\"d399f98\" data-element_type=\"container\">\n\t\t\t\t\t<div class=\"e-con-inner\">\n\t\t<div role=\"region\" aria-labelledby=\"e-n-accordion-item-2054\" class=\"elementor-element elementor-element-4f43038 e-con-full e-flex e-con e-child\" data-id=\"4f43038\" data-element_type=\"container\">\n\t\t\t\t<div class=\"elementor-element elementor-element-641ee6e elementor-widget elementor-widget-image\" data-id=\"641ee6e\" data-element_type=\"widget\" data-widget_type=\"image.default\">\n\t\t\t\t<div class=\"elementor-widget-container\">\n\t\t\t\t\t\t\t\t\t\t\t\t\t\t<a href=\"https:\/\/www.ciencuadras.com\/inmobiliaria\/cla-inmobiliaria-16228?utm_source=Autopauta&#038;utm_medium=Blog_Banner_Interno&#038;utm_campaign=BG_26048_Cla_Inmobiliaria\" target=\"_blank\">\n\t\t\t\t\t\t\t<img loading=\"lazy\" decoding=\"async\" width=\"1024\" height=\"517\" src=\"https:\/\/www.ciencuadras.com\/blog\/wp-content\/uploads\/2025\/08\/Inmuebles-CLA-INMOBILIARIA-1024x517.png\" class=\"attachment-large size-large wp-image-127283\" alt=\"\" srcset=\"https:\/\/www.ciencuadras.com\/blog\/wp-content\/uploads\/2025\/08\/Inmuebles-CLA-INMOBILIARIA-1024x517.png 1024w, https:\/\/www.ciencuadras.com\/blog\/wp-content\/uploads\/2025\/08\/Inmuebles-CLA-INMOBILIARIA-300x151.png 300w, https:\/\/www.ciencuadras.com\/blog\/wp-content\/uploads\/2025\/08\/Inmuebles-CLA-INMOBILIARIA-768x388.png 768w, https:\/\/www.ciencuadras.com\/blog\/wp-content\/uploads\/2025\/08\/Inmuebles-CLA-INMOBILIARIA.png 1280w\" sizes=\"(max-width: 1024px) 100vw, 1024px\" \/>\t\t\t\t\t\t\t\t<\/a>\n\t\t\t\t\t\t\t\t\t\t\t\t\t<\/div>\n\t\t\t\t<\/div>\n\t\t\t\t<\/div>\n\t\t\t\t\t<\/div>\n\t\t\t\t<\/div>\n\t\t\t\t\t<\/details>\n\t\t\t\t\t<\/div>\n\t\t\t\t<\/div>\n\t\t\t\t<\/div>\n\t\t\t\t\t<\/div>\n\t\t\t\t<\/div>\n\t\t<div class=\"elementor-element elementor-element-66b799a e-flex e-con-boxed e-con e-parent\" data-id=\"66b799a\" data-element_type=\"container\">\n\t\t\t\t\t<div class=\"e-con-inner\">\n\t\t\t\t<div class=\"elementor-element elementor-element-274ec40 elementor-widget elementor-widget-html\" data-id=\"274ec40\" data-element_type=\"widget\" data-widget_type=\"html.default\">\n\t\t\t\t<div class=\"elementor-widget-container\">\n\t\t\t<table cellpadding='0' cellspacing='0' align='center' style='width: 100%'><tr style='text-align: center; font-family: Open Sans, sans-serif;'><td style='padding-bottom: 24px; color: #29292a; font-size: 18px; font-weight: 600'>\u00bfQu\u00e9 tan \u00fatil te pareci\u00f3 este contenido?<\/td><\/tr><tr style='text-align: center;'><td><table cellpadding='0' cellspacing='0' style='width: 100%; max-width: 400px; margin: auto'><tr><td><a style='text-decoration: none' href='https:\/\/survey.survicate.com\/c58a17477401000c\/?p=salesforce&lead_id=%%TD_ID%%&email=%%Email%%&pieza=126308_ventas_de_vivienda_nueva_crecen_386_en_2025&aid=2047813' target='_blank' rel='nofollow'> <img style='width: 32px; height: 32px' src='https:\/\/image.experienciasbolivar.segurosbolivar.com\/lib\/fe3511747364047b751475\/m\/1\/7d675113-0e03-409d-944b-3b06b10fb55e.png' > <\/a><\/td><td><a style='text-decoration: none' href='https:\/\/survey.survicate.com\/c58a17477401000c\/?p=salesforce&lead_id=%%TD_ID%%&email=%%Email%%&pieza=126308_ventas_de_vivienda_nueva_crecen_386_en_2025&aid=2047814' target='_blank' rel='nofollow'> <img style='width: 32px; height: 32px' src='https:\/\/image.experienciasbolivar.segurosbolivar.com\/lib\/fe3511747364047b751475\/m\/1\/2cceee11-e12d-4873-bb48-569d2d4afe2d.png' > <\/a><\/td><td><a style='text-decoration: none' href='https:\/\/survey.survicate.com\/c58a17477401000c\/?p=salesforce&lead_id=%%TD_ID%%&email=%%Email%%&pieza=126308_ventas_de_vivienda_nueva_crecen_386_en_2025&aid=2047815' target='_blank' rel='nofollow'> <img style='width: 32px; height: 32px' src='https:\/\/image.experienciasbolivar.segurosbolivar.com\/lib\/fe3511747364047b751475\/m\/1\/7553bd02-b4da-452e-9446-d80f342e8662.png' > <\/a><\/td><td><a style='text-decoration: none' href='https:\/\/survey.survicate.com\/c58a17477401000c\/?p=salesforce&lead_id=%%TD_ID%%&email=%%Email%%&pieza=126308_ventas_de_vivienda_nueva_crecen_386_en_2025&aid=2047816' target='_blank' rel='nofollow'> <img style='width: 32px; height: 32px' src='https:\/\/image.experienciasbolivar.segurosbolivar.com\/lib\/fe3511747364047b751475\/m\/1\/1aa041a1-6fa1-4da5-8ce4-099bda589a6d.png' > <\/a><\/td><td><a style='text-decoration: none' href='https:\/\/survey.survicate.com\/c58a17477401000c\/?p=salesforce&lead_id=%%TD_ID%%&email=%%Email%%&pieza=126308_ventas_de_vivienda_nueva_crecen_386_en_2025&aid=2047817' target='_blank' rel='nofollow'> <img style='width: 32px; height: 32px' src='https:\/\/image.experienciasbolivar.segurosbolivar.com\/lib\/fe3511747364047b751475\/m\/1\/237d20e9-0b59-4c8a-8a44-8733a91bb3e1.png' > <\/a><\/td><\/tr><\/table><\/td><\/tr><\/table>\t\t<\/div>\n\t\t\t\t<\/div>\n\t\t\t\t\t<\/div>\n\t\t\t\t<\/div>\n\t\t\t\t<\/div>\n\t\t\n","protected":false},"excerpt":{"rendered":"<p>Acompa\u00f1amiento experto, tecnolog\u00eda y prop\u00f3sito social: as\u00ed es como estas inmobiliarias se han ganado la confianza de quienes invierten en vivienda en el Eje Cafetero.<\/p>\n","protected":false},"author":9,"featured_media":126270,"comment_status":"open","ping_status":"closed","sticky":false,"template":"","format":"standard","meta":{"footnotes":""},"categories":[6098,9,4],"tags":[387,39,42],"acf":[],"yoast_head":"<!-- This site is optimized with the Yoast SEO plugin v15.9 - https:\/\/yoast.com\/wordpress\/plugins\/seo\/ -->\n<title>Conoce las Inmobiliarias en el Eje Cafetero que mas recomiendan | Ciencuadras<\/title>\n<meta name=\"description\" content=\"Acompa\u00f1amiento experto, tecnolog\u00eda y prop\u00f3sito social: as\u00ed es como estas inmobiliarias se han ganado la confianza de quienes invierten en vivienda en el Eje Cafetero.\" \/>\n<meta name=\"robots\" content=\"index, follow, max-snippet:-1, max-image-preview:large, max-video-preview:-1\" \/>\n<link rel=\"canonical\" href=\"https:\/\/www.ciencuadras.com\/blog\/guia-para-comprar-vivienda\/conoce-las-inmobiliarias-en-el-eje-cafetero-que-mas-recomiendan\" \/>\n<meta property=\"og:locale\" content=\"es_ES\" \/>\n<meta property=\"og:type\" content=\"article\" \/>\n<meta property=\"og:title\" content=\"Conoce las Inmobiliarias en el Eje Cafetero que mas recomiendan | Ciencuadras\" \/>\n<meta property=\"og:description\" content=\"Acompa\u00f1amiento experto, tecnolog\u00eda y prop\u00f3sito social: as\u00ed es como estas inmobiliarias se han ganado la confianza de quienes invierten en vivienda en el Eje Cafetero.\" \/>\n<meta property=\"og:url\" content=\"https:\/\/www.ciencuadras.com\/blog\/guia-para-comprar-vivienda\/conoce-las-inmobiliarias-en-el-eje-cafetero-que-mas-recomiendan\" \/>\n<meta property=\"article:publisher\" content=\"https:\/\/www.facebook.com\/ciencuadras\/\" \/>\n<meta property=\"article:author\" content=\"https:\/\/www.facebook.com\/ciencuadras\/\" \/>\n<meta property=\"article:published_time\" content=\"2025-08-06T15:10:15+00:00\" \/>\n<meta property=\"article:modified_time\" content=\"2025-10-22T22:05:29+00:00\" \/>\n<meta property=\"og:image\" content=\"https:\/\/www.ciencuadras.com\/blog\/wp-content\/uploads\/2025\/08\/Conoce-las-Inmobiliarias-en-el-Eje-Cafetero-que-mas-recomiendan.jpg\" \/>\n\t<meta property=\"og:image:width\" content=\"700\" \/>\n\t<meta property=\"og:image:height\" content=\"500\" \/>\n<meta name=\"twitter:card\" content=\"summary_large_image\" \/>\n<meta name=\"twitter:creator\" content=\"@ciencuadras\" \/>\n<meta name=\"twitter:site\" content=\"@ciencuadras\" \/>\n<meta name=\"twitter:label1\" content=\"Est. reading time\">\n\t<meta name=\"twitter:data1\" content=\"7 minutos\">\n<script type=\"application\/ld+json\" class=\"yoast-schema-graph\">{\"@context\":\"https:\/\/schema.org\",\"@graph\":[{\"@type\":\"Organization\",\"@id\":\"https:\/\/www.ciencuadras.com\/blog\/#organization\",\"name\":\"Ciencuadras.com\",\"url\":\"https:\/\/www.ciencuadras.com\/blog\/\",\"sameAs\":[\"https:\/\/www.facebook.com\/ciencuadras\/\",\"https:\/\/www.instagram.com\/ciencuadras\/\",\"https:\/\/co.linkedin.com\/company\/ciencuadras\",\"https:\/\/www.youtube.com\/channel\/UC_f830HP5dUy6OjBIbjtlAw\",\"https:\/\/twitter.com\/ciencuadras\"],\"logo\":{\"@type\":\"ImageObject\",\"@id\":\"https:\/\/www.ciencuadras.com\/blog\/#logo\",\"inLanguage\":\"es-CO\",\"url\":\"\",\"caption\":\"Ciencuadras.com\"},\"image\":{\"@id\":\"https:\/\/www.ciencuadras.com\/blog\/#logo\"}},{\"@type\":\"WebSite\",\"@id\":\"https:\/\/www.ciencuadras.com\/blog\/#website\",\"url\":\"https:\/\/www.ciencuadras.com\/blog\/\",\"name\":\"\",\"description\":\"\",\"publisher\":{\"@id\":\"https:\/\/www.ciencuadras.com\/blog\/#organization\"},\"potentialAction\":[{\"@type\":\"SearchAction\",\"target\":\"https:\/\/www.ciencuadras.com\/blog\/?s={search_term_string}\",\"query-input\":\"required name=search_term_string\"}],\"inLanguage\":\"es-CO\"},{\"@type\":\"ImageObject\",\"@id\":\"https:\/\/www.ciencuadras.com\/blog\/guia-para-comprar-vivienda\/conoce-las-inmobiliarias-en-el-eje-cafetero-que-mas-recomiendan#primaryimage\",\"inLanguage\":\"es-CO\",\"url\":\"https:\/\/www.ciencuadras.com\/blog\/wp-content\/uploads\/2025\/08\/Conoce-las-Inmobiliarias-en-el-Eje-Cafetero-que-mas-recomiendan.jpg\",\"width\":700,\"height\":500,\"caption\":\"Conoce las Inmobiliarias en el Eje Cafetero que mas recomiendan\"},{\"@type\":\"WebPage\",\"@id\":\"https:\/\/www.ciencuadras.com\/blog\/guia-para-comprar-vivienda\/conoce-las-inmobiliarias-en-el-eje-cafetero-que-mas-recomiendan#webpage\",\"url\":\"https:\/\/www.ciencuadras.com\/blog\/guia-para-comprar-vivienda\/conoce-las-inmobiliarias-en-el-eje-cafetero-que-mas-recomiendan\",\"name\":\"Conoce las Inmobiliarias en el Eje Cafetero que mas recomiendan | Ciencuadras\",\"isPartOf\":{\"@id\":\"https:\/\/www.ciencuadras.com\/blog\/#website\"},\"primaryImageOfPage\":{\"@id\":\"https:\/\/www.ciencuadras.com\/blog\/guia-para-comprar-vivienda\/conoce-las-inmobiliarias-en-el-eje-cafetero-que-mas-recomiendan#primaryimage\"},\"datePublished\":\"2025-08-06T15:10:15+00:00\",\"dateModified\":\"2025-10-22T22:05:29+00:00\",\"description\":\"Acompa\\u00f1amiento experto, tecnolog\\u00eda y prop\\u00f3sito social: as\\u00ed es como estas inmobiliarias se han ganado la confianza de quienes invierten en vivienda en el Eje Cafetero.\",\"breadcrumb\":{\"@id\":\"https:\/\/www.ciencuadras.com\/blog\/guia-para-comprar-vivienda\/conoce-las-inmobiliarias-en-el-eje-cafetero-que-mas-recomiendan#breadcrumb\"},\"inLanguage\":\"es-CO\",\"potentialAction\":[{\"@type\":\"ReadAction\",\"target\":[\"https:\/\/www.ciencuadras.com\/blog\/guia-para-comprar-vivienda\/conoce-las-inmobiliarias-en-el-eje-cafetero-que-mas-recomiendan\"]}]},{\"@type\":\"BreadcrumbList\",\"@id\":\"https:\/\/www.ciencuadras.com\/blog\/guia-para-comprar-vivienda\/conoce-las-inmobiliarias-en-el-eje-cafetero-que-mas-recomiendan#breadcrumb\",\"itemListElement\":[{\"@type\":\"ListItem\",\"position\":1,\"item\":{\"@type\":\"WebPage\",\"@id\":\"https:\/\/www.ciencuadras.com\/blog\",\"url\":\"https:\/\/www.ciencuadras.com\/blog\",\"name\":\"Blog\"}},{\"@type\":\"ListItem\",\"position\":2,\"item\":{\"@type\":\"WebPage\",\"@id\":\"https:\/\/www.ciencuadras.com\/blog\/guia-para-comprar-vivienda\/conoce-las-inmobiliarias-en-el-eje-cafetero-que-mas-recomiendan\",\"url\":\"https:\/\/www.ciencuadras.com\/blog\/guia-para-comprar-vivienda\/conoce-las-inmobiliarias-en-el-eje-cafetero-que-mas-recomiendan\",\"name\":\"Las inmobiliarias imperdibles en el Eje Cafetero: experiencia y proyectos que inspiran\"}}]},{\"@type\":\"Article\",\"@id\":\"https:\/\/www.ciencuadras.com\/blog\/guia-para-comprar-vivienda\/conoce-las-inmobiliarias-en-el-eje-cafetero-que-mas-recomiendan#article\",\"isPartOf\":{\"@id\":\"https:\/\/www.ciencuadras.com\/blog\/guia-para-comprar-vivienda\/conoce-las-inmobiliarias-en-el-eje-cafetero-que-mas-recomiendan#webpage\"},\"author\":{\"@id\":\"https:\/\/www.ciencuadras.com\/blog\/#\/schema\/person\/cc0b32db93618f32995212860cf644f8\"},\"headline\":\"Las inmobiliarias imperdibles en el Eje Cafetero: experiencia y proyectos que inspiran\",\"datePublished\":\"2025-08-06T15:10:15+00:00\",\"dateModified\":\"2025-10-22T22:05:29+00:00\",\"mainEntityOfPage\":{\"@id\":\"https:\/\/www.ciencuadras.com\/blog\/guia-para-comprar-vivienda\/conoce-las-inmobiliarias-en-el-eje-cafetero-que-mas-recomiendan#webpage\"},\"commentCount\":0,\"publisher\":{\"@id\":\"https:\/\/www.ciencuadras.com\/blog\/#organization\"},\"image\":{\"@id\":\"https:\/\/www.ciencuadras.com\/blog\/guia-para-comprar-vivienda\/conoce-las-inmobiliarias-en-el-eje-cafetero-que-mas-recomiendan#primaryimage\"},\"keywords\":\"Consejos para arrendar un inmueble,Consejos para comprar vivienda,Mercado inmobiliario\",\"articleSection\":\"Consejos,Gu\\u00eda Para Arrendar inmuebles,Gu\\u00eda Para Comprar vivienda\",\"inLanguage\":\"es-CO\",\"potentialAction\":[{\"@type\":\"CommentAction\",\"name\":\"Comment\",\"target\":[\"https:\/\/www.ciencuadras.com\/blog\/guia-para-comprar-vivienda\/conoce-las-inmobiliarias-en-el-eje-cafetero-que-mas-recomiendan#respond\"]}]},{\"@type\":\"Person\",\"@id\":\"https:\/\/www.ciencuadras.com\/blog\/#\/schema\/person\/cc0b32db93618f32995212860cf644f8\",\"name\":\"Redacci\\u00f3n Ciencuadras\",\"description\":\"\\u00a1Hola! Soy el blog de ciencuadras.com, un portal inmobiliario del Grupo Bol\\u00edvar en el que encuentras casas, apartamentos, oficinas, fincas y m\\u00e1s inmuebles en arriendo y venta en toda Colombia. \\ud83d\\udc99Cuando me visitas, adem\\u00e1s de descubrir tu inmueble ideal, puedes estar al d\\u00eda con las noticias del sector inmobiliario y de la construcci\\u00f3n; aprender tips en decoraci\\u00f3n y organizaci\\u00f3n de espacios, y mucho m\\u00e1s.\",\"sameAs\":[\"https:\/\/www.ciencuadras.com\/\",\"https:\/\/www.facebook.com\/ciencuadras\/\",\"https:\/\/www.instagram.com\/ciencuadras\/\",\"https:\/\/www.linkedin.com\/company\/ciencuadras\/\",\"https:\/\/twitter.com\/ciencuadras\",\"https:\/\/www.youtube.com\/channel\/UC_f830HP5dUy6OjBIbjtlAw\"]}]}<\/script>\n<!-- \/ Yoast SEO plugin. -->","_links":{"self":[{"href":"https:\/\/www.ciencuadras.com\/blog\/wp-json\/wp\/v2\/posts\/126048"}],"collection":[{"href":"https:\/\/www.ciencuadras.com\/blog\/wp-json\/wp\/v2\/posts"}],"about":[{"href":"https:\/\/www.ciencuadras.com\/blog\/wp-json\/wp\/v2\/types\/post"}],"author":[{"embeddable":true,"href":"https:\/\/www.ciencuadras.com\/blog\/wp-json\/wp\/v2\/users\/9"}],"replies":[{"embeddable":true,"href":"https:\/\/www.ciencuadras.com\/blog\/wp-json\/wp\/v2\/comments?post=126048"}],"version-history":[{"count":53,"href":"https:\/\/www.ciencuadras.com\/blog\/wp-json\/wp\/v2\/posts\/126048\/revisions"}],"predecessor-version":[{"id":127307,"href":"https:\/\/www.ciencuadras.com\/blog\/wp-json\/wp\/v2\/posts\/126048\/revisions\/127307"}],"wp:featuredmedia":[{"embeddable":true,"href":"https:\/\/www.ciencuadras.com\/blog\/wp-json\/wp\/v2\/media\/126270"}],"wp:attachment":[{"href":"https:\/\/www.ciencuadras.com\/blog\/wp-json\/wp\/v2\/media?parent=126048"}],"wp:term":[{"taxonomy":"category","embeddable":true,"href":"https:\/\/www.ciencuadras.com\/blog\/wp-json\/wp\/v2\/categories?post=126048"},{"taxonomy":"post_tag","embeddable":true,"href":"https:\/\/www.ciencuadras.com\/blog\/wp-json\/wp\/v2\/tags?post=126048"}],"curies":[{"name":"wp","href":"https:\/\/api.w.org\/{rel}","templated":true}]}}