{"id":126308,"date":"2025-09-01T14:25:03","date_gmt":"2025-09-01T19:25:03","guid":{"rendered":"https:\/\/www.ciencuadras.com\/blog\/?p=126308"},"modified":"2026-01-30T12:03:04","modified_gmt":"2026-01-30T17:03:04","slug":"ventas-de-vivienda-nueva-crecen-38-en-2025","status":"publish","type":"post","link":"https:\/\/www.ciencuadras.com\/blog\/informes-del-sector-inmobiliario\/ventas-de-vivienda-nueva-crecen-38-en-2025","title":{"rendered":"Mercado inmobiliario en auge: ventas de vivienda nueva crecen 38,6% en 2025"},"content":{"rendered":"\n<p>El mercado inmobiliario colombiano contin\u00faa su senda de recuperaci\u00f3n, con un crecimiento en las ventas de vivienda nueva del <strong>38,6%<\/strong> en el primer semestre de 2025 en comparaci\u00f3n con el mismo per\u00edodo de 2024. Seg\u00fan el <strong>2\u00b0 Informe Trimestral de 2025 de <strong><a href=\"https:\/\/www.ciencuadras.com\/?utm_source=Autopauta&amp;utm_medium=Blog_enlace&amp;utm_campaign=BG_126308_tendencias\" target=\"_blank\" rel=\"noreferrer noopener\">Ciencuadras<\/a><\/strong>, en alianza con <a href=\"https:\/\/www.ellibertador.co\/\" target=\"_blank\" rel=\"noreferrer noopener\">El Libertador<\/a><\/strong>, este dinamismo se debe principalmente al segmento de Vivienda de Inter\u00e9s Social (VIS) que fue un motor clave para el sector.<\/p>\n\n\n\n<div class=\"wp-block-buttons is-content-justification-center is-layout-flex wp-container-1 wp-block-buttons-is-layout-flex\">\n<div class=\"wp-block-button is-style-outline\"><a class=\"wp-block-button__link has-text-color has-text-align-center wp-element-button\" href=\"https:\/\/www.ciencuadras.com\/blog\/wp-content\/uploads\/2025\/08\/II-Informe-Trimestral-2025_compressed.pdf\" style=\"color:#026094\" target=\"_blank\" rel=\"noreferrer noopener\"><strong>Accede al informe inmobiliario<\/strong><\/a><\/div>\n<\/div>\n\n\n\n<h2 class=\"wp-block-heading\"><strong>Crecimiento en ventas de vivienda nueva<\/strong><\/h2>\n\n\n\n<p>Las ventas de vivienda nueva pasaron de <strong>100.075<\/strong> a<strong> 138.662 <\/strong>unidades en el primer semestre de 2025, respecto al mismo periodo del a\u00f1o anterior. El segmento VIS, que representa entre <strong>47%<\/strong> y <strong>49% <\/strong>del total de las ventas, lider\u00f3 el crecimiento con un aumento del <strong>22%<\/strong> en unidades (de 33.072 a 40.400), lo que refleja la fuerte demanda en este tipo de propiedad, impulsada por el apoyo gubernamental y los subsidios.<\/p>\n\n\n\n<p>El segmento No VIS tambi\u00e9n ha mostrado un comportamiento destacado, con un crecimiento del<strong> 29%<\/strong> en ventas (de 23.424 a 30.167 unidades). Seg\u00fan Ciencuadras, las proyecciones apuntan a un aumento del <strong>9%<\/strong> en las ventas de vivienda nueva para 2025 y <strong>11,5% <\/strong>para 2026, con un mayor dinamismo en los proyectos No VIS.<\/p>\n\n\n\n<p class=\"has-text-align-center\"><em><strong>La tasa para VIS UVR pas\u00f3 de 13,61% a 11,05% , y la de No VIS en UVR baj\u00f3 de 14,69% a 12,56%, entre junio de 2024 y junio de 2025.<\/strong><\/em><\/p>\n\n\n\n<h2 class=\"wp-block-heading\"><strong>Tasas de inter\u00e9s y proyecciones favorables<\/strong><\/h2>\n\n\n\n<p>Una de las principales razones de esta reactivaci\u00f3n es la <strong>reducci\u00f3n de las tasas de inter\u00e9s hipotecarias<\/strong>, que entre junio de 2024 y junio de 2025, disminuyeron significativamente. La tasa efectiva anual para cr\u00e9ditos <strong>VIS UVR<\/strong> pas\u00f3 de <strong>13,61% a 11,05%<\/strong>, mientras que para <strong>No VIS UVR<\/strong> baj\u00f3 de <strong>14,69% a 12,56%<\/strong>. Estas tasas m\u00e1s bajas han mejorado la cuota mensual de los compradores y ampliado el acceso a cr\u00e9dito, estimulando tanto el mercado de compra como el de construcci\u00f3n.<\/p>\n\n\n\n<p>&#8220;El dinamismo de la vivienda VIS es el motor estructural de la recuperaci\u00f3n. El mercado se est\u00e1 activando con fuerza, y esto nos llena de optimismo para el segundo semestre del a\u00f1o,&#8221; afirma <strong>Mauricio Torres Romero, gerente de <a href=\"https:\/\/www.ciencuadras.com\/?utm_source=Autopauta&amp;utm_medium=Blog_enlace&amp;utm_campaign=BG_126308_tendencias\" target=\"_blank\" rel=\"noreferrer noopener\">Ciencuadras.<\/a><\/strong><\/p>\n\n\n\n<h2 class=\"wp-block-heading\"><strong>Un mercado que se descentraliza<\/strong><\/h2>\n\n\n\n<p>El dinamismo del mercado no se limita a las grandes capitales. Ciudades como Barranquilla, Cartagena, Pereira, Manizales, Armenia, Bucaramanga y Monter\u00eda est\u00e1n protagonizando una nueva etapa de crecimiento.<\/p>\n\n\n\n<ul>\n<li>Aunque Medell\u00edn sigue siendo l\u00edder en publicaciones de arriendos, su participaci\u00f3n se redujo del <strong>49,04%<\/strong> en 2024 al <strong>31,27%<\/strong> en 2025.<\/li>\n\n\n\n<li>Por su parte, Bogot\u00e1 creci\u00f3 del <strong>9,61%<\/strong> al<strong> 13,75% <\/strong>en el primer y segundo trimestre de 2025, en cuanto a publicaciones de arriendos.<\/li>\n\n\n\n<li>Ciudades como Envigado, Rionegro y Sabaneta est\u00e1n consolidando su protagonismo en el mercado.<\/li>\n\n\n\n<li>En ventas de vivienda nueva, Barranquilla <strong>(100%)<\/strong>, los municipios aleda\u00f1os a Bogot\u00e1 <strong>(59%)<\/strong>, y Bucaramanga <strong>(53%)<\/strong> mostraron los mayores crecimientos.<\/li>\n<\/ul>\n\n\n\n<h2 class=\"wp-block-heading\"><strong>Un mercado de arriendos en ajuste y diversificaci\u00f3n<\/strong><\/h2>\n\n\n\n<p>El mercado de arriendos tambi\u00e9n muestra una evoluci\u00f3n importante. La variaci\u00f3n en los c\u00e1nones se modera, ubic\u00e1ndose por debajo del \u00cdndice de Precios al Consumidor (IPC) nacional.<\/p>\n\n\n\n<ul>\n<li>Los arriendos de casas subieron <strong>8,8% <\/strong>y los apartamentos <strong>8,3%<\/strong> en el \u00faltimo a\u00f1o, por debajo del IPC nacional (5,22%).<\/li>\n\n\n\n<li>El inter\u00e9s por apartaestudios se duplic\u00f3, pasando del <strong>2,8% <\/strong>en 2024 al <strong>5,7%<\/strong> en 2025.<\/li>\n<\/ul>\n\n\n\n<p>\u201cEste aumento en el arriendo de apartaestudios responde a los nuevos modelos y estilos de vida. En el caso de los apartamentos, se observa un inter\u00e9s en zonas con conexi\u00f3n a espacios verdes y de uso familiar, mientras que las nuevas din\u00e1micas de reactivaci\u00f3n econ\u00f3mica y trabajo h\u00edbrido, impulsan la demanda de locales y oficinas\u201d, explica <strong>Paola Su\u00e1rez, Vicepresidenta de Mercadeo de Seguros Bol\u00edvar y del ecosistema inmobiliario El Libertador &#8211; <a href=\"https:\/\/www.ciencuadras.com\/?utm_source=Autopauta&amp;utm_medium=Blog_enlace&amp;utm_campaign=BG_126308_tendencias\" target=\"_blank\" rel=\"noreferrer noopener\">Ciencuadras.<\/a><\/strong><\/p>\n\n\n\n<figure class=\"wp-block-image size-full is-resized\"><a href=\"https:\/\/www.ciencuadras.com\/vivienda-no-vis?utm_source=Autopauta&amp;utm_medium=Blog_Banner_Interno&amp;utm_campaign=BG_126308_general_cc\" target=\"_blank\" rel=\"noreferrer noopener\"><img fetchpriority=\"high\" decoding=\"async\" width=\"700\" height=\"200\" src=\"https:\/\/www.ciencuadras.com\/blog\/wp-content\/uploads\/2021\/01\/700x200_cc.jpg\" alt=\"\" class=\"wp-image-128649\" style=\"aspect-ratio:3.5;width:840px;height:auto\" srcset=\"https:\/\/www.ciencuadras.com\/blog\/wp-content\/uploads\/2021\/01\/700x200_cc.jpg 700w, https:\/\/www.ciencuadras.com\/blog\/wp-content\/uploads\/2021\/01\/700x200_cc-300x86.jpg 300w\" sizes=\"(max-width: 700px) 100vw, 700px\" \/><\/a><\/figure>\n\n\n\n<h2 class=\"wp-block-heading\"><strong>Mayor confianza gracias al Seguro Decenal<\/strong><\/h2>\n\n\n\n<p>Desde el 1 de julio de 2025, el <strong><a href=\"https:\/\/www.segurosbolivar.com\/blog\/construccion\/que-es-el-seguro-decenal-para-constructoras-y-proyectos\/\" target=\"_blank\" rel=\"noreferrer noopener\">Seguro Decenal<\/a><\/strong> es obligatorio para todas las construcciones de vivienda nueva en Colombia (Ley 1796 de 2016), lo que representa un paso clave hacia la consolidaci\u00f3n de un mercado m\u00e1s confiable y protegido para compradores e inversionistas.&nbsp;<\/p>\n\n\n\n<p>Esta p\u00f3liza, que ya cuenta con cobertura del 100% a nivel nacional, <strong>es adquirida por las constructoras y beneficia a los compradores de vivienda<\/strong> nueva contra la ruina o amenaza de ruina causada por errores de dise\u00f1o, defectos en materiales o fallas en la construcci\u00f3n. Se sugiere a los compradores validar con la constructora que el proyecto tenga vigente el seguro decenal.<\/p>\n\n\n\n<p>En este contexto, <strong>Seguros Bol\u00edvar <\/strong>se encuentra actualmente en proceso de asegurar <strong>48.515 viviendas en zonas como Cundinamarca, Medell\u00edn y sus alrededores<\/strong>, lo que evidencia el compromiso del sector asegurador con la protecci\u00f3n de los compradores de vivienda nueva.<\/p>\n\n\n\n<p><strong><em>Tambi\u00e9n puedes leer:<\/em> <a href=\"https:\/\/www.ciencuadras.com\/blog\/guia-para-comprar-vivienda\/pensando-en-comprar-vivienda-feria-ciencuadras\" target=\"_blank\" rel=\"noreferrer noopener\">Razones para no perderse la Feria de Vivienda de Ciencuadras 2025<\/a><\/strong><\/p>\n\n\n\n<p>Con estos datos,<a href=\"https:\/\/www.ciencuadras.com\/?utm_source=Autopauta&amp;utm_medium=Blog_enlace&amp;utm_campaign=BG_126308_tendencias\" target=\"_blank\" rel=\"noreferrer noopener\"> <strong>Ciencuadras <\/strong><\/a><strong>y <a href=\"https:\/\/www.ellibertador.co\/\" target=\"_blank\" rel=\"noreferrer noopener\">El Libertador<\/a><\/strong> buscan ofrecer una radiograf\u00eda completa del mercado inmobiliario colombiano para apoyar la toma de decisiones informadas de todos los actores del sector. El sector inmobiliario sigue siendo un pilar clave en la econom\u00eda colombiana, contribuyendo entre el <strong>8,5% y 8,8%<\/strong> al PIB nacional y empleando a m\u00e1s de <strong>350.000<\/strong> personas directamente en 2025.<\/p>\n\n\n\n<table style=\"width: 100%;\" cellspacing=\"0\" cellpadding=\"0\" align=\"center\">\n<tbody>\n<tr style=\"text-align: center; font-family: Open Sans, sans-serif;\">\n<td style=\"padding-bottom: 24px; color: #29292a; font-size: 18px; font-weight: 600;\">\u00bfQu\u00e9 tan \u00fatil le pareci\u00f3 este contenido?<\/td>\n<\/tr>\n<tr style=\"text-align: center;\">\n<td>\n<table style=\"width: 100%; max-width: 400px; margin: auto;\" cellspacing=\"0\" cellpadding=\"0\">\n<tbody>\n<tr>\n<td><a style=\"text-decoration: none;\" href=\"https:\/\/survey.survicate.com\/2024c603f1ca0b80\/?pieza=126308_ventas_de_vivienda_nueva_crecen_386_en_2025||&amp;aid=2533768\" target=\"_blank\" rel=\"nofollow noopener\"> <img decoding=\"async\" style=\"width: 32px; height: 32px;\" src=\"https:\/\/image.experienciasbolivar.segurosbolivar.com\/lib\/fe3511747364047b751475\/m\/1\/a2945bbd-60a9-43cb-b225-78bf5e055db5.png\" \/> <\/a><\/td>\n<td><a style=\"text-decoration: none;\" href=\"https:\/\/survey.survicate.com\/2024c603f1ca0b80\/?pieza=126308_ventas_de_vivienda_nueva_crecen_386_en_2025||&amp;aid=2533769\" target=\"_blank\" rel=\"nofollow noopener\"> <img decoding=\"async\" style=\"width: 32px; height: 32px;\" src=\"https:\/\/image.experienciasbolivar.segurosbolivar.com\/lib\/fe3511747364047b751475\/m\/1\/161006d2-a309-4148-a578-df40c5152496.png\" \/> <\/a><\/td>\n<td><a style=\"text-decoration: none;\" href=\"https:\/\/survey.survicate.com\/2024c603f1ca0b80\/?pieza=126308_ventas_de_vivienda_nueva_crecen_386_en_2025||&amp;aid=2533770\" target=\"_blank\" rel=\"nofollow noopener\"> <img decoding=\"async\" style=\"width: 32px; height: 32px;\" src=\"https:\/\/image.experienciasbolivar.segurosbolivar.com\/lib\/fe3511747364047b751475\/m\/1\/ba2c4c82-1c2c-4bcb-b894-20f6776af736.png\" \/> <\/a><\/td>\n<td><a style=\"text-decoration: none;\" href=\"https:\/\/survey.survicate.com\/2024c603f1ca0b80\/?pieza=126308_ventas_de_vivienda_nueva_crecen_386_en_2025||&amp;aid=2533771\" target=\"_blank\" rel=\"nofollow noopener\"> <img decoding=\"async\" style=\"width: 32px; height: 32px;\" src=\"https:\/\/image.experienciasbolivar.segurosbolivar.com\/lib\/fe3511747364047b751475\/m\/1\/52e25dc4-db06-43e1-ada3-a13cc6834b02.png\" \/> <\/a><\/td>\n<td><a style=\"text-decoration: none;\" href=\"https:\/\/survey.survicate.com\/2024c603f1ca0b80\/?pieza=126308_ventas_de_vivienda_nueva_crecen_386_en_2025||&amp;aid=2533772\" target=\"_blank\" rel=\"nofollow noopener\"> <img decoding=\"async\" style=\"width: 32px; height: 32px;\" src=\"https:\/\/image.experienciasbolivar.segurosbolivar.com\/lib\/fe3511747364047b751475\/m\/1\/f125fd9c-b185-4d5b-8a2c-c67e5f69c93b.png\" \/> <\/a><\/td>\n<\/tr>\n<\/tbody>\n<\/table>\n<\/td>\n<\/tr>\n<\/tbody>\n<\/table>\n\n","protected":false},"excerpt":{"rendered":"<p>Las ventas de vivienda nueva crecieron un 38,6% en el primer semestre de 2025, frente al mismo periodo de 2024. Inf\u00f3rmate aqu\u00ed. <\/p>\n","protected":false},"author":9,"featured_media":126537,"comment_status":"open","ping_status":"closed","sticky":false,"template":"","format":"standard","meta":{"footnotes":""},"categories":[6097,6099,617],"tags":[387,50,42,41,2656],"acf":[],"yoast_head":"<!-- This site is optimized with the Yoast SEO plugin v15.9 - https:\/\/yoast.com\/wordpress\/plugins\/seo\/ -->\n<title>Ventas de vivienda nueva crecen 38,6% en 2025 en Colombia<\/title>\n<meta name=\"description\" content=\"Las ventas de vivienda nueva crecieron un 38,6% en el primer semestre de 2025, frente al mismo periodo de 2024. Inf\u00f3rmate aqu\u00ed.\" \/>\n<meta name=\"robots\" content=\"index, follow, max-snippet:-1, max-image-preview:large, max-video-preview:-1\" \/>\n<link rel=\"canonical\" href=\"https:\/\/www.ciencuadras.com\/blog\/informes-del-sector-inmobiliario\/ventas-de-vivienda-nueva-crecen-38-en-2025\" \/>\n<meta property=\"og:locale\" content=\"es_ES\" \/>\n<meta property=\"og:type\" content=\"article\" \/>\n<meta property=\"og:title\" content=\"Ventas de vivienda nueva crecen 38,6% en 2025 en Colombia\" \/>\n<meta property=\"og:description\" content=\"Las ventas de vivienda nueva crecieron un 38,6% en el primer semestre de 2025, frente al mismo periodo de 2024. Inf\u00f3rmate aqu\u00ed.\" \/>\n<meta property=\"og:url\" content=\"https:\/\/www.ciencuadras.com\/blog\/informes-del-sector-inmobiliario\/ventas-de-vivienda-nueva-crecen-38-en-2025\" \/>\n<meta property=\"article:publisher\" content=\"https:\/\/www.facebook.com\/ciencuadras\/\" \/>\n<meta property=\"article:author\" content=\"https:\/\/www.facebook.com\/ciencuadras\/\" \/>\n<meta property=\"article:published_time\" content=\"2025-09-01T19:25:03+00:00\" \/>\n<meta property=\"article:modified_time\" content=\"2026-01-30T17:03:04+00:00\" \/>\n<meta property=\"og:image\" content=\"https:\/\/www.ciencuadras.com\/blog\/wp-content\/uploads\/2025\/09\/Open_II-informe.jpg\" \/>\n\t<meta property=\"og:image:width\" content=\"700\" \/>\n\t<meta property=\"og:image:height\" content=\"500\" \/>\n<meta name=\"twitter:card\" content=\"summary_large_image\" \/>\n<meta name=\"twitter:creator\" content=\"@ciencuadras\" \/>\n<meta name=\"twitter:site\" content=\"@ciencuadras\" \/>\n<meta name=\"twitter:label1\" content=\"Est. reading time\">\n\t<meta name=\"twitter:data1\" content=\"5 minutos\">\n<script type=\"application\/ld+json\" class=\"yoast-schema-graph\">{\"@context\":\"https:\/\/schema.org\",\"@graph\":[{\"@type\":\"Organization\",\"@id\":\"https:\/\/www.ciencuadras.com\/blog\/#organization\",\"name\":\"Ciencuadras.com\",\"url\":\"https:\/\/www.ciencuadras.com\/blog\/\",\"sameAs\":[\"https:\/\/www.facebook.com\/ciencuadras\/\",\"https:\/\/www.instagram.com\/ciencuadras\/\",\"https:\/\/co.linkedin.com\/company\/ciencuadras\",\"https:\/\/www.youtube.com\/channel\/UC_f830HP5dUy6OjBIbjtlAw\",\"https:\/\/twitter.com\/ciencuadras\"],\"logo\":{\"@type\":\"ImageObject\",\"@id\":\"https:\/\/www.ciencuadras.com\/blog\/#logo\",\"inLanguage\":\"es-CO\",\"url\":\"\",\"caption\":\"Ciencuadras.com\"},\"image\":{\"@id\":\"https:\/\/www.ciencuadras.com\/blog\/#logo\"}},{\"@type\":\"WebSite\",\"@id\":\"https:\/\/www.ciencuadras.com\/blog\/#website\",\"url\":\"https:\/\/www.ciencuadras.com\/blog\/\",\"name\":\"\",\"description\":\"\",\"publisher\":{\"@id\":\"https:\/\/www.ciencuadras.com\/blog\/#organization\"},\"potentialAction\":[{\"@type\":\"SearchAction\",\"target\":\"https:\/\/www.ciencuadras.com\/blog\/?s={search_term_string}\",\"query-input\":\"required name=search_term_string\"}],\"inLanguage\":\"es-CO\"},{\"@type\":\"ImageObject\",\"@id\":\"https:\/\/www.ciencuadras.com\/blog\/informes-del-sector-inmobiliario\/ventas-de-vivienda-nueva-crecen-38-en-2025#primaryimage\",\"inLanguage\":\"es-CO\",\"url\":\"https:\/\/www.ciencuadras.com\/blog\/wp-content\/uploads\/2025\/09\/Open_II-informe.jpg\",\"width\":700,\"height\":500},{\"@type\":\"WebPage\",\"@id\":\"https:\/\/www.ciencuadras.com\/blog\/informes-del-sector-inmobiliario\/ventas-de-vivienda-nueva-crecen-38-en-2025#webpage\",\"url\":\"https:\/\/www.ciencuadras.com\/blog\/informes-del-sector-inmobiliario\/ventas-de-vivienda-nueva-crecen-38-en-2025\",\"name\":\"Ventas de vivienda nueva crecen 38,6% en 2025 en Colombia\",\"isPartOf\":{\"@id\":\"https:\/\/www.ciencuadras.com\/blog\/#website\"},\"primaryImageOfPage\":{\"@id\":\"https:\/\/www.ciencuadras.com\/blog\/informes-del-sector-inmobiliario\/ventas-de-vivienda-nueva-crecen-38-en-2025#primaryimage\"},\"datePublished\":\"2025-09-01T19:25:03+00:00\",\"dateModified\":\"2026-01-30T17:03:04+00:00\",\"description\":\"Las ventas de vivienda nueva crecieron un 38,6% en el primer semestre de 2025, frente al mismo periodo de 2024. Inf\\u00f3rmate aqu\\u00ed.\",\"breadcrumb\":{\"@id\":\"https:\/\/www.ciencuadras.com\/blog\/informes-del-sector-inmobiliario\/ventas-de-vivienda-nueva-crecen-38-en-2025#breadcrumb\"},\"inLanguage\":\"es-CO\",\"potentialAction\":[{\"@type\":\"ReadAction\",\"target\":[\"https:\/\/www.ciencuadras.com\/blog\/informes-del-sector-inmobiliario\/ventas-de-vivienda-nueva-crecen-38-en-2025\"]}]},{\"@type\":\"BreadcrumbList\",\"@id\":\"https:\/\/www.ciencuadras.com\/blog\/informes-del-sector-inmobiliario\/ventas-de-vivienda-nueva-crecen-38-en-2025#breadcrumb\",\"itemListElement\":[{\"@type\":\"ListItem\",\"position\":1,\"item\":{\"@type\":\"WebPage\",\"@id\":\"https:\/\/www.ciencuadras.com\/blog\",\"url\":\"https:\/\/www.ciencuadras.com\/blog\",\"name\":\"Blog\"}},{\"@type\":\"ListItem\",\"position\":2,\"item\":{\"@type\":\"WebPage\",\"@id\":\"https:\/\/www.ciencuadras.com\/blog\/informes-del-sector-inmobiliario\/ventas-de-vivienda-nueva-crecen-38-en-2025\",\"url\":\"https:\/\/www.ciencuadras.com\/blog\/informes-del-sector-inmobiliario\/ventas-de-vivienda-nueva-crecen-38-en-2025\",\"name\":\"Mercado inmobiliario en auge: ventas de vivienda nueva crecen 38,6% en 2025\"}}]},{\"@type\":\"Article\",\"@id\":\"https:\/\/www.ciencuadras.com\/blog\/informes-del-sector-inmobiliario\/ventas-de-vivienda-nueva-crecen-38-en-2025#article\",\"isPartOf\":{\"@id\":\"https:\/\/www.ciencuadras.com\/blog\/informes-del-sector-inmobiliario\/ventas-de-vivienda-nueva-crecen-38-en-2025#webpage\"},\"author\":{\"@id\":\"https:\/\/www.ciencuadras.com\/blog\/#\/schema\/person\/cc0b32db93618f32995212860cf644f8\"},\"headline\":\"Mercado inmobiliario en auge: ventas de vivienda nueva crecen 38,6% en 2025\",\"datePublished\":\"2025-09-01T19:25:03+00:00\",\"dateModified\":\"2026-01-30T17:03:04+00:00\",\"mainEntityOfPage\":{\"@id\":\"https:\/\/www.ciencuadras.com\/blog\/informes-del-sector-inmobiliario\/ventas-de-vivienda-nueva-crecen-38-en-2025#webpage\"},\"commentCount\":0,\"publisher\":{\"@id\":\"https:\/\/www.ciencuadras.com\/blog\/#organization\"},\"image\":{\"@id\":\"https:\/\/www.ciencuadras.com\/blog\/informes-del-sector-inmobiliario\/ventas-de-vivienda-nueva-crecen-38-en-2025#primaryimage\"},\"keywords\":\"Consejos para arrendar un inmueble,Consejos para vender un inmueble,Mercado inmobiliario,Sector inmobiliario,Tendencias inmobiliarias\",\"articleSection\":\"Evoluci\\u00f3n del mercado de vivienda,Informes del sector inmobiliario,Tendencias\",\"inLanguage\":\"es-CO\",\"potentialAction\":[{\"@type\":\"CommentAction\",\"name\":\"Comment\",\"target\":[\"https:\/\/www.ciencuadras.com\/blog\/informes-del-sector-inmobiliario\/ventas-de-vivienda-nueva-crecen-38-en-2025#respond\"]}]},{\"@type\":\"Person\",\"@id\":\"https:\/\/www.ciencuadras.com\/blog\/#\/schema\/person\/cc0b32db93618f32995212860cf644f8\",\"name\":\"Redacci\\u00f3n Ciencuadras\",\"description\":\"\\u00a1Hola! Soy el blog de ciencuadras.com, un portal inmobiliario del Grupo Bol\\u00edvar en el que encuentras casas, apartamentos, oficinas, fincas y m\\u00e1s inmuebles en arriendo y venta en toda Colombia. \\ud83d\\udc99Cuando me visitas, adem\\u00e1s de descubrir tu inmueble ideal, puedes estar al d\\u00eda con las noticias del sector inmobiliario y de la construcci\\u00f3n; aprender tips en decoraci\\u00f3n y organizaci\\u00f3n de espacios, y mucho m\\u00e1s.\",\"sameAs\":[\"https:\/\/www.ciencuadras.com\/\",\"https:\/\/www.facebook.com\/ciencuadras\/\",\"https:\/\/www.instagram.com\/ciencuadras\/\",\"https:\/\/www.linkedin.com\/company\/ciencuadras\/\",\"https:\/\/twitter.com\/ciencuadras\",\"https:\/\/www.youtube.com\/channel\/UC_f830HP5dUy6OjBIbjtlAw\"]}]}<\/script>\n<!-- \/ Yoast SEO plugin. -->","_links":{"self":[{"href":"https:\/\/www.ciencuadras.com\/blog\/wp-json\/wp\/v2\/posts\/126308"}],"collection":[{"href":"https:\/\/www.ciencuadras.com\/blog\/wp-json\/wp\/v2\/posts"}],"about":[{"href":"https:\/\/www.ciencuadras.com\/blog\/wp-json\/wp\/v2\/types\/post"}],"author":[{"embeddable":true,"href":"https:\/\/www.ciencuadras.com\/blog\/wp-json\/wp\/v2\/users\/9"}],"replies":[{"embeddable":true,"href":"https:\/\/www.ciencuadras.com\/blog\/wp-json\/wp\/v2\/comments?post=126308"}],"version-history":[{"count":21,"href":"https:\/\/www.ciencuadras.com\/blog\/wp-json\/wp\/v2\/posts\/126308\/revisions"}],"predecessor-version":[{"id":129061,"href":"https:\/\/www.ciencuadras.com\/blog\/wp-json\/wp\/v2\/posts\/126308\/revisions\/129061"}],"wp:featuredmedia":[{"embeddable":true,"href":"https:\/\/www.ciencuadras.com\/blog\/wp-json\/wp\/v2\/media\/126537"}],"wp:attachment":[{"href":"https:\/\/www.ciencuadras.com\/blog\/wp-json\/wp\/v2\/media?parent=126308"}],"wp:term":[{"taxonomy":"category","embeddable":true,"href":"https:\/\/www.ciencuadras.com\/blog\/wp-json\/wp\/v2\/categories?post=126308"},{"taxonomy":"post_tag","embeddable":true,"href":"https:\/\/www.ciencuadras.com\/blog\/wp-json\/wp\/v2\/tags?post=126308"}],"curies":[{"name":"wp","href":"https:\/\/api.w.org\/{rel}","templated":true}]}}