{"id":126558,"date":"2025-09-09T13:54:04","date_gmt":"2025-09-09T18:54:04","guid":{"rendered":"https:\/\/www.ciencuadras.com\/blog\/?p=126558"},"modified":"2025-09-09T13:54:06","modified_gmt":"2025-09-09T18:54:06","slug":"gran-feria-del-hogar-2025-en-bogota-oferta-inmobiliaria","status":"publish","type":"post","link":"https:\/\/www.ciencuadras.com\/blog\/decoracion-interiores\/gran-feria-del-hogar-2025-en-bogota-oferta-inmobiliaria","title":{"rendered":"Feria del Hogar 2025: la cita m\u00e1s esperada para tu hogar"},"content":{"rendered":"\n<p>Del <strong>4 al 21 de septiembre<\/strong>, Corferias ser\u00e1 el escenario de la <a href=\"https:\/\/www.feriadelhogar.com\/es\/\" target=\"_blank\" rel=\"noreferrer noopener\"><strong>Feria del Hogar 2025<\/strong><\/a>, un evento que desde hace m\u00e1s de cuatro d\u00e9cadas re\u00fane a miles de familias colombianas en torno a lo que m\u00e1s nos identifica: el hogar. Durante <strong>18 d\u00edas<\/strong>, los visitantes podr\u00e1n descubrir tendencias, productos y experiencias que transforman la manera en que vivimos en nuestros espacios.<\/p>\n\n\n\n<h2 class=\"wp-block-heading\"><strong>Un recorrido por el coraz\u00f3n de los hogares colombianos<\/strong><\/h2>\n\n\n\n<p>Este a\u00f1o, los pabellones se convierten en escenarios tem\u00e1ticos que invitan a so\u00f1ar. Veremos muebles y electrodom\u00e9sticos de \u00faltima generaci\u00f3n hasta propuestas de decoraci\u00f3n, bienestar y moda que renuevan la vida cotidiana. Habr\u00e1 shows culturales, Zona Kids, Zona Pet y un Carnaval Gastron\u00f3mico con comida t\u00edpica y food trucks<\/p>\n\n\n\n<p>La Feria del Hogar en su <strong>edici\u00f3n 42<\/strong> es una muestra comercial, un espacio para inspirarse, compartir y disfrutar con la familia y amigos. La programaci\u00f3n incluye zonas dedicadas al descanso y el confort, electrodom\u00e9sticos y tecnolog\u00eda, servicios para el hogar, bienestar y belleza, moda, decoraci\u00f3n y ropa de cama.&nbsp;<\/p>\n\n\n\n<p><strong><em>Tambi\u00e9n puedes leer:<\/em><\/strong><em><strong> <a href=\"https:\/\/www.ciencuadras.com\/blog\/informes-del-sector-inmobiliario\/ventas-de-vivienda-nueva-crecen-38-en-2025\" target=\"_blank\" rel=\"noreferrer noopener\">Mercado inmobiliario en auge: ventas de vivienda nueva crecen 38,6% en 2025<\/a><\/strong><\/em><\/p>\n\n\n\n<h2 class=\"wp-block-heading\"><strong>Fechas y horarios para planear la visita<\/strong><\/h2>\n\n\n\n<p>La <strong>Feria del Hogar 2025<\/strong> abrir\u00e1 sus puertas del <strong>4 al 21 de septiembre en Corferias, Bogot\u00e1<\/strong>:<\/p>\n\n\n\n<ul>\n<li>Jueves 4 de septiembre: 11:00 a.m. \u2013 8:00 p.m.<\/li>\n\n\n\n<li>Del 5 al 21 de septiembre: 10:00 a.m. \u2013 8:00 p.m.<\/li>\n<\/ul>\n\n\n\n<p>Las taquillas estar\u00e1n habilitadas todos los d\u00edas de 10:00 a.m. a 7:00 p.m., con el beneficio de 2&#215;1 los lunes, martes, mi\u00e9rcoles y viernes despu\u00e9s de las 4:00 p.m.<\/p>\n\n\n\n<figure class=\"wp-block-image size-full is-resized\"><a href=\"https:\/\/www.ciencuadras.com\/?utm_source=Autopauta&amp;utm_medium=Blog_Banner_Interno&amp;utm_campaign=BG_decoracion_de_interiores&amp;utm_content=General_CC\" target=\"_blank\" rel=\"noreferrer noopener\"><img fetchpriority=\"high\" decoding=\"async\" width=\"700\" height=\"200\" src=\"https:\/\/www.ciencuadras.com\/blog\/wp-content\/uploads\/2024\/05\/700x200_Arriendo.png\" alt=\"\" class=\"wp-image-124047\" style=\"aspect-ratio:3.5;width:840px;height:auto\" srcset=\"https:\/\/www.ciencuadras.com\/blog\/wp-content\/uploads\/2024\/05\/700x200_Arriendo.png 700w, https:\/\/www.ciencuadras.com\/blog\/wp-content\/uploads\/2024\/05\/700x200_Arriendo-300x86.png 300w\" sizes=\"(max-width: 700px) 100vw, 700px\" \/><\/a><\/figure>\n\n\n\n<h2 class=\"wp-block-heading\"><strong>Invitados que marcan la diferencia<\/strong><\/h2>\n\n\n\n<p><a href=\"https:\/\/www.feriadelhogar.com\/es\/noticia\/7421\/todo-lo-que-necesita-saber-para-disfrutar-de-la-feria-del-hogar\" target=\"_blank\" rel=\"noreferrer noopener\"><strong>M\u00e1s de 1.000 expositores nacionales e internacionales<\/strong><\/a>, junto a cerca de 500 emprendimientos, har\u00e1n parte de la muestra comercial distribuida en 25 pabellones con productos para cada rinc\u00f3n del hogar. Los visitantes podr\u00e1n encontrar 10 categor\u00edas que van desde muebles, colchones, electrodom\u00e9sticos y decoraci\u00f3n, hasta moda, belleza, iluminaci\u00f3n y accesorios.&nbsp;<\/p>\n\n\n\n<h2 class=\"wp-block-heading\"><strong>La conexi\u00f3n entre la feria y Ciencuadras<\/strong><\/h2>\n\n\n\n<p>Si hay algo que une a la <strong><a href=\"https:\/\/www.feriadelhogar.com\/es\/\" target=\"_blank\" rel=\"noreferrer noopener\">Feria del Hogar<\/a><\/strong> y a <strong><a href=\"https:\/\/www.ciencuadras.com\/?utm_source=Autopauta&amp;utm_medium=Blog_enlace&amp;utm_campaign=BG_decoracion_de_interiores&amp;utm_content=Portal_CC_Cierre\" target=\"_blank\" rel=\"noreferrer noopener\">Ciencuadras<\/a><\/strong> es la convicci\u00f3n de que un hogar es mucho m\u00e1s que un espacio f\u00edsico. La feria ofrece miles de ideas para equipar y personalizar las viviendas, mientras que en nuestro portal se encuentra ese lugar donde todo comienza: tu vivienda ideal.<\/p>\n\n\n\n<p>Despu\u00e9s de llenarte de inspiraci\u00f3n, \u00bfpor qu\u00e9 no dar el siguiente paso y buscar un hogar propio donde poner en pr\u00e1ctica todas esas ideas? En<a href=\"https:\/\/www.ciencuadras.com\/?utm_source=Autopauta&amp;utm_medium=Blog_enlace&amp;utm_campaign=BG_decoracion_de_interiores&amp;utm_content=Portal_CC_Cierre\" target=\"_blank\" rel=\"noreferrer noopener\"> <strong>Ciencuadras<\/strong><\/a><strong> <\/strong>hay miles de opciones de vivienda en venta y arriendo que pueden convertirse en el escenario de tus pr\u00f3ximos proyectos de vida. <strong><a href=\"https:\/\/www.ciencuadras.com\/?utm_source=Autopauta&amp;utm_medium=Blog_enlace&amp;utm_campaign=BG_decoracion_de_interiores&amp;utm_content=Portal_CC_Cierre\" target=\"_blank\" rel=\"noreferrer noopener\">Ciencuadras<\/a><\/strong>, cuadra todo.<\/p>\n\n\n\n<table cellpadding='0' cellspacing='0' align='center' style='width: 100%'><tr style='text-align: center; font-family: Open Sans, sans-serif;'><td style='padding-bottom: 24px; color: #29292a; font-size: 18px; font-weight: 600'>\u00bfQu\u00e9 tan \u00fatil le pareci\u00f3 este contenido?<\/td><\/tr><tr style='text-align: center;'><td><table cellpadding='0' cellspacing='0' style='width: 100%; max-width: 400px; margin: auto'><tr><td><a style='text-decoration: none' href='https:\/\/survey.survicate.com\/2024c603f1ca0b80\/?pieza=126558_feria_del_hogar_2025_en_bogota_fechas_horarios_actividades|Tendencias|Decoraci\u00f3n de interiores&#038;aid=2533768' target='_blank' rel=\"nofollow noopener\"> <img style='width: 32px; height: 32px' src='https:\/\/image.experienciasbolivar.segurosbolivar.com\/lib\/fe3511747364047b751475\/m\/1\/a2945bbd-60a9-43cb-b225-78bf5e055db5.png' > <\/a><\/td><td><a style='text-decoration: none' href='https:\/\/survey.survicate.com\/2024c603f1ca0b80\/?pieza=126558_feria_del_hogar_2025_en_bogota_fechas_horarios_actividades|Tendencias|Decoraci\u00f3n de interiores&#038;aid=2533769' target='_blank' rel=\"nofollow noopener\"> <img style='width: 32px; height: 32px' src='https:\/\/image.experienciasbolivar.segurosbolivar.com\/lib\/fe3511747364047b751475\/m\/1\/161006d2-a309-4148-a578-df40c5152496.png' > <\/a><\/td><td><a style='text-decoration: none' href='https:\/\/survey.survicate.com\/2024c603f1ca0b80\/?pieza=126558_feria_del_hogar_2025_en_bogota_fechas_horarios_actividades|Tendencias|Decoraci\u00f3n de interiores&#038;aid=2533770' target='_blank' rel=\"nofollow noopener\"> <img style='width: 32px; height: 32px' src='https:\/\/image.experienciasbolivar.segurosbolivar.com\/lib\/fe3511747364047b751475\/m\/1\/ba2c4c82-1c2c-4bcb-b894-20f6776af736.png' > <\/a><\/td><td><a style='text-decoration: none' href='https:\/\/survey.survicate.com\/2024c603f1ca0b80\/?pieza=126558_feria_del_hogar_2025_en_bogota_fechas_horarios_actividades|Tendencias|Decoraci\u00f3n de interiores&#038;aid=2533771' target='_blank' rel=\"nofollow noopener\"> <img style='width: 32px; height: 32px' src='https:\/\/image.experienciasbolivar.segurosbolivar.com\/lib\/fe3511747364047b751475\/m\/1\/52e25dc4-db06-43e1-ada3-a13cc6834b02.png' > <\/a><\/td><td><a style='text-decoration: none' href='https:\/\/survey.survicate.com\/2024c603f1ca0b80\/?pieza=126558_feria_del_hogar_2025_en_bogota_fechas_horarios_actividades|Tendencias|Decoraci\u00f3n de interiores&#038;aid=2533772' target='_blank' rel=\"nofollow noopener\"> <img style='width: 32px; height: 32px' src='https:\/\/image.experienciasbolivar.segurosbolivar.com\/lib\/fe3511747364047b751475\/m\/1\/f125fd9c-b185-4d5b-8a2c-c67e5f69c93b.png' > <\/a><\/td><\/tr><\/table><\/td><\/tr><\/table>\n\n","protected":false},"excerpt":{"rendered":"<p>La Feria del Hogar 2025 se realizar\u00e1 en Corferias, Bogot\u00e1, del 4 al 21 de septiembre. Contar\u00e1 con m\u00e1s de 1.000 expositores y 25 pabellones.<\/p>\n","protected":false},"author":9,"featured_media":126559,"comment_status":"open","ping_status":"closed","sticky":false,"template":"","format":"standard","meta":{"footnotes":""},"categories":[1449,617],"tags":[42,41,2656,15],"acf":[],"yoast_head":"<!-- This site is optimized with the Yoast SEO plugin v15.9 - https:\/\/yoast.com\/wordpress\/plugins\/seo\/ -->\n<title>\u00a1Gran Feria del Hogar 2025 en Bogot\u00e1! Oferta Inmobiliaria | Ciencuadras<\/title>\n<meta name=\"description\" content=\"La Feria del Hogar 2025 se realizar\u00e1 en Corferias, Bogot\u00e1, del 4 al 21 de septiembre. Contar\u00e1 con m\u00e1s de 1.000 expositores y 25 pabellones.\" \/>\n<meta name=\"robots\" content=\"index, follow, max-snippet:-1, max-image-preview:large, max-video-preview:-1\" \/>\n<link rel=\"canonical\" href=\"https:\/\/www.ciencuadras.com\/blog\/decoracion-interiores\/gran-feria-del-hogar-2025-en-bogota-oferta-inmobiliaria\" \/>\n<meta property=\"og:locale\" content=\"es_ES\" \/>\n<meta property=\"og:type\" content=\"article\" \/>\n<meta property=\"og:title\" content=\"\u00a1Gran Feria del Hogar 2025 en Bogot\u00e1! Oferta Inmobiliaria | Ciencuadras\" \/>\n<meta property=\"og:description\" content=\"La Feria del Hogar 2025 se realizar\u00e1 en Corferias, Bogot\u00e1, del 4 al 21 de septiembre. Contar\u00e1 con m\u00e1s de 1.000 expositores y 25 pabellones.\" \/>\n<meta property=\"og:url\" content=\"https:\/\/www.ciencuadras.com\/blog\/decoracion-interiores\/gran-feria-del-hogar-2025-en-bogota-oferta-inmobiliaria\" \/>\n<meta property=\"article:publisher\" content=\"https:\/\/www.facebook.com\/ciencuadras\/\" \/>\n<meta property=\"article:author\" content=\"https:\/\/www.facebook.com\/ciencuadras\/\" \/>\n<meta property=\"article:published_time\" content=\"2025-09-09T18:54:04+00:00\" \/>\n<meta property=\"article:modified_time\" content=\"2025-09-09T18:54:06+00:00\" \/>\n<meta property=\"og:image\" content=\"https:\/\/www.ciencuadras.com\/blog\/wp-content\/uploads\/2025\/09\/shutterstock_2625258599-compressed.jpg\" \/>\n\t<meta property=\"og:image:width\" content=\"1000\" \/>\n\t<meta property=\"og:image:height\" content=\"667\" \/>\n<meta name=\"twitter:card\" content=\"summary_large_image\" \/>\n<meta name=\"twitter:creator\" content=\"@ciencuadras\" \/>\n<meta name=\"twitter:site\" content=\"@ciencuadras\" \/>\n<meta name=\"twitter:label1\" content=\"Est. reading time\">\n\t<meta name=\"twitter:data1\" content=\"4 minutos\">\n<script type=\"application\/ld+json\" class=\"yoast-schema-graph\">{\"@context\":\"https:\/\/schema.org\",\"@graph\":[{\"@type\":\"Organization\",\"@id\":\"https:\/\/www.ciencuadras.com\/blog\/#organization\",\"name\":\"Ciencuadras.com\",\"url\":\"https:\/\/www.ciencuadras.com\/blog\/\",\"sameAs\":[\"https:\/\/www.facebook.com\/ciencuadras\/\",\"https:\/\/www.instagram.com\/ciencuadras\/\",\"https:\/\/co.linkedin.com\/company\/ciencuadras\",\"https:\/\/www.youtube.com\/channel\/UC_f830HP5dUy6OjBIbjtlAw\",\"https:\/\/twitter.com\/ciencuadras\"],\"logo\":{\"@type\":\"ImageObject\",\"@id\":\"https:\/\/www.ciencuadras.com\/blog\/#logo\",\"inLanguage\":\"es-CO\",\"url\":\"\",\"caption\":\"Ciencuadras.com\"},\"image\":{\"@id\":\"https:\/\/www.ciencuadras.com\/blog\/#logo\"}},{\"@type\":\"WebSite\",\"@id\":\"https:\/\/www.ciencuadras.com\/blog\/#website\",\"url\":\"https:\/\/www.ciencuadras.com\/blog\/\",\"name\":\"\",\"description\":\"\",\"publisher\":{\"@id\":\"https:\/\/www.ciencuadras.com\/blog\/#organization\"},\"potentialAction\":[{\"@type\":\"SearchAction\",\"target\":\"https:\/\/www.ciencuadras.com\/blog\/?s={search_term_string}\",\"query-input\":\"required name=search_term_string\"}],\"inLanguage\":\"es-CO\"},{\"@type\":\"ImageObject\",\"@id\":\"https:\/\/www.ciencuadras.com\/blog\/decoracion-interiores\/gran-feria-del-hogar-2025-en-bogota-oferta-inmobiliaria#primaryimage\",\"inLanguage\":\"es-CO\",\"url\":\"https:\/\/www.ciencuadras.com\/blog\/wp-content\/uploads\/2025\/09\/shutterstock_2625258599-compressed.jpg\",\"width\":1000,\"height\":667},{\"@type\":\"WebPage\",\"@id\":\"https:\/\/www.ciencuadras.com\/blog\/decoracion-interiores\/gran-feria-del-hogar-2025-en-bogota-oferta-inmobiliaria#webpage\",\"url\":\"https:\/\/www.ciencuadras.com\/blog\/decoracion-interiores\/gran-feria-del-hogar-2025-en-bogota-oferta-inmobiliaria\",\"name\":\"\\u00a1Gran Feria del Hogar 2025 en Bogot\\u00e1! Oferta Inmobiliaria | Ciencuadras\",\"isPartOf\":{\"@id\":\"https:\/\/www.ciencuadras.com\/blog\/#website\"},\"primaryImageOfPage\":{\"@id\":\"https:\/\/www.ciencuadras.com\/blog\/decoracion-interiores\/gran-feria-del-hogar-2025-en-bogota-oferta-inmobiliaria#primaryimage\"},\"datePublished\":\"2025-09-09T18:54:04+00:00\",\"dateModified\":\"2025-09-09T18:54:06+00:00\",\"description\":\"La Feria del Hogar 2025 se realizar\\u00e1 en Corferias, Bogot\\u00e1, del 4 al 21 de septiembre. Contar\\u00e1 con m\\u00e1s de 1.000 expositores y 25 pabellones.\",\"breadcrumb\":{\"@id\":\"https:\/\/www.ciencuadras.com\/blog\/decoracion-interiores\/gran-feria-del-hogar-2025-en-bogota-oferta-inmobiliaria#breadcrumb\"},\"inLanguage\":\"es-CO\",\"potentialAction\":[{\"@type\":\"ReadAction\",\"target\":[\"https:\/\/www.ciencuadras.com\/blog\/decoracion-interiores\/gran-feria-del-hogar-2025-en-bogota-oferta-inmobiliaria\"]}]},{\"@type\":\"BreadcrumbList\",\"@id\":\"https:\/\/www.ciencuadras.com\/blog\/decoracion-interiores\/gran-feria-del-hogar-2025-en-bogota-oferta-inmobiliaria#breadcrumb\",\"itemListElement\":[{\"@type\":\"ListItem\",\"position\":1,\"item\":{\"@type\":\"WebPage\",\"@id\":\"https:\/\/www.ciencuadras.com\/blog\",\"url\":\"https:\/\/www.ciencuadras.com\/blog\",\"name\":\"Blog\"}},{\"@type\":\"ListItem\",\"position\":2,\"item\":{\"@type\":\"WebPage\",\"@id\":\"https:\/\/www.ciencuadras.com\/blog\/decoracion-interiores\/gran-feria-del-hogar-2025-en-bogota-oferta-inmobiliaria\",\"url\":\"https:\/\/www.ciencuadras.com\/blog\/decoracion-interiores\/gran-feria-del-hogar-2025-en-bogota-oferta-inmobiliaria\",\"name\":\"Feria del Hogar 2025: la cita m\\u00e1s esperada para tu hogar\"}}]},{\"@type\":\"Article\",\"@id\":\"https:\/\/www.ciencuadras.com\/blog\/decoracion-interiores\/gran-feria-del-hogar-2025-en-bogota-oferta-inmobiliaria#article\",\"isPartOf\":{\"@id\":\"https:\/\/www.ciencuadras.com\/blog\/decoracion-interiores\/gran-feria-del-hogar-2025-en-bogota-oferta-inmobiliaria#webpage\"},\"author\":{\"@id\":\"https:\/\/www.ciencuadras.com\/blog\/#\/schema\/person\/cc0b32db93618f32995212860cf644f8\"},\"headline\":\"Feria del Hogar 2025: la cita m\\u00e1s esperada para tu hogar\",\"datePublished\":\"2025-09-09T18:54:04+00:00\",\"dateModified\":\"2025-09-09T18:54:06+00:00\",\"mainEntityOfPage\":{\"@id\":\"https:\/\/www.ciencuadras.com\/blog\/decoracion-interiores\/gran-feria-del-hogar-2025-en-bogota-oferta-inmobiliaria#webpage\"},\"commentCount\":0,\"publisher\":{\"@id\":\"https:\/\/www.ciencuadras.com\/blog\/#organization\"},\"image\":{\"@id\":\"https:\/\/www.ciencuadras.com\/blog\/decoracion-interiores\/gran-feria-del-hogar-2025-en-bogota-oferta-inmobiliaria#primaryimage\"},\"keywords\":\"Mercado inmobiliario,Sector inmobiliario,Tendencias inmobiliarias,Tendencias para el hogar\",\"articleSection\":\"Decoraci\\u00f3n de interiores,Tendencias\",\"inLanguage\":\"es-CO\",\"potentialAction\":[{\"@type\":\"CommentAction\",\"name\":\"Comment\",\"target\":[\"https:\/\/www.ciencuadras.com\/blog\/decoracion-interiores\/gran-feria-del-hogar-2025-en-bogota-oferta-inmobiliaria#respond\"]}]},{\"@type\":\"Person\",\"@id\":\"https:\/\/www.ciencuadras.com\/blog\/#\/schema\/person\/cc0b32db93618f32995212860cf644f8\",\"name\":\"Redacci\\u00f3n Ciencuadras\",\"description\":\"\\u00a1Hola! Soy el blog de ciencuadras.com, un portal inmobiliario del Grupo Bol\\u00edvar en el que encuentras casas, apartamentos, oficinas, fincas y m\\u00e1s inmuebles en arriendo y venta en toda Colombia. \\ud83d\\udc99Cuando me visitas, adem\\u00e1s de descubrir tu inmueble ideal, puedes estar al d\\u00eda con las noticias del sector inmobiliario y de la construcci\\u00f3n; aprender tips en decoraci\\u00f3n y organizaci\\u00f3n de espacios, y mucho m\\u00e1s.\",\"sameAs\":[\"https:\/\/www.ciencuadras.com\/\",\"https:\/\/www.facebook.com\/ciencuadras\/\",\"https:\/\/www.instagram.com\/ciencuadras\/\",\"https:\/\/www.linkedin.com\/company\/ciencuadras\/\",\"https:\/\/twitter.com\/ciencuadras\",\"https:\/\/www.youtube.com\/channel\/UC_f830HP5dUy6OjBIbjtlAw\"]}]}<\/script>\n<!-- \/ Yoast SEO plugin. -->","_links":{"self":[{"href":"https:\/\/www.ciencuadras.com\/blog\/wp-json\/wp\/v2\/posts\/126558"}],"collection":[{"href":"https:\/\/www.ciencuadras.com\/blog\/wp-json\/wp\/v2\/posts"}],"about":[{"href":"https:\/\/www.ciencuadras.com\/blog\/wp-json\/wp\/v2\/types\/post"}],"author":[{"embeddable":true,"href":"https:\/\/www.ciencuadras.com\/blog\/wp-json\/wp\/v2\/users\/9"}],"replies":[{"embeddable":true,"href":"https:\/\/www.ciencuadras.com\/blog\/wp-json\/wp\/v2\/comments?post=126558"}],"version-history":[{"count":3,"href":"https:\/\/www.ciencuadras.com\/blog\/wp-json\/wp\/v2\/posts\/126558\/revisions"}],"predecessor-version":[{"id":126562,"href":"https:\/\/www.ciencuadras.com\/blog\/wp-json\/wp\/v2\/posts\/126558\/revisions\/126562"}],"wp:featuredmedia":[{"embeddable":true,"href":"https:\/\/www.ciencuadras.com\/blog\/wp-json\/wp\/v2\/media\/126559"}],"wp:attachment":[{"href":"https:\/\/www.ciencuadras.com\/blog\/wp-json\/wp\/v2\/media?parent=126558"}],"wp:term":[{"taxonomy":"category","embeddable":true,"href":"https:\/\/www.ciencuadras.com\/blog\/wp-json\/wp\/v2\/categories?post=126558"},{"taxonomy":"post_tag","embeddable":true,"href":"https:\/\/www.ciencuadras.com\/blog\/wp-json\/wp\/v2\/tags?post=126558"}],"curies":[{"name":"wp","href":"https:\/\/api.w.org\/{rel}","templated":true}]}}