{"id":128216,"date":"2025-12-12T10:00:04","date_gmt":"2025-12-12T15:00:04","guid":{"rendered":"https:\/\/www.ciencuadras.com\/blog\/?p=128216"},"modified":"2025-12-24T09:41:59","modified_gmt":"2025-12-24T14:41:59","slug":"tasas-hipotecarias-bajan-a-11-y-reactivan-el-mercado-inmobiliario","status":"publish","type":"post","link":"https:\/\/www.ciencuadras.com\/blog\/sala-de-prensa\/tasas-hipotecarias-bajan-a-11-y-reactivan-el-mercado-inmobiliario","title":{"rendered":"Tasas hipotecarias caen a 11% y reactivan el mercado inmobiliario en 2025"},"content":{"rendered":"\n<p>El mercado inmobiliario colombiano se encamina a cerrar el a\u00f1o con un panorama positivo impulsado por la<strong> reducci\u00f3n sostenida de las tasas de inter\u00e9s hipotecario, el crecimiento en ventas de vivienda nueva y la consolidaci\u00f3n de regiones emergentes<\/strong> como nuevos polos de inversi\u00f3n.<\/p>\n\n\n\n<p>De acuerdo con cifras de <a href=\"https:\/\/www.ciencuadras.com\/?utm_source=Autopauta&amp;utm_medium=Blog_enlace&amp;utm_campaign=BG_sala_de_prensa_128216\" target=\"_blank\" rel=\"noreferrer noopener\"><strong>Ciencuadras.com<\/strong><\/a> y <strong><a href=\"https:\/\/www.ellibertador.co\/\" target=\"_blank\" rel=\"noreferrer noopener\">El Libertador<\/a><\/strong>, las tasas efectivas anuales para cr\u00e9ditos <strong>VIS UVR pasaron del 13,61% al 11,05%<\/strong> entre junio de 2024 y junio de 2025, mientras que las <strong>No VIS UVR bajaron del 14,69% al 12,56%<\/strong>.&nbsp;<\/p>\n\n\n\n<p>\u201cEl descenso en las tasas hipotecarias es el motor que est\u00e1 revitalizando el mercado. Hoy los hogares pueden financiar su vivienda con cuotas m\u00e1s manejables y acceder a cr\u00e9ditos que hace un a\u00f1o eran inalcanzables\u201d, explic\u00f3 <strong>Mauricio Torres Romero, gerente de <\/strong><a href=\"https:\/\/www.ciencuadras.com\/?utm_source=Autopauta&amp;utm_medium=Blog_enlace&amp;utm_campaign=BG_sala_de_prensa_128216\" target=\"_blank\" rel=\"noreferrer noopener\"><strong>Ciencuadras.com<\/strong><\/a>.<\/p>\n\n\n\n<h2 class=\"wp-block-heading\"><strong>Vivienda nueva en ascenso: m\u00e1s lanzamientos y precios estables<\/strong><\/h2>\n\n\n\n<p>De cara al cierre de 2025 y el inicio de 2026, el mercado proyecta un crecimiento sostenido en ventas de vivienda nueva, \u201ccon un aumento cercano al <strong>9%<\/strong> en ventas totales del a\u00f1o, espec\u00edficamente tasas <strong>VIS <\/strong>proyectadas al <strong>11,09%<\/strong> y <strong>No VIS<\/strong> al <strong>11,73%<\/strong> para diciembre\u201d, seg\u00fan explic\u00f3 Torres.<\/p>\n\n\n\n<p>Estas estimaciones siguen la tendencia evidenciada al cierre del primer semestre de 2025, cuando las ventas de vivienda nueva crecieron <strong>38,6%<\/strong>, lideradas por un aumento del <strong>50% en el segmento VIS<\/strong> y del <strong>29% en lanzamientos No VIS<\/strong>. En cuanto a precios, los apartamentos nuevos se valorizaron 8,23%, mientras que las casas nuevas registraron una leve correcci\u00f3n del 6,05%, reflejando un ajuste natural en zonas perif\u00e9ricas.<\/p>\n\n\n\n<h2 class=\"wp-block-heading\"><strong>Descentralizaci\u00f3n y nuevas zonas de oportunidad<\/strong><\/h2>\n\n\n\n<p>El mercado inmobiliario colombiano se ha expandido m\u00e1s all\u00e1 de las grandes capitales.<strong> Barranquilla, por ejemplo, duplic\u00f3 sus ventas de vivienda nueva<\/strong> y <strong>cuadruplic\u00f3 sus lanzamientos<\/strong> durante el a\u00f1o. Municipios cercanos a Bogot\u00e1 como Ch\u00eda, Cota, Soacha y Cajic\u00e1, y zonas del Eje Cafetero, Santander, Oriente antioque\u00f1o y Caribe muestran un auge en inversi\u00f3n y calidad de vida. \u201cLos compradores est\u00e1n buscando equilibrio: mejor entorno, m\u00e1s espacio y precios razonables. Las ciudades intermedias se convirtieron en una alternativa real de valorizaci\u00f3n y bienestar\u201d, se\u00f1al\u00f3 Torres Romero.<\/p>\n\n\n\n<figure class=\"wp-block-image size-full\"><a href=\"https:\/\/www.ciencuadras.com\/?utm_source=Autopauta&amp;utm_medium=Blog_Banner_Interno&amp;utm_campaign=BG_128216_general_CC\" target=\"_blank\" rel=\"noreferrer noopener\"><img fetchpriority=\"high\" decoding=\"async\" width=\"700\" height=\"200\" src=\"https:\/\/www.ciencuadras.com\/blog\/wp-content\/uploads\/2025\/09\/700x200_General_cc.jpg\" alt=\"\" class=\"wp-image-126766\" srcset=\"https:\/\/www.ciencuadras.com\/blog\/wp-content\/uploads\/2025\/09\/700x200_General_cc.jpg 700w, https:\/\/www.ciencuadras.com\/blog\/wp-content\/uploads\/2025\/09\/700x200_General_cc-300x86.jpg 300w\" sizes=\"(max-width: 700px) 100vw, 700px\" \/><\/a><\/figure>\n\n\n\n<h2 class=\"wp-block-heading\"><strong>El arriendo se estabiliza y proyecta un 2026 con precios sostenibles<\/strong><\/h2>\n\n\n\n<p>El mercado de arriendo tambi\u00e9n muestra madurez y una proyecci\u00f3n estable para el pr\u00f3ximo a\u00f1o. \u201c<strong>El canon promedio para apartamentos aument\u00f3 un 8,3% anual<\/strong> a mayo, lo que marca una desaceleraci\u00f3n saludable y ofrece mayor previsibilidad tanto para propietarios como para arrendatarios\u201d, explic\u00f3 Paola Su\u00e1rez, vicepresidenta de Mercadeo de Seguros Bol\u00edvar y del ecosistema<strong> <\/strong><a href=\"https:\/\/www.ellibertador.co\/\" target=\"_blank\" rel=\"noreferrer noopener\"><strong>El Libertador<\/strong><\/a><strong> \u2013 <a href=\"https:\/\/www.ciencuadras.com\/?utm_source=Autopauta&amp;utm_medium=Blog_enlace&amp;utm_campaign=BG_sala_de_prensa_128216\" target=\"_blank\" rel=\"noreferrer noopener\">Ciencuadras<\/a>.<\/strong><\/p>\n\n\n\n<p>De acuerdo con el an\u00e1lisis de El Libertador, <strong>el crecimiento anual del canon se estabilizar\u00e1 en torno al 9,3%<\/strong>, una cifra alineada con la expectativa de inflaci\u00f3n. Las unidades m\u00e1s peque\u00f1as y multifuncionales siguen liderando la demanda: los apartaestudios pasaron del 2,8% al 5,7% del total de b\u00fasquedas durante el a\u00f1o.<\/p>\n\n\n\n<h2 class=\"wp-block-heading\"><strong>Inversi\u00f3n y rentabilidad: las nuevas reglas del juego<\/strong><\/h2>\n\n\n\n<p>Las zonas de mayor rotaci\u00f3n en el mercado de arriendo se ubican en<strong> ciudades sat\u00e9lite como Soacha y Sabaneta<\/strong>, que reportan un crecimiento del 18% en ocupaci\u00f3n. En tanto, Medell\u00edn, Bogot\u00e1 y Envigado lideran la oferta con m\u00e1s del 50% del total de inmuebles disponibles.<\/p>\n\n\n\n<p>Para los propietarios e inversionistas, <a href=\"https:\/\/www.ellibertador.co\/\" target=\"_blank\" rel=\"noreferrer noopener\"><strong>El Libertador<\/strong><\/a> recomienda ajustar las estrategias a las nuevas preferencias del consumidor:<\/p>\n\n\n\n<ul>\n<li><strong>Priorizar unidades entre 50 y 100 m\u00b2<\/strong>, rango donde se concentra la mayor demanda.<\/li>\n\n\n\n<li><strong>Acondicionar espacios para teletrabajo<\/strong>, que permite cobrar un valor premium y reducir la vacancia.<\/li>\n\n\n\n<li><strong>Simplificar el canon<\/strong> incluyendo servicios b\u00e1sicos como administraci\u00f3n, agua e internet, para hacerlo m\u00e1s atractivo sin aumentar el costo percibido.<\/li>\n<\/ul>\n\n\n\n<p>\u201cHoy la rentabilidad depende tanto del activo como del acompa\u00f1amiento. Contar con una inmobiliaria aliada garantiza seguridad, cobertura y gesti\u00f3n profesional del arriendo. En <a href=\"https:\/\/www.ellibertador.co\/\" target=\"_blank\" rel=\"noreferrer noopener\"><strong>El Libertador<\/strong><\/a>, ese respaldo se traduce en protecci\u00f3n total y tranquilidad para el propietario\u201d, puntualiz\u00f3 Su\u00e1rez.<\/p>\n\n\n\n<h2 class=\"wp-block-heading\"><strong>Panorama optimista para el cierre de 2025<\/strong><\/h2>\n\n\n\n<p>Con tasas m\u00e1s bajas, una oferta en expansi\u00f3n y regiones cada vez m\u00e1s competitivas, <strong>el mercado inmobiliario colombiano cierra 2025 con un balance positivo y perspectivas de consolidaci\u00f3n para el pr\u00f3ximo a\u00f1o.<\/strong> La clave, coinciden los voceros, ser\u00e1 mantener la confianza del consumidor y seguir fortaleciendo la asesor\u00eda profesional en cada etapa del proceso.\u201cEl cierre de 2025 marca un punto de inflexi\u00f3n para el sector. La vivienda vuelve a ser una opci\u00f3n viable, tanto para habitar como para invertir\u201d, concluy\u00f3 <strong>Mauricio Torres Romero, gerente de <\/strong><a href=\"https:\/\/www.ciencuadras.com\/?utm_source=Autopauta&amp;utm_medium=Blog_enlace&amp;utm_campaign=BG_sala_de_prensa_128216\" target=\"_blank\" rel=\"noreferrer noopener\"><strong>Ciencuadras.com<\/strong><\/a>.<\/p>\n\n\n\n<table cellpadding='0' cellspacing='0' align='center' style='width: 100%'><tr style='text-align: center; font-family: Open Sans, sans-serif;'><td style='padding-bottom: 24px; color: #29292a; font-size: 18px; font-weight: 600'>\u00bfQu\u00e9 tan \u00fatil le pareci\u00f3 este contenido?<\/td><\/tr><tr style='text-align: center;'><td><table cellpadding='0' cellspacing='0' style='width: 100%; max-width: 400px; margin: auto'><tr><td><a style='text-decoration: none' href='https:\/\/survey.survicate.com\/2024c603f1ca0b80\/?pieza=128216_tasa_hipotecarias_caen_11|Tendencias|Sala de prensa&#038;aid=2533768' target='_blank' rel=\"nofollow noopener\"> <img style='width: 32px; height: 32px' src='https:\/\/image.experienciasbolivar.segurosbolivar.com\/lib\/fe3511747364047b751475\/m\/1\/a2945bbd-60a9-43cb-b225-78bf5e055db5.png' > <\/a><\/td><td><a style='text-decoration: none' href='https:\/\/survey.survicate.com\/2024c603f1ca0b80\/?pieza=128216_tasa_hipotecarias_caen_11|Tendencias|Sala de prensa&#038;aid=2533769' target='_blank' rel=\"nofollow noopener\"> <img style='width: 32px; height: 32px' src='https:\/\/image.experienciasbolivar.segurosbolivar.com\/lib\/fe3511747364047b751475\/m\/1\/161006d2-a309-4148-a578-df40c5152496.png' > <\/a><\/td><td><a style='text-decoration: none' href='https:\/\/survey.survicate.com\/2024c603f1ca0b80\/?pieza=128216_tasa_hipotecarias_caen_11|Tendencias|Sala de prensa&#038;aid=2533770' target='_blank' rel=\"nofollow noopener\"> <img style='width: 32px; height: 32px' src='https:\/\/image.experienciasbolivar.segurosbolivar.com\/lib\/fe3511747364047b751475\/m\/1\/ba2c4c82-1c2c-4bcb-b894-20f6776af736.png' > <\/a><\/td><td><a style='text-decoration: none' href='https:\/\/survey.survicate.com\/2024c603f1ca0b80\/?pieza=128216_tasa_hipotecarias_caen_11|Tendencias|Sala de prensa&#038;aid=2533771' target='_blank' rel=\"nofollow noopener\"> <img style='width: 32px; height: 32px' src='https:\/\/image.experienciasbolivar.segurosbolivar.com\/lib\/fe3511747364047b751475\/m\/1\/52e25dc4-db06-43e1-ada3-a13cc6834b02.png' > <\/a><\/td><td><a style='text-decoration: none' href='https:\/\/survey.survicate.com\/2024c603f1ca0b80\/?pieza=128216_tasa_hipotecarias_caen_11|Tendencias|Sala de prensa&#038;aid=2533772' target='_blank' rel=\"nofollow noopener\"> <img style='width: 32px; height: 32px' src='https:\/\/image.experienciasbolivar.segurosbolivar.com\/lib\/fe3511747364047b751475\/m\/1\/f125fd9c-b185-4d5b-8a2c-c67e5f69c93b.png' > <\/a><\/td><\/tr><\/table><\/td><\/tr><\/table>\t\t\t\t\n\t\t\t\t\n\t\t\t\t\n\t\t\t\t\n\t\t\t\t\n\t\t\t\t\n\t\t\t\t\n\t\t\t\t\n\t\t\t\t\n\t\t\t\t\n\t\t\t\t\n\t\t\t\t\n\t\t\t\t\n\t\t\t\t\n\t\t\t\t\n\t\t\t\t\n\t\t\t\t\n\t\t\t\t\n\t\t\t\t\n\t\t\t\t\n\t\t\t\t\n\t\t\t\t\n\t\t\t\t\n\t\t\t\t\n\t\t\t\t\n\t\t\t\t\n\t\t\t\t\n\t\t\t\t\n\t\t\t\t\n\t\t\t\t\n\t\t\t\t\n\t\t\t\t\n\n","protected":false},"excerpt":{"rendered":"<p>La ca\u00edda de las tasas al 11% impulsa compras, estabiliza el arriendo y reactiva la inversi\u00f3n en nuevas zonas. El mercado inmobiliario cierra 2025 con un panorama s\u00f3lido y en crecimiento.<\/p>\n","protected":false},"author":9,"featured_media":128218,"comment_status":"open","ping_status":"closed","sticky":false,"template":"","format":"standard","meta":{"footnotes":""},"categories":[6097,6054],"tags":[42,41,2656],"acf":[],"yoast_head":"<!-- This site is optimized with the Yoast SEO plugin v15.9 - https:\/\/yoast.com\/wordpress\/plugins\/seo\/ -->\n<title>Tasas hipotecarias bajan a 11% y reactivan el mercado inmobiliario<\/title>\n<meta name=\"description\" content=\"La ca\u00edda de las tasas al 11% impulsa compras, estabiliza el arriendo y reactiva la inversi\u00f3n en nuevas zonas. Ent\u00e9rate de m\u00e1s detalles, aqu\u00ed.\" \/>\n<meta name=\"robots\" content=\"index, follow, max-snippet:-1, max-image-preview:large, max-video-preview:-1\" \/>\n<link rel=\"canonical\" href=\"https:\/\/www.ciencuadras.com\/blog\/sala-de-prensa\/tasas-hipotecarias-bajan-a-11-y-reactivan-el-mercado-inmobiliario\" \/>\n<meta property=\"og:locale\" content=\"es_ES\" \/>\n<meta property=\"og:type\" content=\"article\" \/>\n<meta property=\"og:title\" content=\"Tasas hipotecarias bajan a 11% y reactivan el mercado inmobiliario\" \/>\n<meta property=\"og:description\" content=\"La ca\u00edda de las tasas al 11% impulsa compras, estabiliza el arriendo y reactiva la inversi\u00f3n en nuevas zonas. Ent\u00e9rate de m\u00e1s detalles, aqu\u00ed.\" \/>\n<meta property=\"og:url\" content=\"https:\/\/www.ciencuadras.com\/blog\/sala-de-prensa\/tasas-hipotecarias-bajan-a-11-y-reactivan-el-mercado-inmobiliario\" \/>\n<meta property=\"article:publisher\" content=\"https:\/\/www.facebook.com\/ciencuadras\/\" \/>\n<meta property=\"article:author\" content=\"https:\/\/www.facebook.com\/ciencuadras\/\" \/>\n<meta property=\"article:published_time\" content=\"2025-12-12T15:00:04+00:00\" \/>\n<meta property=\"article:modified_time\" content=\"2025-12-24T14:41:59+00:00\" \/>\n<meta property=\"og:image\" content=\"https:\/\/www.ciencuadras.com\/blog\/wp-content\/uploads\/2025\/12\/shutterstock_2436433113-compressed.jpg\" \/>\n\t<meta property=\"og:image:width\" content=\"1000\" \/>\n\t<meta property=\"og:image:height\" content=\"666\" \/>\n<meta name=\"twitter:card\" content=\"summary_large_image\" \/>\n<meta name=\"twitter:creator\" content=\"@ciencuadras\" \/>\n<meta name=\"twitter:site\" content=\"@ciencuadras\" \/>\n<meta name=\"twitter:label1\" content=\"Est. reading time\">\n\t<meta name=\"twitter:data1\" content=\"5 minutos\">\n<script type=\"application\/ld+json\" class=\"yoast-schema-graph\">{\"@context\":\"https:\/\/schema.org\",\"@graph\":[{\"@type\":\"Organization\",\"@id\":\"https:\/\/www.ciencuadras.com\/blog\/#organization\",\"name\":\"Ciencuadras.com\",\"url\":\"https:\/\/www.ciencuadras.com\/blog\/\",\"sameAs\":[\"https:\/\/www.facebook.com\/ciencuadras\/\",\"https:\/\/www.instagram.com\/ciencuadras\/\",\"https:\/\/co.linkedin.com\/company\/ciencuadras\",\"https:\/\/www.youtube.com\/channel\/UC_f830HP5dUy6OjBIbjtlAw\",\"https:\/\/twitter.com\/ciencuadras\"],\"logo\":{\"@type\":\"ImageObject\",\"@id\":\"https:\/\/www.ciencuadras.com\/blog\/#logo\",\"inLanguage\":\"es-CO\",\"url\":\"\",\"caption\":\"Ciencuadras.com\"},\"image\":{\"@id\":\"https:\/\/www.ciencuadras.com\/blog\/#logo\"}},{\"@type\":\"WebSite\",\"@id\":\"https:\/\/www.ciencuadras.com\/blog\/#website\",\"url\":\"https:\/\/www.ciencuadras.com\/blog\/\",\"name\":\"\",\"description\":\"\",\"publisher\":{\"@id\":\"https:\/\/www.ciencuadras.com\/blog\/#organization\"},\"potentialAction\":[{\"@type\":\"SearchAction\",\"target\":\"https:\/\/www.ciencuadras.com\/blog\/?s={search_term_string}\",\"query-input\":\"required name=search_term_string\"}],\"inLanguage\":\"es-CO\"},{\"@type\":\"ImageObject\",\"@id\":\"https:\/\/www.ciencuadras.com\/blog\/sala-de-prensa\/tasas-hipotecarias-bajan-a-11-y-reactivan-el-mercado-inmobiliario#primaryimage\",\"inLanguage\":\"es-CO\",\"url\":\"https:\/\/www.ciencuadras.com\/blog\/wp-content\/uploads\/2025\/12\/shutterstock_2436433113-compressed.jpg\",\"width\":1000,\"height\":666},{\"@type\":\"WebPage\",\"@id\":\"https:\/\/www.ciencuadras.com\/blog\/sala-de-prensa\/tasas-hipotecarias-bajan-a-11-y-reactivan-el-mercado-inmobiliario#webpage\",\"url\":\"https:\/\/www.ciencuadras.com\/blog\/sala-de-prensa\/tasas-hipotecarias-bajan-a-11-y-reactivan-el-mercado-inmobiliario\",\"name\":\"Tasas hipotecarias bajan a 11% y reactivan el mercado inmobiliario\",\"isPartOf\":{\"@id\":\"https:\/\/www.ciencuadras.com\/blog\/#website\"},\"primaryImageOfPage\":{\"@id\":\"https:\/\/www.ciencuadras.com\/blog\/sala-de-prensa\/tasas-hipotecarias-bajan-a-11-y-reactivan-el-mercado-inmobiliario#primaryimage\"},\"datePublished\":\"2025-12-12T15:00:04+00:00\",\"dateModified\":\"2025-12-24T14:41:59+00:00\",\"description\":\"La ca\\u00edda de las tasas al 11% impulsa compras, estabiliza el arriendo y reactiva la inversi\\u00f3n en nuevas zonas. Ent\\u00e9rate de m\\u00e1s detalles, aqu\\u00ed.\",\"breadcrumb\":{\"@id\":\"https:\/\/www.ciencuadras.com\/blog\/sala-de-prensa\/tasas-hipotecarias-bajan-a-11-y-reactivan-el-mercado-inmobiliario#breadcrumb\"},\"inLanguage\":\"es-CO\",\"potentialAction\":[{\"@type\":\"ReadAction\",\"target\":[\"https:\/\/www.ciencuadras.com\/blog\/sala-de-prensa\/tasas-hipotecarias-bajan-a-11-y-reactivan-el-mercado-inmobiliario\"]}]},{\"@type\":\"BreadcrumbList\",\"@id\":\"https:\/\/www.ciencuadras.com\/blog\/sala-de-prensa\/tasas-hipotecarias-bajan-a-11-y-reactivan-el-mercado-inmobiliario#breadcrumb\",\"itemListElement\":[{\"@type\":\"ListItem\",\"position\":1,\"item\":{\"@type\":\"WebPage\",\"@id\":\"https:\/\/www.ciencuadras.com\/blog\",\"url\":\"https:\/\/www.ciencuadras.com\/blog\",\"name\":\"Blog\"}},{\"@type\":\"ListItem\",\"position\":2,\"item\":{\"@type\":\"WebPage\",\"@id\":\"https:\/\/www.ciencuadras.com\/blog\/sala-de-prensa\/tasas-hipotecarias-bajan-a-11-y-reactivan-el-mercado-inmobiliario\",\"url\":\"https:\/\/www.ciencuadras.com\/blog\/sala-de-prensa\/tasas-hipotecarias-bajan-a-11-y-reactivan-el-mercado-inmobiliario\",\"name\":\"Tasas hipotecarias caen a 11% y reactivan el mercado inmobiliario en 2025\"}}]},{\"@type\":\"Article\",\"@id\":\"https:\/\/www.ciencuadras.com\/blog\/sala-de-prensa\/tasas-hipotecarias-bajan-a-11-y-reactivan-el-mercado-inmobiliario#article\",\"isPartOf\":{\"@id\":\"https:\/\/www.ciencuadras.com\/blog\/sala-de-prensa\/tasas-hipotecarias-bajan-a-11-y-reactivan-el-mercado-inmobiliario#webpage\"},\"author\":{\"@id\":\"https:\/\/www.ciencuadras.com\/blog\/#\/schema\/person\/cc0b32db93618f32995212860cf644f8\"},\"headline\":\"Tasas hipotecarias caen a 11% y reactivan el mercado inmobiliario en 2025\",\"datePublished\":\"2025-12-12T15:00:04+00:00\",\"dateModified\":\"2025-12-24T14:41:59+00:00\",\"mainEntityOfPage\":{\"@id\":\"https:\/\/www.ciencuadras.com\/blog\/sala-de-prensa\/tasas-hipotecarias-bajan-a-11-y-reactivan-el-mercado-inmobiliario#webpage\"},\"commentCount\":0,\"publisher\":{\"@id\":\"https:\/\/www.ciencuadras.com\/blog\/#organization\"},\"image\":{\"@id\":\"https:\/\/www.ciencuadras.com\/blog\/sala-de-prensa\/tasas-hipotecarias-bajan-a-11-y-reactivan-el-mercado-inmobiliario#primaryimage\"},\"keywords\":\"Mercado inmobiliario,Sector inmobiliario,Tendencias inmobiliarias\",\"articleSection\":\"Evoluci\\u00f3n del mercado de vivienda,Sala de prensa\",\"inLanguage\":\"es-CO\",\"potentialAction\":[{\"@type\":\"CommentAction\",\"name\":\"Comment\",\"target\":[\"https:\/\/www.ciencuadras.com\/blog\/sala-de-prensa\/tasas-hipotecarias-bajan-a-11-y-reactivan-el-mercado-inmobiliario#respond\"]}]},{\"@type\":\"Person\",\"@id\":\"https:\/\/www.ciencuadras.com\/blog\/#\/schema\/person\/cc0b32db93618f32995212860cf644f8\",\"name\":\"Redacci\\u00f3n Ciencuadras\",\"description\":\"\\u00a1Hola! Soy el blog de ciencuadras.com, un portal inmobiliario del Grupo Bol\\u00edvar en el que encuentras casas, apartamentos, oficinas, fincas y m\\u00e1s inmuebles en arriendo y venta en toda Colombia. \\ud83d\\udc99Cuando me visitas, adem\\u00e1s de descubrir tu inmueble ideal, puedes estar al d\\u00eda con las noticias del sector inmobiliario y de la construcci\\u00f3n; aprender tips en decoraci\\u00f3n y organizaci\\u00f3n de espacios, y mucho m\\u00e1s.\",\"sameAs\":[\"https:\/\/www.ciencuadras.com\/\",\"https:\/\/www.facebook.com\/ciencuadras\/\",\"https:\/\/www.instagram.com\/ciencuadras\/\",\"https:\/\/www.linkedin.com\/company\/ciencuadras\/\",\"https:\/\/twitter.com\/ciencuadras\",\"https:\/\/www.youtube.com\/channel\/UC_f830HP5dUy6OjBIbjtlAw\"]}]}<\/script>\n<!-- \/ Yoast SEO plugin. -->","_links":{"self":[{"href":"https:\/\/www.ciencuadras.com\/blog\/wp-json\/wp\/v2\/posts\/128216"}],"collection":[{"href":"https:\/\/www.ciencuadras.com\/blog\/wp-json\/wp\/v2\/posts"}],"about":[{"href":"https:\/\/www.ciencuadras.com\/blog\/wp-json\/wp\/v2\/types\/post"}],"author":[{"embeddable":true,"href":"https:\/\/www.ciencuadras.com\/blog\/wp-json\/wp\/v2\/users\/9"}],"replies":[{"embeddable":true,"href":"https:\/\/www.ciencuadras.com\/blog\/wp-json\/wp\/v2\/comments?post=128216"}],"version-history":[{"count":7,"href":"https:\/\/www.ciencuadras.com\/blog\/wp-json\/wp\/v2\/posts\/128216\/revisions"}],"predecessor-version":[{"id":128581,"href":"https:\/\/www.ciencuadras.com\/blog\/wp-json\/wp\/v2\/posts\/128216\/revisions\/128581"}],"wp:featuredmedia":[{"embeddable":true,"href":"https:\/\/www.ciencuadras.com\/blog\/wp-json\/wp\/v2\/media\/128218"}],"wp:attachment":[{"href":"https:\/\/www.ciencuadras.com\/blog\/wp-json\/wp\/v2\/media?parent=128216"}],"wp:term":[{"taxonomy":"category","embeddable":true,"href":"https:\/\/www.ciencuadras.com\/blog\/wp-json\/wp\/v2\/categories?post=128216"},{"taxonomy":"post_tag","embeddable":true,"href":"https:\/\/www.ciencuadras.com\/blog\/wp-json\/wp\/v2\/tags?post=128216"}],"curies":[{"name":"wp","href":"https:\/\/api.w.org\/{rel}","templated":true}]}}