{"id":71821,"date":"2019-02-19T14:47:08","date_gmt":"2019-02-19T19:47:08","guid":{"rendered":"https:\/\/www.ciencuadras.com\/blog\/?p=71821"},"modified":"2022-01-04T16:47:42","modified_gmt":"2022-01-04T21:47:42","slug":"incremento-del-arriendo-en-vivienda-para-el-2019","status":"publish","type":"post","link":"https:\/\/www.ciencuadras.com\/blog\/guia-para-arrendar-inmuebles\/incremento-del-arriendo-en-vivienda-para-el-2019","title":{"rendered":"Conoce el incremento en el valor de tu arriendo para este 2019"},"content":{"rendered":"<p>Con el inicio de un nuevo a\u00f1o llegan incrementos econ\u00f3micos \ud83d\udcc8 que hay que presupuestar, en especial, si est\u00e1s pensando en ahorrar <strong>\ud83d\udcb0<\/strong>.<\/p>\n<p>Particularmente, hay un aumento que debes considerar si vives en arriendo o recibes el alquiler de un inmueble \ud83c\udfd8\ufe0f. Se trata del <strong>incremento en el canon de arrendamiento para este a\u00f1o<\/strong>, que podr\u00e1 ser de hasta el 3,18%.<\/p>\n<p>Esto quiere decir que si pagas 1\u2019200.000 de arriendo, tu nuevo canon ser\u00e1: 1\u2019238.160. Para calcular el valor exacto en tu caso, solo <strong>multiplica el monto de tu arriendo actual por 1,0318<\/strong>. \u00a1Sencillo! As\u00ed sabr\u00e1s lo que se viene \ud83d\udcb2\u2026<\/p>\n<p>Ten presente que el alza en los precios de arriendo depende del aumento en la<a href=\"https:\/\/www.banrep.gov.co\/es\/contenidos\/page\/qu-inflaci-n\" target=\"_blank\" rel=\"noopener noreferrer\"> <strong>inflaci\u00f3n<\/strong><\/a> causada durante el a\u00f1o anterior \ud83d\uddd3\ufe0f.<\/p>\n<h2><strong>Eso no es todo, \ud83d\udce2 hay algunos aspectos a considerar\u00a0sobre el aumento en el arriendo:<\/strong><\/h2>\n<p>La <a href=\"https:\/\/www.minvivienda.gov.co\/LeyesMinvivienda\/0820%20-%202003.pdf\" target=\"_blank\" rel=\"noopener noreferrer\"><strong>ley 820 de 2003<\/strong><\/a>, ley de arrendamiento de vivienda urbana estipula que:<\/p>\n<ul>\n<li><a href=\"https:\/\/www.ciencuadras.com\/blog\/consejos-para-arrendar\/derechos-y-deberes-del-arrendador-en-colombia\" target=\"_blank\" rel=\"noopener\"><strong>Deberes y derechos del arrendador.<\/strong><\/a><\/li>\n<li><strong>El canon de arriendo no se incrementa autom\u00e1ticamente en enero, sino cuando el contrato cumple 12 meses \ud83d\uddd3\ufe0f de haberse firmado o del \u00faltimo incremento.<\/strong><\/li>\n<li>El aumento definido es legal siempre y cuando \u00e9ste no supere el 1% del valor comercial del inmueble \ud83c\udfd9\ufe0f o de la parte que se encuentre arrendada.<\/li>\n<\/ul>\n<p><img fetchpriority=\"high\" decoding=\"async\" class=\"alignnone wp-image-71825 size-full\" src=\"https:\/\/www.ciencuadras.com\/blog\/wp-content\/uploads\/2019\/02\/iStock-638898516.jpg\" alt=\"inmobiliaria reconocida\" width=\"2121\" height=\"1414\" srcset=\"https:\/\/www.ciencuadras.com\/blog\/wp-content\/uploads\/2019\/02\/iStock-638898516.jpg 1366w, https:\/\/www.ciencuadras.com\/blog\/wp-content\/uploads\/2019\/02\/iStock-638898516-600x400.jpg 600w, https:\/\/www.ciencuadras.com\/blog\/wp-content\/uploads\/2019\/02\/iStock-638898516-300x200.jpg 300w, https:\/\/www.ciencuadras.com\/blog\/wp-content\/uploads\/2019\/02\/iStock-638898516-768x512.jpg 768w, https:\/\/www.ciencuadras.com\/blog\/wp-content\/uploads\/2019\/02\/iStock-638898516-1024x683.jpg 1024w\" sizes=\"(max-width: 2121px) 100vw, 2121px\" \/><\/p>\n<ul>\n<li><strong>El arrendador es libre de aplicar el alza o de abstenerse de hacerlo si prefiere mantener el contrato por m\u00e1s tiempo \ud83d\udd58.<\/strong><\/li>\n<li>Este reajuste no aplica para contratos de arrendamiento de inmuebles \ud83c\udfd8\ufe0f para uso comercial.<\/li>\n<\/ul>\n<p>Ases\u00f3rate muy bien \ud83d\udc69\ud83c\udffb\u200d\ud83d\udcbb. Si eres el propietario(a) de una vivienda, deja el proceso en manos de una <a href=\"https:\/\/www.ciencuadras.com\/inmobiliarias\" target=\"_blank\" rel=\"noopener\"><strong>inmobiliaria<\/strong> <\/a>reconocida.<\/p>\n<p>Esta empresa se encarga de elaborar un contrato con todas las condiciones legales \ud83d\udc69\ud83c\udffb\u200d\ud83d\udcbc, que resguarde los derechos de ambas partes y te ayuda a evitar inconvenientes a futuro sobre el valor del arriendo.<\/p>\n<p><a href=\"https:\/\/www.ciencuadras.com\/blog\/consejos-para-arrendar\/por-que-arrendar-por-medio-de-una-inmobiliaria\" target=\"_blank\" rel=\"noopener noreferrer\"><strong>\ud83d\udd17 \u00bfPor qu\u00e9 arrendar por medio de una inmobiliaria?<\/strong><\/a><\/p>\n<p><a href=\"https:\/\/www.ciencuadras.com\/blog\/consejos-para-arrendar\/documentos-y-requisitos-para-arrendar-vivienda-en-colombia\" target=\"_blank\" rel=\"noopener noreferrer\"><strong>\ud83d\udd17 Documentos para arrendar un inmueble<\/strong><\/a><\/p>\n<p>Ah, y recuerda que en <a href=\"https:\/\/www.ciencuadras.com?autopauta=Ambos_Link_71821ciencuadrasCierre_\" target=\"_blank\" rel=\"noopener noreferrer\" data-wplink-url-error=\"true\"><strong>Ciencuadras<\/strong><\/a> tenemos espacios que llenan tu vida.<\/p>\n<p><a href=\"https:\/\/www.ciencuadras.com\/arriendo\/bogota\/casa?autopauta=Ambos_700X200_banner_Cierre_71821\" target=\"_blank\" rel=\"noopener noreferrer\"><img decoding=\"async\" class=\"size-full wp-image-82556 aligncenter\" src=\"https:\/\/www.ciencuadras.com\/blog\/wp-content\/uploads\/2020\/10\/700X200-banner-horizontal-del-final.jpg\" alt=\"Banner header Casas en arriendo\" width=\"700\" height=\"200\" srcset=\"https:\/\/www.ciencuadras.com\/blog\/wp-content\/uploads\/2020\/10\/700X200-banner-horizontal-del-final.jpg 700w, https:\/\/www.ciencuadras.com\/blog\/wp-content\/uploads\/2020\/10\/700X200-banner-horizontal-del-final-600x171.jpg 600w, https:\/\/www.ciencuadras.com\/blog\/wp-content\/uploads\/2020\/10\/700X200-banner-horizontal-del-final-300x86.jpg 300w\" sizes=\"(max-width: 700px) 100vw, 700px\" \/><\/a><\/p>\n\n\n<table cellpadding='0' cellspacing='0' align='center' style='width: 100%'><tr style='text-align: center; font-family: Open Sans, sans-serif;'><td style='padding-bottom: 24px; color: #29292a; font-size: 18px; font-weight: 600'>\u00bfQu\u00e9 tan \u00fatil te pareci\u00f3 este contenido?<\/td><\/tr><tr style='text-align: center;'><td><table cellpadding='0' cellspacing='0' style='width: 100%; max-width: 400px; margin: auto'><tr><td><a style='text-decoration: none' href='https:\/\/survey.survicate.com\/2024c603f1ca0b80\/?pieza=71821_Conoce_el_ incremento_en_el_valor_de_tu_arriendo|Tendencias|Consejos para arrendar&#038;aid=2533768' target='_blank' rel=\"nofollow noopener\"> <img style='width: 32px; height: 32px' src='https:\/\/info.ciencuadras.com\/rs\/178-OKL-731\/images\/CC_CARA_A1.png' > <\/a><\/td><td><a style='text-decoration: none' href='https:\/\/survey.survicate.com\/2024c603f1ca0b80\/?pieza=71821_Conoce_el_ incremento_en_el_valor_de_tu_arriendo|Tendencias|Consejos para arrendar&#038;aid=2533769' target='_blank' rel=\"nofollow noopener\"> <img style='width: 32px; height: 32px' src='https:\/\/info.ciencuadras.com\/rs\/178-OKL-731\/images\/CC_CARA_A2.png' > <\/a><\/td><td><a style='text-decoration: none' href='https:\/\/survey.survicate.com\/2024c603f1ca0b80\/?pieza=71821_Conoce_el_ incremento_en_el_valor_de_tu_arriendo|Tendencias|Consejos para arrendar&#038;aid=2533770' target='_blank' rel=\"nofollow noopener\"> <img style='width: 32px; height: 32px' src='https:\/\/info.ciencuadras.com\/rs\/178-OKL-731\/images\/CC_CARA_A3.png' > <\/a><\/td><td><a style='text-decoration: none' href='https:\/\/survey.survicate.com\/2024c603f1ca0b80\/?pieza=71821_Conoce_el_ incremento_en_el_valor_de_tu_arriendo|Tendencias|Consejos para arrendar&#038;aid=2533771' target='_blank' rel=\"nofollow noopener\"> <img style='width: 32px; height: 32px' src='https:\/\/info.ciencuadras.com\/rs\/178-OKL-731\/images\/CC_CARA_A4.png' > <\/a><\/td><td><a style='text-decoration: none' href='https:\/\/survey.survicate.com\/2024c603f1ca0b80\/?pieza=71821_Conoce_el_ incremento_en_el_valor_de_tu_arriendo|Tendencias|Consejos para arrendar&#038;aid=2533772' target='_blank' rel=\"nofollow noopener\"> <img style='width: 32px; height: 32px' src='https:\/\/info.ciencuadras.com\/rs\/178-OKL-731\/images\/CC_CARA_A5.png' > <\/a><\/td><\/tr><\/table><\/td><\/tr><\/table>\t\t\t\t\n\t\t\t\t\n\t\t\t\t\n\t\t\t\t\n\t\t\t\t\n\t\t\t\t\n\t\t\t\t\n\t\t\t\t\n\t\t\t\t\n\t\t\t\t\n\t\t\t\t\n\t\t\t\t\n\t\t\t\t\n\t\t\t\t\n\t\t\t\t\n\t\t\t\t\n\t\t\t\t\n\t\t\t\t\n\t\t\t\t\n\t\t\t\t\n\t\t\t\t\n\t\t\t\t\n\t\t\t\t\n\t\t\t\t\n\t\t\t\t\n\t\t\t\t\n\t\t\t\t\n\t\t\t\t\n\t\t\t\t\n\t\t\t\t\n\t\t\t\t\n\t\t\t\t\n\n","protected":false},"excerpt":{"rendered":"<p>\u00bfEn cu\u00e1nto quedar\u00e1 tu canon de arrendamiento para este a\u00f1o??Aqu\u00ed te ense\u00f1amos a calcularlo. \u00a1Que no te cobren de m\u00e1s!?<\/p>\n","protected":false},"author":9,"featured_media":71822,"comment_status":"open","ping_status":"closed","sticky":false,"template":"","format":"standard","meta":{"footnotes":""},"categories":[9],"tags":[30,42,49,41],"acf":[],"yoast_head":"<!-- This site is optimized with the Yoast SEO plugin v15.9 - https:\/\/yoast.com\/wordpress\/plugins\/seo\/ -->\n<title>Incremento del arriendo en vivienda para el 2019 | Ciencuadras<\/title>\n<meta name=\"description\" content=\"\u00bfEn cu\u00e1nto quedar\u00e1 el valor de tu arriendo para este nuevo a\u00f1o? Aqu\u00ed te ense\u00f1amos a calcularlo. \u00a1Que no te cobren de m\u00e1s!\" \/>\n<meta name=\"robots\" content=\"index, follow, max-snippet:-1, max-image-preview:large, max-video-preview:-1\" \/>\n<link rel=\"canonical\" href=\"https:\/\/www.ciencuadras.com\/blog\/guia-para-arrendar-inmuebles\/incremento-del-arriendo-en-vivienda-para-el-2019\" \/>\n<meta property=\"og:locale\" content=\"es_ES\" \/>\n<meta property=\"og:type\" content=\"article\" \/>\n<meta property=\"og:title\" content=\"Incremento del arriendo en vivienda para el 2019 | Ciencuadras\" \/>\n<meta property=\"og:description\" content=\"\u00bfEn cu\u00e1nto quedar\u00e1 el valor de tu arriendo para este nuevo a\u00f1o? Aqu\u00ed te ense\u00f1amos a calcularlo. \u00a1Que no te cobren de m\u00e1s!\" \/>\n<meta property=\"og:url\" content=\"https:\/\/www.ciencuadras.com\/blog\/guia-para-arrendar-inmuebles\/incremento-del-arriendo-en-vivienda-para-el-2019\" \/>\n<meta property=\"article:publisher\" content=\"https:\/\/www.facebook.com\/ciencuadras\/\" \/>\n<meta property=\"article:author\" content=\"https:\/\/www.facebook.com\/ciencuadras\/\" \/>\n<meta property=\"article:published_time\" content=\"2019-02-19T19:47:08+00:00\" \/>\n<meta property=\"article:modified_time\" content=\"2022-01-04T21:47:42+00:00\" \/>\n<meta property=\"og:image\" content=\"https:\/\/www.ciencuadras.com\/blog\/wp-content\/uploads\/2019\/02\/iStock-955131704.jpg\" \/>\n\t<meta property=\"og:image:width\" content=\"1366\" \/>\n\t<meta property=\"og:image:height\" content=\"911\" \/>\n<meta name=\"twitter:card\" content=\"summary_large_image\" \/>\n<meta name=\"twitter:creator\" content=\"@ciencuadras\" \/>\n<meta name=\"twitter:site\" content=\"@ciencuadras\" \/>\n<meta name=\"twitter:label1\" content=\"Est. reading time\">\n\t<meta name=\"twitter:data1\" content=\"3 minutos\">\n<script type=\"application\/ld+json\" class=\"yoast-schema-graph\">{\"@context\":\"https:\/\/schema.org\",\"@graph\":[{\"@type\":\"Organization\",\"@id\":\"https:\/\/www.ciencuadras.com\/blog\/#organization\",\"name\":\"Ciencuadras.com\",\"url\":\"https:\/\/www.ciencuadras.com\/blog\/\",\"sameAs\":[\"https:\/\/www.facebook.com\/ciencuadras\/\",\"https:\/\/www.instagram.com\/ciencuadras\/\",\"https:\/\/co.linkedin.com\/company\/ciencuadras\",\"https:\/\/www.youtube.com\/channel\/UC_f830HP5dUy6OjBIbjtlAw\",\"https:\/\/twitter.com\/ciencuadras\"],\"logo\":{\"@type\":\"ImageObject\",\"@id\":\"https:\/\/www.ciencuadras.com\/blog\/#logo\",\"inLanguage\":\"es-CO\",\"url\":\"\",\"caption\":\"Ciencuadras.com\"},\"image\":{\"@id\":\"https:\/\/www.ciencuadras.com\/blog\/#logo\"}},{\"@type\":\"WebSite\",\"@id\":\"https:\/\/www.ciencuadras.com\/blog\/#website\",\"url\":\"https:\/\/www.ciencuadras.com\/blog\/\",\"name\":\"\",\"description\":\"\",\"publisher\":{\"@id\":\"https:\/\/www.ciencuadras.com\/blog\/#organization\"},\"potentialAction\":[{\"@type\":\"SearchAction\",\"target\":\"https:\/\/www.ciencuadras.com\/blog\/?s={search_term_string}\",\"query-input\":\"required name=search_term_string\"}],\"inLanguage\":\"es-CO\"},{\"@type\":\"ImageObject\",\"@id\":\"https:\/\/www.ciencuadras.com\/blog\/guia-para-arrendar-inmuebles\/incremento-del-arriendo-en-vivienda-para-el-2019#primaryimage\",\"inLanguage\":\"es-CO\",\"url\":\"https:\/\/www.ciencuadras.com\/blog\/wp-content\/uploads\/2019\/02\/iStock-955131704.jpg\",\"width\":1366,\"height\":911,\"caption\":\"arriendo 2019\"},{\"@type\":\"WebPage\",\"@id\":\"https:\/\/www.ciencuadras.com\/blog\/guia-para-arrendar-inmuebles\/incremento-del-arriendo-en-vivienda-para-el-2019#webpage\",\"url\":\"https:\/\/www.ciencuadras.com\/blog\/guia-para-arrendar-inmuebles\/incremento-del-arriendo-en-vivienda-para-el-2019\",\"name\":\"Incremento del arriendo en vivienda para el 2019 | Ciencuadras\",\"isPartOf\":{\"@id\":\"https:\/\/www.ciencuadras.com\/blog\/#website\"},\"primaryImageOfPage\":{\"@id\":\"https:\/\/www.ciencuadras.com\/blog\/guia-para-arrendar-inmuebles\/incremento-del-arriendo-en-vivienda-para-el-2019#primaryimage\"},\"datePublished\":\"2019-02-19T19:47:08+00:00\",\"dateModified\":\"2022-01-04T21:47:42+00:00\",\"description\":\"\\u00bfEn cu\\u00e1nto quedar\\u00e1 el valor de tu arriendo para este nuevo a\\u00f1o? Aqu\\u00ed te ense\\u00f1amos a calcularlo. \\u00a1Que no te cobren de m\\u00e1s!\",\"breadcrumb\":{\"@id\":\"https:\/\/www.ciencuadras.com\/blog\/guia-para-arrendar-inmuebles\/incremento-del-arriendo-en-vivienda-para-el-2019#breadcrumb\"},\"inLanguage\":\"es-CO\",\"potentialAction\":[{\"@type\":\"ReadAction\",\"target\":[\"https:\/\/www.ciencuadras.com\/blog\/guia-para-arrendar-inmuebles\/incremento-del-arriendo-en-vivienda-para-el-2019\"]}]},{\"@type\":\"BreadcrumbList\",\"@id\":\"https:\/\/www.ciencuadras.com\/blog\/guia-para-arrendar-inmuebles\/incremento-del-arriendo-en-vivienda-para-el-2019#breadcrumb\",\"itemListElement\":[{\"@type\":\"ListItem\",\"position\":1,\"item\":{\"@type\":\"WebPage\",\"@id\":\"https:\/\/www.ciencuadras.com\/blog\",\"url\":\"https:\/\/www.ciencuadras.com\/blog\",\"name\":\"Blog\"}},{\"@type\":\"ListItem\",\"position\":2,\"item\":{\"@type\":\"WebPage\",\"@id\":\"https:\/\/www.ciencuadras.com\/blog\/guia-para-arrendar-inmuebles\/incremento-del-arriendo-en-vivienda-para-el-2019\",\"url\":\"https:\/\/www.ciencuadras.com\/blog\/guia-para-arrendar-inmuebles\/incremento-del-arriendo-en-vivienda-para-el-2019\",\"name\":\"Conoce el incremento en el valor de tu arriendo para este 2019\"}}]},{\"@type\":\"Article\",\"@id\":\"https:\/\/www.ciencuadras.com\/blog\/guia-para-arrendar-inmuebles\/incremento-del-arriendo-en-vivienda-para-el-2019#article\",\"isPartOf\":{\"@id\":\"https:\/\/www.ciencuadras.com\/blog\/guia-para-arrendar-inmuebles\/incremento-del-arriendo-en-vivienda-para-el-2019#webpage\"},\"author\":{\"@id\":\"https:\/\/www.ciencuadras.com\/blog\/#\/schema\/person\/cc0b32db93618f32995212860cf644f8\"},\"headline\":\"Conoce el incremento en el valor de tu arriendo para este 2019\",\"datePublished\":\"2019-02-19T19:47:08+00:00\",\"dateModified\":\"2022-01-04T21:47:42+00:00\",\"mainEntityOfPage\":{\"@id\":\"https:\/\/www.ciencuadras.com\/blog\/guia-para-arrendar-inmuebles\/incremento-del-arriendo-en-vivienda-para-el-2019#webpage\"},\"commentCount\":0,\"publisher\":{\"@id\":\"https:\/\/www.ciencuadras.com\/blog\/#organization\"},\"image\":{\"@id\":\"https:\/\/www.ciencuadras.com\/blog\/guia-para-arrendar-inmuebles\/incremento-del-arriendo-en-vivienda-para-el-2019#primaryimage\"},\"keywords\":\"Consejos para ahorrar,Mercado inmobiliario,Normatividad colombiana,Sector inmobiliario\",\"articleSection\":\"Gu\\u00eda Para Arrendar inmuebles\",\"inLanguage\":\"es-CO\",\"potentialAction\":[{\"@type\":\"CommentAction\",\"name\":\"Comment\",\"target\":[\"https:\/\/www.ciencuadras.com\/blog\/guia-para-arrendar-inmuebles\/incremento-del-arriendo-en-vivienda-para-el-2019#respond\"]}]},{\"@type\":\"Person\",\"@id\":\"https:\/\/www.ciencuadras.com\/blog\/#\/schema\/person\/cc0b32db93618f32995212860cf644f8\",\"name\":\"Redacci\\u00f3n Ciencuadras\",\"description\":\"\\u00a1Hola! Soy el blog de ciencuadras.com, un portal inmobiliario del Grupo Bol\\u00edvar en el que encuentras casas, apartamentos, oficinas, fincas y m\\u00e1s inmuebles en arriendo y venta en toda Colombia. \\ud83d\\udc99Cuando me visitas, adem\\u00e1s de descubrir tu inmueble ideal, puedes estar al d\\u00eda con las noticias del sector inmobiliario y de la construcci\\u00f3n; aprender tips en decoraci\\u00f3n y organizaci\\u00f3n de espacios, y mucho m\\u00e1s.\",\"sameAs\":[\"https:\/\/www.ciencuadras.com\/\",\"https:\/\/www.facebook.com\/ciencuadras\/\",\"https:\/\/www.instagram.com\/ciencuadras\/\",\"https:\/\/www.linkedin.com\/company\/ciencuadras\/\",\"https:\/\/twitter.com\/ciencuadras\",\"https:\/\/www.youtube.com\/channel\/UC_f830HP5dUy6OjBIbjtlAw\"]}]}<\/script>\n<!-- \/ Yoast SEO plugin. -->","_links":{"self":[{"href":"https:\/\/www.ciencuadras.com\/blog\/wp-json\/wp\/v2\/posts\/71821"}],"collection":[{"href":"https:\/\/www.ciencuadras.com\/blog\/wp-json\/wp\/v2\/posts"}],"about":[{"href":"https:\/\/www.ciencuadras.com\/blog\/wp-json\/wp\/v2\/types\/post"}],"author":[{"embeddable":true,"href":"https:\/\/www.ciencuadras.com\/blog\/wp-json\/wp\/v2\/users\/9"}],"replies":[{"embeddable":true,"href":"https:\/\/www.ciencuadras.com\/blog\/wp-json\/wp\/v2\/comments?post=71821"}],"version-history":[{"count":15,"href":"https:\/\/www.ciencuadras.com\/blog\/wp-json\/wp\/v2\/posts\/71821\/revisions"}],"predecessor-version":[{"id":95045,"href":"https:\/\/www.ciencuadras.com\/blog\/wp-json\/wp\/v2\/posts\/71821\/revisions\/95045"}],"wp:featuredmedia":[{"embeddable":true,"href":"https:\/\/www.ciencuadras.com\/blog\/wp-json\/wp\/v2\/media\/71822"}],"wp:attachment":[{"href":"https:\/\/www.ciencuadras.com\/blog\/wp-json\/wp\/v2\/media?parent=71821"}],"wp:term":[{"taxonomy":"category","embeddable":true,"href":"https:\/\/www.ciencuadras.com\/blog\/wp-json\/wp\/v2\/categories?post=71821"},{"taxonomy":"post_tag","embeddable":true,"href":"https:\/\/www.ciencuadras.com\/blog\/wp-json\/wp\/v2\/tags?post=71821"}],"curies":[{"name":"wp","href":"https:\/\/api.w.org\/{rel}","templated":true}]}}