{"id":74432,"date":"2019-09-17T08:00:20","date_gmt":"2019-09-17T13:00:20","guid":{"rendered":"https:\/\/www.ciencuadras.com\/blog\/?p=74432"},"modified":"2021-05-12T16:46:37","modified_gmt":"2021-05-12T21:46:37","slug":"eventos-sector-inmobiliario-agosto-septiembre-2019","status":"publish","type":"post","link":"https:\/\/www.ciencuadras.com\/blog\/consejos-para-inmobiliarias\/eventos-sector-inmobiliario-agosto-septiembre-2019","title":{"rendered":"5 eventos del sector inmobiliario que no te puedes perder"},"content":{"rendered":"<p><span style=\"font-weight: 400;\">\u00bfSab\u00edas que en agosto y septiembre hay grandes <\/span><b>eventos del sector inmobiliario<\/b><span style=\"font-weight: 400;\"> y de la construcci\u00f3n en el pa\u00eds? El Gran Sal\u00f3n inmobiliario, El Congreso Colombiano de la Construcci\u00f3n 2019 y PropTech Latam Summit, son tres de los <\/span><b>encuentros masivos que marcar\u00e1n la pauta del mercado para lo que resta de este a\u00f1o y el pr\u00f3ximo 2020.<\/b><span style=\"font-weight: 400;\"> \u00a1Te contamos todo!<\/span><\/p>\n<h2><b>1. Gran sal\u00f3n inmobiliario: el primero de los eventos del sector inmobiliario\u00a0<\/b><\/h2>\n<p><img fetchpriority=\"high\" decoding=\"async\" class=\"alignnone size-full wp-image-74445\" src=\"https:\/\/www.ciencuadras.com\/blog\/wp-content\/uploads\/2019\/07\/encuentro-capacitacio\u0301n-evento.jpg\" alt=\"encuentro capacitaci\u00f3n evento\" width=\"1000\" height=\"664\" srcset=\"https:\/\/www.ciencuadras.com\/blog\/wp-content\/uploads\/2019\/07\/encuentro-capacitacio\u0301n-evento.jpg 1000w, https:\/\/www.ciencuadras.com\/blog\/wp-content\/uploads\/2019\/07\/encuentro-capacitacio\u0301n-evento-600x398.jpg 600w, https:\/\/www.ciencuadras.com\/blog\/wp-content\/uploads\/2019\/07\/encuentro-capacitacio\u0301n-evento-300x199.jpg 300w, https:\/\/www.ciencuadras.com\/blog\/wp-content\/uploads\/2019\/07\/encuentro-capacitacio\u0301n-evento-768x510.jpg 768w\" sizes=\"(max-width: 1000px) 100vw, 1000px\" \/><\/p>\n<p><span style=\"font-weight: 400;\">El\u00a0 <\/span><b>XIV Gran Sal\u00f3n Inmobiliario \u2013 Feria Internacional<\/b><span style=\"font-weight: 400;\"> presenta durante cuatro d\u00edas proyectos de inversi\u00f3n en propiedades nuevas y usadas. Puedes encontrar opciones de tipo residencial, de oficinas, hoteles, comerciales e industriales nacionales e internacionales. <\/span><\/p>\n<p><span style=\"font-weight: 400;\">As\u00ed mismo, este evento del sector inmobiliario pone a disposici\u00f3n de todos sus visitantes servicios complementarios para conseguir contactos efectivos y realizar negocios a corto y mediano plazo. \u00a1Ojo! Puedes invertir con tranquilidad porque aseguran que todo esto se realiza en un contexto seguro y confiable.<\/span><\/p>\n<ul>\n<li><a href=\"https:\/\/www.ciencuadras.com\/blog\/tendencias\/analisis-sector-inmobiliario-colombia\" rel=\"bookmark\">Tendencia al alza en el sector inmobiliario de Colombia<\/a><\/li>\n<\/ul>\n<p><b>Del 08 al 11 de agosto se reunir\u00e1n en Corferias (Bogot\u00e1)<\/b><span style=\"font-weight: 400;\"> las m\u00e1s representativas constructoras, promotoras, inmobiliarias y urbanizadoras nacionales e internacionales. <\/span><b>Puedes adquirir la boleter\u00eda general por $ 10.000 COP y visitar El Gran Sal\u00f3n Inmobiliario de jueves a domingo, en horario de \u00a010:00 a.m. a 8:00 p.m.<\/b><span style=\"font-weight: 400;\"> \u00a1Ve, y conoce toda la atractiva oferta de proyectos a la que te puedes unir!<\/span><\/p>\n<h2><b>2. Congreso colombiano de la construcci\u00f3n 2019 &#8211; CAMACOL\u00a0<\/b><\/h2>\n<p><b>Del 28 al 30 de agosto se realizar\u00e1 este evento del sector inmobiliario en la ciudad de Cartagena.<\/b><span style=\"font-weight: 400;\"> En esta edici\u00f3n, el lema del encuentro ser\u00e1: el futuro se construye desde las regiones, y se espera la participaci\u00f3n del Presidente de la Rep\u00fablica, Iv\u00e1n Duque, la vicepresidenta, Martha Luc\u00eda Ram\u00edrez, entre otros representantes del gobierno. <\/span><\/p>\n<p><span style=\"font-weight: 400;\">El congreso, que est\u00e1 dirigido a funcionarios p\u00fablicos y privados que hacen parte del sector de la construcci\u00f3n y su cadena de valor, presenta novedades en esta edici\u00f3n: <\/span><\/p>\n<ul>\n<li style=\"font-weight: 400;\"><span style=\"font-weight: 400;\">Los asistentes pueden escoger las conferencias que mejor se ajusten a sus intereses.\u00a0<\/span><\/li>\n<li style=\"font-weight: 400;\"><strong>Corea del Sur es el primer pa\u00eds invitado para compartir nuevas tecnolog\u00edas y experiencias.<\/strong><\/li>\n<li style=\"font-weight: 400;\"><span style=\"font-weight: 400;\">Este evento del sector inmobiliario tendr\u00e1 sala para <em>networking<\/em> y permitir\u00e1 el uso de una aplicaci\u00f3n m\u00f3vil para contactar a futuros proveedores o clientes.<\/span><\/li>\n<\/ul>\n<p><span style=\"font-weight: 400;\">Tu inscripci\u00f3n al <\/span><b>Congreso Colombiano de la Construcci\u00f3n<\/b><span style=\"font-weight: 400;\"> te dar\u00e1 derecho a un certificado de asistencia virtual, el ingreso a todas las sesiones acad\u00e9micas del evento, la visita a la muestra comercial y alimentaci\u00f3n. \u00a1El Corralito de Piedra te espera!<\/span><\/p>\n<h2><b>3. Feria del hogar, todo para cuidar y embellecer tus espacios\u00a0<\/b><\/h2>\n<p><span style=\"font-weight: 400;\">Este evento se realizar\u00e1 del <\/span><b>22 de agosto al 08 de septiembre en Corferias (Bogot\u00e1).<\/b><span style=\"font-weight: 400;\"> A la <\/span><b>Feria del Hogar<\/b><span style=\"font-weight: 400;\"> todos son bienvenidos, en este espacio hacen presencia las marcas m\u00e1s representativas, y se viven lanzamientos e innovaciones de diferentes productos.\u00a0\u00a0<\/span><\/p>\n<p><span style=\"font-weight: 400;\">Adquiriendo tu entrada por $ 13. 500 COP <\/span><b>podr\u00e1s elegir entre una gran variedad de opciones el elemento ideal para tu hogar,<\/b><span style=\"font-weight: 400;\"> y vivir una experiencia diferente al interior del recinto ferial, rodeado de actividades de entretenimiento.<\/span><\/p>\n<ul>\n<li><a href=\"https:\/\/www.ciencuadras.com\/blog\/decoracion\/tendencias-en-decoracion-del-hogar-2019\" rel=\"bookmark\">Tendencias en decoraci\u00f3n del hogar para el 2019<\/a><\/li>\n<\/ul>\n<p><span style=\"font-weight: 400;\">Visita la feria el jueves 22 de agosto de 2:00 p.m. a 8:00 p.m. Viernes y s\u00e1bados las puertas se abren para ti desde las 10:00 a.m. hasta las 9:00 p.m. O tienes la opci\u00f3n de asistir de lunes a jueves y el domingo entre las 10:00 a.m.\u00a0 y las 8:00 p.m.<\/span><\/p>\n<h2><b>4. PropTech Latam Summit &#8211; Edici\u00f3n Bogot\u00e1, Colombia 2019\u00a0<\/b><\/h2>\n<p><b>PropTech Latam Summit<\/b><span style=\"font-weight: 400;\"> es un encuentro que <\/span><b>re\u00fane a los l\u00edderes y disruptores de la industria del Real Estate de Latinoam\u00e9rica<\/b><span style=\"font-weight: 400;\"> para compartir y debatir tendencias de la econom\u00eda colaborativa, la tecnolog\u00eda y la innovaci\u00f3n aplicada a la industria inmobiliaria y de la construcci\u00f3n.<\/span><\/p>\n<p><span style=\"font-weight: 400;\">Este evento del sector inmobiliario crea y genera <\/span><i><span style=\"font-weight: 400;\">networking<\/span><\/i><span style=\"font-weight: 400;\">, adem\u00e1s ampl\u00eda las posibilidades de nuevos negocios. En esta edici\u00f3n, contar\u00e1 con la participaci\u00f3n del <\/span><i><span style=\"font-weight: 400;\">speaker<\/span><\/i><span style=\"font-weight: 400;\"> internacional <\/span><b>Wouter Truffino<\/b><span style=\"font-weight: 400;\">, fundador de Holland ConTech &amp; PropTech y de Global PropTech (Holanda).\u00a0<\/span><\/p>\n<p><b>La cita es el pr\u00f3ximo jueves 19 de septiembre en CONNECTA 26, Ecosistema de Negocios (Bogot\u00e1). La jornada tendr\u00e1 inicio a las 08:30 a.m. y se extender\u00e1 hasta las 06:30 p.m.<\/b><span style=\"font-weight: 400;\"> del mismo d\u00eda. Aprovecha esta oportunidad para identificar las tendencias del sector y optimizar tu labor como agente inmobiliario. \u00a1No la dejes pasar!<\/span><\/p>\n<ul>\n<li><a href=\"https:\/\/www.ciencuadras.com\/blog\/consejos-para-inmobiliarias\/4-tips-para-ser-el-mejor-agente-inmobiliario\" rel=\"bookmark\">4 Tips para ser el mejor agente inmobiliario<\/a><\/li>\n<\/ul>\n<h2><b>5. \u00a1Nuestro quinto evento recomendado del sector inmobiliario! El 35 Congreso Nacional Inmobiliario Fedelonjas 2019\u00a0<\/b><\/h2>\n<p><b>En septiembre vuelve a ser Cartagena de Indias la sede de otro evento.<\/b><span style=\"font-weight: 400;\"> Se trata del <\/span><a href=\"https:\/\/congreso35.fedelonjas.org.co\/\" target=\"_blank\" rel=\"noopener noreferrer\"><b>35 Congreso Nacional Inmobiliario Fedelonjas 2019<\/b><\/a><span style=\"font-weight: 400;\">, un espacio que reunir\u00e1 a los inmobiliarios, las empresas, la academia y a los grandes expertos para compartir conocimientos, presentar nuevos desarrollos, y tener oportunidades de negocio para el sector.<\/span><\/p>\n<p><b>El pr\u00f3ximo 19 y 20 de septiembre de 2019<\/b><span style=\"font-weight: 400;\"> todos los participantes tendr\u00e1n un espacio para hacer contactos, relacionarse, adquirir nuevas competencias y conocer la visi\u00f3n de los diferentes expositores.\u00a0 La inscripci\u00f3n a este congreso incluye plenarias, almuerzo, estaci\u00f3n de caf\u00e9, fiesta de clausura, y <\/span><i><span style=\"font-weight: 400;\">networking<\/span><\/i><span style=\"font-weight: 400;\">.<\/span><\/p>\n<p><span style=\"font-weight: 400;\">Tal como te dijimos, agosto y septiembre son meses de aprendizajes y nuevos descubrimientos para el mercado en Colombia. Y bueno, como en <\/span><a href=\"https:\/\/www.ciencuadras.com\"><b>Ciencuadras<\/b><\/a><span style=\"font-weight: 400;\"> tenemos espacios que llenan tu vida y la de tus clientes, te contamos sobre estos cinco eventos del sector inmobiliario. <\/span><b>Est\u00e1s a tiempo, \u00a1ag\u00e9ndate y participa!<\/b><\/p>\n<div data-opinionstage-embed-url=\"https:\/\/www.opinionstage.com\/api\/v1\/polls\/2560853\/code.json?width=\" style=\"display: none; visibility: hidden;\"><\/div>\n\n","protected":false},"excerpt":{"rendered":"<p>Si eres un agente o quieres comprar, arrendar o vender un inmueble, estos eventos del sector inmobiliario deben estar en tu radar. <\/p>\n","protected":false},"author":9,"featured_media":74444,"comment_status":"open","ping_status":"closed","sticky":false,"template":"","format":"standard","meta":{"footnotes":""},"categories":[1415],"tags":[12,31,6052,41,14],"acf":[],"yoast_head":"<!-- This site is optimized with the Yoast SEO plugin v15.9 - https:\/\/yoast.com\/wordpress\/plugins\/seo\/ -->\n<title>Eventos del sector inmobiliario, agosto-septiembre 2019 | Ciencuadras<\/title>\n<meta name=\"description\" content=\"Si eres un agente o quieres comprar, arrendar o vender un inmueble, estos eventos del sector inmobiliario deben estar en tu radar.\" \/>\n<meta name=\"robots\" content=\"index, follow, max-snippet:-1, max-image-preview:large, max-video-preview:-1\" \/>\n<link rel=\"canonical\" href=\"https:\/\/www.ciencuadras.com\/blog\/consejos-para-inmobiliarias\/eventos-sector-inmobiliario-agosto-septiembre-2019\" \/>\n<meta property=\"og:locale\" content=\"es_ES\" \/>\n<meta property=\"og:type\" content=\"article\" \/>\n<meta property=\"og:title\" content=\"Eventos del sector inmobiliario, agosto-septiembre 2019 | Ciencuadras\" \/>\n<meta property=\"og:description\" content=\"Si eres un agente o quieres comprar, arrendar o vender un inmueble, estos eventos del sector inmobiliario deben estar en tu radar.\" \/>\n<meta property=\"og:url\" content=\"https:\/\/www.ciencuadras.com\/blog\/consejos-para-inmobiliarias\/eventos-sector-inmobiliario-agosto-septiembre-2019\" \/>\n<meta property=\"article:publisher\" content=\"https:\/\/www.facebook.com\/ciencuadras\/\" \/>\n<meta property=\"article:author\" content=\"https:\/\/www.facebook.com\/ciencuadras\/\" \/>\n<meta property=\"article:published_time\" content=\"2019-09-17T13:00:20+00:00\" \/>\n<meta property=\"article:modified_time\" content=\"2021-05-12T21:46:37+00:00\" \/>\n<meta property=\"og:image\" content=\"https:\/\/www.ciencuadras.com\/blog\/wp-content\/uploads\/2019\/07\/eventos-del-sector-inmobiliario.jpg\" \/>\n\t<meta property=\"og:image:width\" content=\"1366\" \/>\n\t<meta property=\"og:image:height\" content=\"879\" \/>\n<meta name=\"twitter:card\" content=\"summary_large_image\" \/>\n<meta name=\"twitter:creator\" content=\"@ciencuadras\" \/>\n<meta name=\"twitter:site\" content=\"@ciencuadras\" \/>\n<meta name=\"twitter:label1\" content=\"Est. reading time\">\n\t<meta name=\"twitter:data1\" content=\"5 minutos\">\n<script type=\"application\/ld+json\" class=\"yoast-schema-graph\">{\"@context\":\"https:\/\/schema.org\",\"@graph\":[{\"@type\":\"Organization\",\"@id\":\"https:\/\/www.ciencuadras.com\/blog\/#organization\",\"name\":\"Ciencuadras.com\",\"url\":\"https:\/\/www.ciencuadras.com\/blog\/\",\"sameAs\":[\"https:\/\/www.facebook.com\/ciencuadras\/\",\"https:\/\/www.instagram.com\/ciencuadras\/\",\"https:\/\/co.linkedin.com\/company\/ciencuadras\",\"https:\/\/www.youtube.com\/channel\/UC_f830HP5dUy6OjBIbjtlAw\",\"https:\/\/twitter.com\/ciencuadras\"],\"logo\":{\"@type\":\"ImageObject\",\"@id\":\"https:\/\/www.ciencuadras.com\/blog\/#logo\",\"inLanguage\":\"es-CO\",\"url\":\"\",\"caption\":\"Ciencuadras.com\"},\"image\":{\"@id\":\"https:\/\/www.ciencuadras.com\/blog\/#logo\"}},{\"@type\":\"WebSite\",\"@id\":\"https:\/\/www.ciencuadras.com\/blog\/#website\",\"url\":\"https:\/\/www.ciencuadras.com\/blog\/\",\"name\":\"\",\"description\":\"\",\"publisher\":{\"@id\":\"https:\/\/www.ciencuadras.com\/blog\/#organization\"},\"potentialAction\":[{\"@type\":\"SearchAction\",\"target\":\"https:\/\/www.ciencuadras.com\/blog\/?s={search_term_string}\",\"query-input\":\"required name=search_term_string\"}],\"inLanguage\":\"es-CO\"},{\"@type\":\"ImageObject\",\"@id\":\"https:\/\/www.ciencuadras.com\/blog\/consejos-para-inmobiliarias\/eventos-sector-inmobiliario-agosto-septiembre-2019#primaryimage\",\"inLanguage\":\"es-CO\",\"url\":\"https:\/\/www.ciencuadras.com\/blog\/wp-content\/uploads\/2019\/07\/eventos-del-sector-inmobiliario.jpg\",\"width\":1366,\"height\":879,\"caption\":\"eventos del sector inmobiliario\"},{\"@type\":\"WebPage\",\"@id\":\"https:\/\/www.ciencuadras.com\/blog\/consejos-para-inmobiliarias\/eventos-sector-inmobiliario-agosto-septiembre-2019#webpage\",\"url\":\"https:\/\/www.ciencuadras.com\/blog\/consejos-para-inmobiliarias\/eventos-sector-inmobiliario-agosto-septiembre-2019\",\"name\":\"Eventos del sector inmobiliario, agosto-septiembre 2019 | Ciencuadras\",\"isPartOf\":{\"@id\":\"https:\/\/www.ciencuadras.com\/blog\/#website\"},\"primaryImageOfPage\":{\"@id\":\"https:\/\/www.ciencuadras.com\/blog\/consejos-para-inmobiliarias\/eventos-sector-inmobiliario-agosto-septiembre-2019#primaryimage\"},\"datePublished\":\"2019-09-17T13:00:20+00:00\",\"dateModified\":\"2021-05-12T21:46:37+00:00\",\"description\":\"Si eres un agente o quieres comprar, arrendar o vender un inmueble, estos eventos del sector inmobiliario deben estar en tu radar.\",\"breadcrumb\":{\"@id\":\"https:\/\/www.ciencuadras.com\/blog\/consejos-para-inmobiliarias\/eventos-sector-inmobiliario-agosto-septiembre-2019#breadcrumb\"},\"inLanguage\":\"es-CO\",\"potentialAction\":[{\"@type\":\"ReadAction\",\"target\":[\"https:\/\/www.ciencuadras.com\/blog\/consejos-para-inmobiliarias\/eventos-sector-inmobiliario-agosto-septiembre-2019\"]}]},{\"@type\":\"BreadcrumbList\",\"@id\":\"https:\/\/www.ciencuadras.com\/blog\/consejos-para-inmobiliarias\/eventos-sector-inmobiliario-agosto-septiembre-2019#breadcrumb\",\"itemListElement\":[{\"@type\":\"ListItem\",\"position\":1,\"item\":{\"@type\":\"WebPage\",\"@id\":\"https:\/\/www.ciencuadras.com\/blog\",\"url\":\"https:\/\/www.ciencuadras.com\/blog\",\"name\":\"Blog\"}},{\"@type\":\"ListItem\",\"position\":2,\"item\":{\"@type\":\"WebPage\",\"@id\":\"https:\/\/www.ciencuadras.com\/blog\/consejos-para-inmobiliarias\/eventos-sector-inmobiliario-agosto-septiembre-2019\",\"url\":\"https:\/\/www.ciencuadras.com\/blog\/consejos-para-inmobiliarias\/eventos-sector-inmobiliario-agosto-septiembre-2019\",\"name\":\"5 eventos del sector inmobiliario que no te puedes perder\"}}]},{\"@type\":\"Article\",\"@id\":\"https:\/\/www.ciencuadras.com\/blog\/consejos-para-inmobiliarias\/eventos-sector-inmobiliario-agosto-septiembre-2019#article\",\"isPartOf\":{\"@id\":\"https:\/\/www.ciencuadras.com\/blog\/consejos-para-inmobiliarias\/eventos-sector-inmobiliario-agosto-septiembre-2019#webpage\"},\"author\":{\"@id\":\"https:\/\/www.ciencuadras.com\/blog\/#\/schema\/person\/cc0b32db93618f32995212860cf644f8\"},\"headline\":\"5 eventos del sector inmobiliario que no te puedes perder\",\"datePublished\":\"2019-09-17T13:00:20+00:00\",\"dateModified\":\"2021-05-12T21:46:37+00:00\",\"mainEntityOfPage\":{\"@id\":\"https:\/\/www.ciencuadras.com\/blog\/consejos-para-inmobiliarias\/eventos-sector-inmobiliario-agosto-septiembre-2019#webpage\"},\"commentCount\":0,\"publisher\":{\"@id\":\"https:\/\/www.ciencuadras.com\/blog\/#organization\"},\"image\":{\"@id\":\"https:\/\/www.ciencuadras.com\/blog\/consejos-para-inmobiliarias\/eventos-sector-inmobiliario-agosto-septiembre-2019#primaryimage\"},\"keywords\":\"Decoraci\\u00f3n de casas,Espacios \\u00fanicos,Feria de vivienda,Sector inmobiliario,Tendencias 2019\",\"articleSection\":\"Consejos para inmobiliarias\",\"inLanguage\":\"es-CO\",\"potentialAction\":[{\"@type\":\"CommentAction\",\"name\":\"Comment\",\"target\":[\"https:\/\/www.ciencuadras.com\/blog\/consejos-para-inmobiliarias\/eventos-sector-inmobiliario-agosto-septiembre-2019#respond\"]}]},{\"@type\":\"Person\",\"@id\":\"https:\/\/www.ciencuadras.com\/blog\/#\/schema\/person\/cc0b32db93618f32995212860cf644f8\",\"name\":\"Redacci\\u00f3n Ciencuadras\",\"description\":\"\\u00a1Hola! Soy el blog de ciencuadras.com, un portal inmobiliario del Grupo Bol\\u00edvar en el que encuentras casas, apartamentos, oficinas, fincas y m\\u00e1s inmuebles en arriendo y venta en toda Colombia. \\ud83d\\udc99Cuando me visitas, adem\\u00e1s de descubrir tu inmueble ideal, puedes estar al d\\u00eda con las noticias del sector inmobiliario y de la construcci\\u00f3n; aprender tips en decoraci\\u00f3n y organizaci\\u00f3n de espacios, y mucho m\\u00e1s.\",\"sameAs\":[\"https:\/\/www.ciencuadras.com\/\",\"https:\/\/www.facebook.com\/ciencuadras\/\",\"https:\/\/www.instagram.com\/ciencuadras\/\",\"https:\/\/www.linkedin.com\/company\/ciencuadras\/\",\"https:\/\/twitter.com\/ciencuadras\",\"https:\/\/www.youtube.com\/channel\/UC_f830HP5dUy6OjBIbjtlAw\"]}]}<\/script>\n<!-- \/ Yoast SEO plugin. -->","_links":{"self":[{"href":"https:\/\/www.ciencuadras.com\/blog\/wp-json\/wp\/v2\/posts\/74432"}],"collection":[{"href":"https:\/\/www.ciencuadras.com\/blog\/wp-json\/wp\/v2\/posts"}],"about":[{"href":"https:\/\/www.ciencuadras.com\/blog\/wp-json\/wp\/v2\/types\/post"}],"author":[{"embeddable":true,"href":"https:\/\/www.ciencuadras.com\/blog\/wp-json\/wp\/v2\/users\/9"}],"replies":[{"embeddable":true,"href":"https:\/\/www.ciencuadras.com\/blog\/wp-json\/wp\/v2\/comments?post=74432"}],"version-history":[{"count":11,"href":"https:\/\/www.ciencuadras.com\/blog\/wp-json\/wp\/v2\/posts\/74432\/revisions"}],"predecessor-version":[{"id":87890,"href":"https:\/\/www.ciencuadras.com\/blog\/wp-json\/wp\/v2\/posts\/74432\/revisions\/87890"}],"wp:featuredmedia":[{"embeddable":true,"href":"https:\/\/www.ciencuadras.com\/blog\/wp-json\/wp\/v2\/media\/74444"}],"wp:attachment":[{"href":"https:\/\/www.ciencuadras.com\/blog\/wp-json\/wp\/v2\/media?parent=74432"}],"wp:term":[{"taxonomy":"category","embeddable":true,"href":"https:\/\/www.ciencuadras.com\/blog\/wp-json\/wp\/v2\/categories?post=74432"},{"taxonomy":"post_tag","embeddable":true,"href":"https:\/\/www.ciencuadras.com\/blog\/wp-json\/wp\/v2\/tags?post=74432"}],"curies":[{"name":"wp","href":"https:\/\/api.w.org\/{rel}","templated":true}]}}