{"id":74604,"date":"2019-08-22T11:57:11","date_gmt":"2019-08-22T16:57:11","guid":{"rendered":"https:\/\/www.ciencuadras.com\/blog\/?p=74604"},"modified":"2021-02-04T15:13:06","modified_gmt":"2021-02-04T20:13:06","slug":"tendencias-para-tu-vivienda-en-la-feria-del-hogar-2019","status":"publish","type":"post","link":"https:\/\/www.ciencuadras.com\/blog\/decoracion\/tendencias-para-tu-vivienda-en-la-feria-del-hogar-2019","title":{"rendered":"Tendencias para tu vivienda en la Feria del Hogar 2019"},"content":{"rendered":"<p>La Feria del Hogar es el espacio en el que descubres las innovaciones para tu hogar, adquieres los elementos para embellecer tu vivienda y disfrutas de actividades de entretenimiento para toda la familia.<\/p>\n<p><a href=\"https:\/\/www.ciencuadras.com\"><strong>Ciencuadras<\/strong><\/a> te llevar\u00e1 todos los detalles de este <a href=\"https:\/\/feriadelhogar.com\/es\/\" target=\"_blank\" rel=\"noopener noreferrer\"><strong>evento<\/strong><\/a>, que <strong>se realizar\u00e1 desde el 22 de agosto y se extender\u00e1 hasta el 08 de septiembre.<\/strong> Por medio de un Live te contaremos lo que no puedes dejar de hacer al asistir a esta feria, visita nuestro <a href=\"https:\/\/www.ciencuadras.com\/blog\"><strong>blog<\/strong><\/a> y est\u00e1 al d\u00eda con las novedades para tu vivienda, y en nuestras <a href=\"https:\/\/www.facebook.com\/ciencuadras\/\"><strong>redes<\/strong><\/a>, tambi\u00e9n recibir\u00e1s m\u00e1s <em>tips<\/em> para adecuar tu hogar.?<\/p>\n<p><strong>Si ya encontraste ese espacio ideal en <a href=\"https:\/\/www.ciencuadras.com\">ciencuadras.com,<\/a> dec\u00f3ralo con nuestra ayuda. Y si lo est\u00e1s buscando, no solo tenemos para ti el inmueble que cuadra perfecto contigo, sino que te damos las mejores recomendaciones para que tu nuevo hogar est\u00e9 al d\u00eda con las tendencias 2019.<\/strong><\/p>\n<p><a href=\"https:\/\/www.ciencuadras.com\/blog\/tendencias\/eventos-sector-inmobiliario-agosto-septiembre-2019\"><strong>5 eventos del sector inmobiliario que no te puedes perder<\/strong><\/a><\/p>\n<h2><strong>\u00bfC\u00f3mo disfrutar la Feria del Hogar?<\/strong><\/h2>\n<p>Para sacar el mayor provecho de esta edici\u00f3n de la Feria del Hogar debes conocer las rutas tem\u00e1ticas e identificar cu\u00e1l se ajusta a tus intereses. Puedes escoger entre cuatro caminos: Ruta de estilo personal, Ruta de la comodidad y el descanso, Ruta de deco y dise\u00f1o, y la Ruta tech y electrodom\u00e9sticos.?<\/p>\n<p><img fetchpriority=\"high\" decoding=\"async\" class=\"alignnone size-full wp-image-74606\" src=\"https:\/\/www.ciencuadras.com\/blog\/wp-content\/uploads\/2019\/08\/Rutas-tema\u0301ticas.jpg\" alt=\"Rutas tema\u0301ticas\" width=\"6240\" height=\"4160\" srcset=\"https:\/\/www.ciencuadras.com\/blog\/wp-content\/uploads\/2019\/08\/Rutas-tema\u0301ticas.jpg 1366w, https:\/\/www.ciencuadras.com\/blog\/wp-content\/uploads\/2019\/08\/Rutas-tema\u0301ticas-600x400.jpg 600w, https:\/\/www.ciencuadras.com\/blog\/wp-content\/uploads\/2019\/08\/Rutas-tema\u0301ticas-300x200.jpg 300w, https:\/\/www.ciencuadras.com\/blog\/wp-content\/uploads\/2019\/08\/Rutas-tema\u0301ticas-768x512.jpg 768w, https:\/\/www.ciencuadras.com\/blog\/wp-content\/uploads\/2019\/08\/Rutas-tema\u0301ticas-1024x683.jpg 1024w\" sizes=\"(max-width: 6240px) 100vw, 6240px\" \/><\/p>\n<h3><strong>Ruta de estilo personal (amarilla)<\/strong><\/h3>\n<p>Esta es la indicada para quienes buscan las \u00faltimas tendencias de moda y decoraci\u00f3n. A trav\u00e9s de este camino, encontrar\u00e1s decoraci\u00f3n, arte y moda (pabell\u00f3n 6, nivel 2); la muestra internacional y marroquiner\u00eda (pabell\u00f3n 3, nivel 2); expojoyas (pabell\u00f3n 7); exposaberes (\u00e1rea libre 2); belleza y salud (pabell\u00f3n 8, nivel 1).<\/p>\n<h3><strong>Ruta de la comodidad y el descanso (verde)<\/strong><\/h3>\n<p>En este camino de la Feria del Hogar descubres beneficios para la salud y lo necesario para garantizar el descanso en tu hogar. En el gran sal\u00f3n, pabellones del 11 al 23, estar\u00e1n los comedores, salas y lo que debes tener en tus habitaciones y estudios; as\u00ed mismo, en el pabell\u00f3n 8, nivel 2, estar\u00e1 la lencer\u00eda para el hogar.<\/p>\n<p><a href=\"https:\/\/www.ciencuadras.com\/blog\/decoracion\/tendencias-en-decoracion-del-hogar-2019\"><strong>Tendencias en decoraci\u00f3n del hogar para el 2019<\/strong><\/a><\/p>\n<p><img decoding=\"async\" class=\"alignnone size-full wp-image-74607\" src=\"https:\/\/www.ciencuadras.com\/blog\/wp-content\/uploads\/2019\/08\/Madrugon-F.jpg\" alt=\"Feria del Hogar 2019\" width=\"5305\" height=\"3411\" srcset=\"https:\/\/www.ciencuadras.com\/blog\/wp-content\/uploads\/2019\/08\/Madrugon-F.jpg 1366w, https:\/\/www.ciencuadras.com\/blog\/wp-content\/uploads\/2019\/08\/Madrugon-F-600x386.jpg 600w, https:\/\/www.ciencuadras.com\/blog\/wp-content\/uploads\/2019\/08\/Madrugon-F-300x193.jpg 300w, https:\/\/www.ciencuadras.com\/blog\/wp-content\/uploads\/2019\/08\/Madrugon-F-768x494.jpg 768w, https:\/\/www.ciencuadras.com\/blog\/wp-content\/uploads\/2019\/08\/Madrugon-F-1024x658.jpg 1024w\" sizes=\"(max-width: 5305px) 100vw, 5305px\" \/><\/p>\n<h3><strong>Ruta deco y dise\u00f1o (fucsia) en la Feria del Hogar&nbsp;<\/strong><\/h3>\n<p>Este camino es el correcto para quienes quieren darle un nuevo aire a su vivienda. Estar\u00e1n las<strong>&nbsp;<\/strong>tendencias en decoraci\u00f3n, dise\u00f1o y galer\u00edas de arte. Har\u00e1n parte el pabell\u00f3n 4 con navidad y la secci\u00f3n infantil; pabell\u00f3n 6, nivel 1, con decoraci\u00f3n y arte; pabell\u00f3n 3, nivel 2, muestra internacional y marroquiner\u00eda; y pabell\u00f3n 6, nivel 2, con decoraci\u00f3n, arte y moda.<\/p>\n<h3><strong>Ruta tech y electrodom\u00e9sticos (azul)<\/strong><\/h3>\n<p>Si quieres innovar en casa, haz de la tecnolog\u00eda la protagonista de tu hogar. El pabell\u00f3n 3, nivel 1, tendr\u00e1 electrodom\u00e9sticos, tecnolog\u00eda y cocinas integrales; as\u00ed mismo, en el pabell\u00f3n 1, nivel 1, estar\u00e1n los utensilios y menaje para mesa y cocina.<\/p>\n<p><a href=\"https:\/\/www.ciencuadras.com\/blog\/tendencias\/lo-nuevo-tecnologia-para-la-cocina-de-2019\"><strong>Tecnolog\u00eda en la cocina, nuevas experiencias para preparar tus alimentos<\/strong><\/a><\/p>\n<p><img decoding=\"async\" class=\"alignnone size-full wp-image-74608\" src=\"https:\/\/www.ciencuadras.com\/blog\/wp-content\/uploads\/2019\/08\/Muestra-Inter.jpg\" alt=\"Muestra Internacional\" width=\"4895\" height=\"3263\" srcset=\"https:\/\/www.ciencuadras.com\/blog\/wp-content\/uploads\/2019\/08\/Muestra-Inter.jpg 1366w, https:\/\/www.ciencuadras.com\/blog\/wp-content\/uploads\/2019\/08\/Muestra-Inter-600x400.jpg 600w, https:\/\/www.ciencuadras.com\/blog\/wp-content\/uploads\/2019\/08\/Muestra-Inter-300x200.jpg 300w, https:\/\/www.ciencuadras.com\/blog\/wp-content\/uploads\/2019\/08\/Muestra-Inter-768x512.jpg 768w, https:\/\/www.ciencuadras.com\/blog\/wp-content\/uploads\/2019\/08\/Muestra-Inter-1024x683.jpg 1024w\" sizes=\"(max-width: 4895px) 100vw, 4895px\" \/><\/p>\n<p>Ah, y adem\u00e1s, esta edici\u00f3n de la Feria del Hogar contar\u00e1 con el pabell\u00f3n de muestra internacional marroquiner\u00eda, moda y calzado. Bolivia, China, Estados Unidos, India, M\u00e9xico, Per\u00fa y Turqu\u00eda son algunos de los pa\u00edses presentes con art\u00edculos como prendas de vestir, cubrelechos, tapetes, cobijas, joyer\u00eda, y m\u00e1s.<\/p>\n<blockquote><p><strong><em>La boleter\u00eda para la feria tiene un costo de $13.500 por persona. Los ni\u00f1os hasta los 12 a\u00f1os de edad ingresan gratis.<\/em><\/strong><\/p><\/blockquote>\n<p>No te pierdas todos los detalles de la Feria del Hogar por medio de nuestro <a href=\"https:\/\/www.ciencuadras.com\/blog\"><strong>blog<\/strong><\/a> y nuestras <a href=\"https:\/\/www.instagram.com\/ciencuadras\/\"><strong>redes sociales<\/strong><\/a>. Recuerda que <strong>si est\u00e1s buscando un nuevo hogar, no solo lo encuentras en <a href=\"https:\/\/www.ciencuadras.com\">ciencuadras.com<\/a>, sino que tambi\u00e9n te ense\u00f1amos a decorarlo.<\/strong> \u00a1Nosotros te conectamos con ese espacio que cuadra perfecto contigo!?<\/p>\n\n","protected":false},"excerpt":{"rendered":"<p>Encuentra en la Feria del Hogar m\u00e1s de un mill\u00f3n de productos y 700 expositores.?Decoraci\u00f3n, dise\u00f1o, conceptos y tendencias te esperan en esta edici\u00f3n.<\/p>\n","protected":false},"author":9,"featured_media":74605,"comment_status":"open","ping_status":"closed","sticky":false,"template":"","format":"standard","meta":{"footnotes":""},"categories":[8],"tags":[18,12,6052,14,11,15],"acf":[],"yoast_head":"<!-- This site is optimized with the Yoast SEO plugin v15.9 - https:\/\/yoast.com\/wordpress\/plugins\/seo\/ -->\n<title>Tendencias para tu vivienda en la Feria del Hogar 2019 | Ciencuadras<\/title>\n<meta name=\"description\" content=\"Encuentra en la Feria del Hogar m\u00e1s de un mill\u00f3n de productos y 700 expositores. Decoraci\u00f3n, dise\u00f1o y tendencias te esperan en esta edici\u00f3n.\" \/>\n<meta name=\"robots\" content=\"index, follow, max-snippet:-1, max-image-preview:large, max-video-preview:-1\" \/>\n<link rel=\"canonical\" href=\"https:\/\/www.ciencuadras.com\/blog\/decoracion\/tendencias-para-tu-vivienda-en-la-feria-del-hogar-2019\" \/>\n<meta property=\"og:locale\" content=\"es_ES\" \/>\n<meta property=\"og:type\" content=\"article\" \/>\n<meta property=\"og:title\" content=\"Tendencias para tu vivienda en la Feria del Hogar 2019 | Ciencuadras\" \/>\n<meta property=\"og:description\" content=\"Encuentra en la Feria del Hogar m\u00e1s de un mill\u00f3n de productos y 700 expositores. Decoraci\u00f3n, dise\u00f1o y tendencias te esperan en esta edici\u00f3n.\" \/>\n<meta property=\"og:url\" content=\"https:\/\/www.ciencuadras.com\/blog\/decoracion\/tendencias-para-tu-vivienda-en-la-feria-del-hogar-2019\" \/>\n<meta property=\"article:publisher\" content=\"https:\/\/www.facebook.com\/ciencuadras\/\" \/>\n<meta property=\"article:author\" content=\"https:\/\/www.facebook.com\/ciencuadras\/\" \/>\n<meta property=\"article:published_time\" content=\"2019-08-22T16:57:11+00:00\" \/>\n<meta property=\"article:modified_time\" content=\"2021-02-04T20:13:06+00:00\" \/>\n<meta property=\"og:image\" content=\"https:\/\/www.ciencuadras.com\/blog\/wp-content\/uploads\/2019\/08\/Feria-del-Hogar.jpg\" \/>\n\t<meta property=\"og:image:width\" content=\"1366\" \/>\n\t<meta property=\"og:image:height\" content=\"911\" \/>\n<meta name=\"twitter:card\" content=\"summary_large_image\" \/>\n<meta name=\"twitter:creator\" content=\"@ciencuadras\" \/>\n<meta name=\"twitter:site\" content=\"@ciencuadras\" \/>\n<meta name=\"twitter:label1\" content=\"Est. reading time\">\n\t<meta name=\"twitter:data1\" content=\"3 minutos\">\n<script type=\"application\/ld+json\" class=\"yoast-schema-graph\">{\"@context\":\"https:\/\/schema.org\",\"@graph\":[{\"@type\":\"Organization\",\"@id\":\"https:\/\/www.ciencuadras.com\/blog\/#organization\",\"name\":\"Ciencuadras.com\",\"url\":\"https:\/\/www.ciencuadras.com\/blog\/\",\"sameAs\":[\"https:\/\/www.facebook.com\/ciencuadras\/\",\"https:\/\/www.instagram.com\/ciencuadras\/\",\"https:\/\/co.linkedin.com\/company\/ciencuadras\",\"https:\/\/www.youtube.com\/channel\/UC_f830HP5dUy6OjBIbjtlAw\",\"https:\/\/twitter.com\/ciencuadras\"],\"logo\":{\"@type\":\"ImageObject\",\"@id\":\"https:\/\/www.ciencuadras.com\/blog\/#logo\",\"inLanguage\":\"es-CO\",\"url\":\"\",\"caption\":\"Ciencuadras.com\"},\"image\":{\"@id\":\"https:\/\/www.ciencuadras.com\/blog\/#logo\"}},{\"@type\":\"WebSite\",\"@id\":\"https:\/\/www.ciencuadras.com\/blog\/#website\",\"url\":\"https:\/\/www.ciencuadras.com\/blog\/\",\"name\":\"\",\"description\":\"\",\"publisher\":{\"@id\":\"https:\/\/www.ciencuadras.com\/blog\/#organization\"},\"potentialAction\":[{\"@type\":\"SearchAction\",\"target\":\"https:\/\/www.ciencuadras.com\/blog\/?s={search_term_string}\",\"query-input\":\"required name=search_term_string\"}],\"inLanguage\":\"es-CO\"},{\"@type\":\"ImageObject\",\"@id\":\"https:\/\/www.ciencuadras.com\/blog\/decoracion\/tendencias-para-tu-vivienda-en-la-feria-del-hogar-2019#primaryimage\",\"inLanguage\":\"es-CO\",\"url\":\"https:\/\/www.ciencuadras.com\/blog\/wp-content\/uploads\/2019\/08\/Feria-del-Hogar.jpg\",\"width\":1366,\"height\":911,\"caption\":\"Feria del Hogar\"},{\"@type\":\"WebPage\",\"@id\":\"https:\/\/www.ciencuadras.com\/blog\/decoracion\/tendencias-para-tu-vivienda-en-la-feria-del-hogar-2019#webpage\",\"url\":\"https:\/\/www.ciencuadras.com\/blog\/decoracion\/tendencias-para-tu-vivienda-en-la-feria-del-hogar-2019\",\"name\":\"Tendencias para tu vivienda en la Feria del Hogar 2019 | Ciencuadras\",\"isPartOf\":{\"@id\":\"https:\/\/www.ciencuadras.com\/blog\/#website\"},\"primaryImageOfPage\":{\"@id\":\"https:\/\/www.ciencuadras.com\/blog\/decoracion\/tendencias-para-tu-vivienda-en-la-feria-del-hogar-2019#primaryimage\"},\"datePublished\":\"2019-08-22T16:57:11+00:00\",\"dateModified\":\"2021-02-04T20:13:06+00:00\",\"description\":\"Encuentra en la Feria del Hogar m\\u00e1s de un mill\\u00f3n de productos y 700 expositores. Decoraci\\u00f3n, dise\\u00f1o y tendencias te esperan en esta edici\\u00f3n.\",\"breadcrumb\":{\"@id\":\"https:\/\/www.ciencuadras.com\/blog\/decoracion\/tendencias-para-tu-vivienda-en-la-feria-del-hogar-2019#breadcrumb\"},\"inLanguage\":\"es-CO\",\"potentialAction\":[{\"@type\":\"ReadAction\",\"target\":[\"https:\/\/www.ciencuadras.com\/blog\/decoracion\/tendencias-para-tu-vivienda-en-la-feria-del-hogar-2019\"]}]},{\"@type\":\"BreadcrumbList\",\"@id\":\"https:\/\/www.ciencuadras.com\/blog\/decoracion\/tendencias-para-tu-vivienda-en-la-feria-del-hogar-2019#breadcrumb\",\"itemListElement\":[{\"@type\":\"ListItem\",\"position\":1,\"item\":{\"@type\":\"WebPage\",\"@id\":\"https:\/\/www.ciencuadras.com\/blog\",\"url\":\"https:\/\/www.ciencuadras.com\/blog\",\"name\":\"Blog\"}},{\"@type\":\"ListItem\",\"position\":2,\"item\":{\"@type\":\"WebPage\",\"@id\":\"https:\/\/www.ciencuadras.com\/blog\/decoracion\/tendencias-para-tu-vivienda-en-la-feria-del-hogar-2019\",\"url\":\"https:\/\/www.ciencuadras.com\/blog\/decoracion\/tendencias-para-tu-vivienda-en-la-feria-del-hogar-2019\",\"name\":\"Tendencias para tu vivienda en la Feria del Hogar 2019\"}}]},{\"@type\":\"Article\",\"@id\":\"https:\/\/www.ciencuadras.com\/blog\/decoracion\/tendencias-para-tu-vivienda-en-la-feria-del-hogar-2019#article\",\"isPartOf\":{\"@id\":\"https:\/\/www.ciencuadras.com\/blog\/decoracion\/tendencias-para-tu-vivienda-en-la-feria-del-hogar-2019#webpage\"},\"author\":{\"@id\":\"https:\/\/www.ciencuadras.com\/blog\/#\/schema\/person\/cc0b32db93618f32995212860cf644f8\"},\"headline\":\"Tendencias para tu vivienda en la Feria del Hogar 2019\",\"datePublished\":\"2019-08-22T16:57:11+00:00\",\"dateModified\":\"2021-02-04T20:13:06+00:00\",\"mainEntityOfPage\":{\"@id\":\"https:\/\/www.ciencuadras.com\/blog\/decoracion\/tendencias-para-tu-vivienda-en-la-feria-del-hogar-2019#webpage\"},\"commentCount\":0,\"publisher\":{\"@id\":\"https:\/\/www.ciencuadras.com\/blog\/#organization\"},\"image\":{\"@id\":\"https:\/\/www.ciencuadras.com\/blog\/decoracion\/tendencias-para-tu-vivienda-en-la-feria-del-hogar-2019#primaryimage\"},\"keywords\":\"Accesorios para decorar la casa,Decoraci\\u00f3n de casas,Feria de vivienda,Tendencias 2019,Tendencias deco,Tendencias para el hogar\",\"articleSection\":\"Decoraci\\u00f3n\",\"inLanguage\":\"es-CO\",\"potentialAction\":[{\"@type\":\"CommentAction\",\"name\":\"Comment\",\"target\":[\"https:\/\/www.ciencuadras.com\/blog\/decoracion\/tendencias-para-tu-vivienda-en-la-feria-del-hogar-2019#respond\"]}]},{\"@type\":\"Person\",\"@id\":\"https:\/\/www.ciencuadras.com\/blog\/#\/schema\/person\/cc0b32db93618f32995212860cf644f8\",\"name\":\"Redacci\\u00f3n Ciencuadras\",\"description\":\"\\u00a1Hola! Soy el blog de ciencuadras.com, un portal inmobiliario del Grupo Bol\\u00edvar en el que encuentras casas, apartamentos, oficinas, fincas y m\\u00e1s inmuebles en arriendo y venta en toda Colombia. \\ud83d\\udc99Cuando me visitas, adem\\u00e1s de descubrir tu inmueble ideal, puedes estar al d\\u00eda con las noticias del sector inmobiliario y de la construcci\\u00f3n; aprender tips en decoraci\\u00f3n y organizaci\\u00f3n de espacios, y mucho m\\u00e1s.\",\"sameAs\":[\"https:\/\/www.ciencuadras.com\/\",\"https:\/\/www.facebook.com\/ciencuadras\/\",\"https:\/\/www.instagram.com\/ciencuadras\/\",\"https:\/\/www.linkedin.com\/company\/ciencuadras\/\",\"https:\/\/twitter.com\/ciencuadras\",\"https:\/\/www.youtube.com\/channel\/UC_f830HP5dUy6OjBIbjtlAw\"]}]}<\/script>\n<!-- \/ Yoast SEO plugin. -->","_links":{"self":[{"href":"https:\/\/www.ciencuadras.com\/blog\/wp-json\/wp\/v2\/posts\/74604"}],"collection":[{"href":"https:\/\/www.ciencuadras.com\/blog\/wp-json\/wp\/v2\/posts"}],"about":[{"href":"https:\/\/www.ciencuadras.com\/blog\/wp-json\/wp\/v2\/types\/post"}],"author":[{"embeddable":true,"href":"https:\/\/www.ciencuadras.com\/blog\/wp-json\/wp\/v2\/users\/9"}],"replies":[{"embeddable":true,"href":"https:\/\/www.ciencuadras.com\/blog\/wp-json\/wp\/v2\/comments?post=74604"}],"version-history":[{"count":4,"href":"https:\/\/www.ciencuadras.com\/blog\/wp-json\/wp\/v2\/posts\/74604\/revisions"}],"predecessor-version":[{"id":82435,"href":"https:\/\/www.ciencuadras.com\/blog\/wp-json\/wp\/v2\/posts\/74604\/revisions\/82435"}],"wp:featuredmedia":[{"embeddable":true,"href":"https:\/\/www.ciencuadras.com\/blog\/wp-json\/wp\/v2\/media\/74605"}],"wp:attachment":[{"href":"https:\/\/www.ciencuadras.com\/blog\/wp-json\/wp\/v2\/media?parent=74604"}],"wp:term":[{"taxonomy":"category","embeddable":true,"href":"https:\/\/www.ciencuadras.com\/blog\/wp-json\/wp\/v2\/categories?post=74604"},{"taxonomy":"post_tag","embeddable":true,"href":"https:\/\/www.ciencuadras.com\/blog\/wp-json\/wp\/v2\/tags?post=74604"}],"curies":[{"name":"wp","href":"https:\/\/api.w.org\/{rel}","templated":true}]}}