{"id":74611,"date":"2019-08-15T12:28:46","date_gmt":"2019-08-15T17:28:46","guid":{"rendered":"https:\/\/www.ciencuadras.com\/blog\/?p=74611"},"modified":"2021-02-04T14:37:40","modified_gmt":"2021-02-04T19:37:40","slug":"ciencuadras-en-camacol-2019","status":"publish","type":"post","link":"https:\/\/www.ciencuadras.com\/blog\/guia-para-vender-inmuebles\/ciencuadras-en-camacol-2019","title":{"rendered":"Ciencuadras en CAMACOL 2019"},"content":{"rendered":"<p>Cerramos el mes de agosto con una cita en CAMACOL 2019. Cartagena ser\u00e1 la sede para conversar sobre <strong>nuevas tecnolog\u00edas y experiencias del sector de la construcci\u00f3n y su cadena de valor<\/strong>. Por supuesto, <a href=\"https:\/\/www.ciencuadras.com\"><strong>Ciencuadras<\/strong><\/a> no se quedar\u00e1 por fuera de este encuentro. <strong>Te esperamos este pr\u00f3ximo jueves 29 y viernes 30 de agosto para aprender sobre las tendencias del mercado colombiano de la construcci\u00f3n.\u00a0<\/strong><\/p>\n<p>El evento, que iniciar\u00e1 desde el 28 de agosto en el centro de convenciones Julio C\u00e9sar Turbay Ayala, ofrecer\u00e1 conferencias, una sala para <em>networking<\/em> y m\u00e1s. Se espera en CAMACOL 2019 la participaci\u00f3n de varios funcionarios del Gobierno Nacional, en cabeza de la intervenci\u00f3n del Presidente de la Rep\u00fablica Iv\u00e1n Duque.<\/p>\n<ul>\n<li><a href=\"https:\/\/www.ciencuadras.com\/blog\/tendencias\/tendencias-para-tu-vivienda-en-la-feria-del-hogar-2019\" rel=\"bookmark\">Tendencias para tu vivienda en la Feria del Hogar 2019<\/a><\/li>\n<\/ul>\n<h2><strong>Estos son los conferencistas en CAMACOL 2019\u00a0?<\/strong><\/h2>\n<p>Entre otros <em>speakers<\/em>, se encuentran:<\/p>\n<ul>\n<li><strong>Richard Florida. <\/strong>Director Martin Prosperity Institute &#8211; Profesor Toronto University<\/li>\n<li><strong>Edurne Pasaban.<\/strong> Conferencista Internacional<\/li>\n<li><strong>Martha Luc\u00eda Ram\u00edrez. <\/strong>Vicepresidente de la Rep\u00fablica de Colombia<\/li>\n<li><strong>Alberto Carrasquilla. <\/strong>Ministro de Hacienda y Cr\u00e9dito P\u00fablico<\/li>\n<li><strong>Jonathan Malag\u00f3n.<\/strong> Ministro de Vivienda, Ciudad y Territorio<\/li>\n<li><strong>Alicia Arango Olmos.<\/strong> Ministra de Trabajo<\/li>\n<li><strong>Mar\u00eda Victoria Angulo.<\/strong> Ministra de Educaci\u00f3n Nacional<\/li>\n<\/ul>\n<p>Se espera que con el <a href=\"http:\/\/www.cvent.com\/events\/congreso-colombiano-de-la-construcci-n-2019\/event-summary-1e8edb7326654e22973b7460571a74fb.aspx\"><strong>Congreso Colombiano de la Construcci\u00f3n<\/strong><\/a> se articule a los actores relacionados con las tendencias en innovaci\u00f3n, productividad, pol\u00edtica de vivienda, inversi\u00f3n inmobiliaria, desarrollo empresarial, crecimiento econ\u00f3mico y social de Colombia. Esto se realizar\u00e1 a trav\u00e9s de ponencias de expertos y de la <strong>discusi\u00f3n abierta y constructiva entre el gobierno, la academia y los l\u00edderes de opini\u00f3n.<\/strong><\/p>\n<ul>\n<li><a href=\"https:\/\/www.ciencuadras.com\/blog\/tendencias\/realidad-virtual-en-el-sector-inmobiliario\" rel=\"bookmark\">Realidad virtual, el nuevo boom de las inmobiliarias<\/a><\/li>\n<\/ul>\n<h2><strong>Novedades de esta edici\u00f3n del evento\u00a0?<\/strong><\/h2>\n<ul>\n<li>CAMACOL 2019 pondr\u00e1 a disposici\u00f3n de los participantes una aplicaci\u00f3n m\u00f3vil que busca mantener en contacto a futuros proveedores o clientes<\/li>\n<li>El pa\u00eds invitado es Corea del Sur, estar\u00e1 compartiendo nuevas experiencias y tecnolog\u00edas<\/li>\n<li>Como asistente, tendr\u00e1s la posibilidad de escoger la conferencia de tu inter\u00e9s<\/li>\n<\/ul>\n<h2><strong>Estos son tus derechos como participante de CAMACOL 2019\u00a0??<\/strong><\/h2>\n<ul>\n<li>Certificado de asistencia virtual<\/li>\n<li>Asistencia a todas las sesiones acad\u00e9micas del evento<\/li>\n<li>Visita a la muestra comercial de CAMACOL<\/li>\n<li>Refrigerios y almuerzo<\/li>\n<\/ul>\n<p><img fetchpriority=\"high\" decoding=\"async\" class=\"alignnone size-full wp-image-74615\" src=\"https:\/\/www.ciencuadras.com\/blog\/wp-content\/uploads\/2019\/08\/Cartagena-centro-de-convenciones.jpg\" alt=\"Cartagena centro de convenciones\" width=\"1000\" height=\"668\" srcset=\"https:\/\/www.ciencuadras.com\/blog\/wp-content\/uploads\/2019\/08\/Cartagena-centro-de-convenciones.jpg 1000w, https:\/\/www.ciencuadras.com\/blog\/wp-content\/uploads\/2019\/08\/Cartagena-centro-de-convenciones-600x401.jpg 600w, https:\/\/www.ciencuadras.com\/blog\/wp-content\/uploads\/2019\/08\/Cartagena-centro-de-convenciones-300x200.jpg 300w, https:\/\/www.ciencuadras.com\/blog\/wp-content\/uploads\/2019\/08\/Cartagena-centro-de-convenciones-768x513.jpg 768w\" sizes=\"(max-width: 1000px) 100vw, 1000px\" \/><\/p>\n<ul>\n<li><a href=\"https:\/\/www.ciencuadras.com\/blog\/tendencias\/eventos-sector-inmobiliario-agosto-septiembre-2019\" rel=\"bookmark\">5 eventos del sector inmobiliario que no te puedes perder<\/a><\/li>\n<\/ul>\n<p>Si vas a estar en El Corralito de Piedra por esos d\u00edas, vis\u00edtanos en CAMACOL 2019. <strong>Ciencuadras estar\u00e1 el jueves 29 y el viernes 30 de agosto haciendo parte del epicentro del mercado colombiano de la construcci\u00f3n.<\/strong> An\u00edmate y haz parte de esta edici\u00f3n en la que el futuro se construye desde las regiones. \u00a1Ah! No olvides que en <a href=\"https:\/\/www.ciencuadras.com\"><strong>Ciencuadras<\/strong><\/a> te conectamos con ese espacio que cuadra perfecto contigo o con tus clientes.?<\/p>\n\n","protected":false},"excerpt":{"rendered":"<p>Si quieres estar al d\u00eda con la actividad edificadora y el desarrollo urbano del pa\u00eds, no te pierdas CAMACOL 2019.?Detalles, aqu\u00ed.<\/p>\n","protected":false},"author":9,"featured_media":74616,"comment_status":"open","ping_status":"closed","sticky":false,"template":"","format":"standard","meta":{"footnotes":""},"categories":[1415,4,2],"tags":[39,50,42,49,41],"acf":[],"yoast_head":"<!-- This site is optimized with the Yoast SEO plugin v15.9 - https:\/\/yoast.com\/wordpress\/plugins\/seo\/ -->\n<title>Ciencuadras en Camacol 2019 en Cartagena | Ciencuadras<\/title>\n<meta name=\"description\" content=\"Si quieres estar al d\u00eda con la actividad edificadora y el desarrollo urbano del pa\u00eds, no te pierdas CAMACOL 2019. Detalles, aqu\u00ed.\" \/>\n<meta name=\"robots\" content=\"index, follow, max-snippet:-1, max-image-preview:large, max-video-preview:-1\" \/>\n<link rel=\"canonical\" href=\"https:\/\/www.ciencuadras.com\/blog\/guia-para-vender-inmuebles\/ciencuadras-en-camacol-2019\" \/>\n<meta property=\"og:locale\" content=\"es_ES\" \/>\n<meta property=\"og:type\" content=\"article\" \/>\n<meta property=\"og:title\" content=\"Ciencuadras en Camacol 2019 en Cartagena | Ciencuadras\" \/>\n<meta property=\"og:description\" content=\"Si quieres estar al d\u00eda con la actividad edificadora y el desarrollo urbano del pa\u00eds, no te pierdas CAMACOL 2019. Detalles, aqu\u00ed.\" \/>\n<meta property=\"og:url\" content=\"https:\/\/www.ciencuadras.com\/blog\/guia-para-vender-inmuebles\/ciencuadras-en-camacol-2019\" \/>\n<meta property=\"article:publisher\" content=\"https:\/\/www.facebook.com\/ciencuadras\/\" \/>\n<meta property=\"article:author\" content=\"https:\/\/www.facebook.com\/ciencuadras\/\" \/>\n<meta property=\"article:published_time\" content=\"2019-08-15T17:28:46+00:00\" \/>\n<meta property=\"article:modified_time\" content=\"2021-02-04T19:37:40+00:00\" \/>\n<meta property=\"og:image\" content=\"https:\/\/www.ciencuadras.com\/blog\/wp-content\/uploads\/2019\/08\/CAMACOL-2019-1.jpg\" \/>\n\t<meta property=\"og:image:width\" content=\"1366\" \/>\n\t<meta property=\"og:image:height\" content=\"505\" \/>\n<meta name=\"twitter:card\" content=\"summary_large_image\" \/>\n<meta name=\"twitter:creator\" content=\"@ciencuadras\" \/>\n<meta name=\"twitter:site\" content=\"@ciencuadras\" \/>\n<meta name=\"twitter:label1\" content=\"Est. reading time\">\n\t<meta name=\"twitter:data1\" content=\"2 minutos\">\n<script type=\"application\/ld+json\" class=\"yoast-schema-graph\">{\"@context\":\"https:\/\/schema.org\",\"@graph\":[{\"@type\":\"Organization\",\"@id\":\"https:\/\/www.ciencuadras.com\/blog\/#organization\",\"name\":\"Ciencuadras.com\",\"url\":\"https:\/\/www.ciencuadras.com\/blog\/\",\"sameAs\":[\"https:\/\/www.facebook.com\/ciencuadras\/\",\"https:\/\/www.instagram.com\/ciencuadras\/\",\"https:\/\/co.linkedin.com\/company\/ciencuadras\",\"https:\/\/www.youtube.com\/channel\/UC_f830HP5dUy6OjBIbjtlAw\",\"https:\/\/twitter.com\/ciencuadras\"],\"logo\":{\"@type\":\"ImageObject\",\"@id\":\"https:\/\/www.ciencuadras.com\/blog\/#logo\",\"inLanguage\":\"es-CO\",\"url\":\"\",\"caption\":\"Ciencuadras.com\"},\"image\":{\"@id\":\"https:\/\/www.ciencuadras.com\/blog\/#logo\"}},{\"@type\":\"WebSite\",\"@id\":\"https:\/\/www.ciencuadras.com\/blog\/#website\",\"url\":\"https:\/\/www.ciencuadras.com\/blog\/\",\"name\":\"\",\"description\":\"\",\"publisher\":{\"@id\":\"https:\/\/www.ciencuadras.com\/blog\/#organization\"},\"potentialAction\":[{\"@type\":\"SearchAction\",\"target\":\"https:\/\/www.ciencuadras.com\/blog\/?s={search_term_string}\",\"query-input\":\"required name=search_term_string\"}],\"inLanguage\":\"es-CO\"},{\"@type\":\"ImageObject\",\"@id\":\"https:\/\/www.ciencuadras.com\/blog\/guia-para-vender-inmuebles\/ciencuadras-en-camacol-2019#primaryimage\",\"inLanguage\":\"es-CO\",\"url\":\"https:\/\/www.ciencuadras.com\/blog\/wp-content\/uploads\/2019\/08\/CAMACOL-2019-1.jpg\",\"width\":1366,\"height\":505},{\"@type\":\"WebPage\",\"@id\":\"https:\/\/www.ciencuadras.com\/blog\/guia-para-vender-inmuebles\/ciencuadras-en-camacol-2019#webpage\",\"url\":\"https:\/\/www.ciencuadras.com\/blog\/guia-para-vender-inmuebles\/ciencuadras-en-camacol-2019\",\"name\":\"Ciencuadras en Camacol 2019 en Cartagena | Ciencuadras\",\"isPartOf\":{\"@id\":\"https:\/\/www.ciencuadras.com\/blog\/#website\"},\"primaryImageOfPage\":{\"@id\":\"https:\/\/www.ciencuadras.com\/blog\/guia-para-vender-inmuebles\/ciencuadras-en-camacol-2019#primaryimage\"},\"datePublished\":\"2019-08-15T17:28:46+00:00\",\"dateModified\":\"2021-02-04T19:37:40+00:00\",\"description\":\"Si quieres estar al d\\u00eda con la actividad edificadora y el desarrollo urbano del pa\\u00eds, no te pierdas CAMACOL 2019. Detalles, aqu\\u00ed.\",\"breadcrumb\":{\"@id\":\"https:\/\/www.ciencuadras.com\/blog\/guia-para-vender-inmuebles\/ciencuadras-en-camacol-2019#breadcrumb\"},\"inLanguage\":\"es-CO\",\"potentialAction\":[{\"@type\":\"ReadAction\",\"target\":[\"https:\/\/www.ciencuadras.com\/blog\/guia-para-vender-inmuebles\/ciencuadras-en-camacol-2019\"]}]},{\"@type\":\"BreadcrumbList\",\"@id\":\"https:\/\/www.ciencuadras.com\/blog\/guia-para-vender-inmuebles\/ciencuadras-en-camacol-2019#breadcrumb\",\"itemListElement\":[{\"@type\":\"ListItem\",\"position\":1,\"item\":{\"@type\":\"WebPage\",\"@id\":\"https:\/\/www.ciencuadras.com\/blog\",\"url\":\"https:\/\/www.ciencuadras.com\/blog\",\"name\":\"Blog\"}},{\"@type\":\"ListItem\",\"position\":2,\"item\":{\"@type\":\"WebPage\",\"@id\":\"https:\/\/www.ciencuadras.com\/blog\/guia-para-vender-inmuebles\/ciencuadras-en-camacol-2019\",\"url\":\"https:\/\/www.ciencuadras.com\/blog\/guia-para-vender-inmuebles\/ciencuadras-en-camacol-2019\",\"name\":\"Ciencuadras en CAMACOL 2019\"}}]},{\"@type\":\"Article\",\"@id\":\"https:\/\/www.ciencuadras.com\/blog\/guia-para-vender-inmuebles\/ciencuadras-en-camacol-2019#article\",\"isPartOf\":{\"@id\":\"https:\/\/www.ciencuadras.com\/blog\/guia-para-vender-inmuebles\/ciencuadras-en-camacol-2019#webpage\"},\"author\":{\"@id\":\"https:\/\/www.ciencuadras.com\/blog\/#\/schema\/person\/cc0b32db93618f32995212860cf644f8\"},\"headline\":\"Ciencuadras en CAMACOL 2019\",\"datePublished\":\"2019-08-15T17:28:46+00:00\",\"dateModified\":\"2021-02-04T19:37:40+00:00\",\"mainEntityOfPage\":{\"@id\":\"https:\/\/www.ciencuadras.com\/blog\/guia-para-vender-inmuebles\/ciencuadras-en-camacol-2019#webpage\"},\"commentCount\":0,\"publisher\":{\"@id\":\"https:\/\/www.ciencuadras.com\/blog\/#organization\"},\"image\":{\"@id\":\"https:\/\/www.ciencuadras.com\/blog\/guia-para-vender-inmuebles\/ciencuadras-en-camacol-2019#primaryimage\"},\"keywords\":\"Consejos para comprar vivienda,Consejos para vender un inmueble,Mercado inmobiliario,Normatividad colombiana,Sector inmobiliario\",\"articleSection\":\"Consejos para inmobiliarias,Gu\\u00eda Para Comprar vivienda,Gu\\u00eda para Vender inmuebles\",\"inLanguage\":\"es-CO\",\"potentialAction\":[{\"@type\":\"CommentAction\",\"name\":\"Comment\",\"target\":[\"https:\/\/www.ciencuadras.com\/blog\/guia-para-vender-inmuebles\/ciencuadras-en-camacol-2019#respond\"]}]},{\"@type\":\"Person\",\"@id\":\"https:\/\/www.ciencuadras.com\/blog\/#\/schema\/person\/cc0b32db93618f32995212860cf644f8\",\"name\":\"Redacci\\u00f3n Ciencuadras\",\"description\":\"\\u00a1Hola! Soy el blog de ciencuadras.com, un portal inmobiliario del Grupo Bol\\u00edvar en el que encuentras casas, apartamentos, oficinas, fincas y m\\u00e1s inmuebles en arriendo y venta en toda Colombia. \\ud83d\\udc99Cuando me visitas, adem\\u00e1s de descubrir tu inmueble ideal, puedes estar al d\\u00eda con las noticias del sector inmobiliario y de la construcci\\u00f3n; aprender tips en decoraci\\u00f3n y organizaci\\u00f3n de espacios, y mucho m\\u00e1s.\",\"sameAs\":[\"https:\/\/www.ciencuadras.com\/\",\"https:\/\/www.facebook.com\/ciencuadras\/\",\"https:\/\/www.instagram.com\/ciencuadras\/\",\"https:\/\/www.linkedin.com\/company\/ciencuadras\/\",\"https:\/\/twitter.com\/ciencuadras\",\"https:\/\/www.youtube.com\/channel\/UC_f830HP5dUy6OjBIbjtlAw\"]}]}<\/script>\n<!-- \/ Yoast SEO plugin. -->","_links":{"self":[{"href":"https:\/\/www.ciencuadras.com\/blog\/wp-json\/wp\/v2\/posts\/74611"}],"collection":[{"href":"https:\/\/www.ciencuadras.com\/blog\/wp-json\/wp\/v2\/posts"}],"about":[{"href":"https:\/\/www.ciencuadras.com\/blog\/wp-json\/wp\/v2\/types\/post"}],"author":[{"embeddable":true,"href":"https:\/\/www.ciencuadras.com\/blog\/wp-json\/wp\/v2\/users\/9"}],"replies":[{"embeddable":true,"href":"https:\/\/www.ciencuadras.com\/blog\/wp-json\/wp\/v2\/comments?post=74611"}],"version-history":[{"count":3,"href":"https:\/\/www.ciencuadras.com\/blog\/wp-json\/wp\/v2\/posts\/74611\/revisions"}],"predecessor-version":[{"id":80347,"href":"https:\/\/www.ciencuadras.com\/blog\/wp-json\/wp\/v2\/posts\/74611\/revisions\/80347"}],"wp:featuredmedia":[{"embeddable":true,"href":"https:\/\/www.ciencuadras.com\/blog\/wp-json\/wp\/v2\/media\/74616"}],"wp:attachment":[{"href":"https:\/\/www.ciencuadras.com\/blog\/wp-json\/wp\/v2\/media?parent=74611"}],"wp:term":[{"taxonomy":"category","embeddable":true,"href":"https:\/\/www.ciencuadras.com\/blog\/wp-json\/wp\/v2\/categories?post=74611"},{"taxonomy":"post_tag","embeddable":true,"href":"https:\/\/www.ciencuadras.com\/blog\/wp-json\/wp\/v2\/tags?post=74611"}],"curies":[{"name":"wp","href":"https:\/\/api.w.org\/{rel}","templated":true}]}}