{"id":75929,"date":"2021-12-15T08:00:00","date_gmt":"2021-12-15T13:00:00","guid":{"rendered":"https:\/\/www.ciencuadras.com\/blog\/?p=75929"},"modified":"2025-10-05T18:35:07","modified_gmt":"2025-10-05T23:35:07","slug":"llego-navidad-con-tips-en-decoracion-de-andrea-carceles","status":"publish","type":"post","link":"https:\/\/www.ciencuadras.com\/blog\/decoracion\/llego-navidad-con-tips-en-decoracion-de-andrea-carceles","title":{"rendered":"La decolover espa\u00f1ola Andrea C\u00e1rceles, revela sus tips en decoraci\u00f3n navide\u00f1a"},"content":{"rendered":"\n<p><span style=\"font-weight: 400;\">En este <strong>jueves de #TBT<\/strong> recordamos una maravillosa entrevista que tuvimos en 2019, a prop\u00f3sito de la Navidad.<\/span> <span style=\"font-weight: 400;\">Nos emociona mucho volver a esta conversaci\u00f3n que sostuvimos con Andrea C\u00e1rceles, tambi\u00e9n conocida como&nbsp;<a href=\"https:\/\/www.instagram.com\/ladyandriu\/\" target=\"_blank\" rel=\"noopener noreferrer\"><strong>@ladyandriu.<\/strong><\/a>&nbsp;En esa \u00e9poca, la experta en decoraci\u00f3n de hogares nos dio sus mejores <em>tips<\/em> para vestir los espacios de casa con el esp\u00edritu decembrino.<\/span><\/p>\n\n\n\n<h2 class=\"wp-block-heading\">&#8220;Los elementos naturales se toman la Navidad&#8221;, Andrea C\u00e1rceles&nbsp;<\/h2>\n\n\n\n<p><b>Ciencuadras:<\/b><span style=\"font-weight: 400;\"> Andrea, identificamos que lo natural, la iluminaci\u00f3n con velas y las plantas, se tomar\u00e1n esta \u00e9poca<\/span><b>. <\/b><span style=\"font-weight: 400;\">\u00bfEst\u00e1s de acuerdo con que esta ser\u00e1 la tendencia en esta Navidad? o \u00bfqu\u00e9 otros elementos decorativos se unir\u00e1n a esta temporada festiva?<\/span><\/p>\n\n\n\n<p><b>Andrea C\u00e1rceles:<\/b><span style=\"font-weight: 400;\"> s\u00ed, la tendencia navide\u00f1a estar\u00e1 marcada por los <strong>elementos naturales, la iluminaci\u00f3n y las plantas, como el acebo, laurel, planta de pascua, abeto, pino, etc\u2026<\/strong><\/span><\/p>\n\n\n\n<p><span style=\"font-weight: 400;\">Pero, tambi\u00e9n debemos resaltar la importancia de la <strong>tendencia de Navidad tradicional<\/strong>, que vuelve record\u00e1ndonos a esa Navidad de siempre definida por el color rojo, tonos dorados y elementos propios como: el \u00e1rbol de navidad, guirnaldas, coronas navide\u00f1as, regalos, mu\u00e9rdago&#8230; y un sin fin de elementos representativos de la \u00e9poca.<\/span><\/p>\n\n\n\n<p><span style=\"font-weight: 400;\"><strong>Los colores clave de esta navidad tradicional son: el rojo, blanco, y el verde musgo.<\/strong><\/span><\/p>\n\n\n\n<p><span style=\"font-weight: 400;\">Adem\u00e1s de estos elementos decorativos, se unen figuras como mu\u00f1ecos de nieve, mu\u00f1ecos invernales o navide\u00f1os, vajillas ornamentadas, letreros luminosos o carteles con mensajes, etc.<\/span><\/p>\n\n\n\n<p>\ud83d\udd17 <strong><a href=\"https:\/\/www.ciencuadras.com\/blog\/decoracion\/en-modo-navideno-ideas-para-poner-tu-puesto-de-trabajo\" target=\"_blank\" rel=\"bookmark noopener\">En modo navide\u00f1o: ideas para decorar tu puesto de trabajo<\/a><\/strong><\/p>\n\n\n\n<p>\ud83d\udd17 <strong><a href=\"https:\/\/www.ciencuadras.com\/blog\/tendencias\/test-de-personalidad-que-dice-mi-casa-de-mi\" target=\"_blank\" rel=\"bookmark noopener\">Dime c\u00f3mo eres y te dir\u00e9 c\u00f3mo decorar tu hogar<\/a><\/strong><\/p>\n\n\n\n<p><b>Ciencuadras:<\/b><span style=\"font-weight: 400;\"> \u00bfpor qu\u00e9 la decoraci\u00f3n alusiva a lo natural se toma la Navidad?&nbsp;<\/span><\/p>\n\n\n\n<p><b>Andrea C\u00e1rceles: <\/b><span style=\"font-weight: 400;\">porque es la decoraci\u00f3n m\u00e1s novedosa. Hoy en d\u00eda, las casas se decoran de una manera diferente a como se hac\u00eda a\u00f1os atr\u00e1s, todo est\u00e1 representado por el blanco, con toques grises o madera natural&#8230; <strong>lo n\u00f3rdico toma la delantera, en cuanto a elementos decorativos se refiere.<\/strong><\/span><\/p>\n\n\n\n<p><span style=\"font-weight: 400;\">Lo natural encaja perfectamente en este tipo de decoraciones, aporta calidez, un toque de estilo y sencillez \u00fanico.<\/span><\/p>\n\n\n\n<p>\ud83d\udd17<strong> <a href=\"https:\/\/www.ciencuadras.com\/blog\/decoracion\/interiores\/renueva-tu-hogar-con-las-claves-de-jonathan-y-drew-scott-los-hermanos-a-la-obra\" target=\"_blank\" rel=\"bookmark noopener\">Renueva tu hogar con las claves de Jonathan y Drew Scott, los \u2018Hermanos a la obra\u2019<\/a><\/strong><\/p>\n\n\n\n<h2 class=\"wp-block-heading\">As\u00ed se pueden ambientar los espacios de casa en esta Navidad&nbsp;<\/h2>\n\n\n\n<p><b>Ciencuadras: <\/b><a href=\"https:\/\/www.youtube.com\/channel\/UCJrnsIIKZ11F9A_ejDTyE_A\" target=\"_blank\" rel=\"noopener noreferrer\"><strong>Lady Andriu<\/strong><\/a><span style=\"font-weight: 400;\">, \u00bfde qu\u00e9 manera podemos incluir este tipo de decoraci\u00f3n en el hogar?<\/span><\/p>\n\n\n\n<p><b>Andrea C\u00e1rceles: <\/b><span style=\"font-weight: 400;\">desde lo m\u00e1s simple como una vela a lo m\u00e1s complejo como es el \u00e1rbol, \u00a1es muy vers\u00e1til esta decoraci\u00f3n! <strong>Podemos incluir guirnaldas de pi\u00f1as naturales, rodajas de tronco de madera a modo de bandeja, letreros en madera, ramas y centros de mesa naturales.<\/strong><\/span><\/p>\n\n\n\n<blockquote class=\"wp-block-quote\">\n<p><span style=\"font-weight: 400;\">Se incluyen fibras, rafia, yute o mimbre, pero sobre todo, <strong>la madera es la protagonista<\/strong>, tanto en figuras decorativas como en adornos de navidad para nuestro \u00e1rbol.<\/span><\/p>\n<\/blockquote>\n\n\n\n<p><b>Ciencuadras: <\/b><span style=\"font-weight: 400;\">nos gustar\u00eda conocer m\u00e1s sobre tus tips a la hora de llevar la navidad a casa, \u00bfCu\u00e1l es el elemento navide\u00f1o que no puede faltar en la sala, la habitaci\u00f3n y en el ba\u00f1o?<\/span><\/p>\n\n\n\n<p><b>Andrea C\u00e1rceles:&nbsp; <\/b><span style=\"font-weight: 400;\">el elemento navide\u00f1o que no puede faltar son las <strong>guirnaldas de luces<\/strong>, las tengo por todas partes. Y por supuesto,&nbsp;<strong>velas<\/strong>, cada una diferente y \u00a1con mucha personalidad!<\/span><\/p>\n\n\n\n<p><span style=\"font-weight: 400;\">Y bueno, no olvidarnos del <strong>\u00e1rbol de Navidad<\/strong>, es absolutamente imprescindible. Es el elemento decorativo donde se crean los buenos momentos, la hora de montarlo, de decorarlo, de poner los regalos, de abrirlos y de compartir durante toda la \u00e9poca ratos m\u00e1gicos en familia.<\/span><\/p>\n\n\n<div class=\"wp-block-image\">\n<figure class=\"aligncenter\"><a href=\"https:\/\/www.ciencuadras.com\/?autopauta=Ambos_700X200_banner_Cierre_75929_General_CC\" target=\"_blank\" rel=\"noopener\"><img fetchpriority=\"high\" decoding=\"async\" width=\"700\" height=\"200\" src=\"https:\/\/www.ciencuadras.com\/blog\/wp-content\/uploads\/2020\/12\/700x200_Arriendo-compressed.jpg\" alt=\"Generall_CC_2\" class=\"wp-image-94249\" srcset=\"https:\/\/www.ciencuadras.com\/blog\/wp-content\/uploads\/2020\/12\/700x200_Arriendo-compressed.jpg 700w, https:\/\/www.ciencuadras.com\/blog\/wp-content\/uploads\/2020\/12\/700x200_Arriendo-compressed-600x171.jpg 600w, https:\/\/www.ciencuadras.com\/blog\/wp-content\/uploads\/2020\/12\/700x200_Arriendo-compressed-300x86.jpg 300w\" sizes=\"(max-width: 700px) 100vw, 700px\" \/><\/a><\/figure><\/div>\n\n\n<p><span style=\"font-weight: 400;\"><strong>\u00a1Que viva la Navidad! <\/strong>Con estos consejos lleva el esp\u00edritu festivo a los rincones de casa. Ah, y en esta \u00e9poca tan especial <strong>te invitamos a que armes tu pesebre <\/strong>para que lo compartas con tus familiares y seres queridos.<\/span> Ingresa <strong><a href=\"https:\/\/bit.ly\/3EUpWoY\" target=\"_blank\" rel=\"noreferrer noopener\">AQU\u00cd<\/a><\/strong>.<\/p>\n\n\n\n<p>Por \u00faltimo, <span style=\"font-weight: 400;\">no olvides que tenemos espacios que llenan tu vida y te hacen decir \u201ceste es el hogar #PerfectoParaM\u00ed\u201d. <a href=\"https:\/\/www.ciencuadras.com\/?autopauta=Ambos_Link_75929_General_CC_Cierre_\" target=\"_blank\" rel=\"noopener\"><strong>Ciencuadras<\/strong><\/a>, cuadra todo. <\/span><\/p>\n\n\n\n<table cellpadding='0' cellspacing='0' align='center' style='width: 100%'><tr style='text-align: center; font-family: Open Sans, sans-serif;'><td style='padding-bottom: 24px; color: #29292a; font-size: 18px; font-weight: 600'>\u00bfQu\u00e9 tan \u00fatil le pareci\u00f3 este contenido?<\/td><\/tr><tr style='text-align: center;'><td><table cellpadding='0' cellspacing='0' style='width: 100%; max-width: 400px; margin: auto'><tr><td><a style='text-decoration: none' href='https:\/\/survey.survicate.com\/2024c603f1ca0b80\/?pieza=75929_llego_navidad_con_tips_en_decoracion_de_andrea_carceles||&#038;aid=2533768' target='_blank' rel=\"nofollow noopener\"> <img style='width: 32px; height: 32px' src='https:\/\/image.experienciasbolivar.segurosbolivar.com\/lib\/fe3511747364047b751475\/m\/1\/a2945bbd-60a9-43cb-b225-78bf5e055db5.png' > <\/a><\/td><td><a style='text-decoration: none' href='https:\/\/survey.survicate.com\/2024c603f1ca0b80\/?pieza=75929_llego_navidad_con_tips_en_decoracion_de_andrea_carceles||&#038;aid=2533769' target='_blank' rel=\"nofollow noopener\"> <img style='width: 32px; height: 32px' src='https:\/\/image.experienciasbolivar.segurosbolivar.com\/lib\/fe3511747364047b751475\/m\/1\/161006d2-a309-4148-a578-df40c5152496.png' > <\/a><\/td><td><a style='text-decoration: none' href='https:\/\/survey.survicate.com\/2024c603f1ca0b80\/?pieza=75929_llego_navidad_con_tips_en_decoracion_de_andrea_carceles||&#038;aid=2533770' target='_blank' rel=\"nofollow noopener\"> <img style='width: 32px; height: 32px' src='https:\/\/image.experienciasbolivar.segurosbolivar.com\/lib\/fe3511747364047b751475\/m\/1\/ba2c4c82-1c2c-4bcb-b894-20f6776af736.png' > <\/a><\/td><td><a style='text-decoration: none' href='https:\/\/survey.survicate.com\/2024c603f1ca0b80\/?pieza=75929_llego_navidad_con_tips_en_decoracion_de_andrea_carceles||&#038;aid=2533771' target='_blank' rel=\"nofollow noopener\"> <img style='width: 32px; height: 32px' src='https:\/\/image.experienciasbolivar.segurosbolivar.com\/lib\/fe3511747364047b751475\/m\/1\/52e25dc4-db06-43e1-ada3-a13cc6834b02.png' > <\/a><\/td><td><a style='text-decoration: none' href='https:\/\/survey.survicate.com\/2024c603f1ca0b80\/?pieza=75929_llego_navidad_con_tips_en_decoracion_de_andrea_carceles||&#038;aid=2533772' target='_blank' rel=\"nofollow noopener\"> <img style='width: 32px; height: 32px' src='https:\/\/image.experienciasbolivar.segurosbolivar.com\/lib\/fe3511747364047b751475\/m\/1\/f125fd9c-b185-4d5b-8a2c-c67e5f69c93b.png' > <\/a><\/td><\/tr><\/table><\/td><\/tr><\/table>\n\n","protected":false},"excerpt":{"rendered":"<p>En entrevista con Ciencuadras, la influenciadora espa\u00f1ola @ladyandriu, nos cuenta sus mejores consejos para vestir de navidad el hogar.<\/p>\n","protected":false},"author":9,"featured_media":126971,"comment_status":"open","ping_status":"closed","sticky":false,"template":"","format":"standard","meta":{"footnotes":""},"categories":[8,1449],"tags":[18,12,31,3564,2675],"acf":[],"yoast_head":"<!-- This site is optimized with the Yoast SEO plugin v15.9 - https:\/\/yoast.com\/wordpress\/plugins\/seo\/ -->\n<title>Lleg\u00f3 navidad con tips en decoracion de Andrea C\u00e1rceles | Ciencuadras<\/title>\n<meta name=\"description\" content=\"En entrevista con Ciencuadras, la influenciadora espa\u00f1ola Andrea C\u00e1rceles, nos cuenta sus mejores consejos para vestir de navidad el hogar.\" \/>\n<meta name=\"robots\" content=\"index, follow, max-snippet:-1, max-image-preview:large, max-video-preview:-1\" \/>\n<link rel=\"canonical\" href=\"https:\/\/www.ciencuadras.com\/blog\/decoracion\/llego-navidad-con-tips-en-decoracion-de-andrea-carceles\" \/>\n<meta property=\"og:locale\" content=\"es_ES\" \/>\n<meta property=\"og:type\" content=\"article\" \/>\n<meta property=\"og:title\" content=\"Lleg\u00f3 navidad con tips en decoracion de Andrea C\u00e1rceles | Ciencuadras\" \/>\n<meta property=\"og:description\" content=\"En entrevista con Ciencuadras, la influenciadora espa\u00f1ola Andrea C\u00e1rceles, nos cuenta sus mejores consejos para vestir de navidad el hogar.\" \/>\n<meta property=\"og:url\" content=\"https:\/\/www.ciencuadras.com\/blog\/decoracion\/llego-navidad-con-tips-en-decoracion-de-andrea-carceles\" \/>\n<meta property=\"article:publisher\" content=\"https:\/\/www.facebook.com\/ciencuadras\/\" \/>\n<meta property=\"article:author\" content=\"https:\/\/www.facebook.com\/ciencuadras\/\" \/>\n<meta property=\"article:published_time\" content=\"2021-12-15T13:00:00+00:00\" \/>\n<meta property=\"article:modified_time\" content=\"2025-10-05T23:35:07+00:00\" \/>\n<meta property=\"og:image\" content=\"https:\/\/www.ciencuadras.com\/blog\/wp-content\/uploads\/2021\/12\/shutterstock_2509263199-compressed.jpg\" \/>\n\t<meta property=\"og:image:width\" content=\"1000\" \/>\n\t<meta property=\"og:image:height\" content=\"667\" \/>\n<meta name=\"twitter:card\" content=\"summary_large_image\" \/>\n<meta name=\"twitter:creator\" content=\"@ciencuadras\" \/>\n<meta name=\"twitter:site\" content=\"@ciencuadras\" \/>\n<meta name=\"twitter:label1\" content=\"Est. reading time\">\n\t<meta name=\"twitter:data1\" content=\"4 minutos\">\n<script type=\"application\/ld+json\" class=\"yoast-schema-graph\">{\"@context\":\"https:\/\/schema.org\",\"@graph\":[{\"@type\":\"Organization\",\"@id\":\"https:\/\/www.ciencuadras.com\/blog\/#organization\",\"name\":\"Ciencuadras.com\",\"url\":\"https:\/\/www.ciencuadras.com\/blog\/\",\"sameAs\":[\"https:\/\/www.facebook.com\/ciencuadras\/\",\"https:\/\/www.instagram.com\/ciencuadras\/\",\"https:\/\/co.linkedin.com\/company\/ciencuadras\",\"https:\/\/www.youtube.com\/channel\/UC_f830HP5dUy6OjBIbjtlAw\",\"https:\/\/twitter.com\/ciencuadras\"],\"logo\":{\"@type\":\"ImageObject\",\"@id\":\"https:\/\/www.ciencuadras.com\/blog\/#logo\",\"inLanguage\":\"es-CO\",\"url\":\"\",\"caption\":\"Ciencuadras.com\"},\"image\":{\"@id\":\"https:\/\/www.ciencuadras.com\/blog\/#logo\"}},{\"@type\":\"WebSite\",\"@id\":\"https:\/\/www.ciencuadras.com\/blog\/#website\",\"url\":\"https:\/\/www.ciencuadras.com\/blog\/\",\"name\":\"\",\"description\":\"\",\"publisher\":{\"@id\":\"https:\/\/www.ciencuadras.com\/blog\/#organization\"},\"potentialAction\":[{\"@type\":\"SearchAction\",\"target\":\"https:\/\/www.ciencuadras.com\/blog\/?s={search_term_string}\",\"query-input\":\"required name=search_term_string\"}],\"inLanguage\":\"es-CO\"},{\"@type\":\"ImageObject\",\"@id\":\"https:\/\/www.ciencuadras.com\/blog\/decoracion\/llego-navidad-con-tips-en-decoracion-de-andrea-carceles#primaryimage\",\"inLanguage\":\"es-CO\",\"url\":\"https:\/\/www.ciencuadras.com\/blog\/wp-content\/uploads\/2021\/12\/shutterstock_2509263199-compressed.jpg\",\"width\":1000,\"height\":667},{\"@type\":\"WebPage\",\"@id\":\"https:\/\/www.ciencuadras.com\/blog\/decoracion\/llego-navidad-con-tips-en-decoracion-de-andrea-carceles#webpage\",\"url\":\"https:\/\/www.ciencuadras.com\/blog\/decoracion\/llego-navidad-con-tips-en-decoracion-de-andrea-carceles\",\"name\":\"Lleg\\u00f3 navidad con tips en decoracion de Andrea C\\u00e1rceles | Ciencuadras\",\"isPartOf\":{\"@id\":\"https:\/\/www.ciencuadras.com\/blog\/#website\"},\"primaryImageOfPage\":{\"@id\":\"https:\/\/www.ciencuadras.com\/blog\/decoracion\/llego-navidad-con-tips-en-decoracion-de-andrea-carceles#primaryimage\"},\"datePublished\":\"2021-12-15T13:00:00+00:00\",\"dateModified\":\"2025-10-05T23:35:07+00:00\",\"description\":\"En entrevista con Ciencuadras, la influenciadora espa\\u00f1ola Andrea C\\u00e1rceles, nos cuenta sus mejores consejos para vestir de navidad el hogar.\",\"breadcrumb\":{\"@id\":\"https:\/\/www.ciencuadras.com\/blog\/decoracion\/llego-navidad-con-tips-en-decoracion-de-andrea-carceles#breadcrumb\"},\"inLanguage\":\"es-CO\",\"potentialAction\":[{\"@type\":\"ReadAction\",\"target\":[\"https:\/\/www.ciencuadras.com\/blog\/decoracion\/llego-navidad-con-tips-en-decoracion-de-andrea-carceles\"]}]},{\"@type\":\"BreadcrumbList\",\"@id\":\"https:\/\/www.ciencuadras.com\/blog\/decoracion\/llego-navidad-con-tips-en-decoracion-de-andrea-carceles#breadcrumb\",\"itemListElement\":[{\"@type\":\"ListItem\",\"position\":1,\"item\":{\"@type\":\"WebPage\",\"@id\":\"https:\/\/www.ciencuadras.com\/blog\",\"url\":\"https:\/\/www.ciencuadras.com\/blog\",\"name\":\"Blog\"}},{\"@type\":\"ListItem\",\"position\":2,\"item\":{\"@type\":\"WebPage\",\"@id\":\"https:\/\/www.ciencuadras.com\/blog\/decoracion\/llego-navidad-con-tips-en-decoracion-de-andrea-carceles\",\"url\":\"https:\/\/www.ciencuadras.com\/blog\/decoracion\/llego-navidad-con-tips-en-decoracion-de-andrea-carceles\",\"name\":\"La decolover espa\\u00f1ola Andrea C\\u00e1rceles, revela sus tips en decoraci\\u00f3n navide\\u00f1a\"}}]},{\"@type\":\"Article\",\"@id\":\"https:\/\/www.ciencuadras.com\/blog\/decoracion\/llego-navidad-con-tips-en-decoracion-de-andrea-carceles#article\",\"isPartOf\":{\"@id\":\"https:\/\/www.ciencuadras.com\/blog\/decoracion\/llego-navidad-con-tips-en-decoracion-de-andrea-carceles#webpage\"},\"author\":{\"@id\":\"https:\/\/www.ciencuadras.com\/blog\/#\/schema\/person\/cc0b32db93618f32995212860cf644f8\"},\"headline\":\"La decolover espa\\u00f1ola Andrea C\\u00e1rceles, revela sus tips en decoraci\\u00f3n navide\\u00f1a\",\"datePublished\":\"2021-12-15T13:00:00+00:00\",\"dateModified\":\"2025-10-05T23:35:07+00:00\",\"mainEntityOfPage\":{\"@id\":\"https:\/\/www.ciencuadras.com\/blog\/decoracion\/llego-navidad-con-tips-en-decoracion-de-andrea-carceles#webpage\"},\"commentCount\":0,\"publisher\":{\"@id\":\"https:\/\/www.ciencuadras.com\/blog\/#organization\"},\"image\":{\"@id\":\"https:\/\/www.ciencuadras.com\/blog\/decoracion\/llego-navidad-con-tips-en-decoracion-de-andrea-carceles#primaryimage\"},\"keywords\":\"Accesorios para decorar la casa,Decoraci\\u00f3n de casas,Espacios \\u00fanicos,Festividades en casa,Inmuebles de famosos\",\"articleSection\":\"Decoraci\\u00f3n,Decoraci\\u00f3n de interiores\",\"inLanguage\":\"es-CO\",\"potentialAction\":[{\"@type\":\"CommentAction\",\"name\":\"Comment\",\"target\":[\"https:\/\/www.ciencuadras.com\/blog\/decoracion\/llego-navidad-con-tips-en-decoracion-de-andrea-carceles#respond\"]}]},{\"@type\":\"Person\",\"@id\":\"https:\/\/www.ciencuadras.com\/blog\/#\/schema\/person\/cc0b32db93618f32995212860cf644f8\",\"name\":\"Redacci\\u00f3n Ciencuadras\",\"description\":\"\\u00a1Hola! Soy el blog de ciencuadras.com, un portal inmobiliario del Grupo Bol\\u00edvar en el que encuentras casas, apartamentos, oficinas, fincas y m\\u00e1s inmuebles en arriendo y venta en toda Colombia. \\ud83d\\udc99Cuando me visitas, adem\\u00e1s de descubrir tu inmueble ideal, puedes estar al d\\u00eda con las noticias del sector inmobiliario y de la construcci\\u00f3n; aprender tips en decoraci\\u00f3n y organizaci\\u00f3n de espacios, y mucho m\\u00e1s.\",\"sameAs\":[\"https:\/\/www.ciencuadras.com\/\",\"https:\/\/www.facebook.com\/ciencuadras\/\",\"https:\/\/www.instagram.com\/ciencuadras\/\",\"https:\/\/www.linkedin.com\/company\/ciencuadras\/\",\"https:\/\/twitter.com\/ciencuadras\",\"https:\/\/www.youtube.com\/channel\/UC_f830HP5dUy6OjBIbjtlAw\"]}]}<\/script>\n<!-- \/ Yoast SEO plugin. -->","_links":{"self":[{"href":"https:\/\/www.ciencuadras.com\/blog\/wp-json\/wp\/v2\/posts\/75929"}],"collection":[{"href":"https:\/\/www.ciencuadras.com\/blog\/wp-json\/wp\/v2\/posts"}],"about":[{"href":"https:\/\/www.ciencuadras.com\/blog\/wp-json\/wp\/v2\/types\/post"}],"author":[{"embeddable":true,"href":"https:\/\/www.ciencuadras.com\/blog\/wp-json\/wp\/v2\/users\/9"}],"replies":[{"embeddable":true,"href":"https:\/\/www.ciencuadras.com\/blog\/wp-json\/wp\/v2\/comments?post=75929"}],"version-history":[{"count":26,"href":"https:\/\/www.ciencuadras.com\/blog\/wp-json\/wp\/v2\/posts\/75929\/revisions"}],"predecessor-version":[{"id":126955,"href":"https:\/\/www.ciencuadras.com\/blog\/wp-json\/wp\/v2\/posts\/75929\/revisions\/126955"}],"wp:featuredmedia":[{"embeddable":true,"href":"https:\/\/www.ciencuadras.com\/blog\/wp-json\/wp\/v2\/media\/126971"}],"wp:attachment":[{"href":"https:\/\/www.ciencuadras.com\/blog\/wp-json\/wp\/v2\/media?parent=75929"}],"wp:term":[{"taxonomy":"category","embeddable":true,"href":"https:\/\/www.ciencuadras.com\/blog\/wp-json\/wp\/v2\/categories?post=75929"},{"taxonomy":"post_tag","embeddable":true,"href":"https:\/\/www.ciencuadras.com\/blog\/wp-json\/wp\/v2\/tags?post=75929"}],"curies":[{"name":"wp","href":"https:\/\/api.w.org\/{rel}","templated":true}]}}