{"id":76208,"date":"2019-11-19T17:52:03","date_gmt":"2019-11-19T22:52:03","guid":{"rendered":"https:\/\/www.ciencuadras.com\/blog\/?p=76208"},"modified":"2021-02-04T14:36:30","modified_gmt":"2021-02-04T19:36:30","slug":"feria-inmobiliaria-tu-vivienda-mas-cerca-de-ti-2019","status":"publish","type":"post","link":"https:\/\/www.ciencuadras.com\/blog\/guia-para-comprar-vivienda\/feria-inmobiliaria-tu-vivienda-mas-cerca-de-ti-2019","title":{"rendered":"\u00a1Cierra el 2019 con casa propia! No te pierdas la feria Tu vivienda m\u00e1s cerca de ti"},"content":{"rendered":"<p><span style=\"font-weight: 400;\">Con la fiesta de despedida de la oficina, la organizaci\u00f3n de las novenas navide\u00f1as, la planeaci\u00f3n de las vacaciones\u2026 comienzan a surgir muchos proyectos para el 2020. \u00bfQuieres comenzar el nuevo a\u00f1o con casa propia? \u00bfSue\u00f1as con comprar un apartamento al lado del mar? No aplaces m\u00e1s el sue\u00f1o de encontrar el espacio para ti y asiste a la feria&nbsp;<a href=\"https:\/\/www.estrenarvivienda.com\/en-venta\/bogota\/feria-bogota-cundinamarca-camacol?fbclid=IwAR2_4bEil5gwI4q-8mMskfLlRmJQkEx4Yb6Fu1ZEBI6_zkZjr4ofaDVz_Hc\">Tu vivienda m\u00e1s cerca de ti 2019<\/a>,&nbsp;&nbsp;<\/span><span style=\"font-weight: 400;\">que se realiza en dos jornadas: del 19 al 20 y del 27 al 28 de noviembre<\/span><span style=\"font-weight: 400;\">.&nbsp;<\/span><span style=\"font-weight: 400;\">En <\/span><a href=\"https:\/\/www.ciencuadras.com\/blog\/\">Ciencuadras <\/a><span style=\"font-weight: 400;\">te contamos todos los detalles de este gran evento.<\/span><\/p>\n<div id=\"attachment_76231\" style=\"width: 1765px\" class=\"wp-caption alignnone\"><img aria-describedby=\"caption-attachment-76231\" fetchpriority=\"high\" decoding=\"async\" class=\"wp-image-76231 size-full\" src=\"https:\/\/www.ciencuadras.com\/blog\/wp-content\/uploads\/2019\/11\/evento-de-camacol.png\" alt=\"evento de camacol\" width=\"1755\" height=\"953\" srcset=\"https:\/\/www.ciencuadras.com\/blog\/wp-content\/uploads\/2019\/11\/evento-de-camacol.png 1755w, https:\/\/www.ciencuadras.com\/blog\/wp-content\/uploads\/2019\/11\/evento-de-camacol-600x326.png 600w, https:\/\/www.ciencuadras.com\/blog\/wp-content\/uploads\/2019\/11\/evento-de-camacol-300x163.png 300w, https:\/\/www.ciencuadras.com\/blog\/wp-content\/uploads\/2019\/11\/evento-de-camacol-768x417.png 768w, https:\/\/www.ciencuadras.com\/blog\/wp-content\/uploads\/2019\/11\/evento-de-camacol-1024x556.png 1024w\" sizes=\"(max-width: 1755px) 100vw, 1755px\" \/><p id=\"caption-attachment-76231\" class=\"wp-caption-text\">Foto tomada del Facebook: Camacol<\/p><\/div>\n<ul>\n<li><a href=\"https:\/\/www.ciencuadras.com\/blog\/tendencias\/colombianos-prefieren-vivir-en-casas-segun-el-ultimo-censo\">\u00bfCasa o apartamento?: \u00bfd\u00f3nde prefieren vivir los colombianos?<\/a><\/li>\n<\/ul>\n<h2><b>\u00bfQu\u00e9 es la feria T<\/b><b>u vivienda m\u00e1s cerca de ti<\/b><b>???<\/b><\/h2>\n<p><span style=\"font-weight: 400;\">Este evento, liderado por <\/span><a href=\"https:\/\/ww2.camacolcundinamarca.co\/\" target=\"_blank\" rel=\"noopener noreferrer\"><span style=\"font-weight: 400;\">Camacol Bogot\u00e1 &amp; Cundinamarca,<\/span><\/a><span style=\"font-weight: 400;\"> tiene como objetivo presentar la m\u00e1s completa oferta de proyectos de inversi\u00f3n gracias a la presencia de m\u00e1s de 35 constructoras.&nbsp;<\/span><\/p>\n<h2><b>\u00bfD\u00f3nde se realiza?&nbsp;\u2b50<\/b><\/h2>\n<p><span style=\"font-weight: 400;\">La feria itinerante tendr\u00e1 lugar en dos grandes centros empresariales y estrat\u00e9gicos de Bogot\u00e1: <\/span><a href=\"http:\/\/www.connecta26.com\/Paginas\/Inicio.aspx\" target=\"_blank\" rel=\"noopener noreferrer\"><span style=\"font-weight: 400;\">Connecta Calle 26<\/span><\/a><span style=\"font-weight: 400;\"> , el primer ecosistema empresarial de Colombia (19 y 20 de noviembre) y <\/span><b>Chic\u00f3 Calle 90<\/b><span style=\"font-weight: 400;\">, una importante zona comercial, residencial y empresarial (27 y 28 de noviembre). <strong>Se espera la asistencia de m\u00e1s de 14 mil personas.<\/strong><\/span><\/p>\n<p><img decoding=\"async\" class=\"alignnone wp-image-76214 size-full\" src=\"https:\/\/www.ciencuadras.com\/blog\/wp-content\/uploads\/2019\/11\/cumplir-suen\u0303o-de-tener-casa-propia.jpg\" alt=\"cumplir sue\u00f1o de tener casa propia\" width=\"1000\" height=\"774\" srcset=\"https:\/\/www.ciencuadras.com\/blog\/wp-content\/uploads\/2019\/11\/cumplir-suen\u0303o-de-tener-casa-propia.jpg 1000w, https:\/\/www.ciencuadras.com\/blog\/wp-content\/uploads\/2019\/11\/cumplir-suen\u0303o-de-tener-casa-propia-600x464.jpg 600w, https:\/\/www.ciencuadras.com\/blog\/wp-content\/uploads\/2019\/11\/cumplir-suen\u0303o-de-tener-casa-propia-300x232.jpg 300w, https:\/\/www.ciencuadras.com\/blog\/wp-content\/uploads\/2019\/11\/cumplir-suen\u0303o-de-tener-casa-propia-768x594.jpg 768w\" sizes=\"(max-width: 1000px) 100vw, 1000px\" \/><\/p>\n<ul>\n<li><a href=\"https:\/\/www.ciencuadras.com\/blog\/tendencias\/eventos-sector-inmobiliario-agosto-septiembre-2019\">5 Eventos del sector inmobiliario que no te puedes perder<\/a><\/li>\n<\/ul>\n<h2><b>\u00bfPor qu\u00e9 asistir a Tu vivienda m\u00e1s cerca de ti?&nbsp;<\/b><b>?<\/b><\/h2>\n<p><span style=\"font-weight: 400;\">Porque all\u00ed encontrar\u00e1s todo lo que necesitas para darle forma a ese sue\u00f1o que te mueve el coraz\u00f3n: tener casa propia. <strong>\u00bfQui\u00e9nes participan?<\/strong> Diversas constructoras, entidades financieras y cajas de compensaci\u00f3n. Adem\u00e1s, podr\u00e1s encontrar puntos de informaci\u00f3n sobre subsidios de vivienda.&nbsp;<\/span><\/p>\n<p><img decoding=\"async\" class=\"alignnone wp-image-76219 size-full\" src=\"https:\/\/www.ciencuadras.com\/blog\/wp-content\/uploads\/2019\/11\/estrenar-casa.jpg\" alt=\"estrenar casa\" width=\"1000\" height=\"667\" srcset=\"https:\/\/www.ciencuadras.com\/blog\/wp-content\/uploads\/2019\/11\/estrenar-casa.jpg 1000w, https:\/\/www.ciencuadras.com\/blog\/wp-content\/uploads\/2019\/11\/estrenar-casa-600x400.jpg 600w, https:\/\/www.ciencuadras.com\/blog\/wp-content\/uploads\/2019\/11\/estrenar-casa-300x200.jpg 300w, https:\/\/www.ciencuadras.com\/blog\/wp-content\/uploads\/2019\/11\/estrenar-casa-768x512.jpg 768w\" sizes=\"(max-width: 1000px) 100vw, 1000px\" \/><\/p>\n<h2><b>Ciencuadras tambi\u00e9n estar\u00e1 presente&nbsp;<span style=\"font-weight: 400;\">?<\/span><\/b><\/h2>\n<p><span style=\"font-weight: 400;\">Cierra con broche de oro el 2019 y vis\u00edtanos en Connecta Calle 26 (stand 7) y Chic\u00f3 Calle 90 (stand 25) para resolver todas tus dudas e inquietudes. <strong>\u00a1En Ciencuadras nos encanta escucharte y asesorarte!<\/strong><\/span><\/p>\n<p><span style=\"font-weight: 400;\">\u00a1Esta es la oportunidad que estabas esperando para tener vivienda propia! De ti depende que no pase un a\u00f1o m\u00e1s sin cumplir tus prop\u00f3sitos. Y recuerda, en<\/span><a href=\"https:\/\/www.ciencuadras.com\/\"><span style=\"font-weight: 400;\"> Ciencuadras<\/span><\/a><span style=\"font-weight: 400;\"> tenemos espacios que llenan tu vida.&nbsp;?<\/span><\/p>\n<blockquote class=\"wp-embedded-content\" data-secret=\"WAjf1WMyB8\"><p><a href=\"https:\/\/www.ciencuadras.com\/blog\/consejos-para-comprar\/cuando-es-el-mejor-momento-para-comprar-vivienda\">\u00bfCu\u00e1ndo es el mejor momento para comprar vivienda?<\/a><\/p><\/blockquote>\n<p><iframe class=\"wp-embedded-content\" sandbox=\"allow-scripts\" security=\"restricted\" style=\"position: absolute; clip: rect(1px, 1px, 1px, 1px);\" title=\"&#8220;\u00bfCu\u00e1ndo es el mejor momento para comprar vivienda?&#8221; &#8212; Contenidos sobre el sector inmobiliario en Colombia | Ciencuadras\" src=\"https:\/\/www.ciencuadras.com\/blog\/consejos-para-comprar\/cuando-es-el-mejor-momento-para-comprar-vivienda\/embed#?secret=WAjf1WMyB8\" data-secret=\"WAjf1WMyB8\" width=\"600\" height=\"338\" frameborder=\"0\" marginwidth=\"0\" marginheight=\"0\" scrolling=\"no\"><\/iframe><\/p>\n\n","protected":false},"excerpt":{"rendered":"<p>Compa\u00f1\u00edas constructoras, entidades financieras, cajas de compensaci\u00f3n se reunir\u00e1n en esta gran feria inmobiliaria. \u00a1Ciencuadras tambi\u00e9n estar\u00e1 presente! ??<\/p>\n","protected":false},"author":9,"featured_media":76212,"comment_status":"open","ping_status":"closed","sticky":false,"template":"","format":"standard","meta":{"footnotes":""},"categories":[4],"tags":[39,2332,6052,42,41],"acf":[],"yoast_head":"<!-- This site is optimized with the Yoast SEO plugin v15.9 - https:\/\/yoast.com\/wordpress\/plugins\/seo\/ -->\n<title>Camacol: feria Tu vivienda m\u00e1s cerca de ti 2019 | Ciencuadras<\/title>\n<meta name=\"description\" content=\"Compa\u00f1\u00edas constructoras, entidades financieras, cajas de compensaci\u00f3n se reunir\u00e1n en esta gran feria inmobiliaria. \u00a1Ciencuadras presente!\" \/>\n<meta name=\"robots\" content=\"index, follow, max-snippet:-1, max-image-preview:large, max-video-preview:-1\" \/>\n<link rel=\"canonical\" href=\"https:\/\/www.ciencuadras.com\/blog\/guia-para-comprar-vivienda\/feria-inmobiliaria-tu-vivienda-mas-cerca-de-ti-2019\" \/>\n<meta property=\"og:locale\" content=\"es_ES\" \/>\n<meta property=\"og:type\" content=\"article\" \/>\n<meta property=\"og:title\" content=\"Camacol: feria Tu vivienda m\u00e1s cerca de ti 2019 | Ciencuadras\" \/>\n<meta property=\"og:description\" content=\"Compa\u00f1\u00edas constructoras, entidades financieras, cajas de compensaci\u00f3n se reunir\u00e1n en esta gran feria inmobiliaria. \u00a1Ciencuadras presente!\" \/>\n<meta property=\"og:url\" content=\"https:\/\/www.ciencuadras.com\/blog\/guia-para-comprar-vivienda\/feria-inmobiliaria-tu-vivienda-mas-cerca-de-ti-2019\" \/>\n<meta property=\"article:publisher\" content=\"https:\/\/www.facebook.com\/ciencuadras\/\" \/>\n<meta property=\"article:author\" content=\"https:\/\/www.facebook.com\/ciencuadras\/\" \/>\n<meta property=\"article:published_time\" content=\"2019-11-19T22:52:03+00:00\" \/>\n<meta property=\"article:modified_time\" content=\"2021-02-04T19:36:30+00:00\" \/>\n<meta property=\"og:image\" content=\"https:\/\/www.ciencuadras.com\/blog\/wp-content\/uploads\/2019\/11\/feria-tu-vivienda-mas-cerca-de-ti.j-e1574194963904.jpg\" \/>\n\t<meta property=\"og:image:width\" content=\"1355\" \/>\n\t<meta property=\"og:image:height\" content=\"738\" \/>\n<meta name=\"twitter:card\" content=\"summary_large_image\" \/>\n<meta name=\"twitter:creator\" content=\"@ciencuadras\" \/>\n<meta name=\"twitter:site\" content=\"@ciencuadras\" \/>\n<meta name=\"twitter:label1\" content=\"Est. reading time\">\n\t<meta name=\"twitter:data1\" content=\"2 minutos\">\n<script type=\"application\/ld+json\" class=\"yoast-schema-graph\">{\"@context\":\"https:\/\/schema.org\",\"@graph\":[{\"@type\":\"Organization\",\"@id\":\"https:\/\/www.ciencuadras.com\/blog\/#organization\",\"name\":\"Ciencuadras.com\",\"url\":\"https:\/\/www.ciencuadras.com\/blog\/\",\"sameAs\":[\"https:\/\/www.facebook.com\/ciencuadras\/\",\"https:\/\/www.instagram.com\/ciencuadras\/\",\"https:\/\/co.linkedin.com\/company\/ciencuadras\",\"https:\/\/www.youtube.com\/channel\/UC_f830HP5dUy6OjBIbjtlAw\",\"https:\/\/twitter.com\/ciencuadras\"],\"logo\":{\"@type\":\"ImageObject\",\"@id\":\"https:\/\/www.ciencuadras.com\/blog\/#logo\",\"inLanguage\":\"es-CO\",\"url\":\"\",\"caption\":\"Ciencuadras.com\"},\"image\":{\"@id\":\"https:\/\/www.ciencuadras.com\/blog\/#logo\"}},{\"@type\":\"WebSite\",\"@id\":\"https:\/\/www.ciencuadras.com\/blog\/#website\",\"url\":\"https:\/\/www.ciencuadras.com\/blog\/\",\"name\":\"\",\"description\":\"\",\"publisher\":{\"@id\":\"https:\/\/www.ciencuadras.com\/blog\/#organization\"},\"potentialAction\":[{\"@type\":\"SearchAction\",\"target\":\"https:\/\/www.ciencuadras.com\/blog\/?s={search_term_string}\",\"query-input\":\"required name=search_term_string\"}],\"inLanguage\":\"es-CO\"},{\"@type\":\"ImageObject\",\"@id\":\"https:\/\/www.ciencuadras.com\/blog\/guia-para-comprar-vivienda\/feria-inmobiliaria-tu-vivienda-mas-cerca-de-ti-2019#primaryimage\",\"inLanguage\":\"es-CO\",\"url\":\"https:\/\/www.ciencuadras.com\/blog\/wp-content\/uploads\/2019\/11\/feria-tu-vivienda-mas-cerca-de-ti.j-e1574194963904.jpg\",\"width\":1355,\"height\":738,\"caption\":\"feria tu vivienda mas cerca de ti.j\"},{\"@type\":\"WebPage\",\"@id\":\"https:\/\/www.ciencuadras.com\/blog\/guia-para-comprar-vivienda\/feria-inmobiliaria-tu-vivienda-mas-cerca-de-ti-2019#webpage\",\"url\":\"https:\/\/www.ciencuadras.com\/blog\/guia-para-comprar-vivienda\/feria-inmobiliaria-tu-vivienda-mas-cerca-de-ti-2019\",\"name\":\"Camacol: feria Tu vivienda m\\u00e1s cerca de ti 2019 | Ciencuadras\",\"isPartOf\":{\"@id\":\"https:\/\/www.ciencuadras.com\/blog\/#website\"},\"primaryImageOfPage\":{\"@id\":\"https:\/\/www.ciencuadras.com\/blog\/guia-para-comprar-vivienda\/feria-inmobiliaria-tu-vivienda-mas-cerca-de-ti-2019#primaryimage\"},\"datePublished\":\"2019-11-19T22:52:03+00:00\",\"dateModified\":\"2021-02-04T19:36:30+00:00\",\"description\":\"Compa\\u00f1\\u00edas constructoras, entidades financieras, cajas de compensaci\\u00f3n se reunir\\u00e1n en esta gran feria inmobiliaria. \\u00a1Ciencuadras presente!\",\"breadcrumb\":{\"@id\":\"https:\/\/www.ciencuadras.com\/blog\/guia-para-comprar-vivienda\/feria-inmobiliaria-tu-vivienda-mas-cerca-de-ti-2019#breadcrumb\"},\"inLanguage\":\"es-CO\",\"potentialAction\":[{\"@type\":\"ReadAction\",\"target\":[\"https:\/\/www.ciencuadras.com\/blog\/guia-para-comprar-vivienda\/feria-inmobiliaria-tu-vivienda-mas-cerca-de-ti-2019\"]}]},{\"@type\":\"BreadcrumbList\",\"@id\":\"https:\/\/www.ciencuadras.com\/blog\/guia-para-comprar-vivienda\/feria-inmobiliaria-tu-vivienda-mas-cerca-de-ti-2019#breadcrumb\",\"itemListElement\":[{\"@type\":\"ListItem\",\"position\":1,\"item\":{\"@type\":\"WebPage\",\"@id\":\"https:\/\/www.ciencuadras.com\/blog\",\"url\":\"https:\/\/www.ciencuadras.com\/blog\",\"name\":\"Blog\"}},{\"@type\":\"ListItem\",\"position\":2,\"item\":{\"@type\":\"WebPage\",\"@id\":\"https:\/\/www.ciencuadras.com\/blog\/guia-para-comprar-vivienda\/feria-inmobiliaria-tu-vivienda-mas-cerca-de-ti-2019\",\"url\":\"https:\/\/www.ciencuadras.com\/blog\/guia-para-comprar-vivienda\/feria-inmobiliaria-tu-vivienda-mas-cerca-de-ti-2019\",\"name\":\"\\u00a1Cierra el 2019 con casa propia! No te pierdas la feria Tu vivienda m\\u00e1s cerca de ti\"}}]},{\"@type\":\"Article\",\"@id\":\"https:\/\/www.ciencuadras.com\/blog\/guia-para-comprar-vivienda\/feria-inmobiliaria-tu-vivienda-mas-cerca-de-ti-2019#article\",\"isPartOf\":{\"@id\":\"https:\/\/www.ciencuadras.com\/blog\/guia-para-comprar-vivienda\/feria-inmobiliaria-tu-vivienda-mas-cerca-de-ti-2019#webpage\"},\"author\":{\"@id\":\"https:\/\/www.ciencuadras.com\/blog\/#\/schema\/person\/cc0b32db93618f32995212860cf644f8\"},\"headline\":\"\\u00a1Cierra el 2019 con casa propia! No te pierdas la feria Tu vivienda m\\u00e1s cerca de ti\",\"datePublished\":\"2019-11-19T22:52:03+00:00\",\"dateModified\":\"2021-02-04T19:36:30+00:00\",\"mainEntityOfPage\":{\"@id\":\"https:\/\/www.ciencuadras.com\/blog\/guia-para-comprar-vivienda\/feria-inmobiliaria-tu-vivienda-mas-cerca-de-ti-2019#webpage\"},\"commentCount\":0,\"publisher\":{\"@id\":\"https:\/\/www.ciencuadras.com\/blog\/#organization\"},\"image\":{\"@id\":\"https:\/\/www.ciencuadras.com\/blog\/guia-para-comprar-vivienda\/feria-inmobiliaria-tu-vivienda-mas-cerca-de-ti-2019#primaryimage\"},\"keywords\":\"Consejos para comprar vivienda,Constructoras en Colombia,Feria de vivienda,Mercado inmobiliario,Sector inmobiliario\",\"articleSection\":\"Gu\\u00eda Para Comprar vivienda\",\"inLanguage\":\"es-CO\",\"potentialAction\":[{\"@type\":\"CommentAction\",\"name\":\"Comment\",\"target\":[\"https:\/\/www.ciencuadras.com\/blog\/guia-para-comprar-vivienda\/feria-inmobiliaria-tu-vivienda-mas-cerca-de-ti-2019#respond\"]}]},{\"@type\":\"Person\",\"@id\":\"https:\/\/www.ciencuadras.com\/blog\/#\/schema\/person\/cc0b32db93618f32995212860cf644f8\",\"name\":\"Redacci\\u00f3n Ciencuadras\",\"description\":\"\\u00a1Hola! Soy el blog de ciencuadras.com, un portal inmobiliario del Grupo Bol\\u00edvar en el que encuentras casas, apartamentos, oficinas, fincas y m\\u00e1s inmuebles en arriendo y venta en toda Colombia. \\ud83d\\udc99Cuando me visitas, adem\\u00e1s de descubrir tu inmueble ideal, puedes estar al d\\u00eda con las noticias del sector inmobiliario y de la construcci\\u00f3n; aprender tips en decoraci\\u00f3n y organizaci\\u00f3n de espacios, y mucho m\\u00e1s.\",\"sameAs\":[\"https:\/\/www.ciencuadras.com\/\",\"https:\/\/www.facebook.com\/ciencuadras\/\",\"https:\/\/www.instagram.com\/ciencuadras\/\",\"https:\/\/www.linkedin.com\/company\/ciencuadras\/\",\"https:\/\/twitter.com\/ciencuadras\",\"https:\/\/www.youtube.com\/channel\/UC_f830HP5dUy6OjBIbjtlAw\"]}]}<\/script>\n<!-- \/ Yoast SEO plugin. -->","_links":{"self":[{"href":"https:\/\/www.ciencuadras.com\/blog\/wp-json\/wp\/v2\/posts\/76208"}],"collection":[{"href":"https:\/\/www.ciencuadras.com\/blog\/wp-json\/wp\/v2\/posts"}],"about":[{"href":"https:\/\/www.ciencuadras.com\/blog\/wp-json\/wp\/v2\/types\/post"}],"author":[{"embeddable":true,"href":"https:\/\/www.ciencuadras.com\/blog\/wp-json\/wp\/v2\/users\/9"}],"replies":[{"embeddable":true,"href":"https:\/\/www.ciencuadras.com\/blog\/wp-json\/wp\/v2\/comments?post=76208"}],"version-history":[{"count":29,"href":"https:\/\/www.ciencuadras.com\/blog\/wp-json\/wp\/v2\/posts\/76208\/revisions"}],"predecessor-version":[{"id":82434,"href":"https:\/\/www.ciencuadras.com\/blog\/wp-json\/wp\/v2\/posts\/76208\/revisions\/82434"}],"wp:featuredmedia":[{"embeddable":true,"href":"https:\/\/www.ciencuadras.com\/blog\/wp-json\/wp\/v2\/media\/76212"}],"wp:attachment":[{"href":"https:\/\/www.ciencuadras.com\/blog\/wp-json\/wp\/v2\/media?parent=76208"}],"wp:term":[{"taxonomy":"category","embeddable":true,"href":"https:\/\/www.ciencuadras.com\/blog\/wp-json\/wp\/v2\/categories?post=76208"},{"taxonomy":"post_tag","embeddable":true,"href":"https:\/\/www.ciencuadras.com\/blog\/wp-json\/wp\/v2\/tags?post=76208"}],"curies":[{"name":"wp","href":"https:\/\/api.w.org\/{rel}","templated":true}]}}