{"id":76454,"date":"2020-12-23T08:00:54","date_gmt":"2020-12-23T13:00:54","guid":{"rendered":"https:\/\/www.ciencuadras.com\/blog\/?p=76454"},"modified":"2025-10-02T17:06:34","modified_gmt":"2025-10-02T22:06:34","slug":"melania-trump-y-la-decoracion-navidena-de-la-casa-blanca","status":"publish","type":"post","link":"https:\/\/www.ciencuadras.com\/blog\/decoracion\/melania-trump-y-la-decoracion-navidena-de-la-casa-blanca","title":{"rendered":"#Tbt &#8211; Un recorrido por la alucinante decoraci\u00f3n navide\u00f1a de la Casa Blanca"},"content":{"rendered":"\t\t<div data-elementor-type=\"wp-post\" data-elementor-id=\"76454\" class=\"elementor elementor-76454\" data-elementor-post-type=\"post\">\n\t\t\t\t\n<div class=\"elementor-element elementor-element-53b4cf68 e-flex e-con-boxed e-con e-parent\" data-id=\"53b4cf68\" data-element_type=\"container\">\n\t\t\t\t\t<div class=\"e-con-inner\">\n\t\t\t\t<div class=\"elementor-element elementor-element-35b94e7c elementor-widget elementor-widget-text-editor\" data-id=\"35b94e7c\" data-element_type=\"widget\" data-widget_type=\"text-editor.default\">\n\t\t\t\t<div class=\"elementor-widget-container\">\n\t\t\t\t\t\t\t<p><span style=\"font-weight: 400;\">Santa Claus, renos, mu\u00f1ecos de nieve, estrellas de Bel\u00e9n\u2026 <strong>La Navidad ya lleg\u00f3 a la mayor\u00eda de los hogares<\/strong>, incluyendo el de la familia Trump. Recordamos la maravillosa decoraci\u00f3n de la Casa Blanca en el 2019, quien fue orquestada por l<\/span><span style=\"font-weight: 400;\">a mism\u00edsima primera dama de Estados Unidos, Melania Trump, quien nunca deja nada al azar en cuanto a preparativos y organizaci\u00f3n navide\u00f1a concierne.\u00a0<\/span><\/p><p><span style=\"font-weight: 400;\">En ese entonces, <strong>Melania Trump comparti\u00f3 en sus redes sociales un v\u00eddeo de la espectacular decoraci\u00f3n decembrina<\/strong> de la Casa Blanca.\u00a0 \u00bfLa quieres ver? \u00a1Sigue leyendo!<\/span><\/p><p><img decoding=\"async\" class=\"emoji lazy-loaded\" role=\"img\" draggable=\"false\" src=\"https:\/\/s.w.org\/images\/core\/emoji\/12.0.0-1\/svg\/1f517.svg\" alt=\"?\" data-lazy-type=\"image\" data-src=\"https:\/\/s.w.org\/images\/core\/emoji\/12.0.0-1\/svg\/1f517.svg\" \/><a href=\"https:\/\/www.ciencuadras.com\/blog\/decoracion\/interiores\/6-consejos-para-que-la-navidad-llegue-a-cada-rincon-de-tu-casa\" target=\"_blank\" rel=\"bookmark noopener noreferrer\"><strong>6 consejos para que la Navidad llegue a cada rinc\u00f3n de tu casa<\/strong><\/a><\/p><h4><b>Detalles \u2018deco\u2019\u00a0\u00a0<\/b><\/h4><p><span style=\"font-weight: 400;\">Por lo que se puede apreciar en el v\u00eddeo, la primera dama decor\u00f3 varios pasillos de su hogar con<strong> \u00e1rboles gigantes y muy iluminados.<\/strong> En cuanto a las tonalidades, se decant\u00f3 por los acentos verdes, dorados y blancos. \u00a1Alucinante!\u00a0<\/span><\/p><p><img decoding=\"async\" class=\"emoji lazy-loaded\" role=\"img\" draggable=\"false\" src=\"https:\/\/s.w.org\/images\/core\/emoji\/12.0.0-1\/svg\/1f517.svg\" alt=\"?\" data-lazy-type=\"image\" data-src=\"https:\/\/s.w.org\/images\/core\/emoji\/12.0.0-1\/svg\/1f517.svg\" \/><strong><a href=\"https:\/\/www.ciencuadras.com\/blog\/decoracion\/como-hacer-coronas-navidenas-de-ensueno\" target=\"_blank\" rel=\"bookmark noopener noreferrer\">\u00a1Bienvenidos a mi casa! Coronas navide\u00f1as para celebrar<\/a><\/strong><\/p><h4><b>El concepto navide\u00f1o de la Casa Blanca en el 2019 \u26aa<\/b><\/h4><p><span style=\"font-weight: 400;\">La tem\u00e1tica elegida para ese a\u00f1o fue El esp\u00edritu de Am\u00e9rica (\u2018The Spirit of America\u2019), una dosis de patriotismo para esta temporada de amor y uni\u00f3n familiar.\u00a0 ?\u201c<strong>Estoy encantada de compartir esta hermosa exhibici\u00f3n de patriotismo para que todos la vean<\/strong>, y estoy emocionada<\/span><span style=\"font-weight: 400;\">\u00a0de que todos experimenten la belleza de la temporada de Navidad\u201d, escribi\u00f3 en su cuenta de <\/span><strong><a href=\"https:\/\/www.instagram.com\/p\/B5jllx-gGPw\/\" target=\"_blank\" rel=\"noopener noreferrer\">Instagram<\/a><\/strong><span style=\"font-weight: 400;\">.\u00a0<\/span><\/p><blockquote><p><b>Adem\u00e1s de los frondosos \u00e1rboles, estrellas blancas colgadas en el techo iluminan los pasillos de la Casa Blanca.\u00a0<\/b><\/p><\/blockquote><h4><b>Como en un cuento de Navidad\u2026\u00a0<\/b><\/h4><p><span style=\"font-weight: 400;\">Dentro de todos los espacios de la Casa Blanca, l<strong>a Sala Azul es una de las m\u00e1s especiales, pues es el lugar de la recepci\u00f3n formal de la residencia.<\/strong>\u00a0Un pino de <\/span><span style=\"font-weight: 400;\">m\u00e1s de cinco metros de altura decora esta \u00e1rea emblem\u00e1tica. <strong>\u00bfUn dato curioso?<\/strong> Este \u00e1rbol lleg\u00f3 a la residencia de Donald Trump desde Mahantongo Valley Farms de Pensilvania tras ganar un tradicional concurso que celebra la Asociaci\u00f3n Nacional del \u00c1rbol de Navidad desde 1961.<\/span><\/p><p><strong><img decoding=\"async\" class=\"emoji lazy-loaded\" role=\"img\" draggable=\"false\" src=\"https:\/\/s.w.org\/images\/core\/emoji\/12.0.0-1\/svg\/1f517.svg\" alt=\"?\" data-lazy-type=\"image\" data-src=\"https:\/\/s.w.org\/images\/core\/emoji\/12.0.0-1\/svg\/1f517.svg\" \/><\/strong><strong><a href=\"https:\/\/www.ciencuadras.com\/blog\/tendencias\/5-ideas-para-realizar-una-navidad-ecologica\" target=\"_blank\" rel=\"bookmark noopener noreferrer\">5 ideas para celebrar una Navidad ecol\u00f3gica<\/a><\/strong><\/p><p><span style=\"font-weight: 400;\">\u00bfTe gust\u00f3 la decoraci\u00f3n navide\u00f1a de la Casa Blanca del 2019? A nosotros nos encant\u00f3. Por eso te invitamos a encontrar tu lugar ideal en<strong><a href=\"https:\/\/www.ciencuadras.com?autopauta=Ambos_Link_76454ciencuadras_Cierre_\" data-wplink-url-error=\"true\"> Ciencuadras .<\/a><\/strong><\/span><\/p>\t\t\t\t\t\t<\/div>\n\t\t\t\t<\/div>\n\t\t\t\t\t<\/div>\n\t\t\t\t<\/div>\n\t\t\t\t<\/div>\n\t\t\n","protected":false},"excerpt":{"rendered":"<p>\u00a1Ya es Navidad! Por eso recordamos la maravillosa decoraci\u00f3n de la Casa Blanca  en el 2019, en la que sobresalieron el verde y el dorado.\ud83c\udf84\ud83c\udfe1<\/p>\n","protected":false},"author":9,"featured_media":126797,"comment_status":"open","ping_status":"closed","sticky":false,"template":"","format":"standard","meta":{"footnotes":""},"categories":[8],"tags":[12,3564,2675,14,11],"acf":[],"yoast_head":"<!-- This site is optimized with the Yoast SEO plugin v15.9 - https:\/\/yoast.com\/wordpress\/plugins\/seo\/ -->\n<title>Melania Trump y la decoraci\u00f3n navide\u00f1a de la casa blanca | Ciencuadras<\/title>\n<meta name=\"description\" content=\"\u00a1Ya es Navidad! Por eso recordamos la maravillosa decoraci\u00f3n de la Casa Blanca en el 2019, en la que sobresalieron el verde y el dorado.\" \/>\n<meta name=\"robots\" content=\"index, follow, max-snippet:-1, max-image-preview:large, max-video-preview:-1\" \/>\n<link rel=\"canonical\" href=\"https:\/\/www.ciencuadras.com\/blog\/decoracion\/melania-trump-y-la-decoracion-navidena-de-la-casa-blanca\" \/>\n<meta property=\"og:locale\" content=\"es_ES\" \/>\n<meta property=\"og:type\" content=\"article\" \/>\n<meta property=\"og:title\" content=\"Melania Trump y la decoraci\u00f3n navide\u00f1a de la casa blanca | Ciencuadras\" \/>\n<meta property=\"og:description\" content=\"\u00a1Ya es Navidad! Por eso recordamos la maravillosa decoraci\u00f3n de la Casa Blanca en el 2019, en la que sobresalieron el verde y el dorado.\" \/>\n<meta property=\"og:url\" content=\"https:\/\/www.ciencuadras.com\/blog\/decoracion\/melania-trump-y-la-decoracion-navidena-de-la-casa-blanca\" \/>\n<meta property=\"article:publisher\" content=\"https:\/\/www.facebook.com\/ciencuadras\/\" \/>\n<meta property=\"article:author\" content=\"https:\/\/www.facebook.com\/ciencuadras\/\" \/>\n<meta property=\"article:published_time\" content=\"2020-12-23T13:00:54+00:00\" \/>\n<meta property=\"article:modified_time\" content=\"2025-10-02T22:06:34+00:00\" \/>\n<meta property=\"og:image\" content=\"https:\/\/www.ciencuadras.com\/blog\/wp-content\/uploads\/2020\/12\/shutterstock_2553539467-compressed.jpg\" \/>\n\t<meta property=\"og:image:width\" content=\"1000\" \/>\n\t<meta property=\"og:image:height\" content=\"667\" \/>\n<meta name=\"twitter:card\" content=\"summary_large_image\" \/>\n<meta name=\"twitter:creator\" content=\"@ciencuadras\" \/>\n<meta name=\"twitter:site\" content=\"@ciencuadras\" \/>\n<meta name=\"twitter:label1\" content=\"Est. reading time\">\n\t<meta name=\"twitter:data1\" content=\"3 minutos\">\n<script type=\"application\/ld+json\" class=\"yoast-schema-graph\">{\"@context\":\"https:\/\/schema.org\",\"@graph\":[{\"@type\":\"Organization\",\"@id\":\"https:\/\/www.ciencuadras.com\/blog\/#organization\",\"name\":\"Ciencuadras.com\",\"url\":\"https:\/\/www.ciencuadras.com\/blog\/\",\"sameAs\":[\"https:\/\/www.facebook.com\/ciencuadras\/\",\"https:\/\/www.instagram.com\/ciencuadras\/\",\"https:\/\/co.linkedin.com\/company\/ciencuadras\",\"https:\/\/www.youtube.com\/channel\/UC_f830HP5dUy6OjBIbjtlAw\",\"https:\/\/twitter.com\/ciencuadras\"],\"logo\":{\"@type\":\"ImageObject\",\"@id\":\"https:\/\/www.ciencuadras.com\/blog\/#logo\",\"inLanguage\":\"es-CO\",\"url\":\"\",\"caption\":\"Ciencuadras.com\"},\"image\":{\"@id\":\"https:\/\/www.ciencuadras.com\/blog\/#logo\"}},{\"@type\":\"WebSite\",\"@id\":\"https:\/\/www.ciencuadras.com\/blog\/#website\",\"url\":\"https:\/\/www.ciencuadras.com\/blog\/\",\"name\":\"\",\"description\":\"\",\"publisher\":{\"@id\":\"https:\/\/www.ciencuadras.com\/blog\/#organization\"},\"potentialAction\":[{\"@type\":\"SearchAction\",\"target\":\"https:\/\/www.ciencuadras.com\/blog\/?s={search_term_string}\",\"query-input\":\"required name=search_term_string\"}],\"inLanguage\":\"es-CO\"},{\"@type\":\"ImageObject\",\"@id\":\"https:\/\/www.ciencuadras.com\/blog\/decoracion\/melania-trump-y-la-decoracion-navidena-de-la-casa-blanca#primaryimage\",\"inLanguage\":\"es-CO\",\"url\":\"https:\/\/www.ciencuadras.com\/blog\/wp-content\/uploads\/2020\/12\/shutterstock_2553539467-compressed.jpg\",\"width\":1000,\"height\":667},{\"@type\":\"WebPage\",\"@id\":\"https:\/\/www.ciencuadras.com\/blog\/decoracion\/melania-trump-y-la-decoracion-navidena-de-la-casa-blanca#webpage\",\"url\":\"https:\/\/www.ciencuadras.com\/blog\/decoracion\/melania-trump-y-la-decoracion-navidena-de-la-casa-blanca\",\"name\":\"Melania Trump y la decoraci\\u00f3n navide\\u00f1a de la casa blanca | Ciencuadras\",\"isPartOf\":{\"@id\":\"https:\/\/www.ciencuadras.com\/blog\/#website\"},\"primaryImageOfPage\":{\"@id\":\"https:\/\/www.ciencuadras.com\/blog\/decoracion\/melania-trump-y-la-decoracion-navidena-de-la-casa-blanca#primaryimage\"},\"datePublished\":\"2020-12-23T13:00:54+00:00\",\"dateModified\":\"2025-10-02T22:06:34+00:00\",\"description\":\"\\u00a1Ya es Navidad! Por eso recordamos la maravillosa decoraci\\u00f3n de la Casa Blanca en el 2019, en la que sobresalieron el verde y el dorado.\",\"breadcrumb\":{\"@id\":\"https:\/\/www.ciencuadras.com\/blog\/decoracion\/melania-trump-y-la-decoracion-navidena-de-la-casa-blanca#breadcrumb\"},\"inLanguage\":\"es-CO\",\"potentialAction\":[{\"@type\":\"ReadAction\",\"target\":[\"https:\/\/www.ciencuadras.com\/blog\/decoracion\/melania-trump-y-la-decoracion-navidena-de-la-casa-blanca\"]}]},{\"@type\":\"BreadcrumbList\",\"@id\":\"https:\/\/www.ciencuadras.com\/blog\/decoracion\/melania-trump-y-la-decoracion-navidena-de-la-casa-blanca#breadcrumb\",\"itemListElement\":[{\"@type\":\"ListItem\",\"position\":1,\"item\":{\"@type\":\"WebPage\",\"@id\":\"https:\/\/www.ciencuadras.com\/blog\",\"url\":\"https:\/\/www.ciencuadras.com\/blog\",\"name\":\"Blog\"}},{\"@type\":\"ListItem\",\"position\":2,\"item\":{\"@type\":\"WebPage\",\"@id\":\"https:\/\/www.ciencuadras.com\/blog\/decoracion\/melania-trump-y-la-decoracion-navidena-de-la-casa-blanca\",\"url\":\"https:\/\/www.ciencuadras.com\/blog\/decoracion\/melania-trump-y-la-decoracion-navidena-de-la-casa-blanca\",\"name\":\"#Tbt &#8211; Un recorrido por la alucinante decoraci\\u00f3n navide\\u00f1a de la Casa Blanca\"}}]},{\"@type\":\"Article\",\"@id\":\"https:\/\/www.ciencuadras.com\/blog\/decoracion\/melania-trump-y-la-decoracion-navidena-de-la-casa-blanca#article\",\"isPartOf\":{\"@id\":\"https:\/\/www.ciencuadras.com\/blog\/decoracion\/melania-trump-y-la-decoracion-navidena-de-la-casa-blanca#webpage\"},\"author\":{\"@id\":\"https:\/\/www.ciencuadras.com\/blog\/#\/schema\/person\/cc0b32db93618f32995212860cf644f8\"},\"headline\":\"#Tbt &#8211; Un recorrido por la alucinante decoraci\\u00f3n navide\\u00f1a de la Casa Blanca\",\"datePublished\":\"2020-12-23T13:00:54+00:00\",\"dateModified\":\"2025-10-02T22:06:34+00:00\",\"mainEntityOfPage\":{\"@id\":\"https:\/\/www.ciencuadras.com\/blog\/decoracion\/melania-trump-y-la-decoracion-navidena-de-la-casa-blanca#webpage\"},\"commentCount\":0,\"publisher\":{\"@id\":\"https:\/\/www.ciencuadras.com\/blog\/#organization\"},\"image\":{\"@id\":\"https:\/\/www.ciencuadras.com\/blog\/decoracion\/melania-trump-y-la-decoracion-navidena-de-la-casa-blanca#primaryimage\"},\"keywords\":\"Decoraci\\u00f3n de casas,Festividades en casa,Inmuebles de famosos,Tendencias 2019,Tendencias deco\",\"articleSection\":\"Decoraci\\u00f3n\",\"inLanguage\":\"es-CO\",\"potentialAction\":[{\"@type\":\"CommentAction\",\"name\":\"Comment\",\"target\":[\"https:\/\/www.ciencuadras.com\/blog\/decoracion\/melania-trump-y-la-decoracion-navidena-de-la-casa-blanca#respond\"]}]},{\"@type\":\"Person\",\"@id\":\"https:\/\/www.ciencuadras.com\/blog\/#\/schema\/person\/cc0b32db93618f32995212860cf644f8\",\"name\":\"Redacci\\u00f3n Ciencuadras\",\"description\":\"\\u00a1Hola! Soy el blog de ciencuadras.com, un portal inmobiliario del Grupo Bol\\u00edvar en el que encuentras casas, apartamentos, oficinas, fincas y m\\u00e1s inmuebles en arriendo y venta en toda Colombia. \\ud83d\\udc99Cuando me visitas, adem\\u00e1s de descubrir tu inmueble ideal, puedes estar al d\\u00eda con las noticias del sector inmobiliario y de la construcci\\u00f3n; aprender tips en decoraci\\u00f3n y organizaci\\u00f3n de espacios, y mucho m\\u00e1s.\",\"sameAs\":[\"https:\/\/www.ciencuadras.com\/\",\"https:\/\/www.facebook.com\/ciencuadras\/\",\"https:\/\/www.instagram.com\/ciencuadras\/\",\"https:\/\/www.linkedin.com\/company\/ciencuadras\/\",\"https:\/\/twitter.com\/ciencuadras\",\"https:\/\/www.youtube.com\/channel\/UC_f830HP5dUy6OjBIbjtlAw\"]}]}<\/script>\n<!-- \/ Yoast SEO plugin. -->","_links":{"self":[{"href":"https:\/\/www.ciencuadras.com\/blog\/wp-json\/wp\/v2\/posts\/76454"}],"collection":[{"href":"https:\/\/www.ciencuadras.com\/blog\/wp-json\/wp\/v2\/posts"}],"about":[{"href":"https:\/\/www.ciencuadras.com\/blog\/wp-json\/wp\/v2\/types\/post"}],"author":[{"embeddable":true,"href":"https:\/\/www.ciencuadras.com\/blog\/wp-json\/wp\/v2\/users\/9"}],"replies":[{"embeddable":true,"href":"https:\/\/www.ciencuadras.com\/blog\/wp-json\/wp\/v2\/comments?post=76454"}],"version-history":[{"count":29,"href":"https:\/\/www.ciencuadras.com\/blog\/wp-json\/wp\/v2\/posts\/76454\/revisions"}],"predecessor-version":[{"id":126928,"href":"https:\/\/www.ciencuadras.com\/blog\/wp-json\/wp\/v2\/posts\/76454\/revisions\/126928"}],"wp:featuredmedia":[{"embeddable":true,"href":"https:\/\/www.ciencuadras.com\/blog\/wp-json\/wp\/v2\/media\/126797"}],"wp:attachment":[{"href":"https:\/\/www.ciencuadras.com\/blog\/wp-json\/wp\/v2\/media?parent=76454"}],"wp:term":[{"taxonomy":"category","embeddable":true,"href":"https:\/\/www.ciencuadras.com\/blog\/wp-json\/wp\/v2\/categories?post=76454"},{"taxonomy":"post_tag","embeddable":true,"href":"https:\/\/www.ciencuadras.com\/blog\/wp-json\/wp\/v2\/tags?post=76454"}],"curies":[{"name":"wp","href":"https:\/\/api.w.org\/{rel}","templated":true}]}}