{"id":77028,"date":"2020-10-21T08:00:00","date_gmt":"2020-10-21T13:00:00","guid":{"rendered":"https:\/\/www.ciencuadras.com\/blog\/?p=77028"},"modified":"2025-07-02T09:42:21","modified_gmt":"2025-07-02T14:42:21","slug":"como-es-la-casa-de-narino-por-dentro-imagenes-diseno","status":"publish","type":"post","link":"https:\/\/www.ciencuadras.com\/blog\/decoracion\/como-es-la-casa-de-narino-por-dentro-imagenes-diseno","title":{"rendered":"\u00bfC\u00f3mo es la Casa de Nari\u00f1o?"},"content":{"rendered":"\n<p><span style=\"font-weight: 400;\">Adentrarse en la Casa de Nari\u00f1o es revivir la historia de nuestro pa\u00eds. <strong>Sus paredes, techos y pasillos sin fin, remontan a diferentes \u00e9pocas de Colombia.<\/strong> Cada recorrido por el interior o el exterior de la sede principal del Gobierno Nacional, solo nos lleva a apreciar nuestro arte y cultura.&nbsp;<\/span><\/p>\n\n\n\n<p><span style=\"font-weight: 400;\">El Palacio de Nari\u00f1o est\u00e1 ubicado en el centro de Bogot\u00e1 y desde julio de 1908, sirve como la residencia del Presidente de Colombia. Esta edificaci\u00f3n suele ser reconocida por su arquitectura y lujos. \u00bfC\u00f3mo se ve en su interior? Aqu\u00ed te lo mostramos.<\/span><\/p>\n\n\n\n<h2 class=\"wp-block-heading\" id=\"h-iniciemos-el-tour-por-la-casa-de-nari-o\"><b>Iniciemos el tour por la Casa de Nari\u00f1o&nbsp;?<\/b><\/h2>\n\n\n\n<p><span style=\"font-weight: 400;\">Al ingresar por la entrada principal, se encuentran las banderas de Cartagena, Cundinamarca, Espa\u00f1a, la Gran Colombia, Nueva Granada y Bogot\u00e1. Al frente, est\u00e1n las banderas de la Fuerza A\u00e9rea, el Ej\u00e9rcito, la Armada, la Polic\u00eda Nacional, y en el centro, se ubica la bandera del Comando General las Fuerzas Militares de Colombia.<\/span><\/p>\n\n\n\n<p><span style=\"font-weight: 400;\">Seguidamente, est\u00e1 el <strong>Sal\u00f3n de los Ba\u00fales<\/strong>. Este espacio funciona como sala de espera de quienes visitan el Palacio. Cuenta la historia que <\/span><b>los ba\u00fales que all\u00ed se encuentran, fueron propiedad de Sim\u00f3n Bol\u00edvar<\/b><span style=\"font-weight: 400;\">.&nbsp;<\/span><\/p>\n\n\n\n<p>?<strong><a href=\"https:\/\/www.ciencuadras.com\/blog\/tendencias\/inmuebles-de-telenovelas-famosas-de-colombia\" target=\"_blank\" rel=\"bookmark noopener noreferrer\">Casas, mansiones y haciendas de TV que siempre recordaremos<\/a><\/strong><\/p>\n\n\n\n<p>?<strong><a href=\"https:\/\/www.ciencuadras.com\/blog\/casas-de-famosos\/top-10-proyectos-de-vivienda-en-colombia-2019\" target=\"_blank\" rel=\"bookmark noopener noreferrer\">Los proyectos de vivienda m\u00e1s alucinantes de 2019<\/a><\/strong><\/p>\n\n\n\n<h2 class=\"wp-block-heading\" id=\"h-qu-otras-sorpresas-nos-trae-el-primer-piso\"><b>\u00bfQu\u00e9 otras sorpresas nos trae el primer piso?&nbsp;?<\/b><\/h2>\n\n\n\n<p><span style=\"font-weight: 400;\">Retratos de presidentes. S\u00ed, hay una galer\u00eda con las im\u00e1genes de los mandatarios que han gobernado el pa\u00eds en los \u00faltimos 100 a\u00f1os.<\/span><\/p>\n\n\n\n<p><span style=\"font-weight: 400;\">Adem\u00e1s, en esta planta, tambi\u00e9n est\u00e1 ubicado el sal\u00f3n Luis XV. Este espacio cuenta con una pintura al \u00f3leo del ex Presidente Carlos Holgu\u00edn y la del ex presidente General Rafael Reyes. Como se observa en la imagen, del techo cae una l\u00e1mpara en cristal con incrustaciones en bronce.<\/span><\/p>\n\n\n\n<div data-opinionstage-embed-url=\"https:\/\/www.opinionstage.com\/api\/v1\/widgets\/ciencuadras1\/casa-de-nari%C3%B1o\/code.json?comments=true&#038;sharing=true&#038;recommendations=false&#038;width=\" style=\"display: none; visibility: hidden;\"><\/div>\n\n\n\n<h2 class=\"wp-block-heading\" id=\"h-as-se-ve-el-segundo-piso-de-la-casa-de-nari-o\"><b>As\u00ed se ve el segundo piso de la Casa de Nari\u00f1o&nbsp;??<\/b><\/h2>\n\n\n\n<p><span style=\"font-weight: 400;\">Al subir esta escalera, se puede ver el gran cuadro del maestro Tito Salas, en el que est\u00e1 el libertador Sim\u00f3n Bol\u00edvar pronunciando un discurso en el Congreso de Angostura. Entre otros, se encuentran un cuadro de la Virgen del Carmen y un <\/span><a rel=\"noopener noreferrer\" href=\"https:\/\/www.bogotavive.com\/el-palacio-de-narino\" target=\"_blank\"><b>busto de Francisco de Paula Santander, elaborado por Pietro Tenerani<\/b><\/a><span style=\"font-weight: 400;\">.<\/span><\/p>\n\n\n\n<h2 class=\"wp-block-heading\" id=\"h-el-majestuoso-sal-n-amarillo\"><b>El majestuoso Sal\u00f3n Amarillo&nbsp;?<\/b><\/h2>\n\n\n\n<p><span style=\"font-weight: 400;\">Los muebles estilo Luis XV son uno de los principales atractivos de este espacio, adem\u00e1s, del <\/span><a href=\"https:\/\/visitas.presidencia.gov.co\/web\/CasaNarino.aspx\" target=\"_blank\" rel=\"noopener noreferrer\"><b>piso de guadua original y su admirada yeser\u00eda, realizada por Ramelli<\/b><\/a><span style=\"font-weight: 400;\">.&nbsp;<\/span><\/p>\n\n\n\n<blockquote class=\"wp-block-quote\">\n<p><span style=\"font-weight: 400;\">En el Sal\u00f3n Amarillo ten\u00edan lugar las recepciones oficiales, \u201c&#8230;amoblado con fino gusto franc\u00e9s de la \u00e9poca de Luis XV\u201d. Hern\u00e1ndez de Alba.<\/span><\/p>\n<\/blockquote>\n\n\n\n<h2 class=\"wp-block-heading\" id=\"h-el-c-lebre-sal-n-de-gobelinos\"><b>El c\u00e9lebre Sal\u00f3n de Gobelinos&nbsp;?<\/b><\/h2>\n\n\n\n<p><span style=\"font-weight: 400;\">Antes de adentrarnos en el Sal\u00f3n de los Gobelinos, vale la pena que echemos un vistazo a este hall que le antecede. Espacio en el que en cada esquina se respira arte e historia.&nbsp;<\/span><span style=\"font-weight: 400;\"><strong>A lo largo de toda la Casa de Nari\u00f1o, se encuentran 1.000 obras nacionales e internacionales<\/strong>, que son de orden art\u00edstico, arqueol\u00f3gico y utilitario; representan las <\/span><a href=\"http:\/\/especiales.presidencia.gov.co\/Documents\/20171201-pase-por-la-casa\/las-obras-utilitarias.html\" target=\"_blank\" rel=\"noopener noreferrer\"><b>etapas colonial, republicana, moderna y contempor\u00e1nea<\/b><\/a><span style=\"font-weight: 400;\">.<\/span><\/p>\n\n\n\n<p><span style=\"font-weight: 400;\">En el Sal\u00f3n de los Gobelinos se destacan los <\/span><a href=\"https:\/\/www.culturarecreacionydeporte.gov.co\/es\/bogotanitos\/bogodatos\/bogota-y-sus-palacios\" target=\"_blank\" rel=\"noopener noreferrer\"><b>tapices elaborados en Francia en el taller de los hermanos Gobel\u00edn<\/b><\/a><span style=\"font-weight: 400;\">.<\/span><\/p>\n\n\n\n<h2 class=\"wp-block-heading\" id=\"h-qui-n-se-encarga-de-la-decoraci-n-de-este-recinto\">\u00bfQui\u00e9n se encarga de la decoraci\u00f3n de este recinto?<\/h2>\n\n\n\n<p><strong>Podr\u00edamos pensar que la Primera Dama tiene injerencia en la conservaci\u00f3n de los elementos decorativos de Palacio o que decide reacomodar alg\u00fan cuadro, pero no.<\/strong> Desde la Presidencia de la Rep\u00fablica, nos confirman que&nbsp;teniendo en cuenta que la esposa del Presidente no es una funcionaria p\u00fablica, le corresponde a la Subdirectora General de la entidad, entre otras funciones, la de&nbsp;liderar la administraci\u00f3n, custodia y conservaci\u00f3n de los bienes muebles, inmuebles, tangibles e intangibles, de propiedad o al servicio del Departamento Administrativo de la Presidencia de la Rep\u00fablica.<\/p>\n\n\n\n<h2 class=\"wp-block-heading\" id=\"h-todos-podemos-ver-de-primera-mano-la-casa-de-nari-o\"><b>Todos podemos ver de primera mano la Casa de Nari\u00f1o&nbsp;?<\/b><\/h2>\n\n\n\n<p><span style=\"font-weight: 400;\">\u00bfSab\u00edas que hay visitas guiadas? La visita guiada consiste en realizar un <\/span><a href=\"https:\/\/visitas.presidencia.gov.co\/web\/CasaNarino.aspx\" target=\"_blank\" rel=\"noopener noreferrer\"><b>recorrido por las instalaciones del Palacio<\/b><\/a><span style=\"font-weight: 400;\">, tiene una duraci\u00f3n de aproximadamente 45 minutos y es gratuita. Eso s\u00ed, no se permite tomar fotograf\u00edas y tampoco se puede ingresar en ropa informal.<\/span><\/p>\n\n\n\n<p><span style=\"font-weight: 400;\">En definitiva, <strong>la Casa de Nari\u00f1o es un s\u00edmbolo de la soberan\u00eda de Colombia, es un espacio que encarna historia, belleza, elegancia y distinci\u00f3n.<\/strong> Es un verdadero orgullo para los colombianos. Ah, y no olvides que en <a href=\"https:\/\/www.ciencuadras.com?autopauta=Ambos_Link_77028ciencuadrasCierre_\" target=\"_blank\" rel=\"noreferrer noopener\" aria-label=\" (abre en una nueva pesta\u00f1a)\"><strong>Ciencuadras<\/strong><\/a> tenemos el inmueble perfecto para ti.&nbsp;?<\/span><\/p>\n\n\n\n<p>?<strong><a href=\"https:\/\/www.ciencuadras.com\/blog\/por-que-vivir-en\/por-que-vivir-en-bogota-razones-y-ventajas\" target=\"_blank\" rel=\"bookmark noopener noreferrer\">\u00bfPor qu\u00e9 vivir en Bogot\u00e1?<\/a><\/strong><\/p>\n\n\n\n<p>?<strong><a href=\"https:\/\/www.ciencuadras.com\/blog\/por-que-vivir-en\/beneficios-y-ventajas-de-vivir-en-cedritos\" target=\"_blank\" rel=\"bookmark noopener noreferrer\">Cedritos, una gran opci\u00f3n de vivienda<\/a><\/strong><\/p>\n\n\n\n<h2 class=\"wp-block-heading\" id=\"h-datos-sobre-el-palacio-presidencial\"><b>Datos sobre el palacio presidencial&nbsp;<\/b><\/h2>\n\n\n\n<p><span style=\"font-weight: 400;\">Direcci\u00f3n: Kr. 7 No 7-63<\/span><\/p>\n\n\n\n<p>\u00c1rea total de construcci\u00f3n: 12.204,80 Mts2.<\/p>\n\n\n\n<p>N\u00famero de habitaciones: 04<\/p>\n\n\n\n<p><span style=\"font-weight: 400;\">Propietario: Estado Colombiano<\/span><\/p>\n\n\n\n<p><span style=\"font-weight: 400;\">Arquitectos: El franc\u00e9s Gast\u00f3n Legarde y el colombiano Juli\u00e1n Lombana<\/span><\/p>\n\n\n\n<p><span style=\"font-weight: 400;\">Inauguraci\u00f3n: 20 de julio de 1908<\/span><\/p>\n\n\n\n<p><em><span style=\"font-weight: 400;\">*Informaci\u00f3n tomada de<\/span><a href=\"https:\/\/www.ecured.cu\/Palacio_de_Nari%C3%B1o\" target=\"_blank\" rel=\"noopener noreferrer\"><span style=\"font-weight: 400;\"> EcuRed<\/span><\/a><span style=\"font-weight: 400;\"> y de <\/span><a href=\"https:\/\/visitas.presidencia.gov.co\/\" target=\"_blank\" rel=\"noopener noreferrer\"><span style=\"font-weight: 400;\">visitas.presidencia.gov.co<\/span><\/a><\/em><\/p>\n\n\n\n<table cellpadding='0' cellspacing='0' align='center' style='width: 100%'><tr style='text-align: center; font-family: Open Sans, sans-serif;'><td style='padding-bottom: 24px; color: #29292a; font-size: 18px; font-weight: 600'>\u00bfQu\u00e9 tan \u00fatil le pareci\u00f3 este contenido?<\/td><\/tr><tr style='text-align: center;'><td><table cellpadding='0' cellspacing='0' style='width: 100%; max-width: 400px; margin: auto'><tr><td><a style='text-decoration: none' href='https:\/\/survey.survicate.com\/2024c603f1ca0b80\/?pieza=77028_como_es_la_casa_de_narino_por_dentro_imagenes_diseno||&#038;aid=2533768' target='_blank' rel=\"nofollow noopener\"> <img style='width: 32px; height: 32px' src='https:\/\/image.experienciasbolivar.segurosbolivar.com\/lib\/fe3511747364047b751475\/m\/1\/a2945bbd-60a9-43cb-b225-78bf5e055db5.png' > <\/a><\/td><td><a style='text-decoration: none' href='https:\/\/survey.survicate.com\/2024c603f1ca0b80\/?pieza=77028_como_es_la_casa_de_narino_por_dentro_imagenes_diseno||&#038;aid=2533769' target='_blank' rel=\"nofollow noopener\"> <img style='width: 32px; height: 32px' src='https:\/\/image.experienciasbolivar.segurosbolivar.com\/lib\/fe3511747364047b751475\/m\/1\/161006d2-a309-4148-a578-df40c5152496.png' > <\/a><\/td><td><a style='text-decoration: none' href='https:\/\/survey.survicate.com\/2024c603f1ca0b80\/?pieza=77028_como_es_la_casa_de_narino_por_dentro_imagenes_diseno||&#038;aid=2533770' target='_blank' rel=\"nofollow noopener\"> <img style='width: 32px; height: 32px' src='https:\/\/image.experienciasbolivar.segurosbolivar.com\/lib\/fe3511747364047b751475\/m\/1\/ba2c4c82-1c2c-4bcb-b894-20f6776af736.png' > <\/a><\/td><td><a style='text-decoration: none' href='https:\/\/survey.survicate.com\/2024c603f1ca0b80\/?pieza=77028_como_es_la_casa_de_narino_por_dentro_imagenes_diseno||&#038;aid=2533771' target='_blank' rel=\"nofollow noopener\"> <img style='width: 32px; height: 32px' src='https:\/\/image.experienciasbolivar.segurosbolivar.com\/lib\/fe3511747364047b751475\/m\/1\/52e25dc4-db06-43e1-ada3-a13cc6834b02.png' > <\/a><\/td><td><a style='text-decoration: none' href='https:\/\/survey.survicate.com\/2024c603f1ca0b80\/?pieza=77028_como_es_la_casa_de_narino_por_dentro_imagenes_diseno||&#038;aid=2533772' target='_blank' rel=\"nofollow noopener\"> <img style='width: 32px; height: 32px' src='https:\/\/image.experienciasbolivar.segurosbolivar.com\/lib\/fe3511747364047b751475\/m\/1\/f125fd9c-b185-4d5b-8a2c-c67e5f69c93b.png' > <\/a><\/td><\/tr><\/table><\/td><\/tr><\/table>\n\n","protected":false},"excerpt":{"rendered":"<p> La Casa de Nari\u00f1o tiene dos niveles, amplios salones y elementos decorativos alusivos a la historia del pa\u00eds. ???\u00a1Toda una obra arquitect\u00f3nica!<\/p>\n","protected":false},"author":9,"featured_media":80805,"comment_status":"open","ping_status":"closed","sticky":false,"template":"","format":"standard","meta":{"footnotes":""},"categories":[6051,8,10],"tags":[12,31,2675,41,2656],"acf":[],"yoast_head":"<!-- This site is optimized with the Yoast SEO plugin v15.9 - https:\/\/yoast.com\/wordpress\/plugins\/seo\/ -->\n<title>C\u00f3mo es la Casa de Nari\u00f1o por dentro: im\u00e1genes y dise\u00f1o | Ciencuadras<\/title>\n<meta name=\"description\" content=\"La Casa de Nari\u00f1o tiene dos niveles, amplios salones y elementos decorativos alusivos a la historia del pa\u00eds. \u00a1Toda una obra arquitect\u00f3nica!\" \/>\n<meta name=\"robots\" content=\"index, follow, max-snippet:-1, max-image-preview:large, max-video-preview:-1\" \/>\n<link rel=\"canonical\" href=\"https:\/\/www.ciencuadras.com\/blog\/decoracion\/como-es-la-casa-de-narino-por-dentro-imagenes-diseno\" \/>\n<meta property=\"og:locale\" content=\"es_ES\" \/>\n<meta property=\"og:type\" content=\"article\" \/>\n<meta property=\"og:title\" content=\"C\u00f3mo es la Casa de Nari\u00f1o por dentro: im\u00e1genes y dise\u00f1o | Ciencuadras\" \/>\n<meta property=\"og:description\" content=\"La Casa de Nari\u00f1o tiene dos niveles, amplios salones y elementos decorativos alusivos a la historia del pa\u00eds. \u00a1Toda una obra arquitect\u00f3nica!\" \/>\n<meta property=\"og:url\" content=\"https:\/\/www.ciencuadras.com\/blog\/decoracion\/como-es-la-casa-de-narino-por-dentro-imagenes-diseno\" \/>\n<meta property=\"article:publisher\" content=\"https:\/\/www.facebook.com\/ciencuadras\/\" \/>\n<meta property=\"article:author\" content=\"https:\/\/www.facebook.com\/ciencuadras\/\" \/>\n<meta property=\"article:published_time\" content=\"2020-10-21T13:00:00+00:00\" \/>\n<meta property=\"article:modified_time\" content=\"2025-07-02T14:42:21+00:00\" \/>\n<meta property=\"og:image\" content=\"https:\/\/www.ciencuadras.com\/blog\/wp-content\/uploads\/2020\/01\/casa-de-narino-min.jpg\" \/>\n\t<meta property=\"og:image:width\" content=\"1366\" \/>\n\t<meta property=\"og:image:height\" content=\"877\" \/>\n<meta name=\"twitter:card\" content=\"summary_large_image\" \/>\n<meta name=\"twitter:creator\" content=\"@ciencuadras\" \/>\n<meta name=\"twitter:site\" content=\"@ciencuadras\" \/>\n<meta name=\"twitter:label1\" content=\"Est. reading time\">\n\t<meta name=\"twitter:data1\" content=\"5 minutos\">\n<script type=\"application\/ld+json\" class=\"yoast-schema-graph\">{\"@context\":\"https:\/\/schema.org\",\"@graph\":[{\"@type\":\"Organization\",\"@id\":\"https:\/\/www.ciencuadras.com\/blog\/#organization\",\"name\":\"Ciencuadras.com\",\"url\":\"https:\/\/www.ciencuadras.com\/blog\/\",\"sameAs\":[\"https:\/\/www.facebook.com\/ciencuadras\/\",\"https:\/\/www.instagram.com\/ciencuadras\/\",\"https:\/\/co.linkedin.com\/company\/ciencuadras\",\"https:\/\/www.youtube.com\/channel\/UC_f830HP5dUy6OjBIbjtlAw\",\"https:\/\/twitter.com\/ciencuadras\"],\"logo\":{\"@type\":\"ImageObject\",\"@id\":\"https:\/\/www.ciencuadras.com\/blog\/#logo\",\"inLanguage\":\"es-CO\",\"url\":\"\",\"caption\":\"Ciencuadras.com\"},\"image\":{\"@id\":\"https:\/\/www.ciencuadras.com\/blog\/#logo\"}},{\"@type\":\"WebSite\",\"@id\":\"https:\/\/www.ciencuadras.com\/blog\/#website\",\"url\":\"https:\/\/www.ciencuadras.com\/blog\/\",\"name\":\"\",\"description\":\"\",\"publisher\":{\"@id\":\"https:\/\/www.ciencuadras.com\/blog\/#organization\"},\"potentialAction\":[{\"@type\":\"SearchAction\",\"target\":\"https:\/\/www.ciencuadras.com\/blog\/?s={search_term_string}\",\"query-input\":\"required name=search_term_string\"}],\"inLanguage\":\"es-CO\"},{\"@type\":\"ImageObject\",\"@id\":\"https:\/\/www.ciencuadras.com\/blog\/decoracion\/como-es-la-casa-de-narino-por-dentro-imagenes-diseno#primaryimage\",\"inLanguage\":\"es-CO\",\"url\":\"https:\/\/www.ciencuadras.com\/blog\/wp-content\/uploads\/2020\/01\/casa-de-narino-min.jpg\",\"width\":1366,\"height\":877},{\"@type\":\"WebPage\",\"@id\":\"https:\/\/www.ciencuadras.com\/blog\/decoracion\/como-es-la-casa-de-narino-por-dentro-imagenes-diseno#webpage\",\"url\":\"https:\/\/www.ciencuadras.com\/blog\/decoracion\/como-es-la-casa-de-narino-por-dentro-imagenes-diseno\",\"name\":\"C\\u00f3mo es la Casa de Nari\\u00f1o por dentro: im\\u00e1genes y dise\\u00f1o | Ciencuadras\",\"isPartOf\":{\"@id\":\"https:\/\/www.ciencuadras.com\/blog\/#website\"},\"primaryImageOfPage\":{\"@id\":\"https:\/\/www.ciencuadras.com\/blog\/decoracion\/como-es-la-casa-de-narino-por-dentro-imagenes-diseno#primaryimage\"},\"datePublished\":\"2020-10-21T13:00:00+00:00\",\"dateModified\":\"2025-07-02T14:42:21+00:00\",\"description\":\"La Casa de Nari\\u00f1o tiene dos niveles, amplios salones y elementos decorativos alusivos a la historia del pa\\u00eds. \\u00a1Toda una obra arquitect\\u00f3nica!\",\"breadcrumb\":{\"@id\":\"https:\/\/www.ciencuadras.com\/blog\/decoracion\/como-es-la-casa-de-narino-por-dentro-imagenes-diseno#breadcrumb\"},\"inLanguage\":\"es-CO\",\"potentialAction\":[{\"@type\":\"ReadAction\",\"target\":[\"https:\/\/www.ciencuadras.com\/blog\/decoracion\/como-es-la-casa-de-narino-por-dentro-imagenes-diseno\"]}]},{\"@type\":\"BreadcrumbList\",\"@id\":\"https:\/\/www.ciencuadras.com\/blog\/decoracion\/como-es-la-casa-de-narino-por-dentro-imagenes-diseno#breadcrumb\",\"itemListElement\":[{\"@type\":\"ListItem\",\"position\":1,\"item\":{\"@type\":\"WebPage\",\"@id\":\"https:\/\/www.ciencuadras.com\/blog\",\"url\":\"https:\/\/www.ciencuadras.com\/blog\",\"name\":\"Blog\"}},{\"@type\":\"ListItem\",\"position\":2,\"item\":{\"@type\":\"WebPage\",\"@id\":\"https:\/\/www.ciencuadras.com\/blog\/decoracion\/como-es-la-casa-de-narino-por-dentro-imagenes-diseno\",\"url\":\"https:\/\/www.ciencuadras.com\/blog\/decoracion\/como-es-la-casa-de-narino-por-dentro-imagenes-diseno\",\"name\":\"\\u00bfC\\u00f3mo es la Casa de Nari\\u00f1o?\"}}]},{\"@type\":\"Article\",\"@id\":\"https:\/\/www.ciencuadras.com\/blog\/decoracion\/como-es-la-casa-de-narino-por-dentro-imagenes-diseno#article\",\"isPartOf\":{\"@id\":\"https:\/\/www.ciencuadras.com\/blog\/decoracion\/como-es-la-casa-de-narino-por-dentro-imagenes-diseno#webpage\"},\"author\":{\"@id\":\"https:\/\/www.ciencuadras.com\/blog\/#\/schema\/person\/cc0b32db93618f32995212860cf644f8\"},\"headline\":\"\\u00bfC\\u00f3mo es la Casa de Nari\\u00f1o?\",\"datePublished\":\"2020-10-21T13:00:00+00:00\",\"dateModified\":\"2025-07-02T14:42:21+00:00\",\"mainEntityOfPage\":{\"@id\":\"https:\/\/www.ciencuadras.com\/blog\/decoracion\/como-es-la-casa-de-narino-por-dentro-imagenes-diseno#webpage\"},\"commentCount\":0,\"publisher\":{\"@id\":\"https:\/\/www.ciencuadras.com\/blog\/#organization\"},\"image\":{\"@id\":\"https:\/\/www.ciencuadras.com\/blog\/decoracion\/como-es-la-casa-de-narino-por-dentro-imagenes-diseno#primaryimage\"},\"keywords\":\"Decoraci\\u00f3n de casas,Espacios \\u00fanicos,Inmuebles de famosos,Sector inmobiliario,Tendencias inmobiliarias\",\"articleSection\":\"Casas de famosos,Decoraci\\u00f3n,Destacados\",\"inLanguage\":\"es-CO\",\"potentialAction\":[{\"@type\":\"CommentAction\",\"name\":\"Comment\",\"target\":[\"https:\/\/www.ciencuadras.com\/blog\/decoracion\/como-es-la-casa-de-narino-por-dentro-imagenes-diseno#respond\"]}]},{\"@type\":\"Person\",\"@id\":\"https:\/\/www.ciencuadras.com\/blog\/#\/schema\/person\/cc0b32db93618f32995212860cf644f8\",\"name\":\"Redacci\\u00f3n Ciencuadras\",\"description\":\"\\u00a1Hola! Soy el blog de ciencuadras.com, un portal inmobiliario del Grupo Bol\\u00edvar en el que encuentras casas, apartamentos, oficinas, fincas y m\\u00e1s inmuebles en arriendo y venta en toda Colombia. \\ud83d\\udc99Cuando me visitas, adem\\u00e1s de descubrir tu inmueble ideal, puedes estar al d\\u00eda con las noticias del sector inmobiliario y de la construcci\\u00f3n; aprender tips en decoraci\\u00f3n y organizaci\\u00f3n de espacios, y mucho m\\u00e1s.\",\"sameAs\":[\"https:\/\/www.ciencuadras.com\/\",\"https:\/\/www.facebook.com\/ciencuadras\/\",\"https:\/\/www.instagram.com\/ciencuadras\/\",\"https:\/\/www.linkedin.com\/company\/ciencuadras\/\",\"https:\/\/twitter.com\/ciencuadras\",\"https:\/\/www.youtube.com\/channel\/UC_f830HP5dUy6OjBIbjtlAw\"]}]}<\/script>\n<!-- \/ Yoast SEO plugin. -->","_links":{"self":[{"href":"https:\/\/www.ciencuadras.com\/blog\/wp-json\/wp\/v2\/posts\/77028"}],"collection":[{"href":"https:\/\/www.ciencuadras.com\/blog\/wp-json\/wp\/v2\/posts"}],"about":[{"href":"https:\/\/www.ciencuadras.com\/blog\/wp-json\/wp\/v2\/types\/post"}],"author":[{"embeddable":true,"href":"https:\/\/www.ciencuadras.com\/blog\/wp-json\/wp\/v2\/users\/9"}],"replies":[{"embeddable":true,"href":"https:\/\/www.ciencuadras.com\/blog\/wp-json\/wp\/v2\/comments?post=77028"}],"version-history":[{"count":18,"href":"https:\/\/www.ciencuadras.com\/blog\/wp-json\/wp\/v2\/posts\/77028\/revisions"}],"predecessor-version":[{"id":124659,"href":"https:\/\/www.ciencuadras.com\/blog\/wp-json\/wp\/v2\/posts\/77028\/revisions\/124659"}],"wp:featuredmedia":[{"embeddable":true,"href":"https:\/\/www.ciencuadras.com\/blog\/wp-json\/wp\/v2\/media\/80805"}],"wp:attachment":[{"href":"https:\/\/www.ciencuadras.com\/blog\/wp-json\/wp\/v2\/media?parent=77028"}],"wp:term":[{"taxonomy":"category","embeddable":true,"href":"https:\/\/www.ciencuadras.com\/blog\/wp-json\/wp\/v2\/categories?post=77028"},{"taxonomy":"post_tag","embeddable":true,"href":"https:\/\/www.ciencuadras.com\/blog\/wp-json\/wp\/v2\/tags?post=77028"}],"curies":[{"name":"wp","href":"https:\/\/api.w.org\/{rel}","templated":true}]}}