{"id":77294,"date":"2020-02-19T13:51:29","date_gmt":"2020-02-19T18:51:29","guid":{"rendered":"https:\/\/www.ciencuadras.com\/blog\/?p=77294"},"modified":"2021-02-04T11:52:13","modified_gmt":"2021-02-04T16:52:13","slug":"conoce-el-interior-de-la-casa-de-kim-kardashian-y-kanye-st","status":"publish","type":"post","link":"https:\/\/www.ciencuadras.com\/blog\/decoracion-exteriores\/conoce-el-interior-de-la-casa-de-kim-kardashian-y-kanye-st","title":{"rendered":"Bienvenidos a la impresionante mansi\u00f3n de Kim Kardashian"},"content":{"rendered":"<p><span style=\"font-weight: 400;\">De Kim Kardashian y Kanye West ya sab\u00edamos mucho, pero a\u00fan nos faltaba conocer algo importante: su hogar ?. <strong>\u00bfSer\u00e1 que Kim es amante de las plantas ?y \u00e9l de las piezas de arte ??<\/strong> \u00bfSu estilo de decoraci\u00f3n es n\u00f3rdico, moderno o por el contrario, se inclinan m\u00e1s por el industrial? \u00bfC\u00f3mo estar\u00e1n decoradas las habitaciones de los peque\u00f1os Saint, Palm, North y Chicago? ????<\/span><\/p>\n<p><span style=\"font-weight: 400;\">Todo era un tab\u00fa, hasta que gracias a la revista <\/span><span style=\"font-weight: 400;\"><a href=\"https:\/\/www.instagram.com\/p\/B8Gw1QAHbvg\/\" target=\"_blank\" rel=\"noopener noreferrer\"><strong>Architectural Digest<\/strong><\/a>, que trae la casa del clan West Kardashian de portada, descubrimos detalles alucinantes de esta vivienda. <\/span><span style=\"font-weight: 400;\">\u00bfY qu\u00e9 podemos decir?<strong> \u00a1Nos queremos ir a vivir ya con ellos!<\/strong>&nbsp;?<\/span><\/p>\n<blockquote class=\"instagram-media\" style=\"background: #FFF; border: 0; border-radius: 3px; box-shadow: 0 0 1px 0 rgba(0,0,0,0.5),0 1px 10px 0 rgba(0,0,0,0.15); margin: 1px; max-width: 540px; min-width: 326px; padding: 0; width: calc(100% - 2px);\" data-instgrm-permalink=\"https:\/\/www.instagram.com\/p\/B8HZIvCA8zb\/?utm_source=ig_embed&amp;utm_campaign=loading\" data-instgrm-version=\"12\">\n<div style=\"padding: 16px;\">\n<div style=\"display: flex; flex-direction: row; align-items: center;\">\n<div style=\"background-color: #f4f4f4; border-radius: 50%; flex-grow: 0; height: 40px; margin-right: 14px; width: 40px;\">&nbsp;<\/div>\n<div style=\"display: flex; flex-direction: column; flex-grow: 1; justify-content: center;\">\n<div style=\"background-color: #f4f4f4; border-radius: 4px; flex-grow: 0; height: 14px; margin-bottom: 6px; width: 100px;\">&nbsp;<\/div>\n<div style=\"background-color: #f4f4f4; border-radius: 4px; flex-grow: 0; height: 14px; width: 60px;\">&nbsp;<\/div>\n<\/div>\n<\/div>\n<div style=\"padding: 19% 0;\">&nbsp;<\/div>\n<div style=\"display: block; height: 50px; margin: 0 auto 12px; width: 50px;\">&nbsp;<\/div>\n<div style=\"padding-top: 8px;\">\n<div style=\"color: #3897f0; font-family: Arial,sans-serif; font-size: 14px; font-style: normal; font-weight: 550; line-height: 18px;\">Ver esta publicaci\u00f3n en Instagram<\/div>\n<\/div>\n<div style=\"padding: 12.5% 0;\">&nbsp;<\/div>\n<div style=\"display: flex; flex-direction: row; margin-bottom: 14px; align-items: center;\">\n<div>\n<div style=\"background-color: #f4f4f4; border-radius: 50%; height: 12.5px; width: 12.5px; transform: translateX(0px) translateY(7px);\">&nbsp;<\/div>\n<div style=\"background-color: #f4f4f4; height: 12.5px; transform: rotate(-45deg) translateX(3px) translateY(1px); width: 12.5px; flex-grow: 0; margin-right: 14px; margin-left: 2px;\">&nbsp;<\/div>\n<div style=\"background-color: #f4f4f4; border-radius: 50%; height: 12.5px; width: 12.5px; transform: translateX(9px) translateY(-18px);\">&nbsp;<\/div>\n<\/div>\n<div style=\"margin-left: 8px;\">\n<div style=\"background-color: #f4f4f4; border-radius: 50%; flex-grow: 0; height: 20px; width: 20px;\">&nbsp;<\/div>\n<div style=\"width: 0; height: 0; border-top: 2px solid transparent; border-left: 6px solid #f4f4f4; border-bottom: 2px solid transparent; transform: translateX(16px) translateY(-4px) rotate(30deg);\">&nbsp;<\/div>\n<\/div>\n<div style=\"margin-left: auto;\">\n<div style=\"width: 0px; border-top: 8px solid #F4F4F4; border-right: 8px solid transparent; transform: translateY(16px);\">&nbsp;<\/div>\n<div style=\"background-color: #f4f4f4; flex-grow: 0; height: 12px; width: 16px; transform: translateY(-4px);\">&nbsp;<\/div>\n<div style=\"width: 0; height: 0; border-top: 8px solid #F4F4F4; border-left: 8px solid transparent; transform: translateY(-4px) translateX(8px);\">&nbsp;<\/div>\n<\/div>\n<\/div>\n<div style=\"display: flex; flex-direction: column; flex-grow: 1; justify-content: center; margin-bottom: 24px;\">\n<div style=\"background-color: #f4f4f4; border-radius: 4px; flex-grow: 0; height: 14px; margin-bottom: 6px; width: 224px;\">&nbsp;<\/div>\n<div style=\"background-color: #f4f4f4; border-radius: 4px; flex-grow: 0; height: 14px; width: 144px; text-align: center;\">&nbsp;<\/div>\n<\/div>\n<p style=\"color: #c9c8cd; font-family: Arial,sans-serif; font-size: 14px; line-height: 17px; margin-bottom: 0; margin-top: 8px; overflow: hidden; padding: 8px 0 7px; text-align: center; text-overflow: ellipsis; white-space: nowrap;\"><a style=\"color: #c9c8cd; font-family: Arial,sans-serif; font-size: 14px; font-style: normal; font-weight: normal; line-height: 17px; text-decoration: none;\" href=\"https:\/\/www.instagram.com\/p\/B8HZIvCA8zb\/?utm_source=ig_embed&amp;utm_campaign=loading\" target=\"_blank\" rel=\"noopener noreferrer\">Una publicaci\u00f3n compartida por Kim Kardashian West (@kimkardashian)<\/a> el <time style=\"font-family: Arial,sans-serif; font-size: 14px; line-height: 17px;\" datetime=\"2020-02-03T18:54:13+00:00\">3 de Feb de 2020 a las 10:54 PST<\/time><\/p>\n<\/div>\n<\/blockquote>\n<p><script async=\"\" src=\"\/\/www.instagram.com\/embed.js\"><\/script><\/p>\n<ul>\n<li><strong><a href=\"https:\/\/www.ciencuadras.com\/blog\/tendencias\/la-lujosa-casa-en-donde-vivirian-meghan-markle-y-harry-en-canada\" target=\"_blank\" rel=\"noopener noreferrer\">Esta es la casa en la que vivir\u00edan los Duques de Sussex en Canad\u00e1<\/a><\/strong><\/li>\n<\/ul>\n<h2><b>En un lugar privilegiado ?<\/b><\/h2>\n<p><span style=\"font-weight: 400;\">La impresionante mansi\u00f3n, que la pareja comparte desde hace 7 a\u00f1os, est\u00e1 ubicada en Hidden Hills, <strong>una comunidad privada y de dif\u00edcil acceso en Calabasas, California<\/strong> ?.&nbsp; La socialit\u00e9 confes\u00f3 que la descubrieron <\/span><span style=\"font-weight: 400;\">en una de sus caminatas matutinas meses despu\u00e9s de dar a luz a North, su primera hija.&nbsp;<\/span><\/p>\n<p><\/p>\n<blockquote class=\"instagram-media\" style=\"background: #FFF; border: 0; border-radius: 3px; box-shadow: 0 0 1px 0 rgba(0,0,0,0.5),0 1px 10px 0 rgba(0,0,0,0.15); margin: 1px; max-width: 540px; min-width: 326px; padding: 0; width: calc(100% - 2px);\" data-instgrm-permalink=\"https:\/\/www.instagram.com\/p\/B8Hv4conTk6\/?utm_source=ig_embed&amp;utm_campaign=loading\" data-instgrm-version=\"12\">\n<div style=\"padding: 16px;\">\n<div style=\"display: flex; flex-direction: row; align-items: center;\">\n<div style=\"background-color: #f4f4f4; border-radius: 50%; flex-grow: 0; height: 40px; margin-right: 14px; width: 40px;\">&nbsp;<\/div>\n<div style=\"display: flex; flex-direction: column; flex-grow: 1; justify-content: center;\">\n<div style=\"background-color: #f4f4f4; border-radius: 4px; flex-grow: 0; height: 14px; margin-bottom: 6px; width: 100px;\">&nbsp;<\/div>\n<div style=\"background-color: #f4f4f4; border-radius: 4px; flex-grow: 0; height: 14px; width: 60px;\">&nbsp;<\/div>\n<\/div>\n<\/div>\n<div style=\"padding: 19% 0;\">&nbsp;<\/div>\n<div style=\"display: block; height: 50px; margin: 0 auto 12px; width: 50px;\">&nbsp;<\/div>\n<div style=\"padding-top: 8px;\">\n<div style=\"color: #3897f0; font-family: Arial,sans-serif; font-size: 14px; font-style: normal; font-weight: 550; line-height: 18px;\">Ver esta publicaci\u00f3n en Instagram<\/div>\n<\/div>\n<div style=\"padding: 12.5% 0px; text-align: center;\">&nbsp;<\/div>\n<div style=\"display: flex; flex-direction: row; margin-bottom: 14px; align-items: center;\">\n<div>\n<div style=\"background-color: #f4f4f4; border-radius: 50%; height: 12.5px; width: 12.5px; transform: translateX(0px) translateY(7px);\">&nbsp;<\/div>\n<div style=\"background-color: #f4f4f4; height: 12.5px; transform: rotate(-45deg) translateX(3px) translateY(1px); width: 12.5px; flex-grow: 0; margin-right: 14px; margin-left: 2px;\">&nbsp;<\/div>\n<div style=\"background-color: #f4f4f4; border-radius: 50%; height: 12.5px; width: 12.5px; transform: translateX(9px) translateY(-18px);\">&nbsp;<\/div>\n<\/div>\n<div style=\"margin-left: 8px;\">\n<div style=\"background-color: #f4f4f4; border-radius: 50%; flex-grow: 0; height: 20px; width: 20px;\">&nbsp;<\/div>\n<div style=\"width: 0; height: 0; border-top: 2px solid transparent; border-left: 6px solid #f4f4f4; border-bottom: 2px solid transparent; transform: translateX(16px) translateY(-4px) rotate(30deg);\">&nbsp;<\/div>\n<\/div>\n<div style=\"margin-left: auto;\">\n<div style=\"width: 0px; border-top: 8px solid #F4F4F4; border-right: 8px solid transparent; transform: translateY(16px);\">&nbsp;<\/div>\n<div style=\"background-color: #f4f4f4; flex-grow: 0; height: 12px; width: 16px; transform: translateY(-4px);\">&nbsp;<\/div>\n<div style=\"width: 0; height: 0; border-top: 8px solid #F4F4F4; border-left: 8px solid transparent; transform: translateY(-4px) translateX(8px);\">&nbsp;<\/div>\n<\/div>\n<\/div>\n<div style=\"display: flex; flex-direction: column; flex-grow: 1; justify-content: center; margin-bottom: 24px;\">\n<div style=\"background-color: #f4f4f4; border-radius: 4px; flex-grow: 0; height: 14px; margin-bottom: 6px; width: 224px;\">&nbsp;<\/div>\n<div style=\"background-color: #f4f4f4; border-radius: 4px; flex-grow: 0; height: 14px; width: 144px;\">&nbsp;<\/div>\n<\/div>\n<p style=\"color: #c9c8cd; font-family: Arial,sans-serif; font-size: 14px; line-height: 17px; margin-bottom: 0; margin-top: 8px; overflow: hidden; padding: 8px 0 7px; text-align: center; text-overflow: ellipsis; white-space: nowrap;\"><a style=\"color: #c9c8cd; font-family: Arial,sans-serif; font-size: 14px; font-style: normal; font-weight: normal; line-height: 17px; text-decoration: none;\" href=\"https:\/\/www.instagram.com\/p\/B8Hv4conTk6\/?utm_source=ig_embed&amp;utm_campaign=loading\" target=\"_blank\" rel=\"noopener noreferrer\">Una publicaci\u00f3n compartida por Architectural Digest (@archdigest)<\/a> el <time style=\"font-family: Arial,sans-serif; font-size: 14px; line-height: 17px;\" datetime=\"2020-02-03T22:12:59+00:00\">3 de Feb de 2020 a las 2:12 PST<\/time><\/p>\n<\/div>\n<\/blockquote>\n<p><script async=\"\" src=\"\/\/www.instagram.com\/embed.js\"><\/script><\/p>\n<ul>\n<li><a href=\"https:\/\/www.ciencuadras.com\/blog\/decoracion\/cristiano-ronaldo-compra-costosa-casa-en-portugal\" target=\"_blank\" rel=\"noopener noreferrer\"><strong>\u00a1Uy tutuy! Cristiano Ronaldo compr\u00f3 la casa m\u00e1s costosa de Portugal<\/strong><\/a><\/li>\n<\/ul>\n<p><span style=\"font-weight: 400;\">El encargado de la decoraci\u00f3n y el dise\u00f1o fue <a href=\"https:\/\/www.axel-vervoordt.com\/\" target=\"_blank\" rel=\"noopener noreferrer\"><strong>Axel Vervoordt<\/strong><\/a> ??\u200d?, uno de los dise\u00f1adores de interiores m\u00e1s famosos del mundo y a quien Kanye conoci\u00f3 en una feria de arte y antig\u00fcedades. La est\u00e9tica wabi-sabi del belga llam\u00f3 la atenci\u00f3n del cantante, por esto es que no dudo en contactarlo para crear su hogar. ?<\/span><\/p>\n<h2><b>Kim en modo \u2018white\u2019 \u26aa<\/b><\/h2>\n<p><span style=\"font-weight: 400;\">Para decorar y ambientar el inmueble, <a href=\"https:\/\/www.instagram.com\/kimkardashian\/\" target=\"_blank\" rel=\"noopener noreferrer\"><strong>Kim Kardashian<\/strong><\/a> y <a href=\"https:\/\/twitter.com\/kanyewest\" target=\"_blank\" rel=\"noopener noreferrer\"><strong>Kanye West<\/strong> <\/a>eligieron al blanco como protagonista. Esta tonalidad, que simboliza paz ? y pureza, ti\u00f1e la mayor\u00eda de los espacios del hogar.<strong> \u201cKanye y Kim quer\u00edan algo totalmente nuevo.<\/strong> No hablamos de decoraci\u00f3n, sino de un tipo de filosof\u00eda sobre c\u00f3mo vivimos ahora y c\u00f3mo viviremos en el futuro.<strong> Cambiamos la casa purific\u00e1ndola, y seguimos presionando para hacerla cada vez m\u00e1s pura\u201d<\/strong>, explic\u00f3 el dise\u00f1ador belga al medio de comunicaci\u00f3n.&nbsp;<\/span><\/p>\n<blockquote class=\"instagram-media\" style=\"background: #FFF; border: 0; border-radius: 3px; box-shadow: 0 0 1px 0 rgba(0,0,0,0.5),0 1px 10px 0 rgba(0,0,0,0.15); margin: 1px; max-width: 540px; min-width: 326px; padding: 0; width: calc(100% - 2px);\" data-instgrm-permalink=\"https:\/\/www.instagram.com\/p\/B8IyBHggBL-\/?utm_source=ig_embed&amp;utm_campaign=loading\" data-instgrm-version=\"12\">\n<div style=\"padding: 16px;\">\n<div style=\"display: flex; flex-direction: row; align-items: center;\">\n<div style=\"background-color: #f4f4f4; border-radius: 50%; flex-grow: 0; height: 40px; margin-right: 14px; width: 40px;\">&nbsp;<\/div>\n<div style=\"display: flex; flex-direction: column; flex-grow: 1; justify-content: center;\">\n<div style=\"background-color: #f4f4f4; border-radius: 4px; flex-grow: 0; height: 14px; margin-bottom: 6px; width: 100px;\">&nbsp;<\/div>\n<div style=\"background-color: #f4f4f4; border-radius: 4px; flex-grow: 0; height: 14px; width: 60px;\">&nbsp;<\/div>\n<\/div>\n<\/div>\n<div style=\"padding: 19% 0;\">&nbsp;<\/div>\n<div style=\"display: block; height: 50px; margin: 0 auto 12px; width: 50px;\">&nbsp;<\/div>\n<div style=\"padding-top: 8px;\">\n<div style=\"color: #3897f0; font-family: Arial,sans-serif; font-size: 14px; font-style: normal; font-weight: 550; line-height: 18px;\">Ver esta publicaci\u00f3n en Instagram<\/div>\n<\/div>\n<div style=\"padding: 12.5% 0;\">&nbsp;<\/div>\n<div style=\"display: flex; flex-direction: row; margin-bottom: 14px; align-items: center;\">\n<div>\n<div style=\"background-color: #f4f4f4; border-radius: 50%; height: 12.5px; width: 12.5px; transform: translateX(0px) translateY(7px);\">&nbsp;<\/div>\n<div style=\"background-color: #f4f4f4; height: 12.5px; transform: rotate(-45deg) translateX(3px) translateY(1px); width: 12.5px; flex-grow: 0; margin-right: 14px; margin-left: 2px;\">&nbsp;<\/div>\n<div style=\"background-color: #f4f4f4; border-radius: 50%; height: 12.5px; width: 12.5px; transform: translateX(9px) translateY(-18px);\">&nbsp;<\/div>\n<\/div>\n<div style=\"margin-left: 8px;\">\n<div style=\"background-color: #f4f4f4; border-radius: 50%; flex-grow: 0; height: 20px; width: 20px;\">&nbsp;<\/div>\n<div style=\"width: 0; height: 0; border-top: 2px solid transparent; border-left: 6px solid #f4f4f4; border-bottom: 2px solid transparent; transform: translateX(16px) translateY(-4px) rotate(30deg);\">&nbsp;<\/div>\n<\/div>\n<div style=\"margin-left: auto;\">\n<div style=\"width: 0px; border-top: 8px solid #F4F4F4; border-right: 8px solid transparent; transform: translateY(16px);\">&nbsp;<\/div>\n<div style=\"background-color: #f4f4f4; flex-grow: 0; height: 12px; width: 16px; transform: translateY(-4px);\">&nbsp;<\/div>\n<div style=\"width: 0px; height: 0px; border-top: 8px solid #f4f4f4; border-left: 8px solid transparent; transform: translateY(-4px) translateX(8px); text-align: center;\">&nbsp;<\/div>\n<\/div>\n<\/div>\n<div style=\"display: flex; flex-direction: column; flex-grow: 1; justify-content: center; margin-bottom: 24px;\">\n<div style=\"background-color: #f4f4f4; border-radius: 4px; flex-grow: 0; height: 14px; margin-bottom: 6px; width: 224px;\">&nbsp;<\/div>\n<div style=\"background-color: #f4f4f4; border-radius: 4px; flex-grow: 0; height: 14px; width: 144px;\">&nbsp;<\/div>\n<\/div>\n<p style=\"color: #c9c8cd; font-family: Arial,sans-serif; font-size: 14px; line-height: 17px; margin-bottom: 0; margin-top: 8px; overflow: hidden; padding: 8px 0 7px; text-align: center; text-overflow: ellipsis; white-space: nowrap;\"><a style=\"color: #c9c8cd; font-family: Arial,sans-serif; font-size: 14px; font-style: normal; font-weight: normal; line-height: 17px; text-decoration: none;\" href=\"https:\/\/www.instagram.com\/p\/B8IyBHggBL-\/?utm_source=ig_embed&amp;utm_campaign=loading\" target=\"_blank\" rel=\"noopener noreferrer\">Una publicaci\u00f3n compartida por Vincent Van Duysen (@vincentvanduysen)<\/a> el <time style=\"font-family: Arial,sans-serif; font-size: 14px; line-height: 17px;\" datetime=\"2020-02-04T07:50:53+00:00\">3 de Feb de 2020 a las 11:50 PST<\/time><\/p>\n<\/div>\n<\/blockquote>\n<p><script async=\"\" src=\"\/\/www.instagram.com\/embed.js\"><\/script><\/p>\n<ul>\n<li><a href=\"https:\/\/www.ciencuadras.com\/blog\/tendencias\/inmuebles-de-telenovelas-famosas-de-colombia\" target=\"_blank\" rel=\"noopener noreferrer\"><strong>Casas, mansiones y haciendas de TV que siempre recordaremos<\/strong><\/a><\/li>\n<\/ul>\n<h2><b>Un toque de arte ?<\/b><\/h2>\n<p><span style=\"font-weight: 400;\">Al dise\u00f1o minimalista de toda, o casi toda, la casa se suman varias piezas de arte distribuidas en el inmueble ?. Por ejemplo, <strong>una escultura gigante de la artista Isabel Rower decora la sala de juegos de la familia<\/strong>. En cuanto a los muebles, muchos son creaciones de artistas como Roy\u00e8re y Pierre Jeanneret.<\/span><\/p>\n<blockquote class=\"instagram-media\" style=\"background: #FFF; border: 0; border-radius: 3px; box-shadow: 0 0 1px 0 rgba(0,0,0,0.5),0 1px 10px 0 rgba(0,0,0,0.15); margin: 1px; max-width: 540px; min-width: 326px; padding: 0; width: calc(100% - 2px);\" data-instgrm-permalink=\"https:\/\/www.instagram.com\/p\/B8bAZ-mguzc\/?utm_source=ig_embed&amp;utm_campaign=loading\" data-instgrm-version=\"12\">\n<div style=\"padding: 16px;\">\n<div style=\"display: flex; flex-direction: row; align-items: center;\">\n<div style=\"background-color: #f4f4f4; border-radius: 50%; flex-grow: 0; height: 40px; margin-right: 14px; width: 40px;\">&nbsp;<\/div>\n<div style=\"display: flex; flex-direction: column; flex-grow: 1; justify-content: center;\">\n<div style=\"background-color: #f4f4f4; border-radius: 4px; flex-grow: 0; height: 14px; margin-bottom: 6px; width: 100px;\">&nbsp;<\/div>\n<div style=\"background-color: #f4f4f4; border-radius: 4px; flex-grow: 0; height: 14px; width: 60px;\">&nbsp;<\/div>\n<\/div>\n<\/div>\n<div style=\"padding: 19% 0;\">&nbsp;<\/div>\n<div style=\"display: block; height: 50px; margin: 0 auto 12px; width: 50px;\">&nbsp;<\/div>\n<div style=\"padding-top: 8px;\">\n<div style=\"color: #3897f0; font-family: Arial,sans-serif; font-size: 14px; font-style: normal; font-weight: 550; line-height: 18px;\">Ver esta publicaci\u00f3n en Instagram<\/div>\n<\/div>\n<div style=\"padding: 12.5% 0;\">&nbsp;<\/div>\n<div style=\"display: flex; flex-direction: row; margin-bottom: 14px; align-items: center;\">\n<div>\n<div style=\"background-color: #f4f4f4; border-radius: 50%; height: 12.5px; width: 12.5px; transform: translateX(0px) translateY(7px);\">&nbsp;<\/div>\n<div style=\"background-color: #f4f4f4; height: 12.5px; transform: rotate(-45deg) translateX(3px) translateY(1px); width: 12.5px; flex-grow: 0; margin-right: 14px; margin-left: 2px;\">&nbsp;<\/div>\n<div style=\"background-color: #f4f4f4; border-radius: 50%; height: 12.5px; width: 12.5px; transform: translateX(9px) translateY(-18px);\">&nbsp;<\/div>\n<\/div>\n<div style=\"margin-left: 8px;\">\n<div style=\"background-color: #f4f4f4; border-radius: 50%; flex-grow: 0; height: 20px; width: 20px;\">&nbsp;<\/div>\n<div style=\"width: 0; height: 0; border-top: 2px solid transparent; border-left: 6px solid #f4f4f4; border-bottom: 2px solid transparent; transform: translateX(16px) translateY(-4px) rotate(30deg);\">&nbsp;<\/div>\n<\/div>\n<div style=\"margin-left: auto;\">\n<div style=\"width: 0px; border-top: 8px solid #F4F4F4; border-right: 8px solid transparent; transform: translateY(16px);\">&nbsp;<\/div>\n<div style=\"background-color: #f4f4f4; flex-grow: 0; height: 12px; width: 16px; transform: translateY(-4px);\">&nbsp;<\/div>\n<div style=\"width: 0; height: 0; border-top: 8px solid #F4F4F4; border-left: 8px solid transparent; transform: translateY(-4px) translateX(8px);\">&nbsp;<\/div>\n<\/div>\n<\/div>\n<div style=\"display: flex; flex-direction: column; flex-grow: 1; justify-content: center; margin-bottom: 24px;\">\n<div style=\"background-color: #f4f4f4; border-radius: 4px; flex-grow: 0; height: 14px; margin-bottom: 6px; width: 224px;\">&nbsp;<\/div>\n<div style=\"background-color: #f4f4f4; border-radius: 4px; flex-grow: 0; height: 14px; width: 144px;\">&nbsp;<\/div>\n<\/div>\n<p style=\"color: #c9c8cd; font-family: Arial,sans-serif; font-size: 14px; line-height: 17px; margin-bottom: 0; margin-top: 8px; overflow: hidden; padding: 8px 0 7px; text-align: center; text-overflow: ellipsis; white-space: nowrap;\"><a style=\"color: #c9c8cd; font-family: Arial,sans-serif; font-size: 14px; font-style: normal; font-weight: normal; line-height: 17px; text-decoration: none;\" href=\"https:\/\/www.instagram.com\/p\/B8bAZ-mguzc\/?utm_source=ig_embed&amp;utm_campaign=loading\" target=\"_blank\" rel=\"noopener noreferrer\">Una publicaci\u00f3n compartida por Stanislas de Poucques (@timeless.interior.design)<\/a> el <time style=\"font-family: Arial,sans-serif; font-size: 14px; line-height: 17px;\" datetime=\"2020-02-11T09:42:56+00:00\">11 de Feb de 2020 a las 1:42 PST<\/time><\/p>\n<\/div>\n<\/blockquote>\n<p><script async=\"\" src=\"\/\/www.instagram.com\/embed.js\"><\/script><\/p>\n<h2><b>Digna de una diva \u2b50<\/b><\/h2>\n<p><span style=\"font-weight: 400;\">Seguramente en alg\u00fan momento te has preguntado: \u00bfc\u00f3mo ser\u00e1n&nbsp; las habitaciones de las <em>celebrities<\/em> y de sus hijos? Pues bien. Al contrario de otras \u00e1reas de la mansi\u00f3n West Kardashian;&nbsp; m\u00e1s limpias y sencillas, la de la peque\u00f1a North (7) es muy diferente. ?Este espacio, creado e<\/span><span style=\"font-weight: 400;\">specialmente para ella,<strong> refleja un concepto mucho m\u00e1s divertido<\/strong> y sus paredes y muebles est\u00e1n <a href=\"https:\/\/www.ciencuadras.com\/blog\/decoracion\/eres-del-team-rosa-te-contamos-mas-sobre-sus-tonalidades\" target=\"_blank\" rel=\"noopener noreferrer\"><strong>te\u00f1idos de rosa<\/strong><\/a>. ? \u00a1Una oda al mundo de la Barbie!&nbsp;<\/span><\/p>\n<blockquote class=\"twitter-tweet\">\n<p dir=\"ltr\" lang=\"nl\">North\u2019s room &#8211; Vincent VanDuysen <a href=\"https:\/\/t.co\/cVPSzJZzxD\">pic.twitter.com\/cVPSzJZzxD<\/a><\/p>\n<p>\u2014 Kim Kardashian West (@KimKardashian) <a href=\"https:\/\/twitter.com\/KimKardashian\/status\/1224414404088741888?ref_src=twsrc%5Etfw\">February 3, 2020<\/a><\/p>\n<\/blockquote>\n<p><script async=\"\" src=\"https:\/\/platform.twitter.com\/widgets.js\" charset=\"utf-8\"><\/script><\/p>\n<blockquote>\n<p><b>\u00a1Qu\u00e9 hit! La cabecera de la cama de la peque\u00f1a North tiene forma de mariposa.&nbsp;<\/b><\/p>\n<\/blockquote>\n<p><b>\u00bfY cu\u00e1nto cuesta? <\/b>En el 2014 l<span style=\"font-weight: 400;\">os West compraron la casa por 20 millones de d\u00f3lares, pero Kris Jenner afirm\u00f3 que actualmente vale 60. ?<\/span><\/p>\n<p>\u00bfEspectacular, verdad? Estamos seguros de que viendo estas fotos&nbsp;<strong>te antojaste de comprar vivienda o remodelar tu hogar.<\/strong>&nbsp;\u00a1Nosotros te ayudamos! Recuerda que en<strong>&nbsp;<a href=\"https:\/\/www.ciencuadras.com\/\" target=\"_blank\" rel=\"noopener noreferrer\">Ciencuadras<\/a>&nbsp;<\/strong>tenemos espacios para suspirar y decir: \u201cEs #PerfectoParaM\u00ed\u201d.&nbsp;<img decoding=\"async\" class=\"emoji\" role=\"img\" draggable=\"false\" src=\"https:\/\/s.w.org\/images\/core\/emoji\/12.0.0-1\/svg\/1f499.svg\" alt=\"?\"><\/p>\n<p><blockquote class=\"wp-embedded-content\" data-secret=\"pDhRokoTVd\"><a href=\"https:\/\/www.ciencuadras.com\/blog\/decoracion\/sara-corrales-conoce-su-lujosa-casa-en-mexico\">\u00a1Insp\u00edrate! As\u00ed es la espectacular casa de Sara Corrales en M\u00e9xico<\/a><\/blockquote><iframe title=\"&#8220;\u00a1Insp\u00edrate! As\u00ed es la espectacular casa de Sara Corrales en M\u00e9xico&#8221; &#8212; Contenidos sobre el sector inmobiliario en Colombia | Ciencuadras\" class=\"wp-embedded-content\" sandbox=\"allow-scripts\" security=\"restricted\" style=\"position: absolute; clip: rect(1px, 1px, 1px, 1px);\" src=\"https:\/\/www.ciencuadras.com\/blog\/decoracion\/sara-corrales-conoce-su-lujosa-casa-en-mexico\/embed#?secret=pDhRokoTVd\" data-secret=\"pDhRokoTVd\" width=\"600\" height=\"338\" frameborder=\"0\" marginwidth=\"0\" marginheight=\"0\" scrolling=\"no\"><\/iframe><\/p>\n\n\n<p><\/p>\n\n","protected":false},"excerpt":{"rendered":"<p>La lujosa casa de Kim Kardashian y Kanye West est\u00e1 avaluada 60 millones de d\u00f3lares. \u00a1Un oasis de pureza y luminosidad! ??<\/p>\n","protected":false},"author":9,"featured_media":77365,"comment_status":"open","ping_status":"closed","sticky":false,"template":"","format":"standard","meta":{"footnotes":""},"categories":[6051,1448,1449],"tags":[31,2675,11,15],"acf":[],"yoast_head":"<!-- This site is optimized with the Yoast SEO plugin v15.9 - https:\/\/yoast.com\/wordpress\/plugins\/seo\/ -->\n<title>Conoce el interior de la casa de Kim Kardashian y Kanye West | Ciencuadras<\/title>\n<meta name=\"description\" content=\"Por fin conocemos la lujosa casa de Kim Kardashian y Kanye West, que est\u00e1 avaluada 60 millones de d\u00f3lares. \u00a1Un oasis de pureza y luminosidad\" \/>\n<meta name=\"robots\" content=\"index, follow, max-snippet:-1, max-image-preview:large, max-video-preview:-1\" \/>\n<link rel=\"canonical\" href=\"https:\/\/www.ciencuadras.com\/blog\/decoracion-exteriores\/conoce-el-interior-de-la-casa-de-kim-kardashian-y-kanye-st\" \/>\n<meta property=\"og:locale\" content=\"es_ES\" \/>\n<meta property=\"og:type\" content=\"article\" \/>\n<meta property=\"og:title\" content=\"Conoce el interior de la casa de Kim Kardashian y Kanye West | Ciencuadras\" \/>\n<meta property=\"og:description\" content=\"Por fin conocemos la lujosa casa de Kim Kardashian y Kanye West, que est\u00e1 avaluada 60 millones de d\u00f3lares. \u00a1Un oasis de pureza y luminosidad\" \/>\n<meta property=\"og:url\" content=\"https:\/\/www.ciencuadras.com\/blog\/decoracion-exteriores\/conoce-el-interior-de-la-casa-de-kim-kardashian-y-kanye-st\" \/>\n<meta property=\"article:publisher\" content=\"https:\/\/www.facebook.com\/ciencuadras\/\" \/>\n<meta property=\"article:author\" content=\"https:\/\/www.facebook.com\/ciencuadras\/\" \/>\n<meta property=\"article:published_time\" content=\"2020-02-19T18:51:29+00:00\" \/>\n<meta property=\"article:modified_time\" content=\"2021-02-04T16:52:13+00:00\" \/>\n<meta property=\"og:image\" content=\"https:\/\/www.ciencuadras.com\/blog\/wp-content\/uploads\/2020\/02\/Casa-de-Kim-Kardashian-y-Kanye-West.jpg\" \/>\n\t<meta property=\"og:image:width\" content=\"1366\" \/>\n\t<meta property=\"og:image:height\" content=\"900\" \/>\n<meta name=\"twitter:card\" content=\"summary_large_image\" \/>\n<meta name=\"twitter:creator\" content=\"@ciencuadras\" \/>\n<meta name=\"twitter:site\" content=\"@ciencuadras\" \/>\n<meta name=\"twitter:label1\" content=\"Est. reading time\">\n\t<meta name=\"twitter:data1\" content=\"4 minutos\">\n<script type=\"application\/ld+json\" class=\"yoast-schema-graph\">{\"@context\":\"https:\/\/schema.org\",\"@graph\":[{\"@type\":\"Organization\",\"@id\":\"https:\/\/www.ciencuadras.com\/blog\/#organization\",\"name\":\"Ciencuadras.com\",\"url\":\"https:\/\/www.ciencuadras.com\/blog\/\",\"sameAs\":[\"https:\/\/www.facebook.com\/ciencuadras\/\",\"https:\/\/www.instagram.com\/ciencuadras\/\",\"https:\/\/co.linkedin.com\/company\/ciencuadras\",\"https:\/\/www.youtube.com\/channel\/UC_f830HP5dUy6OjBIbjtlAw\",\"https:\/\/twitter.com\/ciencuadras\"],\"logo\":{\"@type\":\"ImageObject\",\"@id\":\"https:\/\/www.ciencuadras.com\/blog\/#logo\",\"inLanguage\":\"es-CO\",\"url\":\"\",\"caption\":\"Ciencuadras.com\"},\"image\":{\"@id\":\"https:\/\/www.ciencuadras.com\/blog\/#logo\"}},{\"@type\":\"WebSite\",\"@id\":\"https:\/\/www.ciencuadras.com\/blog\/#website\",\"url\":\"https:\/\/www.ciencuadras.com\/blog\/\",\"name\":\"\",\"description\":\"\",\"publisher\":{\"@id\":\"https:\/\/www.ciencuadras.com\/blog\/#organization\"},\"potentialAction\":[{\"@type\":\"SearchAction\",\"target\":\"https:\/\/www.ciencuadras.com\/blog\/?s={search_term_string}\",\"query-input\":\"required name=search_term_string\"}],\"inLanguage\":\"es-CO\"},{\"@type\":\"ImageObject\",\"@id\":\"https:\/\/www.ciencuadras.com\/blog\/decoracion-exteriores\/conoce-el-interior-de-la-casa-de-kim-kardashian-y-kanye-st#primaryimage\",\"inLanguage\":\"es-CO\",\"url\":\"https:\/\/www.ciencuadras.com\/blog\/wp-content\/uploads\/2020\/02\/Casa-de-Kim-Kardashian-y-Kanye-West.jpg\",\"width\":1366,\"height\":900,\"caption\":\"Kim Kardashian y Kanye West\"},{\"@type\":\"WebPage\",\"@id\":\"https:\/\/www.ciencuadras.com\/blog\/decoracion-exteriores\/conoce-el-interior-de-la-casa-de-kim-kardashian-y-kanye-st#webpage\",\"url\":\"https:\/\/www.ciencuadras.com\/blog\/decoracion-exteriores\/conoce-el-interior-de-la-casa-de-kim-kardashian-y-kanye-st\",\"name\":\"Conoce el interior de la casa de Kim Kardashian y Kanye West | Ciencuadras\",\"isPartOf\":{\"@id\":\"https:\/\/www.ciencuadras.com\/blog\/#website\"},\"primaryImageOfPage\":{\"@id\":\"https:\/\/www.ciencuadras.com\/blog\/decoracion-exteriores\/conoce-el-interior-de-la-casa-de-kim-kardashian-y-kanye-st#primaryimage\"},\"datePublished\":\"2020-02-19T18:51:29+00:00\",\"dateModified\":\"2021-02-04T16:52:13+00:00\",\"description\":\"Por fin conocemos la lujosa casa de Kim Kardashian y Kanye West, que est\\u00e1 avaluada 60 millones de d\\u00f3lares. \\u00a1Un oasis de pureza y luminosidad\",\"breadcrumb\":{\"@id\":\"https:\/\/www.ciencuadras.com\/blog\/decoracion-exteriores\/conoce-el-interior-de-la-casa-de-kim-kardashian-y-kanye-st#breadcrumb\"},\"inLanguage\":\"es-CO\",\"potentialAction\":[{\"@type\":\"ReadAction\",\"target\":[\"https:\/\/www.ciencuadras.com\/blog\/decoracion-exteriores\/conoce-el-interior-de-la-casa-de-kim-kardashian-y-kanye-st\"]}]},{\"@type\":\"BreadcrumbList\",\"@id\":\"https:\/\/www.ciencuadras.com\/blog\/decoracion-exteriores\/conoce-el-interior-de-la-casa-de-kim-kardashian-y-kanye-st#breadcrumb\",\"itemListElement\":[{\"@type\":\"ListItem\",\"position\":1,\"item\":{\"@type\":\"WebPage\",\"@id\":\"https:\/\/www.ciencuadras.com\/blog\",\"url\":\"https:\/\/www.ciencuadras.com\/blog\",\"name\":\"Blog\"}},{\"@type\":\"ListItem\",\"position\":2,\"item\":{\"@type\":\"WebPage\",\"@id\":\"https:\/\/www.ciencuadras.com\/blog\/decoracion-exteriores\/conoce-el-interior-de-la-casa-de-kim-kardashian-y-kanye-st\",\"url\":\"https:\/\/www.ciencuadras.com\/blog\/decoracion-exteriores\/conoce-el-interior-de-la-casa-de-kim-kardashian-y-kanye-st\",\"name\":\"Bienvenidos a la impresionante mansi\\u00f3n de Kim Kardashian\"}}]},{\"@type\":\"Article\",\"@id\":\"https:\/\/www.ciencuadras.com\/blog\/decoracion-exteriores\/conoce-el-interior-de-la-casa-de-kim-kardashian-y-kanye-st#article\",\"isPartOf\":{\"@id\":\"https:\/\/www.ciencuadras.com\/blog\/decoracion-exteriores\/conoce-el-interior-de-la-casa-de-kim-kardashian-y-kanye-st#webpage\"},\"author\":{\"@id\":\"https:\/\/www.ciencuadras.com\/blog\/#\/schema\/person\/cc0b32db93618f32995212860cf644f8\"},\"headline\":\"Bienvenidos a la impresionante mansi\\u00f3n de Kim Kardashian\",\"datePublished\":\"2020-02-19T18:51:29+00:00\",\"dateModified\":\"2021-02-04T16:52:13+00:00\",\"mainEntityOfPage\":{\"@id\":\"https:\/\/www.ciencuadras.com\/blog\/decoracion-exteriores\/conoce-el-interior-de-la-casa-de-kim-kardashian-y-kanye-st#webpage\"},\"commentCount\":0,\"publisher\":{\"@id\":\"https:\/\/www.ciencuadras.com\/blog\/#organization\"},\"image\":{\"@id\":\"https:\/\/www.ciencuadras.com\/blog\/decoracion-exteriores\/conoce-el-interior-de-la-casa-de-kim-kardashian-y-kanye-st#primaryimage\"},\"keywords\":\"Espacios \\u00fanicos,Inmuebles de famosos,Tendencias deco,Tendencias para el hogar\",\"articleSection\":\"Casas de famosos,Decoraci\\u00f3n de exteriores,Decoraci\\u00f3n de interiores\",\"inLanguage\":\"es-CO\",\"potentialAction\":[{\"@type\":\"CommentAction\",\"name\":\"Comment\",\"target\":[\"https:\/\/www.ciencuadras.com\/blog\/decoracion-exteriores\/conoce-el-interior-de-la-casa-de-kim-kardashian-y-kanye-st#respond\"]}]},{\"@type\":\"Person\",\"@id\":\"https:\/\/www.ciencuadras.com\/blog\/#\/schema\/person\/cc0b32db93618f32995212860cf644f8\",\"name\":\"Redacci\\u00f3n Ciencuadras\",\"description\":\"\\u00a1Hola! Soy el blog de ciencuadras.com, un portal inmobiliario del Grupo Bol\\u00edvar en el que encuentras casas, apartamentos, oficinas, fincas y m\\u00e1s inmuebles en arriendo y venta en toda Colombia. \\ud83d\\udc99Cuando me visitas, adem\\u00e1s de descubrir tu inmueble ideal, puedes estar al d\\u00eda con las noticias del sector inmobiliario y de la construcci\\u00f3n; aprender tips en decoraci\\u00f3n y organizaci\\u00f3n de espacios, y mucho m\\u00e1s.\",\"sameAs\":[\"https:\/\/www.ciencuadras.com\/\",\"https:\/\/www.facebook.com\/ciencuadras\/\",\"https:\/\/www.instagram.com\/ciencuadras\/\",\"https:\/\/www.linkedin.com\/company\/ciencuadras\/\",\"https:\/\/twitter.com\/ciencuadras\",\"https:\/\/www.youtube.com\/channel\/UC_f830HP5dUy6OjBIbjtlAw\"]}]}<\/script>\n<!-- \/ Yoast SEO plugin. -->","_links":{"self":[{"href":"https:\/\/www.ciencuadras.com\/blog\/wp-json\/wp\/v2\/posts\/77294"}],"collection":[{"href":"https:\/\/www.ciencuadras.com\/blog\/wp-json\/wp\/v2\/posts"}],"about":[{"href":"https:\/\/www.ciencuadras.com\/blog\/wp-json\/wp\/v2\/types\/post"}],"author":[{"embeddable":true,"href":"https:\/\/www.ciencuadras.com\/blog\/wp-json\/wp\/v2\/users\/9"}],"replies":[{"embeddable":true,"href":"https:\/\/www.ciencuadras.com\/blog\/wp-json\/wp\/v2\/comments?post=77294"}],"version-history":[{"count":31,"href":"https:\/\/www.ciencuadras.com\/blog\/wp-json\/wp\/v2\/posts\/77294\/revisions"}],"predecessor-version":[{"id":82229,"href":"https:\/\/www.ciencuadras.com\/blog\/wp-json\/wp\/v2\/posts\/77294\/revisions\/82229"}],"wp:featuredmedia":[{"embeddable":true,"href":"https:\/\/www.ciencuadras.com\/blog\/wp-json\/wp\/v2\/media\/77365"}],"wp:attachment":[{"href":"https:\/\/www.ciencuadras.com\/blog\/wp-json\/wp\/v2\/media?parent=77294"}],"wp:term":[{"taxonomy":"category","embeddable":true,"href":"https:\/\/www.ciencuadras.com\/blog\/wp-json\/wp\/v2\/categories?post=77294"},{"taxonomy":"post_tag","embeddable":true,"href":"https:\/\/www.ciencuadras.com\/blog\/wp-json\/wp\/v2\/tags?post=77294"}],"curies":[{"name":"wp","href":"https:\/\/api.w.org\/{rel}","templated":true}]}}