{"id":80426,"date":"2023-10-04T07:00:00","date_gmt":"2023-10-04T12:00:00","guid":{"rendered":"https:\/\/www.ciencuadras.com\/blog\/?p=80426"},"modified":"2026-02-17T14:36:30","modified_gmt":"2026-02-17T19:36:30","slug":"bendeficios-y-ventajas-de-vivir-en-medellin","status":"publish","type":"post","link":"https:\/\/www.ciencuadras.com\/blog\/por-que-vivir-en\/bendeficios-y-ventajas-de-vivir-en-medellin","title":{"rendered":"Medell\u00edn, una eterna primavera de vanguardia"},"content":{"rendered":"\n<p><span style=\"font-weight: 400;\">Sin duda, hoy <\/span><b><a href=\"https:\/\/www.ciencuadras.com\/blog\/guia-de-ciudades-medellin\" target=\"_blank\" rel=\"noreferrer noopener\">Medell\u00edn<\/a><\/b><span style=\"font-weight: 400;\"> es una de las mejores ciudades para vivir en Latinoam\u00e9rica. O, como dicen los paisas, una de las m\u00e1s \u201cama\u00f1adoras\u201d. <strong>Las razones obedecen a sus ventajas geogr\u00e1ficas, pero tambi\u00e9n a su positiva transformaci\u00f3n de los \u00faltimos a\u00f1os.<\/strong><\/span><strong> <\/strong><\/p>\n\n\n\n<p><span style=\"font-weight: 400;\">Su apelativo de \u201cciudad de la eterna primavera\u201d se lo tiene bien merecido: la temperatura fluct\u00faa entre los 16 \u00b0C y los 26 \u00b0C la mayor parte del a\u00f1o. <strong>As\u00ed, ni te congelas ni te sofocas entre las verdes monta\u00f1as que la rodean, mientras disfrutas de una ciudad acogedora.<\/strong><\/span> <\/p>\n\n\n\n<h2 class=\"wp-block-heading\">\u00bfPor qu\u00e9 es conocida la capital antioque\u00f1a?<\/h2>\n\n\n\n<p>Varios han sido los reconocimientos que ha recibido la Capital de la Monta\u00f1a; el m\u00e1s reciente, tiene que ver con un nombramiento por parte del medio internacional  The New York Times, quien resalt\u00f3 a Medell\u00edn como&nbsp;<strong><a href=\"https:\/\/noticias.caracoltv.com\/antioquia\/medellin-es-reconocido-como-ejemplo-de-renovacion-urbana-por-distinguido-medio-internacional-rg10\" target=\"_blank\" rel=\"noreferrer noopener nofollow\">un lugar renovado en infraestructura urbana y transporte<\/a><\/strong>. Esto el pasado mes de marzo de 2023. Destacando que la ciudad es un ejemplo para el mundo, pues pas\u00f3 de ser una de las ciudades m\u00e1s peligrosas del mundo a ser un ejemplo de renovaci\u00f3n urbana. <\/p>\n\n\n\n<p>En agosto de 2022, <strong><a href=\"https:\/\/www.medellin.gov.co\/es\/sala-de-prensa\/noticias\/medellin-es-reconocida-por-mintic-como-la-ciudad-mas-inteligente-del-pais\/#:~:text=El%20Ministerio%20TIC%20dio%20a,la%20m%C3%A1s%20inteligente%20del%20pa%C3%ADs.\" target=\"_blank\" rel=\"noreferrer noopener nofollow\">Medell\u00edn fue reconocida por MinTic como la Ciudad m\u00e1s Inteligente del Pa\u00eds<\/a><\/strong> y en <span style=\"font-weight: 400;\">2019, la <strong>revista Newsweek<\/strong> reconoci\u00f3 a<\/span><a href=\"https:\/\/newsweekespanol.com\/2019\/11\/milagro-medellin-ciudad-mas-inteligente-mundo\/\" target=\"_blank\" rel=\"noreferrer noopener nofollow\"><strong> Medell\u00edn<\/strong><span style=\"font-weight: 400;\"><strong> como la ciudad m\u00e1s inteligente del mundo<\/strong><\/span><\/a><span style=\"font-weight: 400;\">. Se listaron 25 ciudades, de las cuales solo Quito acompa\u00f1\u00f3 a la capital antioque\u00f1a como representantes latinoamericanas. <\/span><\/p>\n\n\n\n<p><strong><em>Tambi\u00e9n te puede interesar leer:<\/em><\/strong> <strong><a href=\"https:\/\/www.ciencuadras.com\/blog\/consejos-para-comprar\/estas-son-las-10-zonas-mas-buscadas-para-vivienda-por-los-paisas\" target=\"_blank\" rel=\"noreferrer noopener nofollow\"><a href=\"https:\/\/www.ciencuadras.com\/blog\/guia-de-ciudades-medellin\">Gu\u00eda de ciudades Medell\u00edn<\/a><\/a><\/strong><\/p>\n\n\n\n<p>No obstante, estos no han sido los \u00fanicos reconocimientos que ha recibido la ciudad paisa, tambi\u00e9n ha sido <strong><a href=\"https:\/\/telemedellin.tv\/medellin-un-referente-de-sostenibilidad-e-innovacion-a-nivel-internacional\/336442\/\" target=\"_blank\" rel=\"noreferrer noopener nofollow\">considerada como un referente por su modelo de sostenibilidad e integraci\u00f3n social a nivel mundial<\/a><\/strong><span style=\"font-weight: 400;\">.<\/span> <span style=\"font-weight: 400;\">Y es que, a pesar de las diferencias sociales, la ciudad ha logrado incluir a todos los ciudadanos en su transformaci\u00f3n. Uno de los aspectos clave en este prop\u00f3sito es el sistema de transporte.<\/span><\/p>\n\n\n\n<p>Pero, si todo lo anterior no ha sido suficiente, te invitamos a ver el siguiente video de <strong><a href=\"https:\/\/www.ciencuadras.com\/?utm_source=Autopauta&amp;utm_medium=Blog_enlace&amp;utm_campaign=BG_80426_por_que_vivir_en\" target=\"_blank\" rel=\"noreferrer noopener\">Ciencuadras.com<\/a> <\/strong>donde se expone lo mejor del empuje de los medellinenses y por qu\u00e9 se convierte en una maravillosa opci\u00f3n para vivir. <\/p>\n\n\n\n<figure class=\"wp-block-embed is-type-video is-provider-youtube wp-block-embed-youtube wp-embed-aspect-16-9 wp-has-aspect-ratio\"><div class=\"wp-block-embed__wrapper\">\n<iframe title=\"\u00bfPor qu\u00e9 vivir en Medell\u00edn? | Ciencuadras\" width=\"1170\" height=\"658\" src=\"https:\/\/www.youtube.com\/embed\/FGt1284dxu0?feature=oembed&#038;enablejsapi=1&#038;origin=https:\/\/www.ciencuadras.com\" frameborder=\"0\" allow=\"accelerometer; autoplay; clipboard-write; encrypted-media; gyroscope; picture-in-picture; web-share\" referrerpolicy=\"strict-origin-when-cross-origin\" allowfullscreen><\/iframe>\n<\/div><\/figure>\n\n\n\n<h2 class=\"wp-block-heading\"><b>Un sistema de transporte que mueve a todos los paisas&nbsp;<\/b><\/h2>\n\n\n\n<p><b>Medell\u00edn<\/b><span style=\"font-weight: 400;\"> es la \u00fanica ciudad colombiana que cuenta con <strong><a href=\"https:\/\/www.metrodemedellin.gov.co\/\" target=\"_blank\" rel=\"noreferrer noopener nofollow\">metro<\/a><\/strong>. <strong>Puesto en marcha en 1995, recorre la ciudad de sur a norte y de centro a occidente.<\/strong> Es el eje del llamado Sistema Integrado de Transporte que incluye otras soluciones de movilidad: buses articulados, alimentadores, metrocable (que llegan a los barrios altos), tranv\u00eda y bicicletas p\u00fablicas.&nbsp;<\/span><\/p>\n\n\n\n<p><span style=\"font-weight: 400;\">Todas estas soluciones, sumadas al buen estado de las v\u00edas, hacen que los recorridos en <\/span><b>Medell\u00edn <\/b><span style=\"font-weight: 400;\">sean relativamente cortos. En d\u00edas de poca congesti\u00f3n es posible cruzar la ciudad en 45 minutos. Desde el centro de la ciudad, ir a municipios cercanos del \u00e1rea metropolitana, como <strong><a href=\"https:\/\/www.ciencuadras.com\/blog\/por-que-vivir-en\/beneficios-y-ventajas-de-vivir-en-bello\" target=\"_blank\" rel=\"noreferrer noopener\">Bello<\/a><\/strong> o <strong><a href=\"https:\/\/www.ciencuadras.com\/blog\/por-que-vivir-en\/beneficios-y-ventajas-de-vivir-en-itagui\" target=\"_blank\" rel=\"noreferrer noopener\">Itag\u00fc\u00ed<\/a><\/strong>, toma 30 minutos.<\/span> <\/p>\n\n\n\n<p><span style=\"font-weight: 400;\">En medio de este panorama, <strong>la inclusi\u00f3n ha sido un tema prioritario, por eso surgieron posibilidades como las de la<\/strong> <\/span><strong><a href=\"https:\/\/medellin.travel\/todo-lo-que-necesitas-saber-sobre-el-recorrido-a-pie-de-la-comuna-13\/\" target=\"_blank\" rel=\"noreferrer noopener nofollow\">comuna 13<\/a><\/strong><span style=\"font-weight: 400;\"><strong>.<\/strong> Acosada en otras \u00e9pocas por la violencia, hoy es un plan tur\u00edstico. Ante la imposibilidad de construir v\u00edas, unas escaleras el\u00e9ctricas facilitan la vida de sus habitantes. Al tiempo que las recorres, puedes ver una <\/span><a href=\"https:\/\/www.instagram.com\/explore\/tags\/grafititourmedellin\/\" target=\"_blank\" rel=\"noreferrer noopener nofollow\"><span style=\"font-weight: 400;\"><strong>galer\u00eda de grafitis elaborados por artistas del barrio<\/strong><\/span><\/a><span style=\"font-weight: 400;\">. Recorridos similares pueden hacerse por otros barrios altos de la ciudad.<\/span><\/p>\n\n\n\n<figure class=\"wp-block-image size-full is-resized\"><a href=\"https:\/\/www.ciencuadras.com\/?utm_source=Autopauta&amp;utm_medium=Blog_Banner_Interno&amp;utm_campaign=BG_80426_general_cc\" target=\"_blank\" rel=\"noreferrer noopener\"><img fetchpriority=\"high\" decoding=\"async\" width=\"700\" height=\"200\" src=\"https:\/\/www.ciencuadras.com\/blog\/wp-content\/uploads\/2021\/01\/700x200_cc.jpg\" alt=\"\" class=\"wp-image-128649\" style=\"aspect-ratio:3.5;width:840px;height:auto\" srcset=\"https:\/\/www.ciencuadras.com\/blog\/wp-content\/uploads\/2021\/01\/700x200_cc.jpg 700w, https:\/\/www.ciencuadras.com\/blog\/wp-content\/uploads\/2021\/01\/700x200_cc-300x86.jpg 300w\" sizes=\"(max-width: 700px) 100vw, 700px\" \/><\/a><\/figure>\n\n\n\n<p><strong><a href=\"https:\/\/www.ciencuadras.com\/blog\/consejos-para-arrendar\/apartamentos-estrato-3-los-inmuebles-mas-buscados-en-medellin\" target=\"_blank\" rel=\"noreferrer noopener\">\ud83d\udd17\u00bfCu\u00e1les son los inmuebles preferidos de los paisas?<\/a><\/strong><\/p>\n\n\n\n<p><span style=\"font-weight: 400;\">Y por si fuera poco todo lo que ofrece el transporte terrestre, la infraestructura a\u00e9rea de <\/span><b>Medell\u00edn<\/b><span style=\"font-weight: 400;\"> es muy completa.<strong> La ciudad cuenta con dos aeropuertos: <\/strong>el <strong><a href=\"https:\/\/aeropuertoolayaherrera.gov.co\/\" target=\"_blank\" rel=\"noreferrer noopener nofollow\">Olaya Herrera<\/a><\/strong>, dentro de la ciudad, para vuelos regionales y algunos nacionales, y el <strong><a href=\"https:\/\/www.aeropuertorionegro.co\/\" target=\"_blank\" rel=\"noreferrer noopener nofollow\">Jos\u00e9 Mar\u00eda C\u00f3rdova.<\/a><\/strong>\u00a0<\/span><\/p>\n\n\n\n<p><span style=\"font-weight: 400;\">Este \u00faltimo sirve a vuelos nacionales e internacionales y est\u00e1 a solo 20 minutos de la ciudad. A \u00e9l se llega por el reci\u00e9n inaugurado T\u00fanel de Oriente, el m\u00e1s largo en operaci\u00f3n en Am\u00e9rica Latina. La obra tiene una extensi\u00f3n de 8,2 kil\u00f3metros y puede llevarte al oriente antioque\u00f1o en un santiam\u00e9n. All\u00ed podr\u00e1s disfrutar de un clima m\u00e1s templado y <\/span><strong><a href=\"https:\/\/diarioriente.com\/noticias\/cinco-pueblos-para-enamorarse-del-oriente-antioqueno.html\" target=\"_blank\" rel=\"noreferrer noopener nofollow\">m\u00faltiples opciones para divertirte<\/a>.<\/strong><\/p>\n\n\n\n<figure class=\"wp-block-image\"><img decoding=\"async\" width=\"1000\" height=\"664\" src=\"https:\/\/www.ciencuadras.com\/blog\/wp-content\/uploads\/2020\/07\/bandeja-paisa.jpg\" alt=\"bandeja paisa\" class=\"wp-image-80431\" srcset=\"https:\/\/www.ciencuadras.com\/blog\/wp-content\/uploads\/2020\/07\/bandeja-paisa.jpg 1000w, https:\/\/www.ciencuadras.com\/blog\/wp-content\/uploads\/2020\/07\/bandeja-paisa-600x398.jpg 600w, https:\/\/www.ciencuadras.com\/blog\/wp-content\/uploads\/2020\/07\/bandeja-paisa-300x199.jpg 300w, https:\/\/www.ciencuadras.com\/blog\/wp-content\/uploads\/2020\/07\/bandeja-paisa-768x510.jpg 768w\" sizes=\"(max-width: 1000px) 100vw, 1000px\" \/><\/figure>\n\n\n\n<h2 class=\"wp-block-heading\"><b>Imposible aburrirse de vivir en Medell\u00edn&nbsp;<\/b><\/h2>\n\n\n\n<p><span style=\"font-weight: 400;\">Al igual que su desarrollo urbano, la oferta para la diversi\u00f3n y la vida social es muy completa. Seg\u00fan datos de la <strong>C\u00e1mara de Comercio de Medell\u00edn<\/strong>, <strong>el rubro de Comercio, Hoteles y Restaurantes contin\u00faan siendo los sectores que m\u00e1s empujan la econom\u00eda paisa, a cierre de 2022 <\/strong><\/span>se estimaba que el crecimiento de la econom\u00eda de la regi\u00f3n se ubicar\u00eda alrededor del 7 %, seg\u00fan el \u00faltimo <strong><a href=\"https:\/\/www.camaramedellin.com.co\/Portals\/0\/Documentos\/2023\/Desempeno_Economico_Perspectivas_2023.pdf\" target=\"_blank\" rel=\"noreferrer noopener nofollow\">informe<\/a><\/strong> publicado de la entidad. <span style=\"font-weight: 400;\">As\u00ed, siempre habr\u00e1 un buen lugar para conocer en la ciudad.<\/span><\/p>\n\n\n\n<p><strong><em>Tambi\u00e9n te puede interesar leer:<\/em><\/strong> <strong><a href=\"https:\/\/www.ciencuadras.com\/blog\/por-que-vivir-en\/beneficios-y-ventajas-de-vivir-en-bello\" target=\"_blank\" rel=\"noreferrer noopener\">Bello, la ciudad que crece y se transforma<\/a><\/strong><\/p>\n\n\n\n<p><span style=\"font-weight: 400;\">Para los amantes de la buena mesa, las opciones son innumerables. <strong>Si quieres una bandeja paisa \u201ccon todos los juguetes\u201d, como dicen los antioque\u00f1os, hay restaurantes tradicionales que la tienen clara: <\/strong>La Hacienda, Asados Do\u00f1a Rosa, Hatoviejo o El Rancherito. Si quieres algo m\u00e1s internacional, en las zonas rosas de El Poblado o Laureles encontrar\u00e1s variadas propuestas gastron\u00f3micas.<\/span><\/p>\n\n\n\n<p><span style=\"font-weight: 400;\">Por supuesto, la gastronom\u00eda tambi\u00e9n est\u00e1 al orden del d\u00eda en los centros comerciales de la ciudad. En ellos, adem\u00e1s de visitar tiendas y supermercados, podr\u00e1s tener muy buenas experiencias en familia. Centros Comerciales como Santaf\u00e9, en el Sur; Los Molinos, en el Occidente; o Premium Plaza, en el Centro; ofrecen locaciones y actividades para chicos y grandes.<\/span><\/p>\n\n\n\n<p><span style=\"font-weight: 400;\"><strong>Si quieres un caf\u00e9 para alegrar la tarde o es la noche la que te llama, hay cientos de posibilidades.<\/strong> Caf\u00e9s que ofrecen grano de origen, bares, discotecas y fondas se reparten por toda la ciudad. Rumba juvenil, en la zona de Provenza; fiestas <\/span><i><span style=\"font-weight: 400;\">crossover<\/span><\/i><span style=\"font-weight: 400;\"> para todas las edades; todos encuentran su lugar en la noche paisa.<\/span><\/p>\n\n\n\n<figure class=\"wp-block-image size-large\"><img decoding=\"async\" width=\"760\" height=\"507\" src=\"https:\/\/www.ciencuadras.com\/blog\/wp-content\/uploads\/2020\/07\/shutterstock_301123067-1.jpg\" alt=\"Medell\u00edn, una eterna primavera de vanguardia\" class=\"wp-image-108451\" srcset=\"https:\/\/www.ciencuadras.com\/blog\/wp-content\/uploads\/2020\/07\/shutterstock_301123067-1.jpg 760w, https:\/\/www.ciencuadras.com\/blog\/wp-content\/uploads\/2020\/07\/shutterstock_301123067-1-300x200.jpg 300w\" sizes=\"(max-width: 760px) 100vw, 760px\" \/><\/figure>\n\n\n\n<p><\/p>\n\n\n\n<p><span style=\"font-weight: 400;\">En definitiva, la gran din\u00e1mica de entretenimiento de la capital antioque\u00f1a hace imposible aburrirse de vivir en Medell\u00edn.<\/span><strong> Solo en 2022, <a href=\"https:\/\/www.larepublica.co\/economia\/medellin-recibio-1-4-millones-de-turistas-en-2022-sobre-todo-desde-estados-unidos-3618938#:~:text=El%20informe%20de%20la%20Asociaci%C3%B3n,proyecci%C3%B3n%20de%201%2C4%20millones.\" target=\"_blank\" rel=\"noreferrer noopener nofollow\">Medell\u00edn recibi\u00f3 1,4 millones de turistas<\/a>, seg\u00fan datos de la Asociaci\u00f3n Hotelera y Tur\u00edstica de Colombia<\/strong>.<\/p>\n\n\n\n<p><strong>\ud83d\udd17<a href=\"https:\/\/www.ciencuadras.com\/blog\/guia-de-barrio-boston-medellin\" target=\"_blank\" rel=\"noreferrer noopener\">Gu\u00eda de barrio Medell\u00edn: Boston<\/a><\/strong><\/p>\n\n\n\n<h2 class=\"wp-block-heading\"><b>Alternativas para todos los presupuestos&nbsp;<\/b><\/h2>\n\n\n\n<p><span style=\"font-weight: 400;\">Adem\u00e1s de opciones para todos los gustos, <\/span><b>Medell\u00edn<\/b><span style=\"font-weight: 400;\"> tambi\u00e9n ofrece alternativas para todos los bolsillos. La oferta cultural de la ciudad es accesible y en muchos casos gratuita. Para iniciar, aprende el significado de un verbo que solo escuchar\u00e1s en estas tierras: <strong>\u201cjuniniar\u201d. Se trata de caminar por una de las calles m\u00e1s tradicionales del centro hist\u00f3rico, <\/strong>con un gran trayecto peatonal, lleno de sitios emblem\u00e1ticos por conocer.<\/span><\/p>\n\n\n\n<p><span style=\"font-weight: 400;\">Para los amantes de la naturaleza tambi\u00e9n es ideal. La zona rural de la ciudad est\u00e1 compuesta por cinco corregimientos, llenos de colorido y aire puro. <strong>Si a\u00fan no has montado en metrocable, puedes subir en uno hasta el bell\u00edsimo Parque Arv\u00ed. <a href=\"http:\/\/silleteros.com\/\" target=\"_blank\" rel=\"noreferrer noopener nofollow\">Est\u00e1 ubicado en el corregimiento de Santa Elena, la cuna de los silleteros.<\/a><\/strong><\/span><\/p>\n\n\n\n<p><span style=\"font-weight: 400;\">All\u00ed podr\u00e1s visitar las fincas campesinas que le dan vida a la<\/span> <span style=\"font-weight: 400;\"><strong>Feria de las Flores, la fiesta m\u00e1s tradicional de los antioque\u00f1os<\/strong>. Esta celebraci\u00f3n se lleva a cabo en el segundo trimestre del a\u00f1o. Durante dos semanas la ciudad se engalana con fiestas y exposiciones de una gran acogida entre propios y visitantes.<\/span><\/p>\n\n\n\n<p><span style=\"font-weight: 400;\">Si se trata de museos y planes culturales, siempre habr\u00e1 algo qu\u00e9 visitar. Puedes comenzar por el <strong>Museo de Antioquia<\/strong>, donde conocer\u00e1s gran parte de la obra de <strong><a href=\"http:\/\/museodeantioquia.co\/contenidos\/exposicion\/sala-fernando-botero-2\/\" target=\"_blank\" rel=\"noreferrer noopener nofollow\">Fernando Botero<\/a><\/strong>. Incluso puedes hacer visitas virtuales, en el caso del<strong><a href=\"https:\/\/www.ciencuadras.com\/blog\/tendencias\/museos-virtuales-del-mundo-para-visitar-desde-casa-en-cuarentena\" target=\"_blank\" rel=\"noopener noreferrer\"> Museo Casa de la Memoria<\/a><\/strong>.<\/span><\/p>\n\n\n\n<figure class=\"wp-block-image\"><img loading=\"lazy\" decoding=\"async\" width=\"1000\" height=\"667\" src=\"https:\/\/www.ciencuadras.com\/blog\/wp-content\/uploads\/2020\/07\/plaza-de-botero-en-medellin.jpg\" alt=\"Plaza de Botero en Medell\u00edn\" class=\"wp-image-80428\" srcset=\"https:\/\/www.ciencuadras.com\/blog\/wp-content\/uploads\/2020\/07\/plaza-de-botero-en-medellin.jpg 1000w, https:\/\/www.ciencuadras.com\/blog\/wp-content\/uploads\/2020\/07\/plaza-de-botero-en-medellin-600x400.jpg 600w, https:\/\/www.ciencuadras.com\/blog\/wp-content\/uploads\/2020\/07\/plaza-de-botero-en-medellin-300x200.jpg 300w, https:\/\/www.ciencuadras.com\/blog\/wp-content\/uploads\/2020\/07\/plaza-de-botero-en-medellin-768x512.jpg 768w\" sizes=\"(max-width: 1000px) 100vw, 1000px\" \/><\/figure>\n\n\n\n<h2 class=\"wp-block-heading\"><b>Vivir en Medell\u00edn, la tierra de oportunidades&nbsp;<\/b><\/h2>\n\n\n\n<p><span style=\"font-weight: 400;\">Es bien conocido que <\/span><b>Medell\u00edn<\/b><span style=\"font-weight: 400;\"> es tierra de pujanza y emprendimiento. Cuna de varias de las industrias m\u00e1s importantes del pa\u00eds, por ello es un buen lugar para invertir, estudiar o trabajar. Y por supuesto, tambi\u00e9n para vivir: la ciudad cuenta con una gran<\/span><strong><a href=\"https:\/\/www.ciencuadras.com\/blog\/consejos-para-comprar\/estas-son-las-10-zonas-mas-buscadas-para-vivienda-por-los-paisas\" target=\"_blank\" rel=\"noopener noreferrer\"> variedad de zonas que son muy valoradas por los paisas<\/a><\/strong><span style=\"font-weight: 400;\">.<\/span> <\/p>\n\n\n\n<p><span style=\"font-weight: 400;\">Seg\u00fan datos oficiales, en la ciudad <a href=\"https:\/\/www.medellincomovamos.org\/sectores\/educacion#:~:text=Medell%C3%ADn%20C%C3%B3mo%20Vamos%20le%20hace,logro%20escolar%2C%20como%20indicador%20aproximado\" target=\"_blank\" rel=\"noreferrer noopener nofollow\"><strong>hay m\u00e1s de 360 programas acad\u00e9micos para quienes terminan el bachillerato<\/strong>.<\/a> Con m\u00e1s de 50 instituciones universitarias acreditadas, entre p\u00fablicas y privadas, es una ciudad universitaria por excelencia.<\/span><\/p>\n\n\n\n<p><span style=\"font-weight: 400;\">En cuanto a oportunidades de empleo, adem\u00e1s de la industria y el comercio, hay que recordar un hito reciente: la ciudad inaugur\u00f3 en 2019 el<\/span><strong> <a href=\"https:\/\/www.medellindigital.gov.co\/index.php\/home\/temas-de-interes\/6-que-hara-el-centro-para-la-cuarta-revolucion-industrial-de-medellin#:~:text=Con%20la%20oficializaci%C3%B3n%20de%20Medell%C3%ADn,el%20mundo%20de%20los%20datos.\" target=\"_blank\" rel=\"noreferrer noopener nofollow\">Centro para la Cuarta Revoluci\u00f3n Industrial<\/a><\/strong><span style=\"font-weight: 400;\">. De este modo se convirti\u00f3 en l\u00edder continental en desarrollo tecnol\u00f3gico. Cientos de oportunidades se abren para los inversionistas, estudiantes y empleados del sector.<\/span><\/p>\n\n\n\n<p><span style=\"font-weight: 400;\"><strong>Tal como pudiste ver, <\/strong><\/span><b><strong>Medell\u00edn<\/strong><\/b><span style=\"font-weight: 400;\"><strong> es una ciudad que, por donde la mires, provoca \u201cecharle los perros\u201d, como dicen los paisas. <\/strong>Si quieres pasar del coqueteo a los hechos, busca esa propiedad en<strong> <a href=\"https:\/\/www.ciencuadras.com\/?utm_source=Autopauta&amp;utm_medium=Blog_enlace&amp;utm_campaign=BG_80426_por_que_vivir_en\" target=\"_blank\" rel=\"noreferrer noopener\">Ciencuadras<\/a>, por que <a href=\"https:\/\/www.ciencuadras.com\/?utm_source=Autopauta&amp;utm_medium=Blog_enlace&amp;utm_campaign=BG_80426_por_que_vivir_en\" target=\"_blank\" rel=\"noreferrer noopener\">Ciencuadras,<\/a> cuadra todo.<\/strong><\/span><\/p>\n\n\n\n<p><strong><em>Tambi\u00e9n te puede interesar leer:<\/em><a href=\"https:\/\/www.ciencuadras.com\/blog\/por-que-vivir-en\/beneficios-y-ventajas-de-vivir-en-envigado\" target=\"_blank\" rel=\"bookmark noopener noreferrer\"><em> <\/em>Envigado, un equilibrio entre lo moderno y la tradici\u00f3n<\/a><\/strong><\/p>\n\n\n\n<h2 class=\"wp-block-heading\"><b>Medell\u00edn en cifras<\/b><\/h2>\n\n\n\n<p><span style=\"font-weight: 400;\">2.653.729&nbsp;<strong><a href=\"https:\/\/telencuestas.com\/censos-de-poblacion\/colombia\/2023\/antioquia\/medellin\" target=\"_blank\" rel=\"noreferrer noopener nofollow\">habitantes<\/a><\/strong>.<\/span><\/p>\n\n\n\n<p><span style=\"font-weight: 400;\">376,4 kil\u00f3metros cuadrados de extensi\u00f3n.<\/span><\/p>\n\n\n\n<p><span style=\"font-weight: 400;\">111,6 kil\u00f3metros cuadrados de suelo urbano.<\/span><\/p>\n\n\n\n<p><span style=\"font-weight: 400;\">263 kil\u00f3metros cuadrados de suelo rural.<\/span><\/p>\n\n\n\n<p><span style=\"font-weight: 400;\">16 comunas.<\/span><\/p>\n\n\n\n<p><span style=\"font-weight: 400;\">5 corregimientos.<\/span><\/p>\n\n\n\n<p><span style=\"font-weight: 400;\">249 barrios.<\/span><\/p>\n\n\n\n<p><span style=\"font-weight: 400;\">52 veredas.<\/span><\/p>\n\n\n\n<p>M\u00e1s de <span style=\"font-weight: 400;\">400 colegios.<\/span><\/p>\n\n\n\n<p><span style=\"font-weight: 400;\">M\u00e1s de 30 cl\u00ednicas y hospitales.<\/span><\/p>\n\n\n\n<p><span style=\"font-weight: 400;\">120 kil\u00f3metros de ciclorrutas.<\/span><\/p>\n\n\n\n<p><span style=\"font-weight: 400;\">60 % es la participaci\u00f3n de la industria de Medell\u00edn en el total del departamento de Antioquia.<\/span><\/p>\n\n\n\n<p><span style=\"font-weight: 400;\">El 53% del empleo industrial de la regi\u00f3n lo genera la industria textil.<\/span><\/p>\n\n\n\n<p><span style=\"font-weight: 400;\">341 parroquias**.<\/span><\/p>\n\n\n\n<p><span style=\"font-weight: 400;\">*Datos tomados de la p\u00e1gina de la <\/span><strong><a href=\"https:\/\/www.medellin.gov.co\/es\/conoce-algunos-datos-generales-de-la-ciudad\/#:~:text=Distribuci%C3%B3n%20pol%C3%ADtico%20%2D%20administrativa%20de%20Medell%C3%ADn,(Zona%20rural)%3A%205.\" target=\"_blank\" rel=\"noreferrer noopener nofollow\">Alcald\u00eda de Medell\u00edn<\/a><\/strong><\/p>\n\n\n\n<p><span style=\"font-weight: 400;\">** Dato sacado del directorio de la <strong><a href=\"https:\/\/arqmedellin.co\/parroquias\/\" target=\"_blank\" rel=\"noreferrer noopener nofollow\">Arquidi\u00f3cesis de Medell\u00edn<\/a><\/strong>.<\/span><\/p>\n\n\n\n<p>Con <strong><a href=\"https:\/\/www.ciencuadras.com\/?utm_source=Autopauta&amp;utm_medium=Blog_enlace&amp;utm_campaign=BG_80426_por_que_vivir_en\" target=\"_blank\" rel=\"noreferrer noopener\">Ciencuadras,<\/a> <\/strong>cuadra todo.<\/p>\n\n\n\n<p><strong><em>Publicado originalmente en julio de 2020.<\/em><\/strong><\/p>\n\n\n<div data-opinionstage-embed-url=\"https:\/\/www.opinionstage.com\/api\/v1\/widgets\/ciencuadras1\/mu%C3%A9stranos-lo-que-sabes-de-medell%C3%ADn\/code.json?comments=true&#038;sharing=true&#038;recommendations=false&#038;width=\" style=\"display: none; visibility: hidden;\"><\/div>\n\n\n\n<table cellpadding='0' cellspacing='0' align='center' style='width: 100%'><tr style='text-align: center; font-family: Open Sans, sans-serif;'><td style='padding-bottom: 24px; color: #29292a; font-size: 18px; font-weight: 600'>\u00bfQu\u00e9 tan \u00fatil te pareci\u00f3 este contenido?<\/td><\/tr><tr style='text-align: center;'><td><table cellpadding='0' cellspacing='0' style='width: 100%; max-width: 400px; margin: auto'><tr><td><a style='text-decoration: none' href='https:\/\/survey.survicate.com\/2024c603f1ca0b80\/?pieza=80426_Medellin_una_eterna_primavera_de_vanguardia|Gu\u00edas|\u00bfPor qu\u00e9 vivir en?&#038;aid=2533768' target='_blank' rel=\"nofollow noopener\"> <img style='width: 32px; height: 32px' src='https:\/\/image.experienciasbolivar.segurosbolivar.com\/lib\/fe3511747364047b751475\/m\/1\/a2945bbd-60a9-43cb-b225-78bf5e055db5.png' > <\/a><\/td><td><a style='text-decoration: none' href='https:\/\/survey.survicate.com\/2024c603f1ca0b80\/?pieza=80426_Medellin_una_eterna_primavera_de_vanguardia|Gu\u00edas|\u00bfPor qu\u00e9 vivir en?&#038;aid=2533769' target='_blank' rel=\"nofollow noopener\"> <img style='width: 32px; height: 32px' src='https:\/\/image.experienciasbolivar.segurosbolivar.com\/lib\/fe3511747364047b751475\/m\/1\/161006d2-a309-4148-a578-df40c5152496.png' > <\/a><\/td><td><a style='text-decoration: none' href='https:\/\/survey.survicate.com\/2024c603f1ca0b80\/?pieza=80426_Medellin_una_eterna_primavera_de_vanguardia|Gu\u00edas|\u00bfPor qu\u00e9 vivir en?&#038;aid=2533770' target='_blank' rel=\"nofollow noopener\"> <img style='width: 32px; height: 32px' src='https:\/\/image.experienciasbolivar.segurosbolivar.com\/lib\/fe3511747364047b751475\/m\/1\/ba2c4c82-1c2c-4bcb-b894-20f6776af736.png' > <\/a><\/td><td><a style='text-decoration: none' href='https:\/\/survey.survicate.com\/2024c603f1ca0b80\/?pieza=80426_Medellin_una_eterna_primavera_de_vanguardia|Gu\u00edas|\u00bfPor qu\u00e9 vivir en?&#038;aid=2533771' target='_blank' rel=\"nofollow noopener\"> <img style='width: 32px; height: 32px' src='https:\/\/image.experienciasbolivar.segurosbolivar.com\/lib\/fe3511747364047b751475\/m\/1\/52e25dc4-db06-43e1-ada3-a13cc6834b02.png' > <\/a><\/td><td><a style='text-decoration: none' href='https:\/\/survey.survicate.com\/2024c603f1ca0b80\/?pieza=80426_Medellin_una_eterna_primavera_de_vanguardia|Gu\u00edas|\u00bfPor qu\u00e9 vivir en?&#038;aid=2533772' target='_blank' rel=\"nofollow noopener\"> <img style='width: 32px; height: 32px' src='https:\/\/image.experienciasbolivar.segurosbolivar.com\/lib\/fe3511747364047b751475\/m\/1\/f125fd9c-b185-4d5b-8a2c-c67e5f69c93b.png' > <\/a><\/td><\/tr><\/table><\/td><\/tr><\/table>\n\n","protected":false},"excerpt":{"rendered":"<p>\u00bfQu\u00e9 hace tan especial a Medell\u00edn? Te contamos por qu\u00e9 los paisas disfrutan de una de las mejores ciudades para vivir en Latinoam\u00e9rica.<\/p>\n","protected":false},"author":9,"featured_media":118254,"comment_status":"open","ping_status":"closed","sticky":false,"template":"","format":"standard","meta":{"footnotes":""},"categories":[4264],"tags":[39,2333,3047,41],"acf":[],"yoast_head":"<!-- This site is optimized with the Yoast SEO plugin v15.9 - https:\/\/yoast.com\/wordpress\/plugins\/seo\/ -->\n<title>Beneficios y ventajas de vivir en Medell\u00edn | Ciencuadras<\/title>\n<meta name=\"description\" content=\"\u00bfQu\u00e9 hace tan especial a esta ciudad? Te contamos por qu\u00e9 los paisas aman vivir en Medell\u00edn, epicentro de innovaci\u00f3n en Latinoam\u00e9rica.\" \/>\n<meta name=\"robots\" content=\"index, follow, max-snippet:-1, max-image-preview:large, max-video-preview:-1\" \/>\n<link rel=\"canonical\" href=\"https:\/\/www.ciencuadras.com\/blog\/por-que-vivir-en\/bendeficios-y-ventajas-de-vivir-en-medellin\" \/>\n<meta property=\"og:locale\" content=\"es_ES\" \/>\n<meta property=\"og:type\" content=\"article\" \/>\n<meta property=\"og:title\" content=\"Beneficios y ventajas de vivir en Medell\u00edn | Ciencuadras\" \/>\n<meta property=\"og:description\" content=\"\u00bfQu\u00e9 hace tan especial a esta ciudad? Te contamos por qu\u00e9 los paisas aman vivir en Medell\u00edn, epicentro de innovaci\u00f3n en Latinoam\u00e9rica.\" \/>\n<meta property=\"og:url\" content=\"https:\/\/www.ciencuadras.com\/blog\/por-que-vivir-en\/bendeficios-y-ventajas-de-vivir-en-medellin\" \/>\n<meta property=\"article:publisher\" content=\"https:\/\/www.facebook.com\/ciencuadras\/\" \/>\n<meta property=\"article:author\" content=\"https:\/\/www.facebook.com\/ciencuadras\/\" \/>\n<meta property=\"article:published_time\" content=\"2023-10-04T12:00:00+00:00\" \/>\n<meta property=\"article:modified_time\" content=\"2026-02-17T19:36:30+00:00\" \/>\n<meta property=\"og:image\" content=\"https:\/\/www.ciencuadras.com\/blog\/wp-content\/uploads\/2023\/10\/Medellin-2-1.jpg\" \/>\n\t<meta property=\"og:image:width\" content=\"760\" \/>\n\t<meta property=\"og:image:height\" content=\"506\" \/>\n<meta name=\"twitter:card\" content=\"summary_large_image\" \/>\n<meta name=\"twitter:creator\" content=\"@ciencuadras\" \/>\n<meta name=\"twitter:site\" content=\"@ciencuadras\" \/>\n<meta name=\"twitter:label1\" content=\"Est. reading time\">\n\t<meta name=\"twitter:data1\" content=\"9 minutos\">\n<script type=\"application\/ld+json\" class=\"yoast-schema-graph\">{\"@context\":\"https:\/\/schema.org\",\"@graph\":[{\"@type\":\"Organization\",\"@id\":\"https:\/\/www.ciencuadras.com\/blog\/#organization\",\"name\":\"Ciencuadras.com\",\"url\":\"https:\/\/www.ciencuadras.com\/blog\/\",\"sameAs\":[\"https:\/\/www.facebook.com\/ciencuadras\/\",\"https:\/\/www.instagram.com\/ciencuadras\/\",\"https:\/\/co.linkedin.com\/company\/ciencuadras\",\"https:\/\/www.youtube.com\/channel\/UC_f830HP5dUy6OjBIbjtlAw\",\"https:\/\/twitter.com\/ciencuadras\"],\"logo\":{\"@type\":\"ImageObject\",\"@id\":\"https:\/\/www.ciencuadras.com\/blog\/#logo\",\"inLanguage\":\"es-CO\",\"url\":\"\",\"caption\":\"Ciencuadras.com\"},\"image\":{\"@id\":\"https:\/\/www.ciencuadras.com\/blog\/#logo\"}},{\"@type\":\"WebSite\",\"@id\":\"https:\/\/www.ciencuadras.com\/blog\/#website\",\"url\":\"https:\/\/www.ciencuadras.com\/blog\/\",\"name\":\"\",\"description\":\"\",\"publisher\":{\"@id\":\"https:\/\/www.ciencuadras.com\/blog\/#organization\"},\"potentialAction\":[{\"@type\":\"SearchAction\",\"target\":\"https:\/\/www.ciencuadras.com\/blog\/?s={search_term_string}\",\"query-input\":\"required name=search_term_string\"}],\"inLanguage\":\"es-CO\"},{\"@type\":\"ImageObject\",\"@id\":\"https:\/\/www.ciencuadras.com\/blog\/por-que-vivir-en\/bendeficios-y-ventajas-de-vivir-en-medellin#primaryimage\",\"inLanguage\":\"es-CO\",\"url\":\"https:\/\/www.ciencuadras.com\/blog\/wp-content\/uploads\/2023\/10\/Medellin-2-1.jpg\",\"width\":760,\"height\":506,\"caption\":\"Medell\\u00edn, una eterna primavera de vanguardia\"},{\"@type\":\"WebPage\",\"@id\":\"https:\/\/www.ciencuadras.com\/blog\/por-que-vivir-en\/bendeficios-y-ventajas-de-vivir-en-medellin#webpage\",\"url\":\"https:\/\/www.ciencuadras.com\/blog\/por-que-vivir-en\/bendeficios-y-ventajas-de-vivir-en-medellin\",\"name\":\"Beneficios y ventajas de vivir en Medell\\u00edn | Ciencuadras\",\"isPartOf\":{\"@id\":\"https:\/\/www.ciencuadras.com\/blog\/#website\"},\"primaryImageOfPage\":{\"@id\":\"https:\/\/www.ciencuadras.com\/blog\/por-que-vivir-en\/bendeficios-y-ventajas-de-vivir-en-medellin#primaryimage\"},\"datePublished\":\"2023-10-04T12:00:00+00:00\",\"dateModified\":\"2026-02-17T19:36:30+00:00\",\"description\":\"\\u00bfQu\\u00e9 hace tan especial a esta ciudad? Te contamos por qu\\u00e9 los paisas aman vivir en Medell\\u00edn, epicentro de innovaci\\u00f3n en Latinoam\\u00e9rica.\",\"breadcrumb\":{\"@id\":\"https:\/\/www.ciencuadras.com\/blog\/por-que-vivir-en\/bendeficios-y-ventajas-de-vivir-en-medellin#breadcrumb\"},\"inLanguage\":\"es-CO\",\"potentialAction\":[{\"@type\":\"ReadAction\",\"target\":[\"https:\/\/www.ciencuadras.com\/blog\/por-que-vivir-en\/bendeficios-y-ventajas-de-vivir-en-medellin\"]}]},{\"@type\":\"BreadcrumbList\",\"@id\":\"https:\/\/www.ciencuadras.com\/blog\/por-que-vivir-en\/bendeficios-y-ventajas-de-vivir-en-medellin#breadcrumb\",\"itemListElement\":[{\"@type\":\"ListItem\",\"position\":1,\"item\":{\"@type\":\"WebPage\",\"@id\":\"https:\/\/www.ciencuadras.com\/blog\",\"url\":\"https:\/\/www.ciencuadras.com\/blog\",\"name\":\"Blog\"}},{\"@type\":\"ListItem\",\"position\":2,\"item\":{\"@type\":\"WebPage\",\"@id\":\"https:\/\/www.ciencuadras.com\/blog\/por-que-vivir-en\/bendeficios-y-ventajas-de-vivir-en-medellin\",\"url\":\"https:\/\/www.ciencuadras.com\/blog\/por-que-vivir-en\/bendeficios-y-ventajas-de-vivir-en-medellin\",\"name\":\"Medell\\u00edn, una eterna primavera de vanguardia\"}}]},{\"@type\":\"Article\",\"@id\":\"https:\/\/www.ciencuadras.com\/blog\/por-que-vivir-en\/bendeficios-y-ventajas-de-vivir-en-medellin#article\",\"isPartOf\":{\"@id\":\"https:\/\/www.ciencuadras.com\/blog\/por-que-vivir-en\/bendeficios-y-ventajas-de-vivir-en-medellin#webpage\"},\"author\":{\"@id\":\"https:\/\/www.ciencuadras.com\/blog\/#\/schema\/person\/cc0b32db93618f32995212860cf644f8\"},\"headline\":\"Medell\\u00edn, una eterna primavera de vanguardia\",\"datePublished\":\"2023-10-04T12:00:00+00:00\",\"dateModified\":\"2026-02-17T19:36:30+00:00\",\"mainEntityOfPage\":{\"@id\":\"https:\/\/www.ciencuadras.com\/blog\/por-que-vivir-en\/bendeficios-y-ventajas-de-vivir-en-medellin#webpage\"},\"commentCount\":2,\"publisher\":{\"@id\":\"https:\/\/www.ciencuadras.com\/blog\/#organization\"},\"image\":{\"@id\":\"https:\/\/www.ciencuadras.com\/blog\/por-que-vivir-en\/bendeficios-y-ventajas-de-vivir-en-medellin#primaryimage\"},\"keywords\":\"Consejos para comprar vivienda,Proyectos de vivienda,Real estate,Sector inmobiliario\",\"articleSection\":\"\\u00bfPor qu\\u00e9 vivir en?\",\"inLanguage\":\"es-CO\",\"potentialAction\":[{\"@type\":\"CommentAction\",\"name\":\"Comment\",\"target\":[\"https:\/\/www.ciencuadras.com\/blog\/por-que-vivir-en\/bendeficios-y-ventajas-de-vivir-en-medellin#respond\"]}]},{\"@type\":\"Person\",\"@id\":\"https:\/\/www.ciencuadras.com\/blog\/#\/schema\/person\/cc0b32db93618f32995212860cf644f8\",\"name\":\"Redacci\\u00f3n Ciencuadras\",\"description\":\"\\u00a1Hola! Soy el blog de ciencuadras.com, un portal inmobiliario del Grupo Bol\\u00edvar en el que encuentras casas, apartamentos, oficinas, fincas y m\\u00e1s inmuebles en arriendo y venta en toda Colombia. \\ud83d\\udc99Cuando me visitas, adem\\u00e1s de descubrir tu inmueble ideal, puedes estar al d\\u00eda con las noticias del sector inmobiliario y de la construcci\\u00f3n; aprender tips en decoraci\\u00f3n y organizaci\\u00f3n de espacios, y mucho m\\u00e1s.\",\"sameAs\":[\"https:\/\/www.ciencuadras.com\/\",\"https:\/\/www.facebook.com\/ciencuadras\/\",\"https:\/\/www.instagram.com\/ciencuadras\/\",\"https:\/\/www.linkedin.com\/company\/ciencuadras\/\",\"https:\/\/twitter.com\/ciencuadras\",\"https:\/\/www.youtube.com\/channel\/UC_f830HP5dUy6OjBIbjtlAw\"]}]}<\/script>\n<!-- \/ Yoast SEO plugin. -->","_links":{"self":[{"href":"https:\/\/www.ciencuadras.com\/blog\/wp-json\/wp\/v2\/posts\/80426"}],"collection":[{"href":"https:\/\/www.ciencuadras.com\/blog\/wp-json\/wp\/v2\/posts"}],"about":[{"href":"https:\/\/www.ciencuadras.com\/blog\/wp-json\/wp\/v2\/types\/post"}],"author":[{"embeddable":true,"href":"https:\/\/www.ciencuadras.com\/blog\/wp-json\/wp\/v2\/users\/9"}],"replies":[{"embeddable":true,"href":"https:\/\/www.ciencuadras.com\/blog\/wp-json\/wp\/v2\/comments?post=80426"}],"version-history":[{"count":30,"href":"https:\/\/www.ciencuadras.com\/blog\/wp-json\/wp\/v2\/posts\/80426\/revisions"}],"predecessor-version":[{"id":129797,"href":"https:\/\/www.ciencuadras.com\/blog\/wp-json\/wp\/v2\/posts\/80426\/revisions\/129797"}],"wp:featuredmedia":[{"embeddable":true,"href":"https:\/\/www.ciencuadras.com\/blog\/wp-json\/wp\/v2\/media\/118254"}],"wp:attachment":[{"href":"https:\/\/www.ciencuadras.com\/blog\/wp-json\/wp\/v2\/media?parent=80426"}],"wp:term":[{"taxonomy":"category","embeddable":true,"href":"https:\/\/www.ciencuadras.com\/blog\/wp-json\/wp\/v2\/categories?post=80426"},{"taxonomy":"post_tag","embeddable":true,"href":"https:\/\/www.ciencuadras.com\/blog\/wp-json\/wp\/v2\/tags?post=80426"}],"curies":[{"name":"wp","href":"https:\/\/api.w.org\/{rel}","templated":true}]}}