{"id":80843,"date":"2020-07-28T11:09:09","date_gmt":"2020-07-28T16:09:09","guid":{"rendered":"https:\/\/www.ciencuadras.com\/blog\/?p=80843"},"modified":"2021-11-11T12:01:35","modified_gmt":"2021-11-11T17:01:35","slug":"como-terminar-un-arriendo-comercial-en-cuarentena","status":"publish","type":"post","link":"https:\/\/www.ciencuadras.com\/blog\/guia-para-vender-inmuebles\/como-terminar-un-arriendo-comercial-en-cuarentena","title":{"rendered":"\u00bfPuedo terminar el contrato de arriendo de mi local comercial?"},"content":{"rendered":"<p><span style=\"font-weight: 400;\"><strong>Si tienes un establecimiento esta informaci\u00f3n es especialmente para ti<\/strong>, qu\u00e9date con nosotros y te contaremos de qu\u00e9 forma puedes terminar tu contrato de arriendo comercial en esta cuarentena.<\/span><\/p>\n<h2><b>As\u00ed llegamos al contrato de arriendo comercial, entremos en contexto\u2026 ?<\/b><\/h2>\n<p><span style=\"font-weight: 400;\">A principios de marzo el coronavirus fue una realidad en nuestro pa\u00eds, desde entonces diferentes medidas de control sanitario y de orden p\u00fablico se han tomado para prevenir y disminuir la propagaci\u00f3n de la pandemia.&nbsp;<\/span><\/p>\n<p><span style=\"font-weight: 400;\">Estas <strong>reducciones en la movilidad, los cierres de establecimientos de comercio, la prohibici\u00f3n de aglomeraciones <\/strong>y dem\u00e1s estrategias, han generado una afectaci\u00f3n en el sector empresarial. ??\u200d\u2640\ufe0fA todas las personas y actores econ\u00f3micos nos ha cambiado la cotidianidad, es un hecho.<\/span><\/p>\n<p><span style=\"font-weight: 400;\">Y bien, esto ha desencadenado que tiendas, restaurantes, bares, ??peluquer\u00edas, entre otros comercios, no hayan podido seguir operando en condiciones normales o de ninguna manera, por lo tanto, han presentado dificultades para pagar los c\u00e1nones de arrendamiento o los servicios p\u00fablicos. <\/span><b>Ante esta realidad, el Gobierno Nacional ha tomado decisiones:<\/b><\/p>\n<h2><b>\u00bfPuedo terminar mi contrato de arriendo comercial? ??<\/b><\/h2>\n<p><b>S\u00ed, puedes<\/b> <b>terminar de forma unilateral el contrato de arrendamiento de tu local comercial. <\/b><span style=\"font-weight: 400;\">As\u00ed lo explic\u00f3<\/span> <span style=\"font-weight: 400;\">el Ministerio de Comercio, Industria y Turismo en el <\/span><a href=\"https:\/\/dapre.presidencia.gov.co\/normativa\/normativa\/DECRETO%20797%20DEL%204%20DE%20JUNIO%20DE%202020.pdf\" target=\"_blank\" rel=\"noopener noreferrer\"><b>Decreto 797<\/b><\/a><b>:&nbsp;<\/b><\/p>\n<p><span style=\"font-weight: 400;\">\u201cEl decreto propone una f\u00f3rmula equilibrada para que los arrendatarios de locales comerciales que llevan m\u00e1s de 2 meses sin percibir ingresos y que no podr\u00e1n abrir sus locales por la emergencia sanitaria, puedan terminar de forma unilateral sus contratos de arrendamiento,<\/span><a href=\"https:\/\/id.presidencia.gov.co\/Paginas\/prensa\/2020\/Gobierno-deja-en-firme-medidas-para-terminacion-de-contratos-de-locales-comerciales-200605.aspx\" target=\"_blank\" rel=\"noopener noreferrer\"><b> mediante el pago de una indemnizaci\u00f3n reducida<\/b><\/a><span style=\"font-weight: 400;\">\u201d, explic\u00f3 el Ministro de Comercio, Industria y Turismo, Jos\u00e9 Manuel Restrepo.<\/span><\/p>\n<p>?<strong><a href=\"https:\/\/www.ciencuadras.com\/blog\/tendencias\/gobierno-nacional-amplia-beneficios-para-pago-de-servicios-publicos\" target=\"_blank\" rel=\"bookmark noopener noreferrer\">Gobierno Nacional ampl\u00eda beneficios para pago de servicios p\u00fablicos&nbsp;<\/a><\/strong><\/p>\n<p>?<strong><a href=\"https:\/\/www.ciencuadras.com\/blog\/consejos-para-arrendar\/que-pasa-si-termino-mi-contrato-de-arrendamiento-antes-de-tiempo\" target=\"_blank\" rel=\"bookmark noopener noreferrer\">\u00bfQu\u00e9 pasa si termino mi contrato de arrendamiento antes de tiempo?<\/a><\/strong><\/p>\n<h2><b>Conoce las condiciones de la terminaci\u00f3n ?<\/b><\/h2>\n<p><span style=\"font-weight: 400;\">Tal como lo apunt\u00f3 el Ministro, hay ciertos requisitos para que puedas terminar unilateralmente el contrato de arriendo comercial. ?Como arrendatario(a) deber\u00e1s estar al d\u00eda con el pago de:<\/span><\/p>\n<ol>\n<li style=\"font-weight: 400;\"><span style=\"font-weight: 400;\">Todos los c\u00e1nones de arrendamiento<\/span><\/li>\n<li style=\"font-weight: 400;\"><span style=\"font-weight: 400;\">Los recibos de servicios p\u00fablicos<\/span><\/li>\n<li style=\"font-weight: 400;\"><span style=\"font-weight: 400;\">Dem\u00e1s obligaciones pecuniarias que te correspondan&nbsp;<\/span><\/li>\n<li style=\"font-weight: 400;\"><span style=\"font-weight: 400;\">Indemnizaci\u00f3n a quien te alquil\u00f3 el local<\/span><\/li>\n<\/ol>\n<p><span style=\"font-weight: 400;\">Ahondemos un poco en este \u00faltimo punto: al terminar de forma unilateral el contrato tendr\u00e1s que pagar <strong>el valor correspondiente a un tercio de la cl\u00e1usula penal pactada en el contrato<\/strong>, ese es el \u00fanico pago por este concepto.&nbsp;<\/span><\/p>\n<blockquote><p><b>No puede haber otra penalidad, multa o sanci\u00f3n, proveniente de la ley o de acuerdos entre las partes\u201d. Decreto 797.<\/b><\/p><\/blockquote>\n<p><span style=\"font-weight: 400;\">\u00bfQu\u00e9 pasa si un contrato no estipula el pago por indemnizaci\u00f3n? En este caso, deber\u00e1s pagar el valor correspondiente a un canon de arrendamiento.<\/span><\/p>\n<p><span style=\"font-weight: 400;\">\u26a0\ufe0fImportante: todas estas obligaciones deben cumplirse hasta la fecha de terminaci\u00f3n del contrato, adem\u00e1s, ten presente que <\/span><b>podr\u00e1s terminar unilateralmente tu contrato de arriendo comercial hasta el 31 de agosto de 2020<\/b><span style=\"font-weight: 400;\">.&nbsp;<\/span><\/p>\n<p><img fetchpriority=\"high\" decoding=\"async\" class=\"alignnone size-full wp-image-80846\" src=\"https:\/\/www.ciencuadras.com\/blog\/wp-content\/uploads\/2020\/07\/bar-cerrado.jpg\" alt=\"bar cerrado\" width=\"760\" height=\"501\" srcset=\"https:\/\/www.ciencuadras.com\/blog\/wp-content\/uploads\/2020\/07\/bar-cerrado.jpg 760w, https:\/\/www.ciencuadras.com\/blog\/wp-content\/uploads\/2020\/07\/bar-cerrado-600x396.jpg 600w, https:\/\/www.ciencuadras.com\/blog\/wp-content\/uploads\/2020\/07\/bar-cerrado-300x198.jpg 300w\" sizes=\"(max-width: 760px) 100vw, 760px\" \/><\/p>\n<h2><b>\u00bfA cu\u00e1les comercios les aplica este Decreto? ?<\/b><\/h2>\n<p><span style=\"font-weight: 400;\">Ojo, esta medida aplica para todos los locales comerciales que desde el 1 de junio de este a\u00f1o no hayan podido prestar la atenci\u00f3n usual al p\u00fablico, por ejemplo:<\/span><\/p>\n<ul>\n<li style=\"font-weight: 400;\"><span style=\"font-weight: 400;\">Bares, discotecas, billares, casinos, bingos y terminales de juego de video. ??\u200d\u2640\ufe0f?<\/span><\/li>\n<li style=\"font-weight: 400;\"><span style=\"font-weight: 400;\">Gimnasios, piscinas, spa, sauna, turco, balnearios, canchas deportivas, parques de atracciones mec\u00e1nicas y parques infantiles.&nbsp;<\/span><\/li>\n<li style=\"font-weight: 400;\"><span style=\"font-weight: 400;\">Cines y teatros. ??<\/span><\/li>\n<li style=\"font-weight: 400;\">Servicios religiosos que impliquen aglomeraciones<span style=\"font-weight: 400;\">.&nbsp;<\/span><\/li>\n<li style=\"font-weight: 400;\"><span style=\"font-weight: 400;\">Alojamiento y servicios de comida.&nbsp;<\/span><\/li>\n<li style=\"font-weight: 400;\"><span style=\"font-weight: 400;\">Eventos de car\u00e1cter p\u00fablico o privado que impliquen aglomeraci\u00f3n de personas.&nbsp;<\/span><\/li>\n<\/ul>\n<h2><b>En caso de que te lo preguntes\u2026 ?<\/b><\/h2>\n<p><b>\u00bfCu\u00e1l es el prop\u00f3sito de esta medida? <\/b><span style=\"font-weight: 400;\">La norma busca un equilibrio de cargas entre las dos partes involucradas en el contrato de arriendo comercial. La idea es que las empresas puedan cubrir otros costos fijos, especialmente los relacionados con la n\u00f3mina de trabajadores.&nbsp;<\/span><\/p>\n<p><b>\u00bfCu\u00e1nto representan para las microempresas los c\u00e1nones de arrendamiento respecto a las utilidades que se perciben en esta actividad comercial?&nbsp;<\/b><span style=\"font-weight: 400;\">Equivalen a un promedio de 15,5% de las utilidades que perciben los establecimientos comerciales en Colombia. En particular, <\/span><a href=\"https:\/\/id.presidencia.gov.co\/Documents\/200605-abc-decreto-797-2020.pdf\" target=\"_blank\" rel=\"noopener noreferrer\"><b>para las microempresas el costo fijo por arrendamiento mensual supera el 24% de sus utilidades<\/b><\/a><span style=\"font-weight: 400;\">, mientras que para las grandes empresas bordea el 16%.&nbsp;<\/span><\/p>\n<p><b>\u00bfQu\u00e9 tipo de contratos quedan excluidos de este decreto? <\/b><span style=\"font-weight: 400;\">Se excluyen de estas disposiciones los contratos de arrendamiento financiero &#8211; leasing.&nbsp;<\/span><\/p>\n<p>?<strong><a href=\"https:\/\/www.ciencuadras.com\/blog\/tendencias\/medidas-del-gobierno-en-el-pago-de-arriendos-frente-al-covid-19\" target=\"_blank\" rel=\"bookmark noopener noreferrer\">Conoce los beneficios para arrendatarios ante Covid-19<\/a><\/strong><\/p>\n<p>?<strong><a href=\"https:\/\/www.ciencuadras.com\/blog\/tendencias\/cuarentena-por-localidades-se-podran-hacer-mudanzas\" target=\"_blank\" rel=\"bookmark noopener noreferrer\">Cuarentena por localidades: \u00bfqu\u00e9 pasa con las mudanzas?<\/a><\/strong><\/p>\n<p><span style=\"font-weight: 400;\">Por \u00faltimo, no olvides que en <\/span><a href=\"https:\/\/www.ciencuadras.com\/\" target=\"_blank\" rel=\"noopener noreferrer\"><b>Ciencuadras<\/b><\/a><span style=\"font-weight: 400;\"> tenemos espacios para ti.?<\/span><\/p>\n<blockquote class=\"wp-embedded-content\" data-secret=\"L6Kw0OSMGh\"><p><a href=\"https:\/\/www.ciencuadras.com\/blog\/tendencias\/sector-inmobiliario-en-colombia-en-2019\">\u00bfC\u00f3mo fue el comportamiento del sector inmobiliario en 2019?<\/a><\/p><\/blockquote>\n<p><iframe class=\"wp-embedded-content\" sandbox=\"allow-scripts\" security=\"restricted\" style=\"position: absolute; clip: rect(1px, 1px, 1px, 1px);\" title=\"&#8220;\u00bfC\u00f3mo fue el comportamiento del sector inmobiliario en 2019?&#8221; &#8212; Contenidos sobre el sector inmobiliario en Colombia | Ciencuadras\" src=\"https:\/\/www.ciencuadras.com\/blog\/tendencias\/sector-inmobiliario-en-colombia-en-2019\/embed#?secret=L6Kw0OSMGh\" data-secret=\"L6Kw0OSMGh\" width=\"600\" height=\"338\" frameborder=\"0\" marginwidth=\"0\" marginheight=\"0\" scrolling=\"no\"><\/iframe><\/p>\n\n","protected":false},"excerpt":{"rendered":"<p>Bajo estas condiciones puedes terminar unilaterlmente tu contrato de arriendo comercial, conoce todos los detalles de este Decreto 797.<\/p>\n","protected":false},"author":9,"featured_media":80844,"comment_status":"open","ping_status":"closed","sticky":false,"template":"","format":"standard","meta":{"footnotes":""},"categories":[6094,2,6101],"tags":[387,49,3902,2656],"acf":[],"yoast_head":"<!-- This site is optimized with the Yoast SEO plugin v15.9 - https:\/\/yoast.com\/wordpress\/plugins\/seo\/ -->\n<title>C\u00f3mo terminar un arriendo comercial en cuarentena | Ciencuadras<\/title>\n<meta name=\"description\" content=\"?Bajo estas condiciones puedes terminar unilaterlmente tu contrato de arriendo comercial, conoce todos los detalles de este Decreto 797.\" \/>\n<meta name=\"robots\" content=\"index, follow, max-snippet:-1, max-image-preview:large, max-video-preview:-1\" \/>\n<link rel=\"canonical\" href=\"https:\/\/www.ciencuadras.com\/blog\/guia-para-vender-inmuebles\/como-terminar-un-arriendo-comercial-en-cuarentena\" \/>\n<meta property=\"og:locale\" content=\"es_ES\" \/>\n<meta property=\"og:type\" content=\"article\" \/>\n<meta property=\"og:title\" content=\"C\u00f3mo terminar un arriendo comercial en cuarentena | Ciencuadras\" \/>\n<meta property=\"og:description\" content=\"?Bajo estas condiciones puedes terminar unilaterlmente tu contrato de arriendo comercial, conoce todos los detalles de este Decreto 797.\" \/>\n<meta property=\"og:url\" content=\"https:\/\/www.ciencuadras.com\/blog\/guia-para-vender-inmuebles\/como-terminar-un-arriendo-comercial-en-cuarentena\" \/>\n<meta property=\"article:publisher\" content=\"https:\/\/www.facebook.com\/ciencuadras\/\" \/>\n<meta property=\"article:author\" content=\"https:\/\/www.facebook.com\/ciencuadras\/\" \/>\n<meta property=\"article:published_time\" content=\"2020-07-28T16:09:09+00:00\" \/>\n<meta property=\"article:modified_time\" content=\"2021-11-11T17:01:35+00:00\" \/>\n<meta property=\"og:image\" content=\"https:\/\/www.ciencuadras.com\/blog\/wp-content\/uploads\/2020\/07\/contrato-de-arrendamiento-local-comercial.jpg\" \/>\n\t<meta property=\"og:image:width\" content=\"1366\" \/>\n\t<meta property=\"og:image:height\" content=\"900\" \/>\n<meta name=\"twitter:card\" content=\"summary_large_image\" \/>\n<meta name=\"twitter:creator\" content=\"@ciencuadras\" \/>\n<meta name=\"twitter:site\" content=\"@ciencuadras\" \/>\n<meta name=\"twitter:label1\" content=\"Est. reading time\">\n\t<meta name=\"twitter:data1\" content=\"4 minutos\">\n<script type=\"application\/ld+json\" class=\"yoast-schema-graph\">{\"@context\":\"https:\/\/schema.org\",\"@graph\":[{\"@type\":\"Organization\",\"@id\":\"https:\/\/www.ciencuadras.com\/blog\/#organization\",\"name\":\"Ciencuadras.com\",\"url\":\"https:\/\/www.ciencuadras.com\/blog\/\",\"sameAs\":[\"https:\/\/www.facebook.com\/ciencuadras\/\",\"https:\/\/www.instagram.com\/ciencuadras\/\",\"https:\/\/co.linkedin.com\/company\/ciencuadras\",\"https:\/\/www.youtube.com\/channel\/UC_f830HP5dUy6OjBIbjtlAw\",\"https:\/\/twitter.com\/ciencuadras\"],\"logo\":{\"@type\":\"ImageObject\",\"@id\":\"https:\/\/www.ciencuadras.com\/blog\/#logo\",\"inLanguage\":\"es-CO\",\"url\":\"\",\"caption\":\"Ciencuadras.com\"},\"image\":{\"@id\":\"https:\/\/www.ciencuadras.com\/blog\/#logo\"}},{\"@type\":\"WebSite\",\"@id\":\"https:\/\/www.ciencuadras.com\/blog\/#website\",\"url\":\"https:\/\/www.ciencuadras.com\/blog\/\",\"name\":\"\",\"description\":\"\",\"publisher\":{\"@id\":\"https:\/\/www.ciencuadras.com\/blog\/#organization\"},\"potentialAction\":[{\"@type\":\"SearchAction\",\"target\":\"https:\/\/www.ciencuadras.com\/blog\/?s={search_term_string}\",\"query-input\":\"required name=search_term_string\"}],\"inLanguage\":\"es-CO\"},{\"@type\":\"ImageObject\",\"@id\":\"https:\/\/www.ciencuadras.com\/blog\/guia-para-vender-inmuebles\/como-terminar-un-arriendo-comercial-en-cuarentena#primaryimage\",\"inLanguage\":\"es-CO\",\"url\":\"https:\/\/www.ciencuadras.com\/blog\/wp-content\/uploads\/2020\/07\/contrato-de-arrendamiento-local-comercial.jpg\",\"width\":1366,\"height\":900,\"caption\":\"contrato de arriendo comercial\"},{\"@type\":\"WebPage\",\"@id\":\"https:\/\/www.ciencuadras.com\/blog\/guia-para-vender-inmuebles\/como-terminar-un-arriendo-comercial-en-cuarentena#webpage\",\"url\":\"https:\/\/www.ciencuadras.com\/blog\/guia-para-vender-inmuebles\/como-terminar-un-arriendo-comercial-en-cuarentena\",\"name\":\"C\\u00f3mo terminar un arriendo comercial en cuarentena | Ciencuadras\",\"isPartOf\":{\"@id\":\"https:\/\/www.ciencuadras.com\/blog\/#website\"},\"primaryImageOfPage\":{\"@id\":\"https:\/\/www.ciencuadras.com\/blog\/guia-para-vender-inmuebles\/como-terminar-un-arriendo-comercial-en-cuarentena#primaryimage\"},\"datePublished\":\"2020-07-28T16:09:09+00:00\",\"dateModified\":\"2021-11-11T17:01:35+00:00\",\"description\":\"?Bajo estas condiciones puedes terminar unilaterlmente tu contrato de arriendo comercial, conoce todos los detalles de este Decreto 797.\",\"breadcrumb\":{\"@id\":\"https:\/\/www.ciencuadras.com\/blog\/guia-para-vender-inmuebles\/como-terminar-un-arriendo-comercial-en-cuarentena#breadcrumb\"},\"inLanguage\":\"es-CO\",\"potentialAction\":[{\"@type\":\"ReadAction\",\"target\":[\"https:\/\/www.ciencuadras.com\/blog\/guia-para-vender-inmuebles\/como-terminar-un-arriendo-comercial-en-cuarentena\"]}]},{\"@type\":\"BreadcrumbList\",\"@id\":\"https:\/\/www.ciencuadras.com\/blog\/guia-para-vender-inmuebles\/como-terminar-un-arriendo-comercial-en-cuarentena#breadcrumb\",\"itemListElement\":[{\"@type\":\"ListItem\",\"position\":1,\"item\":{\"@type\":\"WebPage\",\"@id\":\"https:\/\/www.ciencuadras.com\/blog\",\"url\":\"https:\/\/www.ciencuadras.com\/blog\",\"name\":\"Blog\"}},{\"@type\":\"ListItem\",\"position\":2,\"item\":{\"@type\":\"WebPage\",\"@id\":\"https:\/\/www.ciencuadras.com\/blog\/guia-para-vender-inmuebles\/como-terminar-un-arriendo-comercial-en-cuarentena\",\"url\":\"https:\/\/www.ciencuadras.com\/blog\/guia-para-vender-inmuebles\/como-terminar-un-arriendo-comercial-en-cuarentena\",\"name\":\"\\u00bfPuedo terminar el contrato de arriendo de mi local comercial?\"}}]},{\"@type\":\"Article\",\"@id\":\"https:\/\/www.ciencuadras.com\/blog\/guia-para-vender-inmuebles\/como-terminar-un-arriendo-comercial-en-cuarentena#article\",\"isPartOf\":{\"@id\":\"https:\/\/www.ciencuadras.com\/blog\/guia-para-vender-inmuebles\/como-terminar-un-arriendo-comercial-en-cuarentena#webpage\"},\"author\":{\"@id\":\"https:\/\/www.ciencuadras.com\/blog\/#\/schema\/person\/cc0b32db93618f32995212860cf644f8\"},\"headline\":\"\\u00bfPuedo terminar el contrato de arriendo de mi local comercial?\",\"datePublished\":\"2020-07-28T16:09:09+00:00\",\"dateModified\":\"2021-11-11T17:01:35+00:00\",\"mainEntityOfPage\":{\"@id\":\"https:\/\/www.ciencuadras.com\/blog\/guia-para-vender-inmuebles\/como-terminar-un-arriendo-comercial-en-cuarentena#webpage\"},\"commentCount\":0,\"publisher\":{\"@id\":\"https:\/\/www.ciencuadras.com\/blog\/#organization\"},\"image\":{\"@id\":\"https:\/\/www.ciencuadras.com\/blog\/guia-para-vender-inmuebles\/como-terminar-un-arriendo-comercial-en-cuarentena#primaryimage\"},\"keywords\":\"Consejos para arrendar un inmueble,Normatividad colombiana,Tendencias 2020,Tendencias inmobiliarias\",\"articleSection\":\"Gu\\u00eda de inmuebles comerciales,Gu\\u00eda para Vender inmuebles,Normativa de vivienda\",\"inLanguage\":\"es-CO\",\"potentialAction\":[{\"@type\":\"CommentAction\",\"name\":\"Comment\",\"target\":[\"https:\/\/www.ciencuadras.com\/blog\/guia-para-vender-inmuebles\/como-terminar-un-arriendo-comercial-en-cuarentena#respond\"]}]},{\"@type\":\"Person\",\"@id\":\"https:\/\/www.ciencuadras.com\/blog\/#\/schema\/person\/cc0b32db93618f32995212860cf644f8\",\"name\":\"Redacci\\u00f3n Ciencuadras\",\"description\":\"\\u00a1Hola! Soy el blog de ciencuadras.com, un portal inmobiliario del Grupo Bol\\u00edvar en el que encuentras casas, apartamentos, oficinas, fincas y m\\u00e1s inmuebles en arriendo y venta en toda Colombia. \\ud83d\\udc99Cuando me visitas, adem\\u00e1s de descubrir tu inmueble ideal, puedes estar al d\\u00eda con las noticias del sector inmobiliario y de la construcci\\u00f3n; aprender tips en decoraci\\u00f3n y organizaci\\u00f3n de espacios, y mucho m\\u00e1s.\",\"sameAs\":[\"https:\/\/www.ciencuadras.com\/\",\"https:\/\/www.facebook.com\/ciencuadras\/\",\"https:\/\/www.instagram.com\/ciencuadras\/\",\"https:\/\/www.linkedin.com\/company\/ciencuadras\/\",\"https:\/\/twitter.com\/ciencuadras\",\"https:\/\/www.youtube.com\/channel\/UC_f830HP5dUy6OjBIbjtlAw\"]}]}<\/script>\n<!-- \/ Yoast SEO plugin. -->","_links":{"self":[{"href":"https:\/\/www.ciencuadras.com\/blog\/wp-json\/wp\/v2\/posts\/80843"}],"collection":[{"href":"https:\/\/www.ciencuadras.com\/blog\/wp-json\/wp\/v2\/posts"}],"about":[{"href":"https:\/\/www.ciencuadras.com\/blog\/wp-json\/wp\/v2\/types\/post"}],"author":[{"embeddable":true,"href":"https:\/\/www.ciencuadras.com\/blog\/wp-json\/wp\/v2\/users\/9"}],"replies":[{"embeddable":true,"href":"https:\/\/www.ciencuadras.com\/blog\/wp-json\/wp\/v2\/comments?post=80843"}],"version-history":[{"count":12,"href":"https:\/\/www.ciencuadras.com\/blog\/wp-json\/wp\/v2\/posts\/80843\/revisions"}],"predecessor-version":[{"id":86029,"href":"https:\/\/www.ciencuadras.com\/blog\/wp-json\/wp\/v2\/posts\/80843\/revisions\/86029"}],"wp:featuredmedia":[{"embeddable":true,"href":"https:\/\/www.ciencuadras.com\/blog\/wp-json\/wp\/v2\/media\/80844"}],"wp:attachment":[{"href":"https:\/\/www.ciencuadras.com\/blog\/wp-json\/wp\/v2\/media?parent=80843"}],"wp:term":[{"taxonomy":"category","embeddable":true,"href":"https:\/\/www.ciencuadras.com\/blog\/wp-json\/wp\/v2\/categories?post=80843"},{"taxonomy":"post_tag","embeddable":true,"href":"https:\/\/www.ciencuadras.com\/blog\/wp-json\/wp\/v2\/tags?post=80843"}],"curies":[{"name":"wp","href":"https:\/\/api.w.org\/{rel}","templated":true}]}}