{"id":81053,"date":"2020-08-06T08:59:02","date_gmt":"2020-08-06T13:59:02","guid":{"rendered":"https:\/\/www.ciencuadras.com\/blog\/?p=81053"},"modified":"2022-09-30T11:45:25","modified_gmt":"2022-09-30T16:45:25","slug":"ivam-presenta-la-exposicion-cual-es-nuestro-hogar","status":"publish","type":"post","link":"https:\/\/www.ciencuadras.com\/blog\/decoracion\/ivam-presenta-la-exposicion-cual-es-nuestro-hogar","title":{"rendered":"\u00bfCu\u00e1l es el significado del hogar para ti?"},"content":{"rendered":"\n<p><span style=\"font-weight: 400;\">Motivados por una ?exhibici\u00f3n de arte que se est\u00e1 presentando en Espa\u00f1a, <\/span><b>hoy nos hacemos la pregunta por el verdadero sentido de la palabra hogar<\/b><span style=\"font-weight: 400;\">. Tal vez te sorprendan un poco estas letras, no son tan usuales en el blog de Ciencuadras&#8230; Pero en esta ocasi\u00f3n, nos daremos la oportunidad de pensar en lo que es una vivienda, m\u00e1s all\u00e1 de las cuatro paredes.<\/span><\/p>\n\n\n\n<p><span style=\"font-weight: 400;\">Y es que no tenemos elecci\u00f3n&#8230; \u00bfo t\u00fa no te has preguntado en estos meses de aislamiento si tienes el espacio ideal? <strong>\u00bfSi tu casa es lo suficientemente amplia y c\u00f3moda para trabajar sin salir de ella, <a href=\"https:\/\/www.ciencuadras.com\/blog\/tendencias\/como-hacer-un-gimnasio-en-casa-para-entrenar-en-cuarentena\" target=\"_blank\" rel=\"noopener noreferrer\">hacer ejercicio<\/a>, jugar con tu hija o solo pasar tiempo con tu hijo?<\/strong> Definitivamente s\u00ed, ahora mucho m\u00e1s que antes, nos hemos cuestionado esto, por eso te invitamos a que nos acompa\u00f1es en estas palabras un tanto filos\u00f3ficas\u2026<\/span><\/p>\n\n\n\n<p><strong><a href=\"https:\/\/www.ciencuadras.com\/blog\/tendencias\/test-de-personalidad-que-dice-mi-casa-de-mi\" target=\"_blank\" rel=\"bookmark noopener noreferrer\">Dime c\u00f3mo eres y te dir\u00e9 c\u00f3mo decorar tu hogar<\/a><\/strong><\/p>\n\n\n\n<p><strong><a href=\"https:\/\/www.ciencuadras.com\/blog\/decoracion\/ideas-para-renovar-tu-casa-durante-la-cuarentena\" target=\"_blank\" rel=\"bookmark noopener noreferrer\">Dale un nuevo aire a tu hogar en esta \u00e9poca de cuarentena<\/a><\/strong><\/p>\n\n\n\n<h2 class=\"wp-block-heading\"><b>El significado de la palabra hogar <\/b><\/h2>\n\n\n\n<p><b>\u00bfD\u00f3nde queda tu casa?<\/b><span style=\"font-weight: 400;\">, \u00bfest\u00e1 en la vivienda de tu infancia, en la casa de tus padres o en el apartamento en el que vives en la actualidad? Para acercarnos a las respuestas de estas preguntas, empezaremos por acudir a la <\/span><b>RAE<\/b><span style=\"font-weight: 400;\">, que se\u00f1ala varios <\/span><a href=\"https:\/\/dle.rae.es\/hogar\" target=\"_blank\" rel=\"noopener noreferrer\"><b>significados para la palabra hogar<\/b><\/a><span style=\"font-weight: 400;\">: \u2b07\ufe0f<\/span><\/p>\n\n\n\n<ol><li><span style=\"font-weight: 400;\">Sitio donde se hace la lumbre en las cocinas, chimeneas, hornos de fundici\u00f3n, etc.<\/span><\/li><li><span style=\"font-weight: 400;\">Casa o domicilio. <\/span><\/li><li><span style=\"font-weight: 400;\">Familia, grupo de personas emparentadas que viven juntas.?\u200d?<\/span><\/li><\/ol>\n\n\n\n<p><span style=\"font-weight: 400;\">Estas definiciones tienen en com\u00fan un <\/span><b>espacio f\u00edsico que conecta experiencias y une personas<\/b><span style=\"font-weight: 400;\">, pero tal vez para pasar de tener una casa a un hogar se requiera algo m\u00e1s. Con el prop\u00f3sito de comprender todo esto que estamos conversando veamos lo que sugiere la exposici\u00f3n art\u00edstica que mencionamos antes.<\/span><\/p>\n\n\n\n<h2 class=\"wp-block-heading\"><b>Una exhibici\u00f3n de arte que nos lleva a casa <\/b><\/h2>\n\n\n\n<p><b>El Instituto Valenciano de Arte Moderno (IVAM)<\/b><span style=\"font-weight: 400;\"> est\u00e1 presentando la exposici\u00f3n <\/span><a href=\"https:\/\/www.ivam.es\/es\/exposiciones\/cual-es-nuestro-hogar\/\" target=\"_blank\" rel=\"noopener noreferrer\"><b><i>\u00bfCu\u00e1l es nuestro hogar?<\/i><\/b><\/a><span style=\"font-weight: 400;\"> Esta exhibici\u00f3n re\u00fane un conjunto de obras del IVAM y algunas piezas importantes de la colecci\u00f3n del <\/span><b>Museo Nazionale delle Arti del XXI Secolo (MAXXi)<\/b><span style=\"font-weight: 400;\"> de Roma.<\/span><\/p>\n\n\n\n<p><span style=\"font-weight: 400;\">Todas las obras son una reflexi\u00f3n acerca del espacio habitado, <\/span><b>un cuestionamiento sobre la ciudad o el hogar, la comunidad o el refugio personal.&nbsp;<\/b><\/p>\n\n\n\n<blockquote class=\"instagram-media\" style=\"background: #FFF; border: 0; border-radius: 3px; box-shadow: 0 0 1px 0 rgba(0,0,0,0.5),0 1px 10px 0 rgba(0,0,0,0.15); margin: 1px; max-width: 540px; min-width: 326px; padding: 0; width: calc(100% - 2px);\" data-instgrm-permalink=\"https:\/\/www.instagram.com\/tv\/CCnKtnnDzeX\/?utm_source=ig_embed&amp;utm_campaign=loading\" data-instgrm-version=\"12\"><div style=\"padding: 16px;\">\n<div style=\"display: flex; flex-direction: row; align-items: center;\">\n<div style=\"background-color: #f4f4f4; border-radius: 50%; flex-grow: 0; height: 40px; margin-right: 14px; width: 40px;\"><\/div>\n<div style=\"display: flex; flex-direction: column; flex-grow: 1; justify-content: center;\">\n<div style=\"background-color: #f4f4f4; border-radius: 4px; flex-grow: 0; height: 14px; margin-bottom: 6px; width: 100px;\"><\/div>\n<div style=\"background-color: #f4f4f4; border-radius: 4px; flex-grow: 0; height: 14px; width: 60px;\"><\/div>\n<\/div>\n<\/div>\n<div style=\"padding: 19% 0;\"><\/div>\n<div style=\"display: block; height: 50px; margin: 0 auto 12px; width: 50px;\"><\/div>\n<div style=\"padding-top: 8px;\">\n<div style=\"color: #3897f0; font-family: Arial,sans-serif; font-size: 14px; font-style: normal; font-weight: 550; line-height: 18px;\">Ver esta publicaci\u00f3n en Instagram<\/div>\n<\/div>\n<div style=\"padding: 12.5% 0;\"><\/div>\n<div style=\"display: flex; flex-direction: row; margin-bottom: 14px; align-items: center;\">\n<div>\n<div style=\"background-color: #f4f4f4; border-radius: 50%; height: 12.5px; width: 12.5px; transform: translateX(0px) translateY(7px);\"><\/div>\n<div style=\"background-color: #f4f4f4; height: 12.5px; transform: rotate(-45deg) translateX(3px) translateY(1px); width: 12.5px; flex-grow: 0; margin-right: 14px; margin-left: 2px;\"><\/div>\n<div style=\"background-color: #f4f4f4; border-radius: 50%; height: 12.5px; width: 12.5px; transform: translateX(9px) translateY(-18px);\"><\/div>\n<\/div>\n<div style=\"margin-left: 8px;\">\n<div style=\"background-color: #f4f4f4; border-radius: 50%; flex-grow: 0; height: 20px; width: 20px;\"><\/div>\n<div style=\"width: 0; height: 0; border-top: 2px solid transparent; border-left: 6px solid #f4f4f4; border-bottom: 2px solid transparent; transform: translateX(16px) translateY(-4px) rotate(30deg);\"><\/div>\n<\/div>\n<div style=\"margin-left: auto;\">\n<div style=\"width: 0px; border-top: 8px solid #F4F4F4; border-right: 8px solid transparent; transform: translateY(16px);\"><\/div>\n<div style=\"background-color: #f4f4f4; flex-grow: 0; height: 12px; width: 16px; transform: translateY(-4px);\"><\/div>\n<div style=\"width: 0; height: 0; border-top: 8px solid #F4F4F4; border-left: 8px solid transparent; transform: translateY(-4px) translateX(8px);\"><\/div>\n<\/div>\n<\/div>\n<div style=\"display: flex; flex-direction: column; flex-grow: 1; justify-content: center; margin-bottom: 24px;\">\n<div style=\"background-color: #f4f4f4; border-radius: 4px; flex-grow: 0; height: 14px; margin-bottom: 6px; width: 224px;\"><\/div>\n<div style=\"background-color: #f4f4f4; border-radius: 4px; flex-grow: 0; height: 14px; width: 144px;\"><\/div>\n<\/div>\n<p style=\"color: #c9c8cd; font-family: Arial,sans-serif; font-size: 14px; line-height: 17px; margin-bottom: 0; margin-top: 8px; overflow: hidden; padding: 8px 0 7px; text-align: center; text-overflow: ellipsis; white-space: nowrap;\"><a style=\"color: #c9c8cd; font-family: Arial,sans-serif; font-size: 14px; font-style: normal; font-weight: normal; line-height: 17px; text-decoration: none;\" href=\"https:\/\/www.instagram.com\/tv\/CCnKtnnDzeX\/?utm_source=ig_embed&amp;utm_campaign=loading\" target=\"_blank\" rel=\"noopener noreferrer\">Una publicaci\u00f3n compartida por IVAM (@gva_ivam)<\/a> el <time style=\"font-family: Arial,sans-serif; font-size: 14px; line-height: 17px;\" datetime=\"2020-07-14T06:12:51+00:00\">13 de Jul de 2020 a las 11:12 PDT<\/time><\/p>\n<\/div><\/blockquote>\n\n\n\n<p><script async=\"\" src=\"\/\/www.instagram.com\/embed.js\"><\/script><\/p>\n\n\n\n<p><span style=\"font-weight: 400;\">De acuerdo con Jos\u00e9 Miguel G. Cort\u00e9s, comisario de la exposici\u00f3n, en esta exhibici\u00f3n\u00a0 se presentan \u201cun conjunto de ideas y proyectos que entienden <\/span><a href=\"https:\/\/www.ivam.es\/wp-content\/uploads\/exposiciones\/cual-es-nuestro-hogar\/DOSSIER-maxxi-CAST-BAJA.pdf\" target=\"_blank\" rel=\"noopener noreferrer\"><b>la arquitectura como una estructura que condensa un mundo f\u00edsico<\/b><\/a><span style=\"font-weight: 400;\">. Como el deseo de construir un lugar (un cobijo, una guarida, una casa, un hogar\u2026) definido por las personas que lo usan, como si fuese una versi\u00f3n (m\u00e1s o menos libre) de nosotros mismos\u201d.\u00a0<\/span><\/p>\n\n\n\n<blockquote class=\"wp-block-quote\"><p style=\"text-align: center;\"><b>Son proyectos\/experiencias espaciales, que nos plantean la posibilidad de entender los edificios, los mapas, los espacios urbanos o los lugares privados, como versiones de nuestros propios cuerpos\u201d. Jos\u00e9 Miguel G. Cort\u00e9s, comisario de la exposici\u00f3n.<\/b><\/p><\/blockquote>\n\n\n\n<p><span style=\"font-weight: 400;\">En definitiva, las obras que se pueden ver en <\/span><b><i>\u00bfCu\u00e1l es nuestro hogar?<\/i><\/b><span style=\"font-weight: 400;\"> nos ayudan a comprender que <\/span><b>existen m\u00faltiples maneras de entender y de crear nuestro hogar<\/b><span style=\"font-weight: 400;\">, nos llevan a pensar que para que el lugar que habitamos de verdad se pueda llamar hogar debe convertirse en una extensi\u00f3n de nuestro propio ser. <\/span><b>\u00bfListo(a) para ver un poco de esta exhibici\u00f3n?\u00a0<\/b><\/p>\n\n\n\n<h2 class=\"wp-block-heading\"><b>3 obras de arte que inspiran <\/b><\/h2>\n\n\n\n<p><span style=\"font-weight: 400;\">En este abrebocas tendremos tres de las obras que se est\u00e1n presentando, en t\u00e9rminos generales, cada una refleja que <\/span><b>los espacios tienen sentido a partir de todas las vivencias que tenemos en su interior. <\/b><span style=\"font-weight: 400;\">\u00a1Vamos a verlas!<\/span><\/p>\n\n\n\n<h2 class=\"wp-block-heading\"><b>Faradayurt, 2001<\/b><\/h2>\n\n\n\n<figure class=\"wp-block-image alignnone wp-image-81054 size-full\"><img fetchpriority=\"high\" decoding=\"async\" width=\"1366\" height=\"912\" src=\"https:\/\/www.ciencuadras.com\/blog\/wp-content\/uploads\/2020\/08\/Faradayurt-2001-Jana-Sterbak.-Fondazione-MAXXi.jpg\" alt=\"Faradayurt (2001), Jana Sterbak. Fondazione MAXXi\u00a0\" class=\"wp-image-81054\" srcset=\"https:\/\/www.ciencuadras.com\/blog\/wp-content\/uploads\/2020\/08\/Faradayurt-2001-Jana-Sterbak.-Fondazione-MAXXi.jpg 1366w, https:\/\/www.ciencuadras.com\/blog\/wp-content\/uploads\/2020\/08\/Faradayurt-2001-Jana-Sterbak.-Fondazione-MAXXi-600x401.jpg 600w, https:\/\/www.ciencuadras.com\/blog\/wp-content\/uploads\/2020\/08\/Faradayurt-2001-Jana-Sterbak.-Fondazione-MAXXi-300x200.jpg 300w, https:\/\/www.ciencuadras.com\/blog\/wp-content\/uploads\/2020\/08\/Faradayurt-2001-Jana-Sterbak.-Fondazione-MAXXi-1024x684.jpg 1024w, https:\/\/www.ciencuadras.com\/blog\/wp-content\/uploads\/2020\/08\/Faradayurt-2001-Jana-Sterbak.-Fondazione-MAXXi-768x513.jpg 768w\" sizes=\"(max-width: 1366px) 100vw, 1366px\" \/><figcaption>Faradayurt (2001), Jana Sterbak. Fondazione MAXXi<\/figcaption><\/figure>\n\n\n\n<p><span style=\"font-weight: 400;\">La artista Jana Sterbak (Praga, 1955) cre\u00f3 este <\/span><b>hogar protegido de cualquier tipo de influencia que pueda alterar la identidad individual de cada persona<\/b><span style=\"font-weight: 400;\">.&nbsp;<\/span><\/p>\n\n\n\n<p><span style=\"font-weight: 400;\">Esta es una yurta (vivienda de los pueblos n\u00f3madas) realizada con poli\u00e9ster y recubierta de cobre, unos materiales especialmente apropiados para crear <\/span><b>un espacio que nos permite un<\/b> <b>doble aislamiento de nuestro entorno<\/b><span style=\"font-weight: 400;\">:&nbsp;<\/span><\/p>\n\n\n\n<ol><li><span style=\"font-weight: 400;\">Impide el ingreso de ondas electromagn\u00e9ticas generadas por los tel\u00e9fonos m\u00f3viles, la televisi\u00f3n o la radio. <\/span><\/li><li><span style=\"font-weight: 400;\">Es un lugar de soledad mental que permite el desarrollo de los sue\u00f1os y la imaginaci\u00f3n. <\/span><\/li><\/ol>\n\n\n\n<h3 class=\"wp-block-heading\"><b>Senza titolo (Triplo igloo) 1984\u20132002<\/b><\/h3>\n\n\n\n<figure class=\"wp-block-image alignnone size-full wp-image-81055\"><img decoding=\"async\" width=\"2560\" height=\"1813\" src=\"https:\/\/www.ciencuadras.com\/blog\/wp-content\/uploads\/2020\/08\/Senza-titolo-Triplo-igloo-1-984-2002-compressed-min-1.jpg\" alt=\"Senza titolo (Triplo igloo), 1 984-2002. Mario Merz. Fondazione MAXXi\" class=\"wp-image-81055\" srcset=\"https:\/\/www.ciencuadras.com\/blog\/wp-content\/uploads\/2020\/08\/Senza-titolo-Triplo-igloo-1-984-2002-compressed-min-1.jpg 2560w, https:\/\/www.ciencuadras.com\/blog\/wp-content\/uploads\/2020\/08\/Senza-titolo-Triplo-igloo-1-984-2002-compressed-min-1-600x425.jpg 600w, https:\/\/www.ciencuadras.com\/blog\/wp-content\/uploads\/2020\/08\/Senza-titolo-Triplo-igloo-1-984-2002-compressed-min-1-300x212.jpg 300w, https:\/\/www.ciencuadras.com\/blog\/wp-content\/uploads\/2020\/08\/Senza-titolo-Triplo-igloo-1-984-2002-compressed-min-1-1024x725.jpg 1024w, https:\/\/www.ciencuadras.com\/blog\/wp-content\/uploads\/2020\/08\/Senza-titolo-Triplo-igloo-1-984-2002-compressed-min-1-768x544.jpg 768w, https:\/\/www.ciencuadras.com\/blog\/wp-content\/uploads\/2020\/08\/Senza-titolo-Triplo-igloo-1-984-2002-compressed-min-1-1536x1088.jpg 1536w, https:\/\/www.ciencuadras.com\/blog\/wp-content\/uploads\/2020\/08\/Senza-titolo-Triplo-igloo-1-984-2002-compressed-min-1-2048x1450.jpg 2048w\" sizes=\"(max-width: 2560px) 100vw, 2560px\" \/><figcaption>Senza titolo (Triplo igloo), 1 984-2002. Mario Merz. Fondazione MAXXi<\/figcaption><\/figure>\n\n\n\n<p><b>\u00bfQu\u00e9 ves en la imagen?<\/b><span style=\"font-weight: 400;\"> ?S\u00ed, es un igl\u00fa. Mario Merz (Mil\u00e1n 1925-2003) recre\u00f3 durante su vida estas casas de nieve con diferentes formatos y con muy distintos materiales y t\u00e9cnicas.<\/span><\/p>\n\n\n\n<p><span style=\"font-weight: 400;\">En esta obra, el artista muestra que <\/span><b>las formas arquitect\u00f3nicas ya no son tan solo un lugar o un hogar en el que refugiarse f\u00edsicamente, sino tambi\u00e9n un espacio mental que sirve como elemento metaf\u00f3rico para muchas de las preocupaciones de las personas.&nbsp;<\/b><\/p>\n\n\n\n<p><span style=\"font-weight: 400;\">Esta es una estructura inestable en la que se relaciona el interior y el exterior (especialmente en este modelo hecho de vidrio), y que cuestiona acerca de c\u00f3mo las formas arquitect\u00f3nicas y sus materiales condicionan nuestros actos cotidianos.<\/span><\/p>\n\n\n\n<p><strong><a href=\"https:\/\/www.ciencuadras.com\/blog\/orden-y-limpieza-hogar\/como-liberar-la-casa-de-malas-energias\" target=\"_blank\" rel=\"bookmark noopener noreferrer\">\u00a1Pa\u2019 fuera, pa\u2019 la calle! Saca de tu hogar las malas energ\u00edas<\/a><\/strong><\/p>\n\n\n\n<p><strong><a href=\"https:\/\/www.ciencuadras.com\/blog\/tendencias\/pantone-azul-clasico-es-el-color-tendencia-2020\" target=\"_blank\" rel=\"bookmark noopener noreferrer\">\u00bfC\u00f3mo incluir el color del 2020 en la decoraci\u00f3n de tu hogar?<\/a><\/strong><\/p>\n\n\n\n<h3 class=\"wp-block-heading\"><b>Cultural Traffic: from the Global Border to the Border Neighbourhood, 2010 <\/b><\/h3>\n\n\n\n<figure class=\"wp-block-image alignnone size-full wp-image-81056\"><img decoding=\"async\" width=\"1417\" height=\"1014\" src=\"https:\/\/www.ciencuadras.com\/blog\/wp-content\/uploads\/2020\/08\/Teddy-Cruz_Cultural-traffic_-From-the-global-border-to-the-border-neighbourhood_-2010-min-1.jpg\" alt=\"Cultural Traffic: from the Global Border to the Border Neighbourhood (2010). Teddy Cruz. Fondazione MAXX\" class=\"wp-image-81056\" srcset=\"https:\/\/www.ciencuadras.com\/blog\/wp-content\/uploads\/2020\/08\/Teddy-Cruz_Cultural-traffic_-From-the-global-border-to-the-border-neighbourhood_-2010-min-1.jpg 1417w, https:\/\/www.ciencuadras.com\/blog\/wp-content\/uploads\/2020\/08\/Teddy-Cruz_Cultural-traffic_-From-the-global-border-to-the-border-neighbourhood_-2010-min-1-600x429.jpg 600w, https:\/\/www.ciencuadras.com\/blog\/wp-content\/uploads\/2020\/08\/Teddy-Cruz_Cultural-traffic_-From-the-global-border-to-the-border-neighbourhood_-2010-min-1-300x215.jpg 300w, https:\/\/www.ciencuadras.com\/blog\/wp-content\/uploads\/2020\/08\/Teddy-Cruz_Cultural-traffic_-From-the-global-border-to-the-border-neighbourhood_-2010-min-1-1024x733.jpg 1024w, https:\/\/www.ciencuadras.com\/blog\/wp-content\/uploads\/2020\/08\/Teddy-Cruz_Cultural-traffic_-From-the-global-border-to-the-border-neighbourhood_-2010-min-1-768x550.jpg 768w\" sizes=\"(max-width: 1417px) 100vw, 1417px\" \/><figcaption>Cultural Traffic: from the Global Border to the Border Neighbourhood (2010). Teddy Cruz. Fondazione MAXX<\/figcaption><\/figure>\n\n\n\n<p><b>\u00bfUna ciudad o un pa\u00eds tambi\u00e9n pueden ser llamados hogar?<\/b><span style=\"font-weight: 400;\"> Con este interrogante te presentamos esta obra del arquitecto Teddy Cruz (Guatemala, 1962), compuesta por m\u00e1s de 300 conos de tr\u00e1fico?que forman un peque\u00f1o pabell\u00f3n redondo en cuyo interior se proyectan diversos videos.&nbsp;<\/span><\/p>\n\n\n\n<p><span style=\"font-weight: 400;\">Como puedes ver en la imagen, objetos de uso cotidiano, como los conos blancos y rojos, se convierten en un arma que nos mantiene alerta y no nos permite acercarnos demasiado. Esta es una clara alusi\u00f3n a las <\/span><b>fronteras\/barreras como lugar de separaci\u00f3n y diferencia<\/b><span style=\"font-weight: 400;\">, una contundente cr\u00edtica respecto a la creaci\u00f3n de mapas que lejos de unir, dividen.<\/span><\/p>\n\n\n<div data-opinionstage-embed-url=\"https:\/\/www.opinionstage.com\/api\/v1\/polls\/2670185\/code.json?width=\" style=\"display: none; visibility: hidden;\"><\/div>\n\n\n\n<p><b>\u00bfQu\u00e9 tal te ha parecido la exposici\u00f3n hasta ahora? ?<\/b><span style=\"font-weight: 400;\">An\u00edmate a conocer m\u00e1s de esta exhibici\u00f3n, que inici\u00f3 desde el pasado 16 de julio de este a\u00f1o y estar\u00e1 abierta al p\u00fablico hasta el 31 de enero de 2021.<\/span><\/p>\n\n\n\n<p><span style=\"font-weight: 400;\">Ahora, \u00bfqu\u00e9 tal si nos cuentas en los comentarios qu\u00e9 significa para ti pasar de tener una casa a tener un hogar? <\/span><b>D\u00e9janos saber lo que para ti quiere decir esta palabra y si crees que tienes m\u00e1s de un espacio al que puedes llamar: hogar<\/b><span style=\"font-weight: 400;\">. \u00a1Te leemos! Ah, y no olvides que en <\/span><a href=\"https:\/\/www.ciencuadras.com\/\" target=\"_blank\" rel=\"noopener noreferrer\"><b>Ciencuadras <\/b><\/a><span style=\"font-weight: 400;\">tenemos espacios que llenan tu vida. <\/span><\/p>\n\n\n\n<p><\/p>\n\n","protected":false},"excerpt":{"rendered":"<p>Inspirados en la exposici\u00f3n de arte del IVAM nos preguntamos por el significado de la palabra &#8220;hogar&#8221;. Y para ti, \u00bfqu\u00e9 quiere decir? <\/p>\n","protected":false},"author":9,"featured_media":81058,"comment_status":"open","ping_status":"closed","sticky":false,"template":"","format":"standard","meta":{"footnotes":""},"categories":[3386,8,10],"tags":[40,36,31,5428,15],"acf":[],"yoast_head":"<!-- This site is optimized with the Yoast SEO plugin v15.9 - https:\/\/yoast.com\/wordpress\/plugins\/seo\/ -->\n<title>IVAM presenta la exposici\u00f3n \u00bfCu\u00e1l es nuestro hogar? | Ciencuadras<\/title>\n<meta name=\"description\" content=\"Inspirados en la exposici\u00f3n de arte del IVAM nos preguntamos por el significado de la palabra &quot;hogar&quot;. \u00bfY para ti qu\u00e9 quiere decir?\" \/>\n<meta name=\"robots\" content=\"index, follow, max-snippet:-1, max-image-preview:large, max-video-preview:-1\" \/>\n<link rel=\"canonical\" href=\"https:\/\/www.ciencuadras.com\/blog\/decoracion\/ivam-presenta-la-exposicion-cual-es-nuestro-hogar\" \/>\n<meta property=\"og:locale\" content=\"es_ES\" \/>\n<meta property=\"og:type\" content=\"article\" \/>\n<meta property=\"og:title\" content=\"IVAM presenta la exposici\u00f3n \u00bfCu\u00e1l es nuestro hogar? | Ciencuadras\" \/>\n<meta property=\"og:description\" content=\"Inspirados en la exposici\u00f3n de arte del IVAM nos preguntamos por el significado de la palabra &quot;hogar&quot;. \u00bfY para ti qu\u00e9 quiere decir?\" \/>\n<meta property=\"og:url\" content=\"https:\/\/www.ciencuadras.com\/blog\/decoracion\/ivam-presenta-la-exposicion-cual-es-nuestro-hogar\" \/>\n<meta property=\"article:publisher\" content=\"https:\/\/www.facebook.com\/ciencuadras\/\" \/>\n<meta property=\"article:author\" content=\"https:\/\/www.facebook.com\/ciencuadras\/\" \/>\n<meta property=\"article:published_time\" content=\"2020-08-06T13:59:02+00:00\" \/>\n<meta property=\"article:modified_time\" content=\"2022-09-30T16:45:25+00:00\" \/>\n<meta property=\"og:image\" content=\"https:\/\/www.ciencuadras.com\/blog\/wp-content\/uploads\/2020\/08\/significado-de-hogar.jpg\" \/>\n\t<meta property=\"og:image:width\" content=\"760\" \/>\n\t<meta property=\"og:image:height\" content=\"501\" \/>\n<meta name=\"twitter:card\" content=\"summary_large_image\" \/>\n<meta name=\"twitter:creator\" content=\"@ciencuadras\" \/>\n<meta name=\"twitter:site\" content=\"@ciencuadras\" \/>\n<meta name=\"twitter:label1\" content=\"Est. reading time\">\n\t<meta name=\"twitter:data1\" content=\"6 minutos\">\n<script type=\"application\/ld+json\" class=\"yoast-schema-graph\">{\"@context\":\"https:\/\/schema.org\",\"@graph\":[{\"@type\":\"Organization\",\"@id\":\"https:\/\/www.ciencuadras.com\/blog\/#organization\",\"name\":\"Ciencuadras.com\",\"url\":\"https:\/\/www.ciencuadras.com\/blog\/\",\"sameAs\":[\"https:\/\/www.facebook.com\/ciencuadras\/\",\"https:\/\/www.instagram.com\/ciencuadras\/\",\"https:\/\/co.linkedin.com\/company\/ciencuadras\",\"https:\/\/www.youtube.com\/channel\/UC_f830HP5dUy6OjBIbjtlAw\",\"https:\/\/twitter.com\/ciencuadras\"],\"logo\":{\"@type\":\"ImageObject\",\"@id\":\"https:\/\/www.ciencuadras.com\/blog\/#logo\",\"inLanguage\":\"es-CO\",\"url\":\"\",\"caption\":\"Ciencuadras.com\"},\"image\":{\"@id\":\"https:\/\/www.ciencuadras.com\/blog\/#logo\"}},{\"@type\":\"WebSite\",\"@id\":\"https:\/\/www.ciencuadras.com\/blog\/#website\",\"url\":\"https:\/\/www.ciencuadras.com\/blog\/\",\"name\":\"\",\"description\":\"\",\"publisher\":{\"@id\":\"https:\/\/www.ciencuadras.com\/blog\/#organization\"},\"potentialAction\":[{\"@type\":\"SearchAction\",\"target\":\"https:\/\/www.ciencuadras.com\/blog\/?s={search_term_string}\",\"query-input\":\"required name=search_term_string\"}],\"inLanguage\":\"es-CO\"},{\"@type\":\"ImageObject\",\"@id\":\"https:\/\/www.ciencuadras.com\/blog\/decoracion\/ivam-presenta-la-exposicion-cual-es-nuestro-hogar#primaryimage\",\"inLanguage\":\"es-CO\",\"url\":\"https:\/\/www.ciencuadras.com\/blog\/wp-content\/uploads\/2020\/08\/significado-de-hogar.jpg\",\"width\":760,\"height\":501},{\"@type\":\"WebPage\",\"@id\":\"https:\/\/www.ciencuadras.com\/blog\/decoracion\/ivam-presenta-la-exposicion-cual-es-nuestro-hogar#webpage\",\"url\":\"https:\/\/www.ciencuadras.com\/blog\/decoracion\/ivam-presenta-la-exposicion-cual-es-nuestro-hogar\",\"name\":\"IVAM presenta la exposici\\u00f3n \\u00bfCu\\u00e1l es nuestro hogar? | Ciencuadras\",\"isPartOf\":{\"@id\":\"https:\/\/www.ciencuadras.com\/blog\/#website\"},\"primaryImageOfPage\":{\"@id\":\"https:\/\/www.ciencuadras.com\/blog\/decoracion\/ivam-presenta-la-exposicion-cual-es-nuestro-hogar#primaryimage\"},\"datePublished\":\"2020-08-06T13:59:02+00:00\",\"dateModified\":\"2022-09-30T16:45:25+00:00\",\"description\":\"Inspirados en la exposici\\u00f3n de arte del IVAM nos preguntamos por el significado de la palabra \\\"hogar\\\". \\u00bfY para ti qu\\u00e9 quiere decir?\",\"breadcrumb\":{\"@id\":\"https:\/\/www.ciencuadras.com\/blog\/decoracion\/ivam-presenta-la-exposicion-cual-es-nuestro-hogar#breadcrumb\"},\"inLanguage\":\"es-CO\",\"potentialAction\":[{\"@type\":\"ReadAction\",\"target\":[\"https:\/\/www.ciencuadras.com\/blog\/decoracion\/ivam-presenta-la-exposicion-cual-es-nuestro-hogar\"]}]},{\"@type\":\"BreadcrumbList\",\"@id\":\"https:\/\/www.ciencuadras.com\/blog\/decoracion\/ivam-presenta-la-exposicion-cual-es-nuestro-hogar#breadcrumb\",\"itemListElement\":[{\"@type\":\"ListItem\",\"position\":1,\"item\":{\"@type\":\"WebPage\",\"@id\":\"https:\/\/www.ciencuadras.com\/blog\",\"url\":\"https:\/\/www.ciencuadras.com\/blog\",\"name\":\"Blog\"}},{\"@type\":\"ListItem\",\"position\":2,\"item\":{\"@type\":\"WebPage\",\"@id\":\"https:\/\/www.ciencuadras.com\/blog\/decoracion\/ivam-presenta-la-exposicion-cual-es-nuestro-hogar\",\"url\":\"https:\/\/www.ciencuadras.com\/blog\/decoracion\/ivam-presenta-la-exposicion-cual-es-nuestro-hogar\",\"name\":\"\\u00bfCu\\u00e1l es el significado del hogar para ti?\"}}]},{\"@type\":\"Article\",\"@id\":\"https:\/\/www.ciencuadras.com\/blog\/decoracion\/ivam-presenta-la-exposicion-cual-es-nuestro-hogar#article\",\"isPartOf\":{\"@id\":\"https:\/\/www.ciencuadras.com\/blog\/decoracion\/ivam-presenta-la-exposicion-cual-es-nuestro-hogar#webpage\"},\"author\":{\"@id\":\"https:\/\/www.ciencuadras.com\/blog\/#\/schema\/person\/cc0b32db93618f32995212860cf644f8\"},\"headline\":\"\\u00bfCu\\u00e1l es el significado del hogar para ti?\",\"datePublished\":\"2020-08-06T13:59:02+00:00\",\"dateModified\":\"2022-09-30T16:45:25+00:00\",\"mainEntityOfPage\":{\"@id\":\"https:\/\/www.ciencuadras.com\/blog\/decoracion\/ivam-presenta-la-exposicion-cual-es-nuestro-hogar#webpage\"},\"commentCount\":2,\"publisher\":{\"@id\":\"https:\/\/www.ciencuadras.com\/blog\/#organization\"},\"image\":{\"@id\":\"https:\/\/www.ciencuadras.com\/blog\/decoracion\/ivam-presenta-la-exposicion-cual-es-nuestro-hogar#primaryimage\"},\"keywords\":\"Bienestar de la familia,Cuidado del hogar,Espacios \\u00fanicos,Qu\\u00e9date en casa,Tendencias para el hogar\",\"articleSection\":\"Consejos de organizaci\\u00f3n,Decoraci\\u00f3n,Destacados\",\"inLanguage\":\"es-CO\",\"potentialAction\":[{\"@type\":\"CommentAction\",\"name\":\"Comment\",\"target\":[\"https:\/\/www.ciencuadras.com\/blog\/decoracion\/ivam-presenta-la-exposicion-cual-es-nuestro-hogar#respond\"]}]},{\"@type\":\"Person\",\"@id\":\"https:\/\/www.ciencuadras.com\/blog\/#\/schema\/person\/cc0b32db93618f32995212860cf644f8\",\"name\":\"Redacci\\u00f3n Ciencuadras\",\"description\":\"\\u00a1Hola! Soy el blog de ciencuadras.com, un portal inmobiliario del Grupo Bol\\u00edvar en el que encuentras casas, apartamentos, oficinas, fincas y m\\u00e1s inmuebles en arriendo y venta en toda Colombia. \\ud83d\\udc99Cuando me visitas, adem\\u00e1s de descubrir tu inmueble ideal, puedes estar al d\\u00eda con las noticias del sector inmobiliario y de la construcci\\u00f3n; aprender tips en decoraci\\u00f3n y organizaci\\u00f3n de espacios, y mucho m\\u00e1s.\",\"sameAs\":[\"https:\/\/www.ciencuadras.com\/\",\"https:\/\/www.facebook.com\/ciencuadras\/\",\"https:\/\/www.instagram.com\/ciencuadras\/\",\"https:\/\/www.linkedin.com\/company\/ciencuadras\/\",\"https:\/\/twitter.com\/ciencuadras\",\"https:\/\/www.youtube.com\/channel\/UC_f830HP5dUy6OjBIbjtlAw\"]}]}<\/script>\n<!-- \/ Yoast SEO plugin. -->","_links":{"self":[{"href":"https:\/\/www.ciencuadras.com\/blog\/wp-json\/wp\/v2\/posts\/81053"}],"collection":[{"href":"https:\/\/www.ciencuadras.com\/blog\/wp-json\/wp\/v2\/posts"}],"about":[{"href":"https:\/\/www.ciencuadras.com\/blog\/wp-json\/wp\/v2\/types\/post"}],"author":[{"embeddable":true,"href":"https:\/\/www.ciencuadras.com\/blog\/wp-json\/wp\/v2\/users\/9"}],"replies":[{"embeddable":true,"href":"https:\/\/www.ciencuadras.com\/blog\/wp-json\/wp\/v2\/comments?post=81053"}],"version-history":[{"count":18,"href":"https:\/\/www.ciencuadras.com\/blog\/wp-json\/wp\/v2\/posts\/81053\/revisions"}],"predecessor-version":[{"id":106204,"href":"https:\/\/www.ciencuadras.com\/blog\/wp-json\/wp\/v2\/posts\/81053\/revisions\/106204"}],"wp:featuredmedia":[{"embeddable":true,"href":"https:\/\/www.ciencuadras.com\/blog\/wp-json\/wp\/v2\/media\/81058"}],"wp:attachment":[{"href":"https:\/\/www.ciencuadras.com\/blog\/wp-json\/wp\/v2\/media?parent=81053"}],"wp:term":[{"taxonomy":"category","embeddable":true,"href":"https:\/\/www.ciencuadras.com\/blog\/wp-json\/wp\/v2\/categories?post=81053"},{"taxonomy":"post_tag","embeddable":true,"href":"https:\/\/www.ciencuadras.com\/blog\/wp-json\/wp\/v2\/tags?post=81053"}],"curies":[{"name":"wp","href":"https:\/\/api.w.org\/{rel}","templated":true}]}}