{"id":83134,"date":"2020-11-26T16:32:32","date_gmt":"2020-11-26T21:32:32","guid":{"rendered":"https:\/\/www.ciencuadras.com\/blog\/?p=83134"},"modified":"2021-02-04T14:46:28","modified_gmt":"2021-02-04T19:46:28","slug":"feria-del-hogar-2020-tendencias-para-tu-inmueble","status":"publish","type":"post","link":"https:\/\/www.ciencuadras.com\/blog\/decoracion\/feria-del-hogar-2020-tendencias-para-tu-inmueble","title":{"rendered":"Decora tus espacios con las tendencias de la Feria del Hogar 2020"},"content":{"rendered":"<p>Este a\u00f1o le hemos sacado provecho a cada rinc\u00f3n de casa, en definitiva, los hogares se han convertido en nuestro \u201ctodo\u201d, desde gimnasios hasta oficinas.<br \/>\nSe ha vuelto una necesidad contar con espacios bien iluminados, cuadros que inspiren y hasta tener televisores con la \u00faltima tecnolog\u00eda. Las exigencias de la nueva normalidad se suman al placer de ambientar y decorar las locaciones del hogar, es decir, nos sobran razones para darnos una pasadita por la Feria del Hogar 2020.<\/p>\n<p>Tu hogar, tu \u201ctodo\u201d<\/p>\n<p>En esta versi\u00f3n de la feria, las familias colombianas pueden disfrutar diversos espacios presenciales y virtuales, que est\u00e1n llenos de aprendizajes, innovaciones y talento local.<\/p>\n<p>La Feria del Hogar trae hasta el 6 de diciembre (de mi\u00e9rcoles a domingos y festivos) una muestra comercial con la participaci\u00f3n de importantes marcas y espacios m\u00e1s amplios, que promueven el autocuidado.<\/p>\n<p>Categor\u00edas de la Feria del Hogar 2020<\/p>\n<p>Prep\u00e1rate para encontrar en <a href=\"https:\/\/feriadelhogar.com\/es\/\" rel=\"noopener noreferrer\" target=\"_blank\">un mismo escenario a emprendimientos e importantes marcas del pa\u00eds<\/a>, expositores de distintas categor\u00edas para tu casa y adem\u00e1s, un universo de contenidos inspiradores, actividades virtuales complementarias y asesor\u00edas con expertos.<\/p>\n<p>Por supuesto, en esta edici\u00f3n no puede faltar el \ud83c\udde8\ud83c\uddf4 toque colombiano y por eso te invitamos a descubrir todo lo que nuestro pa\u00eds tiene para ofrecer. Compra colombiano, recuerda que apoyar lo nuestro es impulsar nuestra econom\u00eda, dar a conocer nuestros talentos y valorar la creatividad y el empuje de nuestra gente.<\/p>\n<p>Sin m\u00e1s pre\u00e1mbulos te presentamos las categor\u00edas de esta edici\u00f3n de la Feria del Hogar 2020:<\/p>\n<p>Decoraci\u00f3n<br \/>\nMuebles \ud83d\udecb\ufe0f<br \/>\nColchones<br \/>\nIluminaci\u00f3n<br \/>\nTecnolog\u00eda \ud83d\udda5\ufe0f<br \/>\nCocina \ud83c\udf73<br \/>\nArt\u00edculos personales<br \/>\nModa<br \/>\nCalzado<br \/>\nElectrodom\u00e9sticos<br \/>\nNavidad \ud83c\udf81<\/p>\n<p>\ud83d\udd17<a href=\"https:\/\/www.ciencuadras.com\/blog\/decoracion\/como-es-el-arbol-ideal-segun-mi-personalidad\" rel=\"noopener noreferrer\" target=\"_blank\">Dime c\u00f3mo eres y te dir\u00e9 cu\u00e1l arbolito encaja con tu personalidad<\/a><br \/>\n\ud83d\udd17<a href=\"https:\/\/www.ciencuadras.com\/blog\/orden-y-limpieza-hogar\/cocinas-modernas-como-organizar-la-alacena\" rel=\"noopener noreferrer\" target=\"_blank\">Tu alacena de ensue\u00f1o: ideas para organizar y conservar los alimentos<\/a><\/p>\n<p>Ag\u00e9ndate con las actividades<\/p>\n<p>La decoraci\u00f3n es un arte que se aprende d\u00eda tras d\u00eda, no basta solo con tener los muebles m\u00e1s costosos o la \u00faltima tecnolog\u00eda en casa, se necesita saber armonizar los espacios. Es por eso que no pod\u00edamos dejar de lado cada una de las conversaciones que se estar\u00e1n realizando en torno a las din\u00e1micas del hogar.<\/p>\n<p>A continuaci\u00f3n, te presentamos nuestras actividades recomendadas de la Feria del Hogar 2020, pero si quieres conocer la programaci\u00f3n completa ingresa aqu\u00ed.<\/p>\n<p>El mueble como protagonista: 27 de noviembre<br \/>\nNaturaleza y hogar: Estrategias para incrementar el bienestar en casa: 28 de noviembre.<br \/>\nEstructurando espacios post COVID: 4 de diciembre<br \/>\n20 consejos para un hogar m\u00e1s ecol\u00f3gico: 6 de diciembre<br \/>\nTendencias 2021: 6 de diciembre<\/p>\n<p><iframe width=\"560\" height=\"315\" src=\"https:\/\/www.youtube.com\/embed\/kBxRO7JGh_E\" frameborder=\"0\" allow=\"accelerometer; autoplay; clipboard-write; encrypted-media; gyroscope; picture-in-picture\" allowfullscreen=\"\"><\/iframe><\/p>\n<p>\u00a1Puedes ir! Visita la Feria del Hogar 2020<\/p>\n<p>Esc\u00e1pate con total tranquilidad a esta edici\u00f3n de la feria porque se est\u00e1n llevando a cabo todas las medidas de bioseguridad para evitar la propagaci\u00f3n del virus. Con responsabilidad y autocuidado puedes encontrar las mejores tendencias para decorar tu vivienda.<\/p>\n<p>Recuerda que mantener el distanciamiento f\u00edsico es esencial, as\u00ed como el uso del tapabocas y el lavado frecuente de manos. Te recomendamos llevar contigo alcohol y <a href=\"https:\/\/www.doctoraki.com\/blog\/tendencias\/como-hacer-gel-antibacterial-en-casa-paso-a-paso\/\" rel=\"noopener noreferrer\" target=\"_blank\">gel antibacterial<\/a>, ah, y las toallitas h\u00famedas tambi\u00e9n son muy \u00fatiles para asear lo que necesites.<\/p>\n<p>Otras medidas son:<\/p>\n<p>Usa los tapetes desinfectantes que est\u00e1n antes de ingresar a cualquier espacio.<br \/>\nNo toques los torniquetes de la entrada con tus manos.<br \/>\nAcerca el c\u00f3digo QR de tu boleta a la talanquera, no es necesario que hagas contacto.<br \/>\nSi decides pagar en taquilla, opta por m\u00e9todos de pago electr\u00f3nicos.<\/p>\n<p>\u00bfCu\u00e1nto cuesta el ingreso?<\/p>\n<p>\u00a1Buenas noticias! Los menores de 12 a\u00f1os tienen entrada libre. Adem\u00e1s, ten presente que el precio de la boleta en taquilla es de $12.000, pero si adquieres el ingreso de forma digital, recibes un 20% de descuento. \ud83e\udd11\u00a1Solo estar\u00edas pagando $9.600!<\/p>\n<p>Eso no es todo, todos los jueves y mi\u00e9rcoles hay 2&#215;1. Esto quiere decir que puedes armar el plan e invitar a alguien m\u00e1s: pagas solo tu entrada y puede ingresar contigo otra persona.<\/p>\n<p>\u00bfQuieres m\u00e1s descuentos? \u00a1Aprovecha Hogar Black Week! Compra con precios especiales hasta el 29 de noviembre en la Feria del Hogar 2020.<\/p>\n<p>Ciencuadras, cuadra todo.\ud83d\udc99<\/p>\n\n","protected":false},"excerpt":{"rendered":"<p>\u00a1Aprovecha Hogar Black Week! Compra con precios especiales hasta el 29 de noviembre en la Feria del Hogar 2020.<\/p>\n","protected":false},"author":9,"featured_media":83149,"comment_status":"open","ping_status":"closed","sticky":false,"template":"","format":"standard","meta":{"footnotes":""},"categories":[8,1449],"tags":[36,2685,12,6052,37],"acf":[],"yoast_head":"<!-- This site is optimized with the Yoast SEO plugin v15.9 - https:\/\/yoast.com\/wordpress\/plugins\/seo\/ -->\n<title>Feria del Hogar 2020: tendencias para tu inmueble | Ciencuadras<\/title>\n<meta name=\"description\" content=\"\u00a1Aprovecha Hogar Black Week! Compra con precios especiales hasta el 29 de noviembre en la Feria del Hogar 2020.\" \/>\n<meta name=\"robots\" content=\"index, follow, max-snippet:-1, max-image-preview:large, max-video-preview:-1\" \/>\n<link rel=\"canonical\" href=\"https:\/\/www.ciencuadras.com\/blog\/decoracion\/feria-del-hogar-2020-tendencias-para-tu-inmueble\" \/>\n<meta property=\"og:locale\" content=\"es_ES\" \/>\n<meta property=\"og:type\" content=\"article\" \/>\n<meta property=\"og:title\" content=\"Feria del Hogar 2020: tendencias para tu inmueble | Ciencuadras\" \/>\n<meta property=\"og:description\" content=\"\u00a1Aprovecha Hogar Black Week! Compra con precios especiales hasta el 29 de noviembre en la Feria del Hogar 2020.\" \/>\n<meta property=\"og:url\" content=\"https:\/\/www.ciencuadras.com\/blog\/decoracion\/feria-del-hogar-2020-tendencias-para-tu-inmueble\" \/>\n<meta property=\"article:publisher\" content=\"https:\/\/www.facebook.com\/ciencuadras\/\" \/>\n<meta property=\"article:author\" content=\"https:\/\/www.facebook.com\/ciencuadras\/\" \/>\n<meta property=\"article:published_time\" content=\"2020-11-26T21:32:32+00:00\" \/>\n<meta property=\"article:modified_time\" content=\"2021-02-04T19:46:28+00:00\" \/>\n<meta property=\"og:image\" content=\"https:\/\/www.ciencuadras.com\/blog\/wp-content\/uploads\/2020\/11\/Feria-del-Hogar-2020.jpg\" \/>\n\t<meta property=\"og:image:width\" content=\"760\" \/>\n\t<meta property=\"og:image:height\" content=\"501\" \/>\n<meta name=\"twitter:card\" content=\"summary_large_image\" \/>\n<meta name=\"twitter:creator\" content=\"@ciencuadras\" \/>\n<meta name=\"twitter:site\" content=\"@ciencuadras\" \/>\n<meta name=\"twitter:label1\" content=\"Est. reading time\">\n\t<meta name=\"twitter:data1\" content=\"3 minutos\">\n<script type=\"application\/ld+json\" class=\"yoast-schema-graph\">{\"@context\":\"https:\/\/schema.org\",\"@graph\":[{\"@type\":\"Organization\",\"@id\":\"https:\/\/www.ciencuadras.com\/blog\/#organization\",\"name\":\"Ciencuadras.com\",\"url\":\"https:\/\/www.ciencuadras.com\/blog\/\",\"sameAs\":[\"https:\/\/www.facebook.com\/ciencuadras\/\",\"https:\/\/www.instagram.com\/ciencuadras\/\",\"https:\/\/co.linkedin.com\/company\/ciencuadras\",\"https:\/\/www.youtube.com\/channel\/UC_f830HP5dUy6OjBIbjtlAw\",\"https:\/\/twitter.com\/ciencuadras\"],\"logo\":{\"@type\":\"ImageObject\",\"@id\":\"https:\/\/www.ciencuadras.com\/blog\/#logo\",\"inLanguage\":\"es-CO\",\"url\":\"\",\"caption\":\"Ciencuadras.com\"},\"image\":{\"@id\":\"https:\/\/www.ciencuadras.com\/blog\/#logo\"}},{\"@type\":\"WebSite\",\"@id\":\"https:\/\/www.ciencuadras.com\/blog\/#website\",\"url\":\"https:\/\/www.ciencuadras.com\/blog\/\",\"name\":\"\",\"description\":\"\",\"publisher\":{\"@id\":\"https:\/\/www.ciencuadras.com\/blog\/#organization\"},\"potentialAction\":[{\"@type\":\"SearchAction\",\"target\":\"https:\/\/www.ciencuadras.com\/blog\/?s={search_term_string}\",\"query-input\":\"required name=search_term_string\"}],\"inLanguage\":\"es-CO\"},{\"@type\":\"ImageObject\",\"@id\":\"https:\/\/www.ciencuadras.com\/blog\/decoracion\/feria-del-hogar-2020-tendencias-para-tu-inmueble#primaryimage\",\"inLanguage\":\"es-CO\",\"url\":\"https:\/\/www.ciencuadras.com\/blog\/wp-content\/uploads\/2020\/11\/Feria-del-Hogar-2020.jpg\",\"width\":760,\"height\":501},{\"@type\":\"WebPage\",\"@id\":\"https:\/\/www.ciencuadras.com\/blog\/decoracion\/feria-del-hogar-2020-tendencias-para-tu-inmueble#webpage\",\"url\":\"https:\/\/www.ciencuadras.com\/blog\/decoracion\/feria-del-hogar-2020-tendencias-para-tu-inmueble\",\"name\":\"Feria del Hogar 2020: tendencias para tu inmueble | Ciencuadras\",\"isPartOf\":{\"@id\":\"https:\/\/www.ciencuadras.com\/blog\/#website\"},\"primaryImageOfPage\":{\"@id\":\"https:\/\/www.ciencuadras.com\/blog\/decoracion\/feria-del-hogar-2020-tendencias-para-tu-inmueble#primaryimage\"},\"datePublished\":\"2020-11-26T21:32:32+00:00\",\"dateModified\":\"2021-02-04T19:46:28+00:00\",\"description\":\"\\u00a1Aprovecha Hogar Black Week! Compra con precios especiales hasta el 29 de noviembre en la Feria del Hogar 2020.\",\"breadcrumb\":{\"@id\":\"https:\/\/www.ciencuadras.com\/blog\/decoracion\/feria-del-hogar-2020-tendencias-para-tu-inmueble#breadcrumb\"},\"inLanguage\":\"es-CO\",\"potentialAction\":[{\"@type\":\"ReadAction\",\"target\":[\"https:\/\/www.ciencuadras.com\/blog\/decoracion\/feria-del-hogar-2020-tendencias-para-tu-inmueble\"]}]},{\"@type\":\"BreadcrumbList\",\"@id\":\"https:\/\/www.ciencuadras.com\/blog\/decoracion\/feria-del-hogar-2020-tendencias-para-tu-inmueble#breadcrumb\",\"itemListElement\":[{\"@type\":\"ListItem\",\"position\":1,\"item\":{\"@type\":\"WebPage\",\"@id\":\"https:\/\/www.ciencuadras.com\/blog\",\"url\":\"https:\/\/www.ciencuadras.com\/blog\",\"name\":\"Blog\"}},{\"@type\":\"ListItem\",\"position\":2,\"item\":{\"@type\":\"WebPage\",\"@id\":\"https:\/\/www.ciencuadras.com\/blog\/decoracion\/feria-del-hogar-2020-tendencias-para-tu-inmueble\",\"url\":\"https:\/\/www.ciencuadras.com\/blog\/decoracion\/feria-del-hogar-2020-tendencias-para-tu-inmueble\",\"name\":\"Decora tus espacios con las tendencias de la Feria del Hogar 2020\"}}]},{\"@type\":\"Article\",\"@id\":\"https:\/\/www.ciencuadras.com\/blog\/decoracion\/feria-del-hogar-2020-tendencias-para-tu-inmueble#article\",\"isPartOf\":{\"@id\":\"https:\/\/www.ciencuadras.com\/blog\/decoracion\/feria-del-hogar-2020-tendencias-para-tu-inmueble#webpage\"},\"author\":{\"@id\":\"https:\/\/www.ciencuadras.com\/blog\/#\/schema\/person\/cc0b32db93618f32995212860cf644f8\"},\"headline\":\"Decora tus espacios con las tendencias de la Feria del Hogar 2020\",\"datePublished\":\"2020-11-26T21:32:32+00:00\",\"dateModified\":\"2021-02-04T19:46:28+00:00\",\"mainEntityOfPage\":{\"@id\":\"https:\/\/www.ciencuadras.com\/blog\/decoracion\/feria-del-hogar-2020-tendencias-para-tu-inmueble#webpage\"},\"commentCount\":0,\"publisher\":{\"@id\":\"https:\/\/www.ciencuadras.com\/blog\/#organization\"},\"image\":{\"@id\":\"https:\/\/www.ciencuadras.com\/blog\/decoracion\/feria-del-hogar-2020-tendencias-para-tu-inmueble#primaryimage\"},\"keywords\":\"Cuidado del hogar,Decoraci\\u00f3n de ba\\u00f1os,Decoraci\\u00f3n de casas,Feria de vivienda,Limpieza del hogar\",\"articleSection\":\"Decoraci\\u00f3n,Decoraci\\u00f3n de interiores\",\"inLanguage\":\"es-CO\",\"potentialAction\":[{\"@type\":\"CommentAction\",\"name\":\"Comment\",\"target\":[\"https:\/\/www.ciencuadras.com\/blog\/decoracion\/feria-del-hogar-2020-tendencias-para-tu-inmueble#respond\"]}]},{\"@type\":\"Person\",\"@id\":\"https:\/\/www.ciencuadras.com\/blog\/#\/schema\/person\/cc0b32db93618f32995212860cf644f8\",\"name\":\"Redacci\\u00f3n Ciencuadras\",\"description\":\"\\u00a1Hola! Soy el blog de ciencuadras.com, un portal inmobiliario del Grupo Bol\\u00edvar en el que encuentras casas, apartamentos, oficinas, fincas y m\\u00e1s inmuebles en arriendo y venta en toda Colombia. \\ud83d\\udc99Cuando me visitas, adem\\u00e1s de descubrir tu inmueble ideal, puedes estar al d\\u00eda con las noticias del sector inmobiliario y de la construcci\\u00f3n; aprender tips en decoraci\\u00f3n y organizaci\\u00f3n de espacios, y mucho m\\u00e1s.\",\"sameAs\":[\"https:\/\/www.ciencuadras.com\/\",\"https:\/\/www.facebook.com\/ciencuadras\/\",\"https:\/\/www.instagram.com\/ciencuadras\/\",\"https:\/\/www.linkedin.com\/company\/ciencuadras\/\",\"https:\/\/twitter.com\/ciencuadras\",\"https:\/\/www.youtube.com\/channel\/UC_f830HP5dUy6OjBIbjtlAw\"]}]}<\/script>\n<!-- \/ Yoast SEO plugin. -->","_links":{"self":[{"href":"https:\/\/www.ciencuadras.com\/blog\/wp-json\/wp\/v2\/posts\/83134"}],"collection":[{"href":"https:\/\/www.ciencuadras.com\/blog\/wp-json\/wp\/v2\/posts"}],"about":[{"href":"https:\/\/www.ciencuadras.com\/blog\/wp-json\/wp\/v2\/types\/post"}],"author":[{"embeddable":true,"href":"https:\/\/www.ciencuadras.com\/blog\/wp-json\/wp\/v2\/users\/9"}],"replies":[{"embeddable":true,"href":"https:\/\/www.ciencuadras.com\/blog\/wp-json\/wp\/v2\/comments?post=83134"}],"version-history":[{"count":2,"href":"https:\/\/www.ciencuadras.com\/blog\/wp-json\/wp\/v2\/posts\/83134\/revisions"}],"predecessor-version":[{"id":83151,"href":"https:\/\/www.ciencuadras.com\/blog\/wp-json\/wp\/v2\/posts\/83134\/revisions\/83151"}],"wp:featuredmedia":[{"embeddable":true,"href":"https:\/\/www.ciencuadras.com\/blog\/wp-json\/wp\/v2\/media\/83149"}],"wp:attachment":[{"href":"https:\/\/www.ciencuadras.com\/blog\/wp-json\/wp\/v2\/media?parent=83134"}],"wp:term":[{"taxonomy":"category","embeddable":true,"href":"https:\/\/www.ciencuadras.com\/blog\/wp-json\/wp\/v2\/categories?post=83134"},{"taxonomy":"post_tag","embeddable":true,"href":"https:\/\/www.ciencuadras.com\/blog\/wp-json\/wp\/v2\/tags?post=83134"}],"curies":[{"name":"wp","href":"https:\/\/api.w.org\/{rel}","templated":true}]}}