{"id":84034,"date":"2021-01-04T15:58:32","date_gmt":"2021-01-04T20:58:32","guid":{"rendered":"https:\/\/www.ciencuadras.com\/blog\/?p=84034"},"modified":"2021-07-08T10:48:57","modified_gmt":"2021-07-08T15:48:57","slug":"aumento-del-3-en-el-avaluo-catastral-de-2021","status":"publish","type":"post","link":"https:\/\/www.ciencuadras.com\/blog\/guia-para-comprar-vivienda\/aumento-del-3-en-el-avaluo-catastral-de-2021","title":{"rendered":"Precios de predios en Colombia aumentan un 3% en este 2021"},"content":{"rendered":"<p><span style=\"font-weight: 400;\">Poco a poco se van acabando las vacaciones y comenzamos a conocer los incrementos del nuevo a\u00f1o. El primer anuncio vino de parte del<\/span> <span style=\"font-weight: 400;\">Gobierno Nacional, quien a trav\u00e9s de la cartera de Hacienda,<\/span> <span style=\"font-weight: 400;\">dio a conocer el <\/span><b>aumento del 3% en los precios de los aval\u00faos catastrales de los predios urbanos y rurales del pa\u00eds.&nbsp;<\/b><\/p>\n<p><span style=\"font-weight: 400;\">El Decreto 1820 de 2020 establece que <strong>el incremento empez\u00f3 a regir desde el pasado viernes primero de enero<\/strong> y que este reajuste comprende los <strong>predios urbanos no formados y formados<\/strong> con vigencia del primero de enero de 2020 y anteriores.<\/span><\/p>\n<h2><b>\u00bfD\u00f3nde aplica el aumento en el valor de los predios? \ud83c\udde8\ud83c\uddf4<\/b><\/h2>\n<p><span style=\"font-weight: 400;\">La cobertura de este reajuste<\/span> <a href=\"https:\/\/colaboracion.dnp.gov.co\/CDT\/Conpes\/Econ%C3%B3micos\/4020.pdf\" target=\"_blank\" rel=\"noopener noreferrer\"><b>incluye todos los municipios, con excepci\u00f3n de Bogot\u00e1 y los catastros descentralizados<\/b><\/a><span style=\"font-weight: 400;\">, que calculan un \u00edndice de valoraci\u00f3n predial diferencial.<\/span><\/p>\n<p><span style=\"font-weight: 400;\">Por ejemplo, <\/span><b>en la capital del pa\u00eds los aval\u00faos los determina la Unidad Administrativa Especial de Catastro Distrital &#8211; <\/b><b>(UAECD)<\/b><span style=\"font-weight: 400;\">, por medio del censo anual inmobiliario que se realiza en todos los predios.<\/span><\/p>\n<h2><b>\u00bfQu\u00e9 es el catastro? \ud83e\udd14<\/b><\/h2>\n<p><span style=\"font-weight: 400;\">Para comprender mejor qu\u00e9 es el aval\u00fao catastral debemos conocer que, de acuerdo con la<\/span><b> UAECD<\/b><span style=\"font-weight: 400;\">,<\/span> <b>\u201c<\/b><span style=\"font-weight: 400;\">el catastro es el <\/span><a href=\"http:\/\/www.catastrobogota.gov.co\/glosario\/definicion-de-catastro\" target=\"_blank\" rel=\"noopener noreferrer\"><b>inventario o censo de los bienes inmuebles pertenecientes al Estado y a los particulares<\/b><\/a><span style=\"font-weight: 400;\">\u201d, se realiza con el objeto de lograr la correcta identificaci\u00f3n f\u00edsica, jur\u00eddica, fiscal y econ\u00f3mica de las propiedades.<\/span><\/p>\n<p><span style=\"font-weight: 400;\">Con esta claridad, ahora s\u00ed entremos en materia:<\/span><\/p>\n<h2><b>\u00bfQu\u00e9 es el aval\u00fao catastral? \ud83d\udcb0<\/b><\/h2>\n<p><a href=\"https:\/\/www.igac.gov.co\/es\/contenido\/que-es-y-como-se-obtiene-el-avaluo-catastral\" target=\"_blank\" rel=\"noopener noreferrer\"><b>El aval\u00fao catastral es la determinaci\u00f3n del valor de los predios<\/b><\/a><span style=\"font-weight: 400;\">, obtenido mediante investigaci\u00f3n y an\u00e1lisis estad\u00edstico del mercado inmobiliario.&nbsp;<\/span><\/p>\n<p><span style=\"font-weight: 400;\">En otras palabras, es el \u201c<\/span><a href=\"https:\/\/dapre.presidencia.gov.co\/normativa\/normativa\/DECRETO%20148%20DEL%2004%20DE%20FEBRERO%20DE%202020.pdf\" target=\"_blank\" rel=\"noopener noreferrer\"><b>valor de un predio resultante de un ejercicio t\u00e9cnico<\/b><\/a><span style=\"font-weight: 400;\"> que, en ning\u00fan caso, podr\u00e1 ser inferior al 60% del valor comercial o superar el valor de este \u00faltimo\u201d, explica el Decreto 148 de 2020.<\/span><\/p>\n<p><span style=\"font-weight: 400;\">El aval\u00fao es la base para el c\u00e1lculo del impuesto predial, de manera que se debe realizar anualmente el reajuste en los precios de los predios para que se refleje la realidad patrimonial del pa\u00eds.<\/span><\/p>\n<p>\ud83d\udd17<strong> <a href=\"https:\/\/www.ciencuadras.com\/blog\/consejos-para-comprar\/aptoparaestrenar-este-2021-top-10-de-constructoras-para-tener-en-cuenta\" target=\"_blank\" rel=\"bookmark noopener noreferrer\">#APTOparaEstrenar este 2021: Top 10 de constructoras para tener en cuenta<\/a><\/strong><\/p>\n<p>\ud83d\udd17<strong> <a href=\"https:\/\/www.ciencuadras.com\/blog\/consejos-para-comprar\/por-que-es-un-buen-momento-para-comprar-vivienda\" target=\"_blank\" rel=\"bookmark noopener noreferrer\">\u00a1A\u00f1o nuevo, casa nueva! \u00bfPor qu\u00e9 comprar un proyecto de vivienda en este momento?<\/a><\/strong><\/p>\n<p><a href=\"https:\/\/www.ciencuadras.com\/colombianos\/exterior?autopauta=Ambos_700X200_banner_Mitad_84034\" target=\"_blank\" rel=\"noopener noreferrer\"><img fetchpriority=\"high\" decoding=\"async\" class=\"aligncenter wp-image-83945 size-full\" src=\"https:\/\/www.ciencuadras.com\/blog\/wp-content\/uploads\/2020\/12\/700x200-Colombianos-desde-el-exterior.jpg\" alt=\"Colombianos desde el exterior\" width=\"700\" height=\"200\" srcset=\"https:\/\/www.ciencuadras.com\/blog\/wp-content\/uploads\/2020\/12\/700x200-Colombianos-desde-el-exterior.jpg 700w, https:\/\/www.ciencuadras.com\/blog\/wp-content\/uploads\/2020\/12\/700x200-Colombianos-desde-el-exterior-600x171.jpg 600w, https:\/\/www.ciencuadras.com\/blog\/wp-content\/uploads\/2020\/12\/700x200-Colombianos-desde-el-exterior-300x86.jpg 300w\" sizes=\"(max-width: 700px) 100vw, 700px\" \/><\/a><\/p>\n<h2><b>\u00bfQui\u00e9n define el aumento de los aval\u00faos catastrales? \u261d\ud83c\udffd<\/b><\/h2>\n<p><span style=\"font-weight: 400;\">El porcentaje de reajuste anual del valor de los aval\u00faos catastrales se determina por el Gobierno Nacional, previo concepto del Consejo Nacional de Pol\u00edtica Econ\u00f3mica y Social (CONPES).&nbsp;<\/span><\/p>\n<p><span style=\"font-weight: 400;\">El <\/span><b>Consejo Nacional de Pol\u00edtica Econ\u00f3mica y Social <\/b><span style=\"font-weight: 400;\">es la m\u00e1xima autoridad nacional de planeaci\u00f3n, este organismo<\/span><a href=\"https:\/\/www.dnp.gov.co\/CONPES\/Paginas\/conpes.aspx\" target=\"_blank\" rel=\"noopener noreferrer\"> <b>asesora al Gobierno en todos los aspectos relacionados con el desarrollo econ\u00f3mico y social del pa\u00eds<\/b><\/a><span style=\"font-weight: 400;\">.&nbsp;<\/span><\/p>\n<h2><b>\u00bfC\u00f3mo se establece el incremento? \ud83e\udd13<\/b><\/h2>\n<p><span style=\"font-weight: 400;\">Para definir el reajuste anual de los aval\u00faos catastrales se consideran tres criterios: <\/span><\/p>\n<p><span style=\"font-weight: 400;\">1\ufe0f\u20e3&nbsp; <\/span><a href=\"https:\/\/www.funcionpublica.gov.co\/eva\/gestornormativo\/norma.php?i=6078\" target=\"_blank\" rel=\"noopener noreferrer\"><b>El incremento no puede ser superior a la meta de inflaci\u00f3n<\/b><\/a><span style=\"font-weight: 400;\"> del 3%, definida por la Junta Directiva del Banco de la Rep\u00fablica. Esto, seg\u00fan lo estipulado en el art\u00edculo 6 de la Ley 242 de 1995.<\/span><\/p>\n<p><span style=\"font-weight: 400;\">2\ufe0f\u20e3<\/span>&nbsp; El \u00cdndice de Precios al Productor Agropecuario (IPPA)<\/p>\n<p><span style=\"font-weight: 400;\">3\ufe0f\u20e3<\/span>&nbsp; El \u00cdndice de Valoraci\u00f3n Predial (IVP).<\/p>\n<p><span style=\"font-weight: 400;\">Para finalizar, te compartimos un poco de la din\u00e1mica inmobiliaria 2020, seg\u00fan una reciente investigaci\u00f3n del <\/span><b>Instituto Geogr\u00e1fico Agust\u00edn Codazzi &#8211; IGAC<\/b><span style=\"font-weight: 400;\">. Este resultado da cuenta de la variaci\u00f3n en los precios de la vivienda en 22 ciudades (sin incluir Bogot\u00e1). \ud83d\udc47\ud83c\udffd<\/span><\/p>\n<div data-opinionstage-embed-url=\"https:\/\/www.opinionstage.com\/api\/v1\/widgets\/ciencuadras1\/din%C3%A1mica-inmobiliaria-2020-igac\/code.json?comments=true&#038;sharing=true&#038;recommendations=false&#038;width=\" style=\"display: none; visibility: hidden;\"><\/div>\n<p><em><span style=\"font-weight: 400;\">Fuente: Documento CONPES. Reajuste de aval\u00faos catastrales para la vigencia 2021.<\/span><\/em><\/p>\n<p><span style=\"font-weight: 400;\">Ah, y por \u00faltimo no olvides que <\/span><a href=\"https:\/\/www.ciencuadras.com?autopauta=Ambos_Link_84034_Ciencuadras__Cierre_\" target=\"_blank\" rel=\"noopener noreferrer\" data-wplink-url-error=\"true\"><b>Ciencuadras<\/b><\/a><span style=\"font-weight: 400;\">, cuadra todo. \ud83d\udc99<\/span><\/p>\n\n","protected":false},"excerpt":{"rendered":"<p>\u00a1Empezaron los incrementos del nuevo a\u00f1o! Aumentan un 3% los precios de los aval\u00faos catastrales en el pa\u00eds. \ud83d\udcb0<\/p>\n","protected":false},"author":9,"featured_media":84035,"comment_status":"open","ping_status":"closed","sticky":false,"template":"","format":"standard","meta":{"footnotes":""},"categories":[4],"tags":[42,49,3047,6056,2656],"acf":[],"yoast_head":"<!-- This site is optimized with the Yoast SEO plugin v15.9 - https:\/\/yoast.com\/wordpress\/plugins\/seo\/ -->\n<title>Aumento del 3% en el aval\u00fao catastral de 2021 | Ciencuadras<\/title>\n<meta name=\"description\" content=\"\u00a1Empezaron los incrementos del nuevo a\u00f1o! El Decreto 1820 estableci\u00f3 un aumento del 3% el precio del aval\u00fao catastral en el pa\u00eds.\" \/>\n<meta name=\"robots\" content=\"index, follow, max-snippet:-1, max-image-preview:large, max-video-preview:-1\" \/>\n<link rel=\"canonical\" href=\"https:\/\/www.ciencuadras.com\/blog\/guia-para-comprar-vivienda\/aumento-del-3-en-el-avaluo-catastral-de-2021\" \/>\n<meta property=\"og:locale\" content=\"es_ES\" \/>\n<meta property=\"og:type\" content=\"article\" \/>\n<meta property=\"og:title\" content=\"Aumento del 3% en el aval\u00fao catastral de 2021 | Ciencuadras\" \/>\n<meta property=\"og:description\" content=\"\u00a1Empezaron los incrementos del nuevo a\u00f1o! El Decreto 1820 estableci\u00f3 un aumento del 3% el precio del aval\u00fao catastral en el pa\u00eds.\" \/>\n<meta property=\"og:url\" content=\"https:\/\/www.ciencuadras.com\/blog\/guia-para-comprar-vivienda\/aumento-del-3-en-el-avaluo-catastral-de-2021\" \/>\n<meta property=\"article:publisher\" content=\"https:\/\/www.facebook.com\/ciencuadras\/\" \/>\n<meta property=\"article:author\" content=\"https:\/\/www.facebook.com\/ciencuadras\/\" \/>\n<meta property=\"article:published_time\" content=\"2021-01-04T20:58:32+00:00\" \/>\n<meta property=\"article:modified_time\" content=\"2021-07-08T15:48:57+00:00\" \/>\n<meta property=\"og:image\" content=\"https:\/\/www.ciencuadras.com\/blog\/wp-content\/uploads\/2021\/01\/avaluos-catastrales-de-los-predios-2021.jpg\" \/>\n\t<meta property=\"og:image:width\" content=\"760\" \/>\n\t<meta property=\"og:image:height\" content=\"501\" \/>\n<meta name=\"twitter:card\" content=\"summary_large_image\" \/>\n<meta name=\"twitter:creator\" content=\"@ciencuadras\" \/>\n<meta name=\"twitter:site\" content=\"@ciencuadras\" \/>\n<meta name=\"twitter:label1\" content=\"Est. reading time\">\n\t<meta name=\"twitter:data1\" content=\"3 minutos\">\n<script type=\"application\/ld+json\" class=\"yoast-schema-graph\">{\"@context\":\"https:\/\/schema.org\",\"@graph\":[{\"@type\":\"Organization\",\"@id\":\"https:\/\/www.ciencuadras.com\/blog\/#organization\",\"name\":\"Ciencuadras.com\",\"url\":\"https:\/\/www.ciencuadras.com\/blog\/\",\"sameAs\":[\"https:\/\/www.facebook.com\/ciencuadras\/\",\"https:\/\/www.instagram.com\/ciencuadras\/\",\"https:\/\/co.linkedin.com\/company\/ciencuadras\",\"https:\/\/www.youtube.com\/channel\/UC_f830HP5dUy6OjBIbjtlAw\",\"https:\/\/twitter.com\/ciencuadras\"],\"logo\":{\"@type\":\"ImageObject\",\"@id\":\"https:\/\/www.ciencuadras.com\/blog\/#logo\",\"inLanguage\":\"es-CO\",\"url\":\"\",\"caption\":\"Ciencuadras.com\"},\"image\":{\"@id\":\"https:\/\/www.ciencuadras.com\/blog\/#logo\"}},{\"@type\":\"WebSite\",\"@id\":\"https:\/\/www.ciencuadras.com\/blog\/#website\",\"url\":\"https:\/\/www.ciencuadras.com\/blog\/\",\"name\":\"\",\"description\":\"\",\"publisher\":{\"@id\":\"https:\/\/www.ciencuadras.com\/blog\/#organization\"},\"potentialAction\":[{\"@type\":\"SearchAction\",\"target\":\"https:\/\/www.ciencuadras.com\/blog\/?s={search_term_string}\",\"query-input\":\"required name=search_term_string\"}],\"inLanguage\":\"es-CO\"},{\"@type\":\"ImageObject\",\"@id\":\"https:\/\/www.ciencuadras.com\/blog\/guia-para-comprar-vivienda\/aumento-del-3-en-el-avaluo-catastral-de-2021#primaryimage\",\"inLanguage\":\"es-CO\",\"url\":\"https:\/\/www.ciencuadras.com\/blog\/wp-content\/uploads\/2021\/01\/avaluos-catastrales-de-los-predios-2021.jpg\",\"width\":760,\"height\":501,\"caption\":\"aval\\u00faos catastrales de los predios 2021\"},{\"@type\":\"WebPage\",\"@id\":\"https:\/\/www.ciencuadras.com\/blog\/guia-para-comprar-vivienda\/aumento-del-3-en-el-avaluo-catastral-de-2021#webpage\",\"url\":\"https:\/\/www.ciencuadras.com\/blog\/guia-para-comprar-vivienda\/aumento-del-3-en-el-avaluo-catastral-de-2021\",\"name\":\"Aumento del 3% en el aval\\u00fao catastral de 2021 | Ciencuadras\",\"isPartOf\":{\"@id\":\"https:\/\/www.ciencuadras.com\/blog\/#website\"},\"primaryImageOfPage\":{\"@id\":\"https:\/\/www.ciencuadras.com\/blog\/guia-para-comprar-vivienda\/aumento-del-3-en-el-avaluo-catastral-de-2021#primaryimage\"},\"datePublished\":\"2021-01-04T20:58:32+00:00\",\"dateModified\":\"2021-07-08T15:48:57+00:00\",\"description\":\"\\u00a1Empezaron los incrementos del nuevo a\\u00f1o! El Decreto 1820 estableci\\u00f3 un aumento del 3% el precio del aval\\u00fao catastral en el pa\\u00eds.\",\"breadcrumb\":{\"@id\":\"https:\/\/www.ciencuadras.com\/blog\/guia-para-comprar-vivienda\/aumento-del-3-en-el-avaluo-catastral-de-2021#breadcrumb\"},\"inLanguage\":\"es-CO\",\"potentialAction\":[{\"@type\":\"ReadAction\",\"target\":[\"https:\/\/www.ciencuadras.com\/blog\/guia-para-comprar-vivienda\/aumento-del-3-en-el-avaluo-catastral-de-2021\"]}]},{\"@type\":\"BreadcrumbList\",\"@id\":\"https:\/\/www.ciencuadras.com\/blog\/guia-para-comprar-vivienda\/aumento-del-3-en-el-avaluo-catastral-de-2021#breadcrumb\",\"itemListElement\":[{\"@type\":\"ListItem\",\"position\":1,\"item\":{\"@type\":\"WebPage\",\"@id\":\"https:\/\/www.ciencuadras.com\/blog\",\"url\":\"https:\/\/www.ciencuadras.com\/blog\",\"name\":\"Blog\"}},{\"@type\":\"ListItem\",\"position\":2,\"item\":{\"@type\":\"WebPage\",\"@id\":\"https:\/\/www.ciencuadras.com\/blog\/guia-para-comprar-vivienda\/aumento-del-3-en-el-avaluo-catastral-de-2021\",\"url\":\"https:\/\/www.ciencuadras.com\/blog\/guia-para-comprar-vivienda\/aumento-del-3-en-el-avaluo-catastral-de-2021\",\"name\":\"Precios de predios en Colombia aumentan un 3% en este 2021\"}}]},{\"@type\":\"Article\",\"@id\":\"https:\/\/www.ciencuadras.com\/blog\/guia-para-comprar-vivienda\/aumento-del-3-en-el-avaluo-catastral-de-2021#article\",\"isPartOf\":{\"@id\":\"https:\/\/www.ciencuadras.com\/blog\/guia-para-comprar-vivienda\/aumento-del-3-en-el-avaluo-catastral-de-2021#webpage\"},\"author\":{\"@id\":\"https:\/\/www.ciencuadras.com\/blog\/#\/schema\/person\/cc0b32db93618f32995212860cf644f8\"},\"headline\":\"Precios de predios en Colombia aumentan un 3% en este 2021\",\"datePublished\":\"2021-01-04T20:58:32+00:00\",\"dateModified\":\"2021-07-08T15:48:57+00:00\",\"mainEntityOfPage\":{\"@id\":\"https:\/\/www.ciencuadras.com\/blog\/guia-para-comprar-vivienda\/aumento-del-3-en-el-avaluo-catastral-de-2021#webpage\"},\"commentCount\":0,\"publisher\":{\"@id\":\"https:\/\/www.ciencuadras.com\/blog\/#organization\"},\"image\":{\"@id\":\"https:\/\/www.ciencuadras.com\/blog\/guia-para-comprar-vivienda\/aumento-del-3-en-el-avaluo-catastral-de-2021#primaryimage\"},\"keywords\":\"Mercado inmobiliario,Normatividad colombiana,Real estate,Tendencias 2021,Tendencias inmobiliarias\",\"articleSection\":\"Gu\\u00eda Para Comprar vivienda\",\"inLanguage\":\"es-CO\",\"potentialAction\":[{\"@type\":\"CommentAction\",\"name\":\"Comment\",\"target\":[\"https:\/\/www.ciencuadras.com\/blog\/guia-para-comprar-vivienda\/aumento-del-3-en-el-avaluo-catastral-de-2021#respond\"]}]},{\"@type\":\"Person\",\"@id\":\"https:\/\/www.ciencuadras.com\/blog\/#\/schema\/person\/cc0b32db93618f32995212860cf644f8\",\"name\":\"Redacci\\u00f3n Ciencuadras\",\"description\":\"\\u00a1Hola! Soy el blog de ciencuadras.com, un portal inmobiliario del Grupo Bol\\u00edvar en el que encuentras casas, apartamentos, oficinas, fincas y m\\u00e1s inmuebles en arriendo y venta en toda Colombia. \\ud83d\\udc99Cuando me visitas, adem\\u00e1s de descubrir tu inmueble ideal, puedes estar al d\\u00eda con las noticias del sector inmobiliario y de la construcci\\u00f3n; aprender tips en decoraci\\u00f3n y organizaci\\u00f3n de espacios, y mucho m\\u00e1s.\",\"sameAs\":[\"https:\/\/www.ciencuadras.com\/\",\"https:\/\/www.facebook.com\/ciencuadras\/\",\"https:\/\/www.instagram.com\/ciencuadras\/\",\"https:\/\/www.linkedin.com\/company\/ciencuadras\/\",\"https:\/\/twitter.com\/ciencuadras\",\"https:\/\/www.youtube.com\/channel\/UC_f830HP5dUy6OjBIbjtlAw\"]}]}<\/script>\n<!-- \/ Yoast SEO plugin. -->","_links":{"self":[{"href":"https:\/\/www.ciencuadras.com\/blog\/wp-json\/wp\/v2\/posts\/84034"}],"collection":[{"href":"https:\/\/www.ciencuadras.com\/blog\/wp-json\/wp\/v2\/posts"}],"about":[{"href":"https:\/\/www.ciencuadras.com\/blog\/wp-json\/wp\/v2\/types\/post"}],"author":[{"embeddable":true,"href":"https:\/\/www.ciencuadras.com\/blog\/wp-json\/wp\/v2\/users\/9"}],"replies":[{"embeddable":true,"href":"https:\/\/www.ciencuadras.com\/blog\/wp-json\/wp\/v2\/comments?post=84034"}],"version-history":[{"count":6,"href":"https:\/\/www.ciencuadras.com\/blog\/wp-json\/wp\/v2\/posts\/84034\/revisions"}],"predecessor-version":[{"id":84055,"href":"https:\/\/www.ciencuadras.com\/blog\/wp-json\/wp\/v2\/posts\/84034\/revisions\/84055"}],"wp:featuredmedia":[{"embeddable":true,"href":"https:\/\/www.ciencuadras.com\/blog\/wp-json\/wp\/v2\/media\/84035"}],"wp:attachment":[{"href":"https:\/\/www.ciencuadras.com\/blog\/wp-json\/wp\/v2\/media?parent=84034"}],"wp:term":[{"taxonomy":"category","embeddable":true,"href":"https:\/\/www.ciencuadras.com\/blog\/wp-json\/wp\/v2\/categories?post=84034"},{"taxonomy":"post_tag","embeddable":true,"href":"https:\/\/www.ciencuadras.com\/blog\/wp-json\/wp\/v2\/tags?post=84034"}],"curies":[{"name":"wp","href":"https:\/\/api.w.org\/{rel}","templated":true}]}}