{"id":94584,"date":"2022-12-06T07:30:00","date_gmt":"2022-12-06T12:30:00","guid":{"rendered":"https:\/\/www.ciencuadras.com\/blog\/?p=94584"},"modified":"2023-12-04T15:58:26","modified_gmt":"2023-12-04T20:58:26","slug":"dia-de-las-velitas-tips-para-decorar-tu-casa","status":"publish","type":"post","link":"https:\/\/www.ciencuadras.com\/blog\/bienestar-del-hogar\/dia-de-las-velitas-tips-para-decorar-tu-casa","title":{"rendered":"D\u00eda de las velitas: tips para decorar tu casa"},"content":{"rendered":"\n<p>El<strong> D\u00eda de las Velitas se celebra cada 7 de diciembre<\/strong> y es la ocasi\u00f3n perfecta para compartir en el calor del hogar y bajo la luz tenue de las velas, <strong>momentos que,<\/strong> ligados a las tradiciones navide\u00f1as, <strong>perdurar\u00e1n para toda la vida.<\/strong> \ud83e\udd29<\/p>\n\n\n<div data-opinionstage-embed-url=\"https:\/\/www.opinionstage.com\/api\/v1\/polls\/2881178\/code.json?width=\" style=\"display: none; visibility: hidden;\"><\/div>\n\n\n\n<p>En <strong><a href=\"https:\/\/www.ciencuadras.com\/?autopauta=Ambos_Link_76518_Ciencuadras_Cierre_\" target=\"_blank\" rel=\"noreferrer noopener\">Ciencuadras<\/a><\/strong> sabemos que estos accesorios del D\u00eda de las Velitas pueden perdurar m\u00e1s all\u00e1 de una noche y ofrecerte a ti y <strong>a tu hogar algo especial.<\/strong> Por eso, aqu\u00ed te contamos otras caracter\u00edsticas funcionales donde las velas le aportan a los espacios interiores y exteriores ese brillo y magia \ud83d\udd2e de la \u00e9poca decembrina, para que las tengas en cuenta a la hora de <strong>decorar tu casa.<\/strong><\/p>\n\n\n\n<p>\ud83d\udd17 <strong><a href=\"https:\/\/www.ciencuadras.com\/blog\/consejos-de-vivienda\/las-mejores-ciudades-para-vivir-si-amas-la-navidad\" target=\"_blank\" rel=\"noreferrer noopener\">Las mejores ciudades para vivir si amas la Navidad<\/a><\/strong><\/p>\n\n\n\n<h2 class=\"wp-block-heading\"><strong>Velitas arom\u00e1ticas para encender cada d\u00eda en tu hogar<\/strong><\/h2>\n\n\n\n<p><strong><a href=\"https:\/\/www.revistaad.es\/decoracion\/articulos\/tendencias-deco-2021-bienestar-olfativo\/28539\" target=\"_blank\" rel=\"noreferrer noopener nofollow\">Las velas te ayudar\u00e1n a darle distintas personalidades a tus espacios,<\/a><\/strong> depende del momento del d\u00eda o de c\u00f3mo quieras sentirte. Presta atenci\u00f3n a los siguientes consejos: <\/p>\n\n\n\n<ul>\n<li><strong>Relaja el ambiente: <\/strong>\ud83e\uddd8\u200d\u2642\ufe0f Los aromas c\u00edtricos como lim\u00f3n o naranja van muy bien con este aura. Tambi\u00e9n puedes utilizar aromas como las rosas o la lavanda <strong><a href=\"https:\/\/www.xabone.com\/blogs\/news\/conoce-los-beneficios-de-las-velas-aromaticas-segun-sus-componentes\" target=\"_blank\" rel=\"noreferrer noopener nofollow\">para aportar una suave frescura a tu casa.<\/a> <\/strong><\/li>\n\n\n\n<li><strong>Si buscas intensidad: <\/strong>\ud83d\udcaa Busca velas con aromas como canela, palo santo o eucalipto. Aportar\u00e1 calidez a tu hogar.<\/li>\n\n\n\n<li><strong>Romanticismo y dulzura: <\/strong>\ud83c\udf39 Velas con olor a vainilla, frutos rojos o incluso, chocolate, van muy bien para endulzar el hogar, adem\u00e1s de transmitir serenidad e inocencia.<\/li>\n\n\n\n<li><strong>Para noches largas y fr\u00edas: <\/strong>\u26a1 Si est\u00e1s buscando un aroma que te de energ\u00eda y amenice una larga noche de home office, te recomendamos el \u00e1mbar. Este es un aroma con mayor madurez y que da la sensaci\u00f3n de sabidur\u00eda en el ambiente.<\/li>\n<\/ul>\n\n\n\n<p><strong>Recuerda que las velas te ayudar\u00e1n a definir mejor tus espacios <\/strong>\ud83d\udc43<strong>y a darles tu toque de identidad. <\/strong>Prueba varios aromas, descubre el mundo de sensaciones distintas que pueden transmitir estas velas decorativas a tu <strong>hogar.<\/strong><\/p>\n\n\n\n<p>\ud83d\udd17 <strong><a href=\"https:\/\/www.ciencuadras.com\/blog\/casas-de-famosos\/airbnb_pone_en_alquiler_la_casa_de_mi_pobre_angelito\" target=\"_blank\" rel=\"noreferrer noopener\">\u00a1El encanto de la Navidad! Airbnb pone en alquiler la ic\u00f3nica casa de \u2018Mi pobre angelito\u2019<\/a><\/strong><\/p>\n\n\n\n<p>Aprende como hacer velas arom\u00e1ticas de manera sencilla, te compartimos este contenido de <strong><a href=\"https:\/\/www.youtube.com\/channel\/UC9CdO8lI0rmG03b2pUITXMA\" target=\"_blank\" rel=\"noreferrer noopener\">La Cacerola de Silvana,<\/a><\/strong> con el que te podr\u00e1s guiar. <\/p>\n\n\n\n<iframe width=\"560\" height=\"315\" src=\"https:\/\/www.youtube.com\/embed\/Rt-jQJCEewU\" title=\"YouTube video player\" frameborder=\"0\" allow=\"accelerometer; autoplay; clipboard-write; encrypted-media; gyroscope; picture-in-picture\" allowfullscreen=\"\"><\/iframe>\n\n\n\n<h2 class=\"wp-block-heading\"><strong>Aplica la teor\u00eda del color y cambia la energ\u00eda de tus espacios<\/strong><\/h2>\n\n\n\n<p>Su fuego \ud83d\udd25 despierta <strong><a href=\"https:\/\/www.eltiempo.com\/archivo\/documento\/MAM-952765\" target=\"_blank\" rel=\"noreferrer noopener nofollow\">emociones y sensaciones<\/a><\/strong> que, muchas veces, no puedes explicar. Al momento de escoger las velas que ubicar\u00e1s en tu hogar, ten en cuenta el <strong><a href=\"https:\/\/thehappening.com\/significado-de-cada-color-de-vela\/\" target=\"_blank\" rel=\"noreferrer noopener nofollow\">tipo de energ\u00edas que quieres atraer<\/a><\/strong> y el significado de los siguientes <strong>colores:<\/strong><\/p>\n\n\n\n<ul>\n<li><strong>Rojo:<\/strong> Llama a la pasi\u00f3n y al amor.<\/li>\n\n\n\n<li><strong>Azul:<\/strong> Busca la tranquilidad y la calma.<\/li>\n\n\n\n<li><strong>Verde:<\/strong> Llama al equilibrio y la abundancia.<\/li>\n\n\n\n<li><strong>Rosado:<\/strong> Transmite amor y ternura.<\/li>\n\n\n\n<li><strong>Violeta:<\/strong> De gran m\u00edstica, favorecen los ambientes solitarios.<\/li>\n\n\n\n<li><strong>Blanco:<\/strong> Ayudan a purificar las energ\u00edas.<\/li>\n\n\n\n<li><strong>Amarillo o naranja:<\/strong> Atrae el \u00e9xito y energ\u00eda positiva.<\/li>\n<\/ul>\n\n\n\n<p>\ud83d\udd17 <strong><a href=\"https:\/\/www.ciencuadras.com\/blog\/decoracion\/como-es-el-arbol-ideal-segun-mi-personalidad\" target=\"_blank\" rel=\"noreferrer noopener\">Dime c\u00f3mo eres y te dir\u00e9 cu\u00e1l arbolito encaja con tu personalidad<\/a><\/strong><\/p>\n\n\n\n<p>Es intrigante \ud83e\udd14 c\u00f3mo el color de una vela puede aportar tanta personalidad a los espacios, compru\u00e9balo en casa y <strong>cu\u00e9ntanos tu experiencia <\/strong>en la cajita de comentarios.<\/p>\n\n\n\n<figure class=\"wp-block-image size-large\"><a href=\"https:\/\/www.ciencuadras.com\/ofertas\/bogota?autopauta=Ambos_700X200_banner_Mitad_94584_Ofertas\" target=\"_blank\" rel=\"noopener\"><img fetchpriority=\"high\" decoding=\"async\" width=\"700\" height=\"200\" src=\"https:\/\/www.ciencuadras.com\/blog\/wp-content\/uploads\/2021\/02\/Ofertas-700-x-200-.jpg\" alt=\"Ofertas - 700 x 200\" class=\"wp-image-85494\" srcset=\"https:\/\/www.ciencuadras.com\/blog\/wp-content\/uploads\/2021\/02\/Ofertas-700-x-200-.jpg 700w, https:\/\/www.ciencuadras.com\/blog\/wp-content\/uploads\/2021\/02\/Ofertas-700-x-200--600x171.jpg 600w, https:\/\/www.ciencuadras.com\/blog\/wp-content\/uploads\/2021\/02\/Ofertas-700-x-200--300x86.jpg 300w\" sizes=\"(max-width: 700px) 100vw, 700px\" \/><\/a><\/figure>\n\n\n\n<p>\ud83d\udd17 <strong><a href=\"https:\/\/www.ciencuadras.com\/blog\/decoracion\/como-hacer-coronas-navidenas-de-ensueno\" target=\"_blank\" rel=\"noreferrer noopener\">\u00a1Bienvenidos a mi casa! Coronas navide\u00f1as para celebrar<\/a><\/strong><\/p>\n\n\n\n<h2 class=\"wp-block-heading\"><strong>Velas con texturas y estilos que reflejan tu personalidad&nbsp;<\/strong><\/h2>\n\n\n\n<p>Deja que la creatividad \ud83c\udf87 te sorprenda, transmite tus gustos a las personas que te visiten y cu\u00e9ntales qu\u00e9 te inspir\u00f3. Si buscas un <strong>ambiente rom\u00e1ntico y vintage,<\/strong> te recomendamos velas alargadas acompa\u00f1adas de un candelabro. <strong>\u00bfQuieres brindar tranquilidad, paz y serenidad<\/strong>?\ud83d\ude01 una vela de baja estatura y en recipiente de vidrio ayudar\u00e1n a dar esa ligereza en el ambiente. Si est\u00e1s buscando velas que <strong>vayan bien con tus espacios exteriores,<\/strong> te recomendamos acabados r\u00fasticos, imperfectos, con detalles en tela o fique.<\/p>\n\n\n\n<p><strong><em>Tambi\u00e9n te puede interesar leer:<\/em><\/strong> <strong><a href=\"https:\/\/www.ciencuadras.com\/blog\/decoracion-interiores\/6-consejos-para-que-la-navidad-llegue-a-cada-rincon-de-tu-casa\" target=\"_blank\" rel=\"noreferrer noopener\">6 consejos para que la Navidad llegue a cada rinc\u00f3n de tu casa<\/a><\/strong><\/p>\n\n\n\n<h2 class=\"wp-block-heading\"><strong>A prop\u00f3sito del D\u00eda de las Velitas, atrae vibras positivas<\/strong><\/h2>\n\n\n\n<p>Aprovechando el <strong>inicio de las festividades navide\u00f1as,<\/strong> \ud83e\udd73 llama las buenas energ\u00edas a tu hogar y enciende velas de distintos colores y formas de acuerdo a los prop\u00f3sitos que tengas en mente.&nbsp;<\/p>\n\n\n\n<p>En <strong><a href=\"https:\/\/www.ciencuadras.com\/?autopauta=Ambos_Link_94584_Ciencuadras_Inicio_\" target=\"_blank\" rel=\"noreferrer noopener\">Ciencuadras<\/a><\/strong> te invitamos a descubrir en tu hogar el amplio y glamuroso mundo de las velas. No olvides que puedes encontrar<strong> <a href=\"https:\/\/www.ciencuadras.com\/blog\/decoracion\" target=\"_blank\" rel=\"noreferrer noopener\">m\u00e1s consejos, visitando nuestro categor\u00eda de decoraci\u00f3n.<\/a> \u00a1Te esperamos!<\/strong> \ud83d\udc99<\/p>\n\n\n\n<p><strong><em>Publicado originalmente en diciembre de 2021. <\/em><\/strong><\/p>\n\n\n\n<iframe width=\"560\" height=\"315\" src=\"https:\/\/www.youtube.com\/embed\/W9fjutXre2s\" title=\"YouTube video player\" frameborder=\"0\" allow=\"accelerometer; autoplay; clipboard-write; encrypted-media; gyroscope; picture-in-picture\" allowfullscreen=\"\"><\/iframe>\n\n\n\n<table cellpadding='0' cellspacing='0' align='center' style='width: 100%'><tr style='text-align: center; font-family: Open Sans, sans-serif;'><td style='padding-bottom: 24px; color: #29292a; font-size: 18px; font-weight: 600'>\u00bfQu\u00e9 tan \u00fatil te pareci\u00f3 este contenido?<\/td><\/tr><tr style='text-align: center;'><td><table cellpadding='0' cellspacing='0' style='width: 100%; max-width: 400px; margin: auto'><tr><td><a style='text-decoration: none' href='https:\/\/survey.survicate.com\/c58a17477401000c\/?p=marketo&#038;lead_id={{lead.Id}}&#038;first_name={{lead.First Name}}&#038;last_name={{lead.Last Name}}&#038;email={{lead.Email Address}}&#038;pieza=94584_dia_de_las_velitas_tips_para_decorar_casa&#038;aid=2047813' target='_blank' rel=\"nofollow noopener\"> <img style='width: 32px; height: 32px' src='https:\/\/info.ciencuadras.com\/rs\/178-OKL-731\/images\/CC_CARA_A1.png' > <\/a><\/td><td><a style='text-decoration: none' href='https:\/\/survey.survicate.com\/c58a17477401000c\/?p=marketo&#038;lead_id={{lead.Id}}&#038;first_name={{lead.First Name}}&#038;last_name={{lead.Last Name}}&#038;email={{lead.Email Address}}&#038;pieza=94584_dia_de_las_velitas_tips_para_decorar_casa&#038;aid=2047814' target='_blank' rel=\"nofollow noopener\"> <img style='width: 32px; height: 32px' src='https:\/\/info.ciencuadras.com\/rs\/178-OKL-731\/images\/CC_CARA_A2.png' > <\/a><\/td><td><a style='text-decoration: none' href='https:\/\/survey.survicate.com\/c58a17477401000c\/?p=marketo&#038;lead_id={{lead.Id}}&#038;first_name={{lead.First Name}}&#038;last_name={{lead.Last Name}}&#038;email={{lead.Email Address}}&#038;pieza=94584_dia_de_las_velitas_tips_para_decorar_casa&#038;aid=2047815' target='_blank' rel=\"nofollow noopener\"> <img style='width: 32px; height: 32px' src='https:\/\/info.ciencuadras.com\/rs\/178-OKL-731\/images\/CC_CARA_A3.png' > <\/a><\/td><td><a style='text-decoration: none' href='https:\/\/survey.survicate.com\/c58a17477401000c\/?p=marketo&#038;lead_id={{lead.Id}}&#038;first_name={{lead.First Name}}&#038;last_name={{lead.Last Name}}&#038;email={{lead.Email Address}}&#038;pieza=94584_dia_de_las_velitas_tips_para_decorar_casa&#038;aid=2047816' target='_blank' rel=\"nofollow noopener\"> <img style='width: 32px; height: 32px' src='https:\/\/info.ciencuadras.com\/rs\/178-OKL-731\/images\/CC_CARA_A4.png' > <\/a><\/td><td><a style='text-decoration: none' href='https:\/\/survey.survicate.com\/c58a17477401000c\/?p=marketo&#038;lead_id={{lead.Id}}&#038;first_name={{lead.First Name}}&#038;last_name={{lead.Last Name}}&#038;email={{lead.Email Address}}&#038;pieza=94584_dia_de_las_velitas_tips_para_decorar_casa&#038;aid=2047817' target='_blank' rel=\"nofollow noopener\"> <img style='width: 32px; height: 32px' src='https:\/\/info.ciencuadras.com\/rs\/178-OKL-731\/images\/CC_CARA_A5.png' > <\/a><\/td><\/tr><\/table><\/td><\/tr><\/table>\n\n","protected":false},"excerpt":{"rendered":"<p>\u00bfLas velas son solo para el D\u00eda de Velitas? \ud83d\udd6f\ufe0f Conoce aqu\u00ed c\u00f3mo en esta \u00e9poca le aportar\u00e1n colorido, aroma y personalidad a tus espacios. \ud83e\udd29<\/p>\n","protected":false},"author":9,"featured_media":110671,"comment_status":"open","ping_status":"closed","sticky":false,"template":"","format":"standard","meta":{"footnotes":""},"categories":[6095,6098,8],"tags":[12,3564,15,2686],"acf":[],"yoast_head":"<!-- This site is optimized with the Yoast SEO plugin v15.9 - https:\/\/yoast.com\/wordpress\/plugins\/seo\/ -->\n<title>\u00bfC\u00f3mo decorar tu casa en el mes de las velitas? | Ciencuadras<\/title>\n<meta name=\"description\" content=\"\u00bfLas velas son solo para el D\u00eda de Velitas? Conoce aqu\u00ed c\u00f3mo en esta \u00e9poca le aportar\u00e1n colorido, aroma y personalidad a tus espacios.\" \/>\n<meta name=\"robots\" content=\"index, follow, max-snippet:-1, max-image-preview:large, max-video-preview:-1\" \/>\n<link rel=\"canonical\" href=\"https:\/\/www.ciencuadras.com\/blog\/decoracion\/dia-de-las-velitas-tips-para-decorar-tu-casa\" \/>\n<meta property=\"og:locale\" content=\"es_ES\" \/>\n<meta property=\"og:type\" content=\"article\" \/>\n<meta property=\"og:title\" content=\"\u00bfC\u00f3mo decorar tu casa en el mes de las velitas? | Ciencuadras\" \/>\n<meta property=\"og:description\" content=\"\u00bfLas velas son solo para el D\u00eda de Velitas? Conoce aqu\u00ed c\u00f3mo en esta \u00e9poca le aportar\u00e1n colorido, aroma y personalidad a tus espacios.\" \/>\n<meta property=\"og:url\" content=\"https:\/\/www.ciencuadras.com\/blog\/decoracion\/dia-de-las-velitas-tips-para-decorar-tu-casa\" \/>\n<meta property=\"article:publisher\" content=\"https:\/\/www.facebook.com\/ciencuadras\/\" \/>\n<meta property=\"article:author\" content=\"https:\/\/www.facebook.com\/ciencuadras\/\" \/>\n<meta property=\"article:published_time\" content=\"2022-12-06T12:30:00+00:00\" \/>\n<meta property=\"article:modified_time\" content=\"2023-12-04T20:58:26+00:00\" \/>\n<meta property=\"og:image\" content=\"https:\/\/www.ciencuadras.com\/blog\/wp-content\/uploads\/2021\/12\/di\u0301a-de-las-velitas-tips-para-decorar-tu-casa.jpg\" \/>\n\t<meta property=\"og:image:width\" content=\"700\" \/>\n\t<meta property=\"og:image:height\" content=\"499\" \/>\n<meta name=\"twitter:card\" content=\"summary_large_image\" \/>\n<meta name=\"twitter:creator\" content=\"@ciencuadras\" \/>\n<meta name=\"twitter:site\" content=\"@ciencuadras\" \/>\n<meta name=\"twitter:label1\" content=\"Est. reading time\">\n\t<meta name=\"twitter:data1\" content=\"5 minutos\">\n<script type=\"application\/ld+json\" class=\"yoast-schema-graph\">{\"@context\":\"https:\/\/schema.org\",\"@graph\":[{\"@type\":\"Organization\",\"@id\":\"https:\/\/www.ciencuadras.com\/blog\/#organization\",\"name\":\"Ciencuadras.com\",\"url\":\"https:\/\/www.ciencuadras.com\/blog\/\",\"sameAs\":[\"https:\/\/www.facebook.com\/ciencuadras\/\",\"https:\/\/www.instagram.com\/ciencuadras\/\",\"https:\/\/co.linkedin.com\/company\/ciencuadras\",\"https:\/\/www.youtube.com\/channel\/UC_f830HP5dUy6OjBIbjtlAw\",\"https:\/\/twitter.com\/ciencuadras\"],\"logo\":{\"@type\":\"ImageObject\",\"@id\":\"https:\/\/www.ciencuadras.com\/blog\/#logo\",\"inLanguage\":\"es-CO\",\"url\":\"\",\"caption\":\"Ciencuadras.com\"},\"image\":{\"@id\":\"https:\/\/www.ciencuadras.com\/blog\/#logo\"}},{\"@type\":\"WebSite\",\"@id\":\"https:\/\/www.ciencuadras.com\/blog\/#website\",\"url\":\"https:\/\/www.ciencuadras.com\/blog\/\",\"name\":\"\",\"description\":\"\",\"publisher\":{\"@id\":\"https:\/\/www.ciencuadras.com\/blog\/#organization\"},\"potentialAction\":[{\"@type\":\"SearchAction\",\"target\":\"https:\/\/www.ciencuadras.com\/blog\/?s={search_term_string}\",\"query-input\":\"required name=search_term_string\"}],\"inLanguage\":\"es-CO\"},{\"@type\":\"ImageObject\",\"@id\":\"https:\/\/www.ciencuadras.com\/blog\/decoracion\/dia-de-las-velitas-tips-para-decorar-tu-casa#primaryimage\",\"inLanguage\":\"es-CO\",\"url\":\"https:\/\/www.ciencuadras.com\/blog\/wp-content\/uploads\/2021\/12\/di\\u0301a-de-las-velitas-tips-para-decorar-tu-casa.jpg\",\"width\":700,\"height\":499,\"caption\":\"d\\u00eda de las velitas, tips para decorar tu casa\"},{\"@type\":\"WebPage\",\"@id\":\"https:\/\/www.ciencuadras.com\/blog\/decoracion\/dia-de-las-velitas-tips-para-decorar-tu-casa#webpage\",\"url\":\"https:\/\/www.ciencuadras.com\/blog\/decoracion\/dia-de-las-velitas-tips-para-decorar-tu-casa\",\"name\":\"\\u00bfC\\u00f3mo decorar tu casa en el mes de las velitas? | Ciencuadras\",\"isPartOf\":{\"@id\":\"https:\/\/www.ciencuadras.com\/blog\/#website\"},\"primaryImageOfPage\":{\"@id\":\"https:\/\/www.ciencuadras.com\/blog\/decoracion\/dia-de-las-velitas-tips-para-decorar-tu-casa#primaryimage\"},\"datePublished\":\"2022-12-06T12:30:00+00:00\",\"dateModified\":\"2023-12-04T20:58:26+00:00\",\"description\":\"\\u00bfLas velas son solo para el D\\u00eda de Velitas? Conoce aqu\\u00ed c\\u00f3mo en esta \\u00e9poca le aportar\\u00e1n colorido, aroma y personalidad a tus espacios.\",\"breadcrumb\":{\"@id\":\"https:\/\/www.ciencuadras.com\/blog\/decoracion\/dia-de-las-velitas-tips-para-decorar-tu-casa#breadcrumb\"},\"inLanguage\":\"es-CO\",\"potentialAction\":[{\"@type\":\"ReadAction\",\"target\":[\"https:\/\/www.ciencuadras.com\/blog\/decoracion\/dia-de-las-velitas-tips-para-decorar-tu-casa\"]}]},{\"@type\":\"BreadcrumbList\",\"@id\":\"https:\/\/www.ciencuadras.com\/blog\/decoracion\/dia-de-las-velitas-tips-para-decorar-tu-casa#breadcrumb\",\"itemListElement\":[{\"@type\":\"ListItem\",\"position\":1,\"item\":{\"@type\":\"WebPage\",\"@id\":\"https:\/\/www.ciencuadras.com\/blog\",\"url\":\"https:\/\/www.ciencuadras.com\/blog\",\"name\":\"Blog\"}},{\"@type\":\"ListItem\",\"position\":2,\"item\":{\"@type\":\"WebPage\",\"@id\":\"https:\/\/www.ciencuadras.com\/blog\/decoracion\/dia-de-las-velitas-tips-para-decorar-tu-casa\",\"url\":\"https:\/\/www.ciencuadras.com\/blog\/decoracion\/dia-de-las-velitas-tips-para-decorar-tu-casa\",\"name\":\"D\\u00eda de las velitas: tips para decorar tu casa\"}}]},{\"@type\":\"Article\",\"@id\":\"https:\/\/www.ciencuadras.com\/blog\/decoracion\/dia-de-las-velitas-tips-para-decorar-tu-casa#article\",\"isPartOf\":{\"@id\":\"https:\/\/www.ciencuadras.com\/blog\/decoracion\/dia-de-las-velitas-tips-para-decorar-tu-casa#webpage\"},\"author\":{\"@id\":\"https:\/\/www.ciencuadras.com\/blog\/#\/schema\/person\/cc0b32db93618f32995212860cf644f8\"},\"headline\":\"D\\u00eda de las velitas: tips para decorar tu casa\",\"datePublished\":\"2022-12-06T12:30:00+00:00\",\"dateModified\":\"2023-12-04T20:58:26+00:00\",\"mainEntityOfPage\":{\"@id\":\"https:\/\/www.ciencuadras.com\/blog\/decoracion\/dia-de-las-velitas-tips-para-decorar-tu-casa#webpage\"},\"commentCount\":0,\"publisher\":{\"@id\":\"https:\/\/www.ciencuadras.com\/blog\/#organization\"},\"image\":{\"@id\":\"https:\/\/www.ciencuadras.com\/blog\/decoracion\/dia-de-las-velitas-tips-para-decorar-tu-casa#primaryimage\"},\"keywords\":\"Decoraci\\u00f3n de casas,Festividades en casa,Tendencias para el hogar,Tips en decoraci\\u00f3n\",\"articleSection\":\"Bienestar del hogar,Consejos,Decoraci\\u00f3n\",\"inLanguage\":\"es-CO\",\"potentialAction\":[{\"@type\":\"CommentAction\",\"name\":\"Comment\",\"target\":[\"https:\/\/www.ciencuadras.com\/blog\/decoracion\/dia-de-las-velitas-tips-para-decorar-tu-casa#respond\"]}]},{\"@type\":\"Person\",\"@id\":\"https:\/\/www.ciencuadras.com\/blog\/#\/schema\/person\/cc0b32db93618f32995212860cf644f8\",\"name\":\"Redacci\\u00f3n Ciencuadras\",\"description\":\"\\u00a1Hola! Soy el blog de ciencuadras.com, un portal inmobiliario del Grupo Bol\\u00edvar en el que encuentras casas, apartamentos, oficinas, fincas y m\\u00e1s inmuebles en arriendo y venta en toda Colombia. \\ud83d\\udc99Cuando me visitas, adem\\u00e1s de descubrir tu inmueble ideal, puedes estar al d\\u00eda con las noticias del sector inmobiliario y de la construcci\\u00f3n; aprender tips en decoraci\\u00f3n y organizaci\\u00f3n de espacios, y mucho m\\u00e1s.\",\"sameAs\":[\"https:\/\/www.ciencuadras.com\/\",\"https:\/\/www.facebook.com\/ciencuadras\/\",\"https:\/\/www.instagram.com\/ciencuadras\/\",\"https:\/\/www.linkedin.com\/company\/ciencuadras\/\",\"https:\/\/twitter.com\/ciencuadras\",\"https:\/\/www.youtube.com\/channel\/UC_f830HP5dUy6OjBIbjtlAw\"]}]}<\/script>\n<!-- \/ Yoast SEO plugin. -->","_links":{"self":[{"href":"https:\/\/www.ciencuadras.com\/blog\/wp-json\/wp\/v2\/posts\/94584"}],"collection":[{"href":"https:\/\/www.ciencuadras.com\/blog\/wp-json\/wp\/v2\/posts"}],"about":[{"href":"https:\/\/www.ciencuadras.com\/blog\/wp-json\/wp\/v2\/types\/post"}],"author":[{"embeddable":true,"href":"https:\/\/www.ciencuadras.com\/blog\/wp-json\/wp\/v2\/users\/9"}],"replies":[{"embeddable":true,"href":"https:\/\/www.ciencuadras.com\/blog\/wp-json\/wp\/v2\/comments?post=94584"}],"version-history":[{"count":11,"href":"https:\/\/www.ciencuadras.com\/blog\/wp-json\/wp\/v2\/posts\/94584\/revisions"}],"predecessor-version":[{"id":119399,"href":"https:\/\/www.ciencuadras.com\/blog\/wp-json\/wp\/v2\/posts\/94584\/revisions\/119399"}],"wp:featuredmedia":[{"embeddable":true,"href":"https:\/\/www.ciencuadras.com\/blog\/wp-json\/wp\/v2\/media\/110671"}],"wp:attachment":[{"href":"https:\/\/www.ciencuadras.com\/blog\/wp-json\/wp\/v2\/media?parent=94584"}],"wp:term":[{"taxonomy":"category","embeddable":true,"href":"https:\/\/www.ciencuadras.com\/blog\/wp-json\/wp\/v2\/categories?post=94584"},{"taxonomy":"post_tag","embeddable":true,"href":"https:\/\/www.ciencuadras.com\/blog\/wp-json\/wp\/v2\/tags?post=94584"}],"curies":[{"name":"wp","href":"https:\/\/api.w.org\/{rel}","templated":true}]}}