{"id":95942,"date":"2022-11-16T12:14:00","date_gmt":"2022-11-16T17:14:00","guid":{"rendered":"https:\/\/www.ciencuadras.com\/blog\/?p=95942"},"modified":"2022-11-18T16:22:33","modified_gmt":"2022-11-18T21:22:33","slug":"subsidio-casa-digna-vida-digna","status":"publish","type":"post","link":"https:\/\/www.ciencuadras.com\/blog\/subsidios\/subsidio-casa-digna-vida-digna","title":{"rendered":"As\u00ed fue el programa Casa Digna Vida Digna"},"content":{"rendered":"\n<p>Un poco m\u00e1s de <strong>640 mil familias colombianas se beneficiaron del programa Casa Digna Vida Digna<\/strong> que buscaba el mejoramiento locativo de la vivienda y que ahora se llama <strong>&#8220;Cambia mi Casa&#8221;<\/strong> y cuenta con otras especificaciones. \ud83c\udfe0<\/p>\n\n\n\n<p>Durante el programa se mejor\u00f3 la vivienda de m\u00e1s de <strong>244 familias en Sincelejo, 468 en Atl\u00e1ntico, 733 en el Valle del Cauca<\/strong>, 460 en La Estrella e Itag\u00fc\u00ed, 150 en Barranquilla, 169 en Tunja, y en general un poco m\u00e1s de 400 mejoramientos en Antioquia. \ud83d\udee0\ufe0f<\/p>\n\n\n\n<p>Muchos otros departamentos recibieron ayudas del programa y <strong>con esto se logr\u00f3 intervenir y escriturar las viviendas<\/strong> de los colombianos que a\u00fan viv\u00edan en condiciones con aspectos de mejora. \ud83d\udc69\ud83c\udffb\u200d\ud83e\uddb1<\/p>\n\n\n\n<h2 class=\"wp-block-heading\"><strong><strong>Programa Casa Digna Vida Digna, mejora la vida de los colombianos<\/strong><\/strong><\/h2>\n\n\n\n<p>El objetivo de <strong>\u201cCasa Digna Vida Digna\u201d<\/strong> era mejorar el estado de viviendas y con esto tambi\u00e9n el aspecto de muchos barrios, a trav\u00e9s de <strong>intervenciones locativas<\/strong> que impacten positivamente a muchas familias que hoy viven en condiciones de vulnerabilidad.\ud83c\udfd8\ufe0f<\/p>\n\n\n\n<p>\ud83d\udd17 <a href=\"https:\/\/www.ciencuadras.com\/blog\/guia-para-comprar-vivienda\/abc-vivienda-de-interes-social-prioritario\"><strong>ABC de la Vivienda de Inter\u00e9s Prioritario<\/strong><\/a><\/p>\n\n\n\n<p>Hasta <strong>$12 millones de pesos<\/strong> (12 SMMLV) recibieron las familias beneficiadas con el subsidio del programa con el que <strong>mejoraron<\/strong> su lugar de residencia.&nbsp;\ud83d\udcb0<\/p>\n\n\n\n<figure class=\"wp-block-audio\"><audio controls src=\"https:\/\/www.ciencuadras.com\/blog\/wp-content\/uploads\/2022\/02\/Erles-Espinosa-Director-Fonvivienda.mp3\"><\/audio><figcaption><strong>AUDIO &#8211; Erles Espinosa &#8211; Director de Fonvivienda<\/strong><\/figcaption><\/figure>\n\n\n\n<h2 class=\"wp-block-heading\"><strong>\u00bfC\u00f3mo se postulaban al programa los interesados?<\/strong><\/h2>\n\n\n\n<p>Pod\u00eda postularse <strong>cualquier grupo familiar ubicado en los territorios suscritos<\/strong> al convenio, y que cumplieran con las siguientes caracter\u00edsticas:<\/p>\n\n\n\n<ul><li>Que sean propietarios o vivan en el inmueble por <strong>al menos 5 a\u00f1os<\/strong> antes de postularse.\ud83c\udfe0<\/li><li>Que cada miembro cuente con documento de identidad vigente. \ud83d\udcb3<\/li><li>Deben contar con ingresos totales <strong>menores a los 4<\/strong> SMMLV.\ud83d\udcb5<\/li><li>Seg\u00fan el aval\u00fao catastral vigente, la residencia debe tener un <strong>valor inferior<\/strong> al tope de la vivienda de inter\u00e9s social.\ud83d\udcb2<\/li><li>Que la vivienda postulada <strong>presente carencias<\/strong> habitacionales tales como deficiencia en la estructura del piso, poco o ning\u00fan espacio de cocina, ba\u00f1o y habitaciones, limitaci\u00f3n al acceso de servicios p\u00fablicos domiciliarios, y condiciones de hacinamiento mitigable.\ud83d\udea7<\/li><li>No haber sido beneficiario de <strong>otro subsidio<\/strong> de vivienda en el pasado.<\/li><li>Entre otros que puedes consultar <strong><a href=\"https:\/\/casadignavidadigna.minvivienda.gov.co\/informacion-del-programa\" target=\"_blank\" rel=\"noreferrer noopener\">AQU\u00cd<\/a><\/strong>.<\/li><\/ul>\n\n\n\n<p>Un <strong>10% de los cupos<\/strong> del programa ser\u00edan entregados a las familias que cumplan con los requisitos anteriores y que adem\u00e1s pertenezcan a grupos poblacionales como: <strong>v\u00edctimas<\/strong> del desplazamiento forzado, mujeres <strong>cabeza de hogar<\/strong>\ud83d\udc69\u200d\ud83d\udc66\u200d\ud83d\udc66 de estratos bajos, trabajadores informales, madres comunitarias\ud83d\udc69\ud83c\udffb\u200d\ud83c\udf7c, personas de la tercera edad\ud83d\udc75\ud83c\udffc, miembros de <strong>comunidades \u00e9tnicas<\/strong>\ud83d\udc69\ud83c\udffe\u200d\ud83e\uddb1, discapacitados, miembros de la fuerza p\u00fablica\ud83d\udc6e\ud83c\udffc\u200d\u2640\ufe0f y <strong>familiares<\/strong> de aquellos que hubieren fallecido o incapacitado en actos del servicio.<\/p>\n\n\n\n<figure class=\"wp-block-image is-resized\"><a href=\"https:\/\/www.ciencuadras.com\/vivienda-vis\/medellin?autopauta=Ambos_700X200_banner_Mitad_95942_VIS\" target=\"_blank\" rel=\"noopener\"><img fetchpriority=\"high\" decoding=\"async\" src=\"https:\/\/lh5.googleusercontent.com\/HIflb-sM6olZFZDp7u6RiOgyJ4x1sO4GNvvyi5605drRiP9lMo3GoYwSVMjc6JlnVZ3HhAHil65rPtqtTykXhkHqhNzXaNOnMVckiLUrBPb_Jnrg-q-6hX4eVQw4OA\" alt=\"\" width=\"749\" height=\"213\"\/><\/a><\/figure>\n\n\n\n<h2 class=\"wp-block-heading\"><strong>\u00bfQu\u00e9 ofrec\u00eda el programa Casa Digna Vida Digna?<\/strong><\/h2>\n\n\n\n<p>Dentro de lo que ofrece el programa se pueden destacar algunos de los siguientes arreglos locativos: <\/p>\n\n\n\n<ul><li>Construcci\u00f3n o revisi\u00f3n de <strong>redes hidr\u00e1ulicas y sanitarias<\/strong>.\ud83d\udebd<\/li><li>Reparaci\u00f3n y recubrimiento con materiales que permitan la limpieza en muros y pisos.\ud83c\udfda\ufe0f<\/li><li>Mejoramiento y mantenimiento de <strong>redes el\u00e9ctricas y de gas<\/strong>.\ud83d\udca1\ufe0f<\/li><li>Disposici\u00f3n de espacios y acabados pertinentes para cocinas.\ud83c\udf7d\ufe0f<\/li><li>Pa\u00f1etes con o sin elementos de amarre <strong>que den estabilidad<\/strong> y acabados a los muros.\ud83d\udd28<\/li><li>Reubicaci\u00f3n en caso de hacinamiento.\ud83d\udecf\ufe0f<\/li><li>Instalaci\u00f3n de espacios para <strong>zona de lavander\u00eda<\/strong> (lavadero).\ud83d\udee0\ufe0f<\/li><li>Montaje y arreglo de ventanas y puertas.\ud83d\udeaa<\/li><li>Diferentes adecuaciones que <strong>no son estructurales<\/strong> pero que dar\u00e1n una casa digna al grupo familiar.\ud83e\uddf1<\/li><\/ul>\n\n\n\n<p>\ud83d\udd17 <a href=\"https:\/\/www.ciencuadras.com\/blog\/subsidios\/valores-en-los-subsidios-de-vivienda-en-colombia-para-el-2022\"><strong>Estos son los valores de los subsidios de vivienda en 2022<\/strong><\/a><\/p>\n\n\n\n<p>Para poder postularte a este subsidio, se deb\u00eda <strong>acercar a la alcald\u00eda local o del municipio<\/strong>, o a la gobernaci\u00f3n, donde contaban con informaci\u00f3n acerca de si el territorio <strong>hac\u00eda parte del convenio.<\/strong>\ud83c\udfe2<\/p>\n\n\n\n<p>Si hac\u00eda parte, <strong>deb\u00edas presentarte con documento de identificaci\u00f3n de todos los miembros de la familia (mayores y menores de edad), soporte de titularidad del predio<\/strong>, posesi\u00f3n u ocupaci\u00f3n de la vivienda, as\u00ed como documentaci\u00f3n pertinente en caso de hacer parte de alguna poblaci\u00f3n en particular.\ud83d\udcd1<\/p>\n\n\n\n<p>Para <strong>los territorios de categor\u00eda 3 a la 6<\/strong>, los requisitos ser\u00edan definidos por el Ministerio de Agricultura y Prosperidad Social. Desde su lanzamiento el pasado 7 de noviembre de 2018, el programa <strong>\u201cCasa Digna Vida Digna\u201d ha podido mejorar el estilo de vida de m\u00e1s de 617.000 habitantes<\/strong> \ud83d\uded0 del territorio colombiano, seg\u00fan reportes del 2021.<\/p>\n\n\n\n<figure class=\"wp-block-image size-large\"><img decoding=\"async\" width=\"1018\" height=\"442\" src=\"https:\/\/www.ciencuadras.com\/blog\/wp-content\/uploads\/2022\/02\/Cifras-Casa-Digna-Vida-Digna.png\" alt=\"\" class=\"wp-image-95943\" srcset=\"https:\/\/www.ciencuadras.com\/blog\/wp-content\/uploads\/2022\/02\/Cifras-Casa-Digna-Vida-Digna.png 1018w, https:\/\/www.ciencuadras.com\/blog\/wp-content\/uploads\/2022\/02\/Cifras-Casa-Digna-Vida-Digna-600x261.png 600w, https:\/\/www.ciencuadras.com\/blog\/wp-content\/uploads\/2022\/02\/Cifras-Casa-Digna-Vida-Digna-300x130.png 300w, https:\/\/www.ciencuadras.com\/blog\/wp-content\/uploads\/2022\/02\/Cifras-Casa-Digna-Vida-Digna-768x333.png 768w\" sizes=\"(max-width: 1018px) 100vw, 1018px\" \/><\/figure>\n\n\n\n<p><em>Tomado de: <a href=\"https:\/\/prosperidadsocial.gov.co\/sgpp\/infraestructura-social-y-habitat\/casa-digna-vida-digna-dps\/\" target=\"_blank\" rel=\"noreferrer noopener\">https:\/\/prosperidadsocial.gov.co\/sgpp\/infraestructura-social-y-habitat\/casa-digna-vida-digna-dps\/<\/a><\/em><\/p>\n\n\n\n<p>Recuerda que te ofrecemos siempre la mejor informaci\u00f3n del <strong>sector inmobiliario<\/strong>, as\u00ed como <strong>consejos<\/strong> para arrendar, vender, comprar, organizar o decorar tu inmueble. En <strong><a href=\"https:\/\/www.ciencuadras.com\/?autopauta=Ambos_Link_95942_ciencuadras_Cierre_\" target=\"_blank\" rel=\"noreferrer noopener\">Ciencuadras<\/a><\/strong> encuentras todo lo que cuadra contigo. \ud83d\udc99<\/p>\n\n\n\n<table cellpadding=\"0\" cellspacing=\"0\" align=\"center\" style=\"width: 100%\"><tbody><tr style=\"text-align: center; font-family: Open Sans, sans-serif;\"><td style=\"padding-bottom: 24px; color: #29292a; font-size: 18px; font-weight: 600\">\u00bfQu\u00e9 tan \u00fatil te pareci\u00f3 este contenido?<\/td><\/tr><tr style=\"text-align: center;\"><td><table cellpadding=\"0\" cellspacing=\"0\" style=\"width: 100%; max-width: 400px; margin: auto\"><tbody><tr><td><a style=\"text-decoration: none\" href=\"https:\/\/survey.survicate.com\/2024c603f1ca0b80\/?pieza=95942_ Programa_Casa_Digna_Vida_Digna|Normativa|&amp;aid=2533768\" target=\"_blank\" rel=\"nofollow noopener\"> <img decoding=\"async\" style=\"width: 32px; height: 32px\" src=\"https:\/\/info.ciencuadras.com\/rs\/178-OKL-731\/images\/CC_CARA_A1.png\"> <\/a><\/td><td><a style=\"text-decoration: none\" href=\"https:\/\/survey.survicate.com\/2024c603f1ca0b80\/?pieza=95942_ Programa_Casa_Digna_Vida_Digna|Normativa|&amp;aid=2533769\" target=\"_blank\" rel=\"nofollow noopener\"> <img decoding=\"async\" style=\"width: 32px; height: 32px\" src=\"https:\/\/info.ciencuadras.com\/rs\/178-OKL-731\/images\/CC_CARA_A2.png\"> <\/a><\/td><td><a style=\"text-decoration: none\" href=\"https:\/\/survey.survicate.com\/2024c603f1ca0b80\/?pieza=95942_ Programa_Casa_Digna_Vida_Digna|Normativa|&amp;aid=2533770\" target=\"_blank\" rel=\"nofollow noopener\"> <img decoding=\"async\" style=\"width: 32px; height: 32px\" src=\"https:\/\/info.ciencuadras.com\/rs\/178-OKL-731\/images\/CC_CARA_A3.png\"> <\/a><\/td><td><a style=\"text-decoration: none\" href=\"https:\/\/survey.survicate.com\/2024c603f1ca0b80\/?pieza=95942_ Programa_Casa_Digna_Vida_Digna|Normativa|&amp;aid=2533771\" target=\"_blank\" rel=\"nofollow noopener\"> <img decoding=\"async\" style=\"width: 32px; height: 32px\" src=\"https:\/\/info.ciencuadras.com\/rs\/178-OKL-731\/images\/CC_CARA_A4.png\"> <\/a><\/td><td><a style=\"text-decoration: none\" href=\"https:\/\/survey.survicate.com\/2024c603f1ca0b80\/?pieza=95942_ Programa_Casa_Digna_Vida_Digna|Normativa|&amp;aid=2533772\" target=\"_blank\" rel=\"nofollow noopener\"> <img decoding=\"async\" style=\"width: 32px; height: 32px\" src=\"https:\/\/info.ciencuadras.com\/rs\/178-OKL-731\/images\/CC_CARA_A5.png\"> <\/a><\/td><\/tr><\/tbody><\/table><\/td><\/tr><\/tbody><\/table>\n\n","protected":false},"excerpt":{"rendered":"<p>Las entidades territoriales tendr\u00e1n hasta el 15 de marzo para presentar su intenci\u00f3n de participar de la convocatoria Casa Digna Vida Digna.<\/p>\n","protected":false},"author":9,"featured_media":95946,"comment_status":"open","ping_status":"closed","sticky":false,"template":"","format":"standard","meta":{"footnotes":""},"categories":[6101,6070],"tags":[49,2333,6071],"acf":[],"yoast_head":"<!-- This site is optimized with the Yoast SEO plugin v15.9 - https:\/\/yoast.com\/wordpress\/plugins\/seo\/ -->\n<title>As\u00ed fue el subsidio del programa Casa Digna Vida Digna | Ciencuadras<\/title>\n<meta name=\"description\" content=\"\u00bfConoces c\u00f3mo fue el programa de Casa Digna Vida Digna? Descubre aqu\u00ed en qu\u00e9 consisti\u00f3 este subsidio de vivienda y barrios.\" \/>\n<meta name=\"robots\" content=\"index, follow, max-snippet:-1, max-image-preview:large, max-video-preview:-1\" \/>\n<link rel=\"canonical\" href=\"https:\/\/www.ciencuadras.com\/blog\/subsidios\/subsidio-casa-digna-vida-digna\" \/>\n<meta property=\"og:locale\" content=\"es_ES\" \/>\n<meta property=\"og:type\" content=\"article\" \/>\n<meta property=\"og:title\" content=\"As\u00ed fue el subsidio del programa Casa Digna Vida Digna | Ciencuadras\" \/>\n<meta property=\"og:description\" content=\"\u00bfConoces c\u00f3mo fue el programa de Casa Digna Vida Digna? Descubre aqu\u00ed en qu\u00e9 consisti\u00f3 este subsidio de vivienda y barrios.\" \/>\n<meta property=\"og:url\" content=\"https:\/\/www.ciencuadras.com\/blog\/subsidios\/subsidio-casa-digna-vida-digna\" \/>\n<meta property=\"article:publisher\" content=\"https:\/\/www.facebook.com\/ciencuadras\/\" \/>\n<meta property=\"article:author\" content=\"https:\/\/www.facebook.com\/ciencuadras\/\" \/>\n<meta property=\"article:published_time\" content=\"2022-11-16T17:14:00+00:00\" \/>\n<meta property=\"article:modified_time\" content=\"2022-11-18T21:22:33+00:00\" \/>\n<meta property=\"og:image\" content=\"https:\/\/www.ciencuadras.com\/blog\/wp-content\/uploads\/2022\/02\/tercera-convocatoria-casa-digna-1.png\" \/>\n\t<meta property=\"og:image:width\" content=\"760\" \/>\n\t<meta property=\"og:image:height\" content=\"501\" \/>\n<meta name=\"twitter:card\" content=\"summary_large_image\" \/>\n<meta name=\"twitter:creator\" content=\"@ciencuadras\" \/>\n<meta name=\"twitter:site\" content=\"@ciencuadras\" \/>\n<meta name=\"twitter:label1\" content=\"Est. reading time\">\n\t<meta name=\"twitter:data1\" content=\"5 minutos\">\n<script type=\"application\/ld+json\" class=\"yoast-schema-graph\">{\"@context\":\"https:\/\/schema.org\",\"@graph\":[{\"@type\":\"Organization\",\"@id\":\"https:\/\/www.ciencuadras.com\/blog\/#organization\",\"name\":\"Ciencuadras.com\",\"url\":\"https:\/\/www.ciencuadras.com\/blog\/\",\"sameAs\":[\"https:\/\/www.facebook.com\/ciencuadras\/\",\"https:\/\/www.instagram.com\/ciencuadras\/\",\"https:\/\/co.linkedin.com\/company\/ciencuadras\",\"https:\/\/www.youtube.com\/channel\/UC_f830HP5dUy6OjBIbjtlAw\",\"https:\/\/twitter.com\/ciencuadras\"],\"logo\":{\"@type\":\"ImageObject\",\"@id\":\"https:\/\/www.ciencuadras.com\/blog\/#logo\",\"inLanguage\":\"es-CO\",\"url\":\"\",\"caption\":\"Ciencuadras.com\"},\"image\":{\"@id\":\"https:\/\/www.ciencuadras.com\/blog\/#logo\"}},{\"@type\":\"WebSite\",\"@id\":\"https:\/\/www.ciencuadras.com\/blog\/#website\",\"url\":\"https:\/\/www.ciencuadras.com\/blog\/\",\"name\":\"\",\"description\":\"\",\"publisher\":{\"@id\":\"https:\/\/www.ciencuadras.com\/blog\/#organization\"},\"potentialAction\":[{\"@type\":\"SearchAction\",\"target\":\"https:\/\/www.ciencuadras.com\/blog\/?s={search_term_string}\",\"query-input\":\"required name=search_term_string\"}],\"inLanguage\":\"es-CO\"},{\"@type\":\"ImageObject\",\"@id\":\"https:\/\/www.ciencuadras.com\/blog\/subsidios\/subsidio-casa-digna-vida-digna#primaryimage\",\"inLanguage\":\"es-CO\",\"url\":\"https:\/\/www.ciencuadras.com\/blog\/wp-content\/uploads\/2022\/02\/tercera-convocatoria-casa-digna-1.png\",\"width\":760,\"height\":501,\"caption\":\"tercera-convocatoria-casa-digna-1\"},{\"@type\":\"WebPage\",\"@id\":\"https:\/\/www.ciencuadras.com\/blog\/subsidios\/subsidio-casa-digna-vida-digna#webpage\",\"url\":\"https:\/\/www.ciencuadras.com\/blog\/subsidios\/subsidio-casa-digna-vida-digna\",\"name\":\"As\\u00ed fue el subsidio del programa Casa Digna Vida Digna | Ciencuadras\",\"isPartOf\":{\"@id\":\"https:\/\/www.ciencuadras.com\/blog\/#website\"},\"primaryImageOfPage\":{\"@id\":\"https:\/\/www.ciencuadras.com\/blog\/subsidios\/subsidio-casa-digna-vida-digna#primaryimage\"},\"datePublished\":\"2022-11-16T17:14:00+00:00\",\"dateModified\":\"2022-11-18T21:22:33+00:00\",\"description\":\"\\u00bfConoces c\\u00f3mo fue el programa de Casa Digna Vida Digna? Descubre aqu\\u00ed en qu\\u00e9 consisti\\u00f3 este subsidio de vivienda y barrios.\",\"breadcrumb\":{\"@id\":\"https:\/\/www.ciencuadras.com\/blog\/subsidios\/subsidio-casa-digna-vida-digna#breadcrumb\"},\"inLanguage\":\"es-CO\",\"potentialAction\":[{\"@type\":\"ReadAction\",\"target\":[\"https:\/\/www.ciencuadras.com\/blog\/subsidios\/subsidio-casa-digna-vida-digna\"]}]},{\"@type\":\"BreadcrumbList\",\"@id\":\"https:\/\/www.ciencuadras.com\/blog\/subsidios\/subsidio-casa-digna-vida-digna#breadcrumb\",\"itemListElement\":[{\"@type\":\"ListItem\",\"position\":1,\"item\":{\"@type\":\"WebPage\",\"@id\":\"https:\/\/www.ciencuadras.com\/blog\",\"url\":\"https:\/\/www.ciencuadras.com\/blog\",\"name\":\"Blog\"}},{\"@type\":\"ListItem\",\"position\":2,\"item\":{\"@type\":\"WebPage\",\"@id\":\"https:\/\/www.ciencuadras.com\/blog\/subsidios\/subsidio-casa-digna-vida-digna\",\"url\":\"https:\/\/www.ciencuadras.com\/blog\/subsidios\/subsidio-casa-digna-vida-digna\",\"name\":\"As\\u00ed fue el programa Casa Digna Vida Digna\"}}]},{\"@type\":\"Article\",\"@id\":\"https:\/\/www.ciencuadras.com\/blog\/subsidios\/subsidio-casa-digna-vida-digna#article\",\"isPartOf\":{\"@id\":\"https:\/\/www.ciencuadras.com\/blog\/subsidios\/subsidio-casa-digna-vida-digna#webpage\"},\"author\":{\"@id\":\"https:\/\/www.ciencuadras.com\/blog\/#\/schema\/person\/cc0b32db93618f32995212860cf644f8\"},\"headline\":\"As\\u00ed fue el programa Casa Digna Vida Digna\",\"datePublished\":\"2022-11-16T17:14:00+00:00\",\"dateModified\":\"2022-11-18T21:22:33+00:00\",\"mainEntityOfPage\":{\"@id\":\"https:\/\/www.ciencuadras.com\/blog\/subsidios\/subsidio-casa-digna-vida-digna#webpage\"},\"commentCount\":6,\"publisher\":{\"@id\":\"https:\/\/www.ciencuadras.com\/blog\/#organization\"},\"image\":{\"@id\":\"https:\/\/www.ciencuadras.com\/blog\/subsidios\/subsidio-casa-digna-vida-digna#primaryimage\"},\"keywords\":\"Normatividad colombiana,Proyectos de vivienda,Subsidios de vivienda\",\"articleSection\":\"Normativa de vivienda,Subsidios\",\"inLanguage\":\"es-CO\",\"potentialAction\":[{\"@type\":\"CommentAction\",\"name\":\"Comment\",\"target\":[\"https:\/\/www.ciencuadras.com\/blog\/subsidios\/subsidio-casa-digna-vida-digna#respond\"]}]},{\"@type\":\"Person\",\"@id\":\"https:\/\/www.ciencuadras.com\/blog\/#\/schema\/person\/cc0b32db93618f32995212860cf644f8\",\"name\":\"Redacci\\u00f3n Ciencuadras\",\"description\":\"\\u00a1Hola! Soy el blog de ciencuadras.com, un portal inmobiliario del Grupo Bol\\u00edvar en el que encuentras casas, apartamentos, oficinas, fincas y m\\u00e1s inmuebles en arriendo y venta en toda Colombia. \\ud83d\\udc99Cuando me visitas, adem\\u00e1s de descubrir tu inmueble ideal, puedes estar al d\\u00eda con las noticias del sector inmobiliario y de la construcci\\u00f3n; aprender tips en decoraci\\u00f3n y organizaci\\u00f3n de espacios, y mucho m\\u00e1s.\",\"sameAs\":[\"https:\/\/www.ciencuadras.com\/\",\"https:\/\/www.facebook.com\/ciencuadras\/\",\"https:\/\/www.instagram.com\/ciencuadras\/\",\"https:\/\/www.linkedin.com\/company\/ciencuadras\/\",\"https:\/\/twitter.com\/ciencuadras\",\"https:\/\/www.youtube.com\/channel\/UC_f830HP5dUy6OjBIbjtlAw\"]}]}<\/script>\n<!-- \/ Yoast SEO plugin. -->","_links":{"self":[{"href":"https:\/\/www.ciencuadras.com\/blog\/wp-json\/wp\/v2\/posts\/95942"}],"collection":[{"href":"https:\/\/www.ciencuadras.com\/blog\/wp-json\/wp\/v2\/posts"}],"about":[{"href":"https:\/\/www.ciencuadras.com\/blog\/wp-json\/wp\/v2\/types\/post"}],"author":[{"embeddable":true,"href":"https:\/\/www.ciencuadras.com\/blog\/wp-json\/wp\/v2\/users\/9"}],"replies":[{"embeddable":true,"href":"https:\/\/www.ciencuadras.com\/blog\/wp-json\/wp\/v2\/comments?post=95942"}],"version-history":[{"count":14,"href":"https:\/\/www.ciencuadras.com\/blog\/wp-json\/wp\/v2\/posts\/95942\/revisions"}],"predecessor-version":[{"id":108308,"href":"https:\/\/www.ciencuadras.com\/blog\/wp-json\/wp\/v2\/posts\/95942\/revisions\/108308"}],"wp:featuredmedia":[{"embeddable":true,"href":"https:\/\/www.ciencuadras.com\/blog\/wp-json\/wp\/v2\/media\/95946"}],"wp:attachment":[{"href":"https:\/\/www.ciencuadras.com\/blog\/wp-json\/wp\/v2\/media?parent=95942"}],"wp:term":[{"taxonomy":"category","embeddable":true,"href":"https:\/\/www.ciencuadras.com\/blog\/wp-json\/wp\/v2\/categories?post=95942"},{"taxonomy":"post_tag","embeddable":true,"href":"https:\/\/www.ciencuadras.com\/blog\/wp-json\/wp\/v2\/tags?post=95942"}],"curies":[{"name":"wp","href":"https:\/\/api.w.org\/{rel}","templated":true}]}}