{"id":96651,"date":"2022-03-23T15:41:10","date_gmt":"2022-03-23T20:41:10","guid":{"rendered":"https:\/\/www.ciencuadras.com\/blog\/?p=96651"},"modified":"2024-08-06T19:42:48","modified_gmt":"2024-08-07T00:42:48","slug":"susana-correa-nueva-ministra-de-vivienda-ciudad-y-territorio-de-colombia","status":"publish","type":"post","link":"https:\/\/www.ciencuadras.com\/blog\/sala-de-prensa\/susana-correa-nueva-ministra-de-vivienda-ciudad-y-territorio-de-colombia","title":{"rendered":"Susana Correa, nueva Ministra de Vivienda Ciudad y Territorio de Colombia"},"content":{"rendered":"\n<p>El presidente de Colombia \ud83c\udde8\ud83c\uddf4 Iv\u00e1n Duque, confirm\u00f3 este mi\u00e9rcoles desde el Valle del Cauca, donde realiza un nuevo taller Construyendo Pa\u00eds, que <strong>la directora del Departamento para la Prosperidad Social (DPS), Susana Correa, ser\u00e1 la nueva ministra de Vivienda<\/strong> Ciudad y Territorio de Colombia durante los meses que le quedan en su mandato.<\/p>\n\n\n\n<p>Esta noticia llega luego de que Jonathan Malag\u00f3n presentara su renuncia al cargo por motivaciones personales y familiares. El saliente ministro manifest\u00f3 que se encuentra en la necesidad de acompa\u00f1ar a su esposa quien est\u00e1 en estado de embarazo \ud83e\udd30\ud83c\udffb.&nbsp;<\/p>\n\n\n\n<p>Adem\u00e1s, coment\u00f3 que va a emprender otros caminos en su carrera profesional, as\u00ed como tambi\u00e9n desea poder disfrutar de la compa\u00f1\u00eda de sus padres, luego de pasar momentos dif\u00edciles por cuenta del COVID- 19 \ud83d\ude37. <\/p>\n\n\n\n<iframe width=\"560\" height=\"315\" src=\"https:\/\/www.youtube.com\/embed\/09YhROQsiPQ\" title=\"YouTube video player\" frameborder=\"0\" allow=\"accelerometer; autoplay; clipboard-write; encrypted-media; gyroscope; picture-in-picture\" allowfullscreen=\"\"><\/iframe>\n\n\n\n<p>Con estas palabras se despidi\u00f3 el ministro Malag\u00f3n, luego de hacer un recuento de varios de sus logros, en los que se destacan los siguientes:<\/p>\n\n\n\n<ul><li>Consolidar a <strong>Colombia como <\/strong><a href=\"https:\/\/www.ciencuadras.com\/blog\/evolucion-del-mercado-de-vivienda\/informe-inmobiliario-anual-como-se-comporto-la-vivienda-en-2021\" target=\"_blank\" rel=\"noreferrer noopener\"><strong>el pa\u00eds del hemisferio donde m\u00e1s se compran casas per c\u00e1pita<\/strong><\/a><strong>, alcanzando cifras \ud83d\udcca hist\u00f3ricas en el sector<\/strong><\/li><li>Romper r\u00e9cord en cifras donde <a href=\"https:\/\/www.ciencuadras.com\/blog\/guia-para-comprar-vivienda\/el-2021-es-el-ano-en-que-mas-se-ha-comprado-vivienda-en-colombia\" target=\"_blank\" rel=\"noreferrer noopener\"><strong>cada dos minutos y medio un colombiano cumple el sue\u00f1o de tener vivienda propia<\/strong><\/a> <\/li><li>Mantener su compromiso por pasar de 26% a 80% la asignaci\u00f3n de los subsidios VIS para las familias \ud83d\udc68\u200d\ud83d\udc69\u200d\ud83d\udc66\u200d\ud83d\udc66 con ingresos inferiores a dos salarios m\u00ednimos.&nbsp;<\/li><li>Derrumbar el mito de que los j\u00f3venes no compran \ud83c\udfd8\ufe0f vivienda, a trav\u00e9s de iniciativas como el <a href=\"https:\/\/www.ciencuadras.com\/blog\/subsidios\/jovenes-propietarios-el-nuevo-subsidio-para-la-compra-de-vivienda-vis\" target=\"_blank\" rel=\"noreferrer noopener\"><strong>Programa<\/strong> <strong>J\u00f3venes Propietarios<\/strong><\/a>.<\/li><\/ul>\n\n\n\n<blockquote class=\"wp-block-quote\"><p><strong><em>\u201cConsolidamos una tendencia irreversible, hoy en d\u00eda, el 43% de las viviendas VIS son adquiridas por colombianos menores de 30 a\u00f1os\u201d.&nbsp; Afirm\u00f3 Malag\u00f3n<\/em><\/strong><\/p><\/blockquote>\n\n\n\n<p>Por su parte, Susana Correa emprende una nueva responsabilidad donde continuar\u00e1 liderando para lograr que Colombia sea un pa\u00eds de propietarios.<\/p>\n\n\n\n<h2 class=\"wp-block-heading\"><strong>\u00bfQui\u00e9n es Susana Correa?<\/strong><\/h2>\n\n\n\n<p>Es <a href=\"https:\/\/prosperidadsocial.gov.co\/la-entidad\/equipo-directivo\/\" target=\"_blank\" rel=\"noreferrer noopener\"><strong>ingeniera industrial<\/strong><\/a> \ud83d\udc69\ud83c\udffd\u200d\ud83c\udf93 de la Pontificia Universidad Javeriana de Bogot\u00e1, con especializaci\u00f3n en Administraci\u00f3n de Negocios y Gerencia de la Universidad de Harvard. Adem\u00e1s, cuenta con un diplomado de alta gerencia en ADEN MIT y cursos de finanzas en Chicago Booth.&nbsp;<\/p>\n\n\n\n<p>Viene de ser la directora del Departamento para la Prosperidad Social y ahora se enfrenta a este nuevo reto. <\/p>\n\n\n\n<figure class=\"wp-block-image size-large\"><a href=\"https:\/\/www.ciencuadras.com\/vivienda-no-vis\/bogota?autopauta=Ambos_700X200_banner_Cierre_96651_No_Vis\" target=\"_blank\" rel=\"noopener\"><img fetchpriority=\"high\" decoding=\"async\" width=\"700\" height=\"200\" src=\"https:\/\/www.ciencuadras.com\/blog\/wp-content\/uploads\/2021\/11\/700x200_NO-VIS-compressed-1.jpg\" alt=\"\" class=\"wp-image-94207\" srcset=\"https:\/\/www.ciencuadras.com\/blog\/wp-content\/uploads\/2021\/11\/700x200_NO-VIS-compressed-1.jpg 700w, https:\/\/www.ciencuadras.com\/blog\/wp-content\/uploads\/2021\/11\/700x200_NO-VIS-compressed-1-600x171.jpg 600w, https:\/\/www.ciencuadras.com\/blog\/wp-content\/uploads\/2021\/11\/700x200_NO-VIS-compressed-1-300x86.jpg 300w\" sizes=\"(max-width: 700px) 100vw, 700px\" \/><\/a><\/figure>\n\n\n\n<p>\ud83d\udd17 <strong><a href=\"https:\/\/www.ciencuadras.com\/blog\/evolucion-del-mercado-de-vivienda\/mujeres-lideres-en-el-sector-inmobiliario\" target=\"_blank\" rel=\"noreferrer noopener\">Somos mujeres empoderadas: Goethny Garc\u00eda<\/a><\/strong><\/p>\n\n\n\n<p>\ud83d\udd17 <strong><a href=\"https:\/\/www.ciencuadras.com\/blog\/guia-para-comprar-vivienda\/febrero-de-2022-mes-historico-para-compra-de-vivienda\" target=\"_blank\" rel=\"noreferrer noopener\">Febrero de 2022: r\u00e9cord hist\u00f3rico en compra de viviendas<\/a><\/strong><\/p>\n\n\n\n<p>A la ministra Correa todos los \u00e9xitos en su nuevo rol, as\u00ed como tambi\u00e9n desde <strong><a href=\"https:\/\/www.ciencuadras.com\/proyectos-vivienda-nueva\/bogota\" target=\"_blank\" rel=\"noreferrer noopener\">Ciencuadras<\/a><\/strong> agradecemos a Jonathan Malag\u00f3n por su compromiso con el pa\u00eds y su disposici\u00f3n y amabilidad durante las entrevista y espacios que nos brind\u00f3. <strong><a href=\"https:\/\/www.ciencuadras.com\/?autopauta=Ambos_Link_96651_Ciencuadras_Cierre_\" target=\"_blank\" rel=\"noreferrer noopener\">Ciencuadras<\/a><\/strong>, cuadra todo. \ud83d\udc99<\/p>\n\n\n\n<table cellpadding='0' cellspacing='0' align='center' style='width: 100%'><tr style='text-align: center; font-family: Open Sans, sans-serif;'><td style='padding-bottom: 24px; color: #29292a; font-size: 18px; font-weight: 600'>\u00bfQu\u00e9 tan \u00fatil te pareci\u00f3 este contenido?<\/td><\/tr><tr style='text-align: center;'><td><table cellpadding='0' cellspacing='0' style='width: 100%; max-width: 400px; margin: auto'><tr><td><a style='text-decoration: none' href='https:\/\/survey.survicate.com\/2024c603f1ca0b80\/?pieza=96651_Susana_Correa_nueva_Ministra_de_vivienda|Tendencias|&#038;aid=2533768' target='_blank' rel=\"nofollow noopener\"> <img style='width: 32px; height: 32px' src='https:\/\/info.ciencuadras.com\/rs\/178-OKL-731\/images\/CC_CARA_A1.png' > <\/a><\/td><td><a style='text-decoration: none' href='https:\/\/survey.survicate.com\/2024c603f1ca0b80\/?pieza=96651_Susana_Correa_nueva_Ministra_de_vivienda|Tendencias|&#038;aid=2533769' target='_blank' rel=\"nofollow noopener\"> <img style='width: 32px; height: 32px' src='https:\/\/info.ciencuadras.com\/rs\/178-OKL-731\/images\/CC_CARA_A2.png' > <\/a><\/td><td><a style='text-decoration: none' href='https:\/\/survey.survicate.com\/2024c603f1ca0b80\/?pieza=96651_Susana_Correa_nueva_Ministra_de_vivienda|Tendencias|&#038;aid=2533770' target='_blank' rel=\"nofollow noopener\"> <img style='width: 32px; height: 32px' src='https:\/\/info.ciencuadras.com\/rs\/178-OKL-731\/images\/CC_CARA_A3.png' > <\/a><\/td><td><a style='text-decoration: none' href='https:\/\/survey.survicate.com\/2024c603f1ca0b80\/?pieza=96651_Susana_Correa_nueva_Ministra_de_vivienda|Tendencias|&#038;aid=2533771' target='_blank' rel=\"nofollow noopener\"> <img style='width: 32px; height: 32px' src='https:\/\/info.ciencuadras.com\/rs\/178-OKL-731\/images\/CC_CARA_A4.png' > <\/a><\/td><td><a style='text-decoration: none' href='https:\/\/survey.survicate.com\/2024c603f1ca0b80\/?pieza=96651_Susana_Correa_nueva_Ministra_de_vivienda|Tendencias|&#038;aid=2533772' target='_blank' rel=\"nofollow noopener\"> <img style='width: 32px; height: 32px' src='https:\/\/info.ciencuadras.com\/rs\/178-OKL-731\/images\/CC_CARA_A5.png' > <\/a><\/td><\/tr><\/table><\/td><\/tr><\/table>\n\n","protected":false},"excerpt":{"rendered":"<p>Luego de la renuncia de Jonathan Malag\u00f3n, Iv\u00e1n Duque deleg\u00f3 a Susana Correa como la nueva Ministra de Vivienda, Ciudad y Territorio de Colombia.<\/p>\n","protected":false},"author":9,"featured_media":96671,"comment_status":"open","ping_status":"closed","sticky":false,"template":"","format":"standard","meta":{"footnotes":""},"categories":[6054],"tags":[42,49,6105,2656],"acf":[],"yoast_head":"<!-- This site is optimized with the Yoast SEO plugin v15.9 - https:\/\/yoast.com\/wordpress\/plugins\/seo\/ -->\n<title>Susana Correa, nueva Ministra de Vivienda, Ciudad y Territorio de Colombia<\/title>\n<meta name=\"description\" content=\"Luego de la renuncia de Jonathan Malag\u00f3n, Iv\u00e1n Duque deleg\u00f3 a Susana Correa como la nueva Ministra de Vivienda de Colombia.\" \/>\n<meta name=\"robots\" content=\"index, follow, max-snippet:-1, max-image-preview:large, max-video-preview:-1\" \/>\n<link rel=\"canonical\" href=\"https:\/\/www.ciencuadras.com\/blog\/sala-de-prensa\/susana-correa-nueva-ministra-de-vivienda-ciudad-y-territorio-de-colombia\" \/>\n<meta property=\"og:locale\" content=\"es_ES\" \/>\n<meta property=\"og:type\" content=\"article\" \/>\n<meta property=\"og:title\" content=\"Susana Correa, nueva Ministra de Vivienda, Ciudad y Territorio de Colombia\" \/>\n<meta property=\"og:description\" content=\"Luego de la renuncia de Jonathan Malag\u00f3n, Iv\u00e1n Duque deleg\u00f3 a Susana Correa como la nueva Ministra de Vivienda de Colombia.\" \/>\n<meta property=\"og:url\" content=\"https:\/\/www.ciencuadras.com\/blog\/sala-de-prensa\/susana-correa-nueva-ministra-de-vivienda-ciudad-y-territorio-de-colombia\" \/>\n<meta property=\"article:publisher\" content=\"https:\/\/www.facebook.com\/ciencuadras\/\" \/>\n<meta property=\"article:author\" content=\"https:\/\/www.facebook.com\/ciencuadras\/\" \/>\n<meta property=\"article:published_time\" content=\"2022-03-23T20:41:10+00:00\" \/>\n<meta property=\"article:modified_time\" content=\"2024-08-07T00:42:48+00:00\" \/>\n<meta property=\"og:image\" content=\"https:\/\/www.ciencuadras.com\/blog\/wp-content\/uploads\/2022\/03\/Susana-Correa-compressed-1.jpg\" \/>\n\t<meta property=\"og:image:width\" content=\"700\" \/>\n\t<meta property=\"og:image:height\" content=\"500\" \/>\n<meta name=\"twitter:card\" content=\"summary_large_image\" \/>\n<meta name=\"twitter:creator\" content=\"@ciencuadras\" \/>\n<meta name=\"twitter:site\" content=\"@ciencuadras\" \/>\n<meta name=\"twitter:label1\" content=\"Est. reading time\">\n\t<meta name=\"twitter:data1\" content=\"4 minutos\">\n<script type=\"application\/ld+json\" class=\"yoast-schema-graph\">{\"@context\":\"https:\/\/schema.org\",\"@graph\":[{\"@type\":\"Organization\",\"@id\":\"https:\/\/www.ciencuadras.com\/blog\/#organization\",\"name\":\"Ciencuadras.com\",\"url\":\"https:\/\/www.ciencuadras.com\/blog\/\",\"sameAs\":[\"https:\/\/www.facebook.com\/ciencuadras\/\",\"https:\/\/www.instagram.com\/ciencuadras\/\",\"https:\/\/co.linkedin.com\/company\/ciencuadras\",\"https:\/\/www.youtube.com\/channel\/UC_f830HP5dUy6OjBIbjtlAw\",\"https:\/\/twitter.com\/ciencuadras\"],\"logo\":{\"@type\":\"ImageObject\",\"@id\":\"https:\/\/www.ciencuadras.com\/blog\/#logo\",\"inLanguage\":\"es-CO\",\"url\":\"\",\"caption\":\"Ciencuadras.com\"},\"image\":{\"@id\":\"https:\/\/www.ciencuadras.com\/blog\/#logo\"}},{\"@type\":\"WebSite\",\"@id\":\"https:\/\/www.ciencuadras.com\/blog\/#website\",\"url\":\"https:\/\/www.ciencuadras.com\/blog\/\",\"name\":\"\",\"description\":\"\",\"publisher\":{\"@id\":\"https:\/\/www.ciencuadras.com\/blog\/#organization\"},\"potentialAction\":[{\"@type\":\"SearchAction\",\"target\":\"https:\/\/www.ciencuadras.com\/blog\/?s={search_term_string}\",\"query-input\":\"required name=search_term_string\"}],\"inLanguage\":\"es-CO\"},{\"@type\":\"ImageObject\",\"@id\":\"https:\/\/www.ciencuadras.com\/blog\/sala-de-prensa\/susana-correa-nueva-ministra-de-vivienda-ciudad-y-territorio-de-colombia#primaryimage\",\"inLanguage\":\"es-CO\",\"url\":\"https:\/\/www.ciencuadras.com\/blog\/wp-content\/uploads\/2022\/03\/Susana-Correa-compressed-1.jpg\",\"width\":700,\"height\":500,\"caption\":\"Susana Correa\"},{\"@type\":\"WebPage\",\"@id\":\"https:\/\/www.ciencuadras.com\/blog\/sala-de-prensa\/susana-correa-nueva-ministra-de-vivienda-ciudad-y-territorio-de-colombia#webpage\",\"url\":\"https:\/\/www.ciencuadras.com\/blog\/sala-de-prensa\/susana-correa-nueva-ministra-de-vivienda-ciudad-y-territorio-de-colombia\",\"name\":\"Susana Correa, nueva Ministra de Vivienda, Ciudad y Territorio de Colombia\",\"isPartOf\":{\"@id\":\"https:\/\/www.ciencuadras.com\/blog\/#website\"},\"primaryImageOfPage\":{\"@id\":\"https:\/\/www.ciencuadras.com\/blog\/sala-de-prensa\/susana-correa-nueva-ministra-de-vivienda-ciudad-y-territorio-de-colombia#primaryimage\"},\"datePublished\":\"2022-03-23T20:41:10+00:00\",\"dateModified\":\"2024-08-07T00:42:48+00:00\",\"description\":\"Luego de la renuncia de Jonathan Malag\\u00f3n, Iv\\u00e1n Duque deleg\\u00f3 a Susana Correa como la nueva Ministra de Vivienda de Colombia.\",\"breadcrumb\":{\"@id\":\"https:\/\/www.ciencuadras.com\/blog\/sala-de-prensa\/susana-correa-nueva-ministra-de-vivienda-ciudad-y-territorio-de-colombia#breadcrumb\"},\"inLanguage\":\"es-CO\",\"potentialAction\":[{\"@type\":\"ReadAction\",\"target\":[\"https:\/\/www.ciencuadras.com\/blog\/sala-de-prensa\/susana-correa-nueva-ministra-de-vivienda-ciudad-y-territorio-de-colombia\"]}]},{\"@type\":\"BreadcrumbList\",\"@id\":\"https:\/\/www.ciencuadras.com\/blog\/sala-de-prensa\/susana-correa-nueva-ministra-de-vivienda-ciudad-y-territorio-de-colombia#breadcrumb\",\"itemListElement\":[{\"@type\":\"ListItem\",\"position\":1,\"item\":{\"@type\":\"WebPage\",\"@id\":\"https:\/\/www.ciencuadras.com\/blog\",\"url\":\"https:\/\/www.ciencuadras.com\/blog\",\"name\":\"Blog\"}},{\"@type\":\"ListItem\",\"position\":2,\"item\":{\"@type\":\"WebPage\",\"@id\":\"https:\/\/www.ciencuadras.com\/blog\/sala-de-prensa\/susana-correa-nueva-ministra-de-vivienda-ciudad-y-territorio-de-colombia\",\"url\":\"https:\/\/www.ciencuadras.com\/blog\/sala-de-prensa\/susana-correa-nueva-ministra-de-vivienda-ciudad-y-territorio-de-colombia\",\"name\":\"Susana Correa, nueva Ministra de Vivienda Ciudad y Territorio de Colombia\"}}]},{\"@type\":\"Article\",\"@id\":\"https:\/\/www.ciencuadras.com\/blog\/sala-de-prensa\/susana-correa-nueva-ministra-de-vivienda-ciudad-y-territorio-de-colombia#article\",\"isPartOf\":{\"@id\":\"https:\/\/www.ciencuadras.com\/blog\/sala-de-prensa\/susana-correa-nueva-ministra-de-vivienda-ciudad-y-territorio-de-colombia#webpage\"},\"author\":{\"@id\":\"https:\/\/www.ciencuadras.com\/blog\/#\/schema\/person\/cc0b32db93618f32995212860cf644f8\"},\"headline\":\"Susana Correa, nueva Ministra de Vivienda Ciudad y Territorio de Colombia\",\"datePublished\":\"2022-03-23T20:41:10+00:00\",\"dateModified\":\"2024-08-07T00:42:48+00:00\",\"mainEntityOfPage\":{\"@id\":\"https:\/\/www.ciencuadras.com\/blog\/sala-de-prensa\/susana-correa-nueva-ministra-de-vivienda-ciudad-y-territorio-de-colombia#webpage\"},\"commentCount\":0,\"publisher\":{\"@id\":\"https:\/\/www.ciencuadras.com\/blog\/#organization\"},\"image\":{\"@id\":\"https:\/\/www.ciencuadras.com\/blog\/sala-de-prensa\/susana-correa-nueva-ministra-de-vivienda-ciudad-y-territorio-de-colombia#primaryimage\"},\"keywords\":\"Mercado inmobiliario,Normatividad colombiana,Tendencias 2022,Tendencias inmobiliarias\",\"articleSection\":\"Sala de prensa\",\"inLanguage\":\"es-CO\",\"potentialAction\":[{\"@type\":\"CommentAction\",\"name\":\"Comment\",\"target\":[\"https:\/\/www.ciencuadras.com\/blog\/sala-de-prensa\/susana-correa-nueva-ministra-de-vivienda-ciudad-y-territorio-de-colombia#respond\"]}]},{\"@type\":\"Person\",\"@id\":\"https:\/\/www.ciencuadras.com\/blog\/#\/schema\/person\/cc0b32db93618f32995212860cf644f8\",\"name\":\"Redacci\\u00f3n Ciencuadras\",\"description\":\"\\u00a1Hola! Soy el blog de ciencuadras.com, un portal inmobiliario del Grupo Bol\\u00edvar en el que encuentras casas, apartamentos, oficinas, fincas y m\\u00e1s inmuebles en arriendo y venta en toda Colombia. \\ud83d\\udc99Cuando me visitas, adem\\u00e1s de descubrir tu inmueble ideal, puedes estar al d\\u00eda con las noticias del sector inmobiliario y de la construcci\\u00f3n; aprender tips en decoraci\\u00f3n y organizaci\\u00f3n de espacios, y mucho m\\u00e1s.\",\"sameAs\":[\"https:\/\/www.ciencuadras.com\/\",\"https:\/\/www.facebook.com\/ciencuadras\/\",\"https:\/\/www.instagram.com\/ciencuadras\/\",\"https:\/\/www.linkedin.com\/company\/ciencuadras\/\",\"https:\/\/twitter.com\/ciencuadras\",\"https:\/\/www.youtube.com\/channel\/UC_f830HP5dUy6OjBIbjtlAw\"]}]}<\/script>\n<!-- \/ Yoast SEO plugin. -->","_links":{"self":[{"href":"https:\/\/www.ciencuadras.com\/blog\/wp-json\/wp\/v2\/posts\/96651"}],"collection":[{"href":"https:\/\/www.ciencuadras.com\/blog\/wp-json\/wp\/v2\/posts"}],"about":[{"href":"https:\/\/www.ciencuadras.com\/blog\/wp-json\/wp\/v2\/types\/post"}],"author":[{"embeddable":true,"href":"https:\/\/www.ciencuadras.com\/blog\/wp-json\/wp\/v2\/users\/9"}],"replies":[{"embeddable":true,"href":"https:\/\/www.ciencuadras.com\/blog\/wp-json\/wp\/v2\/comments?post=96651"}],"version-history":[{"count":10,"href":"https:\/\/www.ciencuadras.com\/blog\/wp-json\/wp\/v2\/posts\/96651\/revisions"}],"predecessor-version":[{"id":96997,"href":"https:\/\/www.ciencuadras.com\/blog\/wp-json\/wp\/v2\/posts\/96651\/revisions\/96997"}],"wp:featuredmedia":[{"embeddable":true,"href":"https:\/\/www.ciencuadras.com\/blog\/wp-json\/wp\/v2\/media\/96671"}],"wp:attachment":[{"href":"https:\/\/www.ciencuadras.com\/blog\/wp-json\/wp\/v2\/media?parent=96651"}],"wp:term":[{"taxonomy":"category","embeddable":true,"href":"https:\/\/www.ciencuadras.com\/blog\/wp-json\/wp\/v2\/categories?post=96651"},{"taxonomy":"post_tag","embeddable":true,"href":"https:\/\/www.ciencuadras.com\/blog\/wp-json\/wp\/v2\/tags?post=96651"}],"curies":[{"name":"wp","href":"https:\/\/api.w.org\/{rel}","templated":true}]}}